{"id":1198,"date":"2022-12-15T20:29:34","date_gmt":"2022-12-15T20:29:34","guid":{"rendered":"https:\/\/museosdealicante.com\/exposicion-te-esta-llegando\/"},"modified":"2022-12-15T20:29:34","modified_gmt":"2022-12-15T20:29:34","slug":"exposicion-te-esta-llegando","status":"publish","type":"post","link":"https:\/\/museosdealicante.com\/va\/exposicion-te-esta-llegando\/","title":{"rendered":"Exposici\u00f3n. \u00bfTe est\u00e1 llegando?"},"content":{"rendered":"<p>\u00bfTe est\u00e1 llegando algo?\u2019 es un proyecto audiovisual y expositivo de Sara Aliana y Sara Marhuenda. Partiendo de un viaje en tren desde Valencia hasta la Documenta de Kassel (Alemania), las artistas deciden elaborar un mu\u00f1eco de tela a tama\u00f1o real que representa a su amiga Mar\u00eda, que no puede viajar con ellas porque est\u00e1 trabajando.<\/p>\n<p>A trav\u00e9s de un registro audiovisual se plantean cuestiones en torno a lo corporal, lo digital y la amistad. Entendiendo la d\u00e9cada de los veinte a\u00f1os como momento de cambio en el que abandonamos las estructuras acad\u00e9micas y nos encontramos con el mundo laboral, se presenta como suceso determinante la imposibilidad de hacer del trabajo art\u00edstico una profesi\u00f3n remunerada.<\/p>\n<p>Se pretende reflexionar sobre c\u00f3mo esta situaci\u00f3n nos aboca a empleos ajenos que nos alienan y nos fatigan, dejando de lado en muchas ocasiones la labor art\u00edstica.<\/p>\n<p><strong>Apertura el 16 de diciembre de 2022 a las\u00a019:30 horas<\/strong><\/p>\n<p>Organiza y produce: Consorci de Museus de la Comunitat Valenciana i Negre (TODO BIEN)<\/p>\n<p>Colabora: Centro Cultural Las Cigarreras de Alicante y Consorci de Museus de la Comunitat Valenciana<\/p>\n<p><strong><a href=\"https:\/\/www.todobien.org\/\">M\u00e1s informaci\u00f3n Todo Bien<\/a><\/strong><\/p>\n<p>Redes Sociales: <strong><a href=\"https:\/\/www.instagram.com\/negre_\/\">Instagram<\/a><\/strong><\/p>\n<p>Sala Negre. Acceso libre<\/p>\n<p>Horario de visita: de martes a s\u00e1bado de 10 a 21.30 h. Cerrado domingos, lunes y festivos. Tambi\u00e9n los d\u00edas 24 y 31 de diciembre<\/p>\n<p>Fechas de realizaci\u00f3n: <\/p>\n<div class=\"date-display-range\">De <span class=\"date-display-start\">16\/12\/2022<\/span> hasta <span class=\"date-display-end\">18\/02\/2023<\/span><\/div>\n<p><img loading=\"lazy\" decoding=\"async\" src=\"https:\/\/www.alicante.es\/sites\/default\/files\/styles\/img_general_ampliada\/public\/imagenes\/202212\/llegando.jpg?itok=zZbhtHTx\" width=\"1000\" height=\"667\" alt=\"Exposici\u00f3n\" title=\"Exposici\u00f3n\" \/><br \/><a href=\"https:\/\/www.alicante.es\/es\/node\/36486\">source<\/a><\/p>","protected":false},"excerpt":{"rendered":"<p>\u00bfTe est\u00e1 llegando algo?\u2019 es un proyecto audiovisual y expositivo de Sara Aliana y Sara Marhuenda. Partiendo de un viaje en tren desde Valencia hasta la Documenta de Kassel<span class=\"excerpt-hellip\"> [\u2026]<\/span><\/p>\n","protected":false},"author":8,"featured_media":1199,"comment_status":"open","ping_status":"open","sticky":false,"template":"","format":"standard","meta":{"_price":"","_stock":"","_tribe_ticket_header":"","_tribe_default_ticket_provider":"","_tribe_ticket_capacity":"0","_ticket_start_date":"","_ticket_end_date":"","_tribe_ticket_show_description":"","_tribe_ticket_show_not_going":false,"_tribe_ticket_use_global_stock":"","_tribe_ticket_global_stock_level":"","_global_stock_mode":"","_global_stock_cap":"","_tribe_rsvp_for_event":"","_tribe_ticket_going_count":"","_tribe_ticket_not_going_count":"","_tribe_tickets_list":"[]","_tribe_ticket_has_attendee_info_fields":false,"footnotes":""},"categories":[14],"tags":[],"class_list":["post-1198","post","type-post","status-publish","format-standard","has-post-thumbnail","hentry","category-cigarreras"],"yoast_head":"<!-- This site is optimized with the Yoast SEO plugin v27.3 - https:\/\/yoast.com\/product\/yoast-seo-wordpress\/ -->\n<title>Exposici\u00f3n. \u00bfTe est\u00e1 llegando? - MUSEA | Museos de Alicante<\/title>\n<meta name=\"robots\" content=\"index, follow, max-snippet:-1, max-image-preview:large, max-video-preview:-1\" \/>\n<link rel=\"canonical\" href=\"https:\/\/museosdealicante.com\/va\/exposicion-te-esta-llegando\/\" \/>\n<meta property=\"og:locale\" content=\"ca_ES\" \/>\n<meta property=\"og:type\" content=\"article\" \/>\n<meta property=\"og:title\" content=\"Exposici\u00f3n. \u00bfTe est\u00e1 llegando? - MUSEA | Museos de Alicante\" \/>\n<meta property=\"og:description\" content=\"\u00bfTe est\u00e1 llegando algo?\u2019 es un proyecto audiovisual y expositivo de Sara Aliana y Sara Marhuenda. Partiendo de un viaje en tren desde Valencia hasta la Documenta de Kassel [\u2026]\" \/>\n<meta property=\"og:url\" content=\"https:\/\/museosdealicante.com\/va\/exposicion-te-esta-llegando\/\" \/>\n<meta property=\"og:site_name\" content=\"MUSEA | Museos de Alicante\" \/>\n<meta property=\"article:published_time\" content=\"2022-12-15T20:29:34+00:00\" \/>\n<meta property=\"og:image\" content=\"https:\/\/www.alicante.es\/sites\/default\/files\/styles\/img_general_ampliada\/public\/imagenes\/202212\/llegando.jpg?itok=zZbhtHTx\" \/>\n<meta name=\"author\" content=\"Carolina Fuentes\" \/>\n<meta name=\"twitter:card\" content=\"summary_large_image\" \/>\n<meta name=\"twitter:label1\" content=\"Escrit per\" \/>\n\t<meta name=\"twitter:data1\" content=\"Carolina Fuentes\" \/>\n\t<meta name=\"twitter:label2\" content=\"Temps estimat de lectura\" \/>\n\t<meta name=\"twitter:data2\" content=\"1 minut\" \/>\n<script type=\"application\/ld+json\" class=\"yoast-schema-graph\">{\"@context\":\"https:\\\/\\\/schema.org\",\"@graph\":[{\"@type\":\"Article\",\"@id\":\"https:\\\/\\\/museosdealicante.com\\\/exposicion-te-esta-llegando\\\/#article\",\"isPartOf\":{\"@id\":\"https:\\\/\\\/museosdealicante.com\\\/exposicion-te-esta-llegando\\\/\"},\"author\":{\"name\":\"Carolina Fuentes\",\"@id\":\"https:\\\/\\\/museosdealicante.com\\\/#\\\/schema\\\/person\\\/b8e21892e9b6af60e856f31f0dce8cbd\"},\"headline\":\"Exposici\u00f3n. \u00bfTe est\u00e1 llegando?\",\"datePublished\":\"2022-12-15T20:29:34+00:00\",\"mainEntityOfPage\":{\"@id\":\"https:\\\/\\\/museosdealicante.com\\\/exposicion-te-esta-llegando\\\/\"},\"wordCount\":240,\"commentCount\":0,\"image\":{\"@id\":\"https:\\\/\\\/museosdealicante.com\\\/exposicion-te-esta-llegando\\\/#primaryimage\"},\"thumbnailUrl\":\"https:\\\/\\\/museosdealicante.com\\\/wp-content\\\/uploads\\\/2022\\\/12\\\/wp-header-logo-16.png\",\"articleSection\":[\"CIGARRERAS\"],\"inLanguage\":\"ca\",\"potentialAction\":[{\"@type\":\"CommentAction\",\"name\":\"Comment\",\"target\":[\"https:\\\/\\\/museosdealicante.com\\\/exposicion-te-esta-llegando\\\/#respond\"]}]},{\"@type\":\"WebPage\",\"@id\":\"https:\\\/\\\/museosdealicante.com\\\/exposicion-te-esta-llegando\\\/\",\"url\":\"https:\\\/\\\/museosdealicante.com\\\/exposicion-te-esta-llegando\\\/\",\"name\":\"Exposici\u00f3n. \u00bfTe est\u00e1 llegando? - MUSEA | Museos de Alicante\",\"isPartOf\":{\"@id\":\"https:\\\/\\\/museosdealicante.com\\\/#website\"},\"primaryImageOfPage\":{\"@id\":\"https:\\\/\\\/museosdealicante.com\\\/exposicion-te-esta-llegando\\\/#primaryimage\"},\"image\":{\"@id\":\"https:\\\/\\\/museosdealicante.com\\\/exposicion-te-esta-llegando\\\/#primaryimage\"},\"thumbnailUrl\":\"https:\\\/\\\/museosdealicante.com\\\/wp-content\\\/uploads\\\/2022\\\/12\\\/wp-header-logo-16.png\",\"datePublished\":\"2022-12-15T20:29:34+00:00\",\"author\":{\"@id\":\"https:\\\/\\\/museosdealicante.com\\\/#\\\/schema\\\/person\\\/b8e21892e9b6af60e856f31f0dce8cbd\"},\"breadcrumb\":{\"@id\":\"https:\\\/\\\/museosdealicante.com\\\/exposicion-te-esta-llegando\\\/#breadcrumb\"},\"inLanguage\":\"ca\",\"potentialAction\":[{\"@type\":\"ReadAction\",\"target\":[\"https:\\\/\\\/museosdealicante.com\\\/exposicion-te-esta-llegando\\\/\"]}]},{\"@type\":\"ImageObject\",\"inLanguage\":\"ca\",\"@id\":\"https:\\\/\\\/museosdealicante.com\\\/exposicion-te-esta-llegando\\\/#primaryimage\",\"url\":\"https:\\\/\\\/museosdealicante.com\\\/wp-content\\\/uploads\\\/2022\\\/12\\\/wp-header-logo-16.png\",\"contentUrl\":\"https:\\\/\\\/museosdealicante.com\\\/wp-content\\\/uploads\\\/2022\\\/12\\\/wp-header-logo-16.png\",\"width\":1000,\"height\":667},{\"@type\":\"BreadcrumbList\",\"@id\":\"https:\\\/\\\/museosdealicante.com\\\/exposicion-te-esta-llegando\\\/#breadcrumb\",\"itemListElement\":[{\"@type\":\"ListItem\",\"position\":1,\"name\":\"Portada\",\"item\":\"https:\\\/\\\/museosdealicante.com\\\/\"},{\"@type\":\"ListItem\",\"position\":2,\"name\":\"Exposici\u00f3n. \u00bfTe est\u00e1 llegando?\"}]},{\"@type\":\"WebSite\",\"@id\":\"https:\\\/\\\/museosdealicante.com\\\/#website\",\"url\":\"https:\\\/\\\/museosdealicante.com\\\/\",\"name\":\"MUSEA | Museos de Alicante\",\"description\":\"Toda la oferta sobre arte, cultura y patrimonio de la ciudad, toda la actualidad de los museos de Alicante\",\"potentialAction\":[{\"@type\":\"SearchAction\",\"target\":{\"@type\":\"EntryPoint\",\"urlTemplate\":\"https:\\\/\\\/museosdealicante.com\\\/?s={search_term_string}\"},\"query-input\":{\"@type\":\"PropertyValueSpecification\",\"valueRequired\":true,\"valueName\":\"search_term_string\"}}],\"inLanguage\":\"ca\"},{\"@type\":\"Person\",\"@id\":\"https:\\\/\\\/museosdealicante.com\\\/#\\\/schema\\\/person\\\/b8e21892e9b6af60e856f31f0dce8cbd\",\"name\":\"Carolina Fuentes\",\"image\":{\"@type\":\"ImageObject\",\"inLanguage\":\"ca\",\"@id\":\"https:\\\/\\\/secure.gravatar.com\\\/avatar\\\/01f78e22536b5ffd26064d48b4b5761365a20d8fcf22b8fa03a63f307abc9dc6?s=96&d=mm&r=g\",\"url\":\"https:\\\/\\\/secure.gravatar.com\\\/avatar\\\/01f78e22536b5ffd26064d48b4b5761365a20d8fcf22b8fa03a63f307abc9dc6?s=96&d=mm&r=g\",\"contentUrl\":\"https:\\\/\\\/secure.gravatar.com\\\/avatar\\\/01f78e22536b5ffd26064d48b4b5761365a20d8fcf22b8fa03a63f307abc9dc6?s=96&d=mm&r=g\",\"caption\":\"Carolina Fuentes\"},\"url\":\"https:\\\/\\\/museosdealicante.com\\\/va\\\/author\\\/carolina-fuentes\\\/\"}]}<\/script>\n<!-- \/ Yoast SEO plugin. -->","yoast_head_json":{"title":"Exposici\u00f3n. \u00bfTe est\u00e1 llegando? - MUSEA | Museos de Alicante","robots":{"index":"index","follow":"follow","max-snippet":"max-snippet:-1","max-image-preview":"max-image-preview:large","max-video-preview":"max-video-preview:-1"},"canonical":"https:\/\/museosdealicante.com\/va\/exposicion-te-esta-llegando\/","og_locale":"ca_ES","og_type":"article","og_title":"Exposici\u00f3n. \u00bfTe est\u00e1 llegando? - MUSEA | Museos de Alicante","og_description":"\u00bfTe est\u00e1 llegando algo?\u2019 es un proyecto audiovisual y expositivo de Sara Aliana y Sara Marhuenda. Partiendo de un viaje en tren desde Valencia hasta la Documenta de Kassel [\u2026]","og_url":"https:\/\/museosdealicante.com\/va\/exposicion-te-esta-llegando\/","og_site_name":"MUSEA | Museos de Alicante","article_published_time":"2022-12-15T20:29:34+00:00","og_image":[{"url":"https:\/\/www.alicante.es\/sites\/default\/files\/styles\/img_general_ampliada\/public\/imagenes\/202212\/llegando.jpg?itok=zZbhtHTx","type":"","width":"","height":""}],"author":"Carolina Fuentes","twitter_card":"summary_large_image","twitter_misc":{"Escrit per":"Carolina Fuentes","Temps estimat de lectura":"1 minut"},"schema":{"@context":"https:\/\/schema.org","@graph":[{"@type":"Article","@id":"https:\/\/museosdealicante.com\/exposicion-te-esta-llegando\/#article","isPartOf":{"@id":"https:\/\/museosdealicante.com\/exposicion-te-esta-llegando\/"},"author":{"name":"Carolina Fuentes","@id":"https:\/\/museosdealicante.com\/#\/schema\/person\/b8e21892e9b6af60e856f31f0dce8cbd"},"headline":"Exposici\u00f3n. \u00bfTe est\u00e1 llegando?","datePublished":"2022-12-15T20:29:34+00:00","mainEntityOfPage":{"@id":"https:\/\/museosdealicante.com\/exposicion-te-esta-llegando\/"},"wordCount":240,"commentCount":0,"image":{"@id":"https:\/\/museosdealicante.com\/exposicion-te-esta-llegando\/#primaryimage"},"thumbnailUrl":"https:\/\/museosdealicante.com\/wp-content\/uploads\/2022\/12\/wp-header-logo-16.png","articleSection":["CIGARRERAS"],"inLanguage":"ca","potentialAction":[{"@type":"CommentAction","name":"Comment","target":["https:\/\/museosdealicante.com\/exposicion-te-esta-llegando\/#respond"]}]},{"@type":"WebPage","@id":"https:\/\/museosdealicante.com\/exposicion-te-esta-llegando\/","url":"https:\/\/museosdealicante.com\/exposicion-te-esta-llegando\/","name":"Exposici\u00f3n. \u00bfTe est\u00e1 llegando? - MUSEA | Museos de Alicante","isPartOf":{"@id":"https:\/\/museosdealicante.com\/#website"},"primaryImageOfPage":{"@id":"https:\/\/museosdealicante.com\/exposicion-te-esta-llegando\/#primaryimage"},"image":{"@id":"https:\/\/museosdealicante.com\/exposicion-te-esta-llegando\/#primaryimage"},"thumbnailUrl":"https:\/\/museosdealicante.com\/wp-content\/uploads\/2022\/12\/wp-header-logo-16.png","datePublished":"2022-12-15T20:29:34+00:00","author":{"@id":"https:\/\/museosdealicante.com\/#\/schema\/person\/b8e21892e9b6af60e856f31f0dce8cbd"},"breadcrumb":{"@id":"https:\/\/museosdealicante.com\/exposicion-te-esta-llegando\/#breadcrumb"},"inLanguage":"ca","potentialAction":[{"@type":"ReadAction","target":["https:\/\/museosdealicante.com\/exposicion-te-esta-llegando\/"]}]},{"@type":"ImageObject","inLanguage":"ca","@id":"https:\/\/museosdealicante.com\/exposicion-te-esta-llegando\/#primaryimage","url":"https:\/\/museosdealicante.com\/wp-content\/uploads\/2022\/12\/wp-header-logo-16.png","contentUrl":"https:\/\/museosdealicante.com\/wp-content\/uploads\/2022\/12\/wp-header-logo-16.png","width":1000,"height":667},{"@type":"BreadcrumbList","@id":"https:\/\/museosdealicante.com\/exposicion-te-esta-llegando\/#breadcrumb","itemListElement":[{"@type":"ListItem","position":1,"name":"Portada","item":"https:\/\/museosdealicante.com\/"},{"@type":"ListItem","position":2,"name":"Exposici\u00f3n. \u00bfTe est\u00e1 llegando?"}]},{"@type":"WebSite","@id":"https:\/\/museosdealicante.com\/#website","url":"https:\/\/museosdealicante.com\/","name":"MUSEA | Museos de Alicante","description":"Toda la oferta sobre arte, cultura y patrimonio de la ciudad, toda la actualidad de los museos de Alicante","potentialAction":[{"@type":"SearchAction","target":{"@type":"EntryPoint","urlTemplate":"https:\/\/museosdealicante.com\/?s={search_term_string}"},"query-input":{"@type":"PropertyValueSpecification","valueRequired":true,"valueName":"search_term_string"}}],"inLanguage":"ca"},{"@type":"Person","@id":"https:\/\/museosdealicante.com\/#\/schema\/person\/b8e21892e9b6af60e856f31f0dce8cbd","name":"Carolina Fuentes","image":{"@type":"ImageObject","inLanguage":"ca","@id":"https:\/\/secure.gravatar.com\/avatar\/01f78e22536b5ffd26064d48b4b5761365a20d8fcf22b8fa03a63f307abc9dc6?s=96&d=mm&r=g","url":"https:\/\/secure.gravatar.com\/avatar\/01f78e22536b5ffd26064d48b4b5761365a20d8fcf22b8fa03a63f307abc9dc6?s=96&d=mm&r=g","contentUrl":"https:\/\/secure.gravatar.com\/avatar\/01f78e22536b5ffd26064d48b4b5761365a20d8fcf22b8fa03a63f307abc9dc6?s=96&d=mm&r=g","caption":"Carolina Fuentes"},"url":"https:\/\/museosdealicante.com\/va\/author\/carolina-fuentes\/"}]}},"_links":{"self":[{"href":"https:\/\/museosdealicante.com\/va\/wp-json\/wp\/v2\/posts\/1198","targetHints":{"allow":["GET"]}}],"collection":[{"href":"https:\/\/museosdealicante.com\/va\/wp-json\/wp\/v2\/posts"}],"about":[{"href":"https:\/\/museosdealicante.com\/va\/wp-json\/wp\/v2\/types\/post"}],"author":[{"embeddable":true,"href":"https:\/\/museosdealicante.com\/va\/wp-json\/wp\/v2\/users\/8"}],"replies":[{"embeddable":true,"href":"https:\/\/museosdealicante.com\/va\/wp-json\/wp\/v2\/comments?post=1198"}],"version-history":[{"count":0,"href":"https:\/\/museosdealicante.com\/va\/wp-json\/wp\/v2\/posts\/1198\/revisions"}],"wp:featuredmedia":[{"embeddable":true,"href":"https:\/\/museosdealicante.com\/va\/wp-json\/wp\/v2\/media\/1199"}],"wp:attachment":[{"href":"https:\/\/museosdealicante.com\/va\/wp-json\/wp\/v2\/media?parent=1198"}],"wp:term":[{"taxonomy":"category","embeddable":true,"href":"https:\/\/museosdealicante.com\/va\/wp-json\/wp\/v2\/categories?post=1198"},{"taxonomy":"post_tag","embeddable":true,"href":"https:\/\/museosdealicante.com\/va\/wp-json\/wp\/v2\/tags?post=1198"}],"curies":[{"name":"wp","href":"https:\/\/api.w.org\/{rel}","templated":true}]}}