{"id":1640,"date":"2023-06-08T02:48:16","date_gmt":"2023-06-08T02:48:16","guid":{"rendered":"https:\/\/museosdealicante.com\/exposicion-a-cinquito-con-derecho-a-tocar\/"},"modified":"2023-06-08T02:48:16","modified_gmt":"2023-06-08T02:48:16","slug":"exposicion-a-cinquito-con-derecho-a-tocar","status":"publish","type":"post","link":"https:\/\/museosdealicante.com\/va\/exposicion-a-cinquito-con-derecho-a-tocar\/","title":{"rendered":"Exposici\u00f3n.  A cinquito, con derecho a tocar"},"content":{"rendered":"<div property=\"content:encoded\">\n<p>Exposici\u00f3n<\/p>\n<p>A cinquito, con derecho a tocar<\/p>\n<p>Proyecto audiovisual Negre. Una pel\u00edcula de nucbeade<\/p>\n<p>Del 15 de junio al 9 de septiembre. Sala Negre Centro Cultural Las Cigarreras<\/p>\n<p>D\u00edas previos a las fiestas patronales, trabajadores de\u00a0distintos sectores elaboran algunos de los elementos que formar\u00e1n parte de las barracas de \u201cfen\u00f3menos humanos\u201d\u00a0de esta temporada. Esta pel\u00edcula, que se rueda en alg\u00fan\u00a0momento de la primavera de 1980, reflexiona sobre la\u00a0normalizaci\u00f3n de la violencia a partir de la construcci\u00f3n de\u00a0la otredad.<\/p>\n<p>Nucbeade es un colectivo formado por las artistas Quiela\u00a0Nuc (1990) y Andrea Beade (1988). A trav\u00e9s del medio\u00a0audiovisual, la instalaci\u00f3n y la performance, nucbeade<br \/>construye y rescata relatos fuera de la historiograf\u00eda\u00a0hegem\u00f3nica.<\/p>\n<ul>\n<li>Organiza: Todo Bien y Centro Cultural Las Cigarreras<\/li>\n<li>Colabora: Consorci de Museus de la Comunitat Valenciana.\u00a0<\/li>\n<li>Acceso libre. Martes a s\u00e1bados 10-21.30h<\/li>\n<\/ul>\n<\/div>\n<p><a href=\"https:\/\/www.alicante.es\/es\/node\/38689\">source<\/a><\/p>","protected":false},"excerpt":{"rendered":"<p>Exposici\u00f3n A cinquito, con derecho a tocar Proyecto audiovisual Negre. Una pel\u00edcula de nucbeade Del 15 de junio al 9 de septiembre. Sala Negre Centro Cultural Las Cigarreras D\u00edas<span class=\"excerpt-hellip\"> [\u2026]<\/span><\/p>\n","protected":false},"author":8,"featured_media":1641,"comment_status":"open","ping_status":"open","sticky":false,"template":"","format":"standard","meta":{"_price":"","_stock":"","_tribe_ticket_header":"","_tribe_default_ticket_provider":"","_tribe_ticket_capacity":"0","_ticket_start_date":"","_ticket_end_date":"","_tribe_ticket_show_description":"","_tribe_ticket_show_not_going":false,"_tribe_ticket_use_global_stock":"","_tribe_ticket_global_stock_level":"","_global_stock_mode":"","_global_stock_cap":"","_tribe_rsvp_for_event":"","_tribe_ticket_going_count":"","_tribe_ticket_not_going_count":"","_tribe_tickets_list":"[]","_tribe_ticket_has_attendee_info_fields":false,"footnotes":""},"categories":[14],"tags":[],"class_list":["post-1640","post","type-post","status-publish","format-standard","has-post-thumbnail","hentry","category-cigarreras"],"yoast_head":"<!-- This site is optimized with the Yoast SEO plugin v27.3 - https:\/\/yoast.com\/product\/yoast-seo-wordpress\/ -->\n<title>Exposici\u00f3n. A cinquito, con derecho a tocar - MUSEA | Museos de Alicante<\/title>\n<meta name=\"robots\" content=\"index, follow, max-snippet:-1, max-image-preview:large, max-video-preview:-1\" \/>\n<link rel=\"canonical\" href=\"https:\/\/museosdealicante.com\/va\/exposicion-a-cinquito-con-derecho-a-tocar\/\" \/>\n<meta property=\"og:locale\" content=\"ca_ES\" \/>\n<meta property=\"og:type\" content=\"article\" \/>\n<meta property=\"og:title\" content=\"Exposici\u00f3n. A cinquito, con derecho a tocar - MUSEA | Museos de Alicante\" \/>\n<meta property=\"og:description\" content=\"Exposici\u00f3n A cinquito, con derecho a tocar Proyecto audiovisual Negre. Una pel\u00edcula de nucbeade Del 15 de junio al 9 de septiembre. Sala Negre Centro Cultural Las Cigarreras D\u00edas [\u2026]\" \/>\n<meta property=\"og:url\" content=\"https:\/\/museosdealicante.com\/va\/exposicion-a-cinquito-con-derecho-a-tocar\/\" \/>\n<meta property=\"og:site_name\" content=\"MUSEA | Museos de Alicante\" \/>\n<meta property=\"article:published_time\" content=\"2023-06-08T02:48:16+00:00\" \/>\n<meta name=\"author\" content=\"Carolina Fuentes\" \/>\n<meta name=\"twitter:card\" content=\"summary_large_image\" \/>\n<meta name=\"twitter:label1\" content=\"Escrit per\" \/>\n\t<meta name=\"twitter:data1\" content=\"Carolina Fuentes\" \/>\n\t<meta name=\"twitter:label2\" content=\"Temps estimat de lectura\" \/>\n\t<meta name=\"twitter:data2\" content=\"1 minut\" \/>\n<script type=\"application\/ld+json\" class=\"yoast-schema-graph\">{\"@context\":\"https:\\\/\\\/schema.org\",\"@graph\":[{\"@type\":\"Article\",\"@id\":\"https:\\\/\\\/museosdealicante.com\\\/exposicion-a-cinquito-con-derecho-a-tocar\\\/#article\",\"isPartOf\":{\"@id\":\"https:\\\/\\\/museosdealicante.com\\\/exposicion-a-cinquito-con-derecho-a-tocar\\\/\"},\"author\":{\"name\":\"Carolina Fuentes\",\"@id\":\"https:\\\/\\\/museosdealicante.com\\\/#\\\/schema\\\/person\\\/b8e21892e9b6af60e856f31f0dce8cbd\"},\"headline\":\"Exposici\u00f3n. A cinquito, con derecho a tocar\",\"datePublished\":\"2023-06-08T02:48:16+00:00\",\"mainEntityOfPage\":{\"@id\":\"https:\\\/\\\/museosdealicante.com\\\/exposicion-a-cinquito-con-derecho-a-tocar\\\/\"},\"wordCount\":158,\"commentCount\":0,\"image\":{\"@id\":\"https:\\\/\\\/museosdealicante.com\\\/exposicion-a-cinquito-con-derecho-a-tocar\\\/#primaryimage\"},\"thumbnailUrl\":\"https:\\\/\\\/museosdealicante.com\\\/wp-content\\\/uploads\\\/2023\\\/06\\\/wp-header-logo-12.png\",\"articleSection\":[\"CIGARRERAS\"],\"inLanguage\":\"ca\",\"potentialAction\":[{\"@type\":\"CommentAction\",\"name\":\"Comment\",\"target\":[\"https:\\\/\\\/museosdealicante.com\\\/exposicion-a-cinquito-con-derecho-a-tocar\\\/#respond\"]}]},{\"@type\":\"WebPage\",\"@id\":\"https:\\\/\\\/museosdealicante.com\\\/exposicion-a-cinquito-con-derecho-a-tocar\\\/\",\"url\":\"https:\\\/\\\/museosdealicante.com\\\/exposicion-a-cinquito-con-derecho-a-tocar\\\/\",\"name\":\"Exposici\u00f3n. A cinquito, con derecho a tocar - MUSEA | Museos de Alicante\",\"isPartOf\":{\"@id\":\"https:\\\/\\\/museosdealicante.com\\\/#website\"},\"primaryImageOfPage\":{\"@id\":\"https:\\\/\\\/museosdealicante.com\\\/exposicion-a-cinquito-con-derecho-a-tocar\\\/#primaryimage\"},\"image\":{\"@id\":\"https:\\\/\\\/museosdealicante.com\\\/exposicion-a-cinquito-con-derecho-a-tocar\\\/#primaryimage\"},\"thumbnailUrl\":\"https:\\\/\\\/museosdealicante.com\\\/wp-content\\\/uploads\\\/2023\\\/06\\\/wp-header-logo-12.png\",\"datePublished\":\"2023-06-08T02:48:16+00:00\",\"author\":{\"@id\":\"https:\\\/\\\/museosdealicante.com\\\/#\\\/schema\\\/person\\\/b8e21892e9b6af60e856f31f0dce8cbd\"},\"breadcrumb\":{\"@id\":\"https:\\\/\\\/museosdealicante.com\\\/exposicion-a-cinquito-con-derecho-a-tocar\\\/#breadcrumb\"},\"inLanguage\":\"ca\",\"potentialAction\":[{\"@type\":\"ReadAction\",\"target\":[\"https:\\\/\\\/museosdealicante.com\\\/exposicion-a-cinquito-con-derecho-a-tocar\\\/\"]}]},{\"@type\":\"ImageObject\",\"inLanguage\":\"ca\",\"@id\":\"https:\\\/\\\/museosdealicante.com\\\/exposicion-a-cinquito-con-derecho-a-tocar\\\/#primaryimage\",\"url\":\"https:\\\/\\\/museosdealicante.com\\\/wp-content\\\/uploads\\\/2023\\\/06\\\/wp-header-logo-12.png\",\"contentUrl\":\"https:\\\/\\\/museosdealicante.com\\\/wp-content\\\/uploads\\\/2023\\\/06\\\/wp-header-logo-12.png\",\"width\":670,\"height\":502},{\"@type\":\"BreadcrumbList\",\"@id\":\"https:\\\/\\\/museosdealicante.com\\\/exposicion-a-cinquito-con-derecho-a-tocar\\\/#breadcrumb\",\"itemListElement\":[{\"@type\":\"ListItem\",\"position\":1,\"name\":\"Portada\",\"item\":\"https:\\\/\\\/museosdealicante.com\\\/\"},{\"@type\":\"ListItem\",\"position\":2,\"name\":\"Exposici\u00f3n. A cinquito, con derecho a tocar\"}]},{\"@type\":\"WebSite\",\"@id\":\"https:\\\/\\\/museosdealicante.com\\\/#website\",\"url\":\"https:\\\/\\\/museosdealicante.com\\\/\",\"name\":\"MUSEA | Museos de Alicante\",\"description\":\"Toda la oferta sobre arte, cultura y patrimonio de la ciudad, toda la actualidad de los museos de Alicante\",\"potentialAction\":[{\"@type\":\"SearchAction\",\"target\":{\"@type\":\"EntryPoint\",\"urlTemplate\":\"https:\\\/\\\/museosdealicante.com\\\/?s={search_term_string}\"},\"query-input\":{\"@type\":\"PropertyValueSpecification\",\"valueRequired\":true,\"valueName\":\"search_term_string\"}}],\"inLanguage\":\"ca\"},{\"@type\":\"Person\",\"@id\":\"https:\\\/\\\/museosdealicante.com\\\/#\\\/schema\\\/person\\\/b8e21892e9b6af60e856f31f0dce8cbd\",\"name\":\"Carolina Fuentes\",\"image\":{\"@type\":\"ImageObject\",\"inLanguage\":\"ca\",\"@id\":\"https:\\\/\\\/secure.gravatar.com\\\/avatar\\\/01f78e22536b5ffd26064d48b4b5761365a20d8fcf22b8fa03a63f307abc9dc6?s=96&d=mm&r=g\",\"url\":\"https:\\\/\\\/secure.gravatar.com\\\/avatar\\\/01f78e22536b5ffd26064d48b4b5761365a20d8fcf22b8fa03a63f307abc9dc6?s=96&d=mm&r=g\",\"contentUrl\":\"https:\\\/\\\/secure.gravatar.com\\\/avatar\\\/01f78e22536b5ffd26064d48b4b5761365a20d8fcf22b8fa03a63f307abc9dc6?s=96&d=mm&r=g\",\"caption\":\"Carolina Fuentes\"},\"url\":\"https:\\\/\\\/museosdealicante.com\\\/va\\\/author\\\/carolina-fuentes\\\/\"}]}<\/script>\n<!-- \/ Yoast SEO plugin. -->","yoast_head_json":{"title":"Exposici\u00f3n. A cinquito, con derecho a tocar - MUSEA | Museos de Alicante","robots":{"index":"index","follow":"follow","max-snippet":"max-snippet:-1","max-image-preview":"max-image-preview:large","max-video-preview":"max-video-preview:-1"},"canonical":"https:\/\/museosdealicante.com\/va\/exposicion-a-cinquito-con-derecho-a-tocar\/","og_locale":"ca_ES","og_type":"article","og_title":"Exposici\u00f3n. A cinquito, con derecho a tocar - MUSEA | Museos de Alicante","og_description":"Exposici\u00f3n A cinquito, con derecho a tocar Proyecto audiovisual Negre. Una pel\u00edcula de nucbeade Del 15 de junio al 9 de septiembre. Sala Negre Centro Cultural Las Cigarreras D\u00edas [\u2026]","og_url":"https:\/\/museosdealicante.com\/va\/exposicion-a-cinquito-con-derecho-a-tocar\/","og_site_name":"MUSEA | Museos de Alicante","article_published_time":"2023-06-08T02:48:16+00:00","author":"Carolina Fuentes","twitter_card":"summary_large_image","twitter_misc":{"Escrit per":"Carolina Fuentes","Temps estimat de lectura":"1 minut"},"schema":{"@context":"https:\/\/schema.org","@graph":[{"@type":"Article","@id":"https:\/\/museosdealicante.com\/exposicion-a-cinquito-con-derecho-a-tocar\/#article","isPartOf":{"@id":"https:\/\/museosdealicante.com\/exposicion-a-cinquito-con-derecho-a-tocar\/"},"author":{"name":"Carolina Fuentes","@id":"https:\/\/museosdealicante.com\/#\/schema\/person\/b8e21892e9b6af60e856f31f0dce8cbd"},"headline":"Exposici\u00f3n. A cinquito, con derecho a tocar","datePublished":"2023-06-08T02:48:16+00:00","mainEntityOfPage":{"@id":"https:\/\/museosdealicante.com\/exposicion-a-cinquito-con-derecho-a-tocar\/"},"wordCount":158,"commentCount":0,"image":{"@id":"https:\/\/museosdealicante.com\/exposicion-a-cinquito-con-derecho-a-tocar\/#primaryimage"},"thumbnailUrl":"https:\/\/museosdealicante.com\/wp-content\/uploads\/2023\/06\/wp-header-logo-12.png","articleSection":["CIGARRERAS"],"inLanguage":"ca","potentialAction":[{"@type":"CommentAction","name":"Comment","target":["https:\/\/museosdealicante.com\/exposicion-a-cinquito-con-derecho-a-tocar\/#respond"]}]},{"@type":"WebPage","@id":"https:\/\/museosdealicante.com\/exposicion-a-cinquito-con-derecho-a-tocar\/","url":"https:\/\/museosdealicante.com\/exposicion-a-cinquito-con-derecho-a-tocar\/","name":"Exposici\u00f3n. A cinquito, con derecho a tocar - MUSEA | Museos de Alicante","isPartOf":{"@id":"https:\/\/museosdealicante.com\/#website"},"primaryImageOfPage":{"@id":"https:\/\/museosdealicante.com\/exposicion-a-cinquito-con-derecho-a-tocar\/#primaryimage"},"image":{"@id":"https:\/\/museosdealicante.com\/exposicion-a-cinquito-con-derecho-a-tocar\/#primaryimage"},"thumbnailUrl":"https:\/\/museosdealicante.com\/wp-content\/uploads\/2023\/06\/wp-header-logo-12.png","datePublished":"2023-06-08T02:48:16+00:00","author":{"@id":"https:\/\/museosdealicante.com\/#\/schema\/person\/b8e21892e9b6af60e856f31f0dce8cbd"},"breadcrumb":{"@id":"https:\/\/museosdealicante.com\/exposicion-a-cinquito-con-derecho-a-tocar\/#breadcrumb"},"inLanguage":"ca","potentialAction":[{"@type":"ReadAction","target":["https:\/\/museosdealicante.com\/exposicion-a-cinquito-con-derecho-a-tocar\/"]}]},{"@type":"ImageObject","inLanguage":"ca","@id":"https:\/\/museosdealicante.com\/exposicion-a-cinquito-con-derecho-a-tocar\/#primaryimage","url":"https:\/\/museosdealicante.com\/wp-content\/uploads\/2023\/06\/wp-header-logo-12.png","contentUrl":"https:\/\/museosdealicante.com\/wp-content\/uploads\/2023\/06\/wp-header-logo-12.png","width":670,"height":502},{"@type":"BreadcrumbList","@id":"https:\/\/museosdealicante.com\/exposicion-a-cinquito-con-derecho-a-tocar\/#breadcrumb","itemListElement":[{"@type":"ListItem","position":1,"name":"Portada","item":"https:\/\/museosdealicante.com\/"},{"@type":"ListItem","position":2,"name":"Exposici\u00f3n. A cinquito, con derecho a tocar"}]},{"@type":"WebSite","@id":"https:\/\/museosdealicante.com\/#website","url":"https:\/\/museosdealicante.com\/","name":"MUSEA | Museos de Alicante","description":"Toda la oferta sobre arte, cultura y patrimonio de la ciudad, toda la actualidad de los museos de Alicante","potentialAction":[{"@type":"SearchAction","target":{"@type":"EntryPoint","urlTemplate":"https:\/\/museosdealicante.com\/?s={search_term_string}"},"query-input":{"@type":"PropertyValueSpecification","valueRequired":true,"valueName":"search_term_string"}}],"inLanguage":"ca"},{"@type":"Person","@id":"https:\/\/museosdealicante.com\/#\/schema\/person\/b8e21892e9b6af60e856f31f0dce8cbd","name":"Carolina Fuentes","image":{"@type":"ImageObject","inLanguage":"ca","@id":"https:\/\/secure.gravatar.com\/avatar\/01f78e22536b5ffd26064d48b4b5761365a20d8fcf22b8fa03a63f307abc9dc6?s=96&d=mm&r=g","url":"https:\/\/secure.gravatar.com\/avatar\/01f78e22536b5ffd26064d48b4b5761365a20d8fcf22b8fa03a63f307abc9dc6?s=96&d=mm&r=g","contentUrl":"https:\/\/secure.gravatar.com\/avatar\/01f78e22536b5ffd26064d48b4b5761365a20d8fcf22b8fa03a63f307abc9dc6?s=96&d=mm&r=g","caption":"Carolina Fuentes"},"url":"https:\/\/museosdealicante.com\/va\/author\/carolina-fuentes\/"}]}},"_links":{"self":[{"href":"https:\/\/museosdealicante.com\/va\/wp-json\/wp\/v2\/posts\/1640","targetHints":{"allow":["GET"]}}],"collection":[{"href":"https:\/\/museosdealicante.com\/va\/wp-json\/wp\/v2\/posts"}],"about":[{"href":"https:\/\/museosdealicante.com\/va\/wp-json\/wp\/v2\/types\/post"}],"author":[{"embeddable":true,"href":"https:\/\/museosdealicante.com\/va\/wp-json\/wp\/v2\/users\/8"}],"replies":[{"embeddable":true,"href":"https:\/\/museosdealicante.com\/va\/wp-json\/wp\/v2\/comments?post=1640"}],"version-history":[{"count":0,"href":"https:\/\/museosdealicante.com\/va\/wp-json\/wp\/v2\/posts\/1640\/revisions"}],"wp:featuredmedia":[{"embeddable":true,"href":"https:\/\/museosdealicante.com\/va\/wp-json\/wp\/v2\/media\/1641"}],"wp:attachment":[{"href":"https:\/\/museosdealicante.com\/va\/wp-json\/wp\/v2\/media?parent=1640"}],"wp:term":[{"taxonomy":"category","embeddable":true,"href":"https:\/\/museosdealicante.com\/va\/wp-json\/wp\/v2\/categories?post=1640"},{"taxonomy":"post_tag","embeddable":true,"href":"https:\/\/museosdealicante.com\/va\/wp-json\/wp\/v2\/tags?post=1640"}],"curies":[{"name":"wp","href":"https:\/\/api.w.org\/{rel}","templated":true}]}}