{"id":1838,"date":"2023-08-25T18:21:36","date_gmt":"2023-08-25T18:21:36","guid":{"rendered":"https:\/\/museosdealicante.com\/convocatoria-negre_scroll-2023\/"},"modified":"2023-08-25T18:21:36","modified_gmt":"2023-08-25T18:21:36","slug":"convocatoria-negre_scroll-2023","status":"publish","type":"post","link":"https:\/\/museosdealicante.com\/va\/convocatoria-negre_scroll-2023\/","title":{"rendered":"Convocatoria Negre_Scroll 2023"},"content":{"rendered":"<div property=\"content:encoded\">\n<p>El CMCV Consorci de Museus de la Comunitat Valenciana presenta la III Convocatoria p\u00fablica de presentaci\u00f3n de proyectos expositivos audiovisuales de car\u00e1cter art\u00edstico para su exhibici\u00f3n dentro del proyecto NEGRE en la Sala Audiovisual de la Caja Blanca del Centro Cultural Las Cigarreras, para los a\u00f1os 2023 y 2024 como complemento a otras propuestas expositivas fruto de iniciativas institucionales, municipales y\/o de la colaboraci\u00f3n con otras instituciones p\u00fablicas y privadas.<\/p>\n<p>El objetivo de este proyecto es la explotaci\u00f3n de este espacio como lugar de exposici\u00f3n, experimentaci\u00f3n y difusi\u00f3n de proyectos art\u00edsticos que exploran las posibilidades del audiovisual en su uso y contexto contempor\u00e1neo. Adem\u00e1s, NEGRE pretende generar apoyo a nuevos creadores que trabajen con el medio audiovisual, impulsando y generando condiciones que faciliten la exhibici\u00f3n y difusi\u00f3n de sus proyectos dentro y fuera del Centro Cultural Las Cigarreras.<\/p>\n<p>M\u00e1s informaci\u00f3n e <strong><a href=\"https:\/\/www.consorcimuseus.gva.es\/convocatorias\/convocatoria-scroll-2023\/?lang=es\" rel=\"nofollow\">inscripciones aqu\u00ed<\/a><\/strong><\/p>\n<p>\u200b<br \/>\u00a0<\/p>\n<\/div>\n<p><a href=\"https:\/\/www.alicante.es\/es\/node\/39319\">source<\/a><\/p>","protected":false},"excerpt":{"rendered":"<p>El CMCV Consorci de Museus de la Comunitat Valenciana presenta la III Convocatoria p\u00fablica de presentaci\u00f3n de proyectos expositivos audiovisuales de car\u00e1cter art\u00edstico para su exhibici\u00f3n dentro del proyecto<span class=\"excerpt-hellip\"> [\u2026]<\/span><\/p>\n","protected":false},"author":8,"featured_media":1839,"comment_status":"open","ping_status":"open","sticky":false,"template":"","format":"standard","meta":{"_price":"","_stock":"","_tribe_ticket_header":"","_tribe_default_ticket_provider":"","_tribe_ticket_capacity":"0","_ticket_start_date":"","_ticket_end_date":"","_tribe_ticket_show_description":"","_tribe_ticket_show_not_going":false,"_tribe_ticket_use_global_stock":"","_tribe_ticket_global_stock_level":"","_global_stock_mode":"","_global_stock_cap":"","_tribe_rsvp_for_event":"","_tribe_ticket_going_count":"","_tribe_ticket_not_going_count":"","_tribe_tickets_list":"[]","_tribe_ticket_has_attendee_info_fields":false,"footnotes":""},"categories":[14],"tags":[],"class_list":["post-1838","post","type-post","status-publish","format-standard","has-post-thumbnail","hentry","category-cigarreras"],"yoast_head":"<!-- This site is optimized with the Yoast SEO plugin v27.3 - https:\/\/yoast.com\/product\/yoast-seo-wordpress\/ -->\n<title>Convocatoria Negre_Scroll 2023 - MUSEA | Museos de Alicante<\/title>\n<meta name=\"robots\" content=\"index, follow, max-snippet:-1, max-image-preview:large, max-video-preview:-1\" \/>\n<link rel=\"canonical\" href=\"https:\/\/museosdealicante.com\/va\/convocatoria-negre_scroll-2023\/\" \/>\n<meta property=\"og:locale\" content=\"ca_ES\" \/>\n<meta property=\"og:type\" content=\"article\" \/>\n<meta property=\"og:title\" content=\"Convocatoria Negre_Scroll 2023 - MUSEA | Museos de Alicante\" \/>\n<meta property=\"og:description\" content=\"El CMCV Consorci de Museus de la Comunitat Valenciana presenta la III Convocatoria p\u00fablica de presentaci\u00f3n de proyectos expositivos audiovisuales de car\u00e1cter art\u00edstico para su exhibici\u00f3n dentro del proyecto [\u2026]\" \/>\n<meta property=\"og:url\" content=\"https:\/\/museosdealicante.com\/va\/convocatoria-negre_scroll-2023\/\" \/>\n<meta property=\"og:site_name\" content=\"MUSEA | Museos de Alicante\" \/>\n<meta property=\"article:published_time\" content=\"2023-08-25T18:21:36+00:00\" \/>\n<meta name=\"author\" content=\"Carolina Fuentes\" \/>\n<meta name=\"twitter:card\" content=\"summary_large_image\" \/>\n<meta name=\"twitter:label1\" content=\"Escrit per\" \/>\n\t<meta name=\"twitter:data1\" content=\"Carolina Fuentes\" \/>\n\t<meta name=\"twitter:label2\" content=\"Temps estimat de lectura\" \/>\n\t<meta name=\"twitter:data2\" content=\"1 minut\" \/>\n<script type=\"application\/ld+json\" class=\"yoast-schema-graph\">{\"@context\":\"https:\\\/\\\/schema.org\",\"@graph\":[{\"@type\":\"Article\",\"@id\":\"https:\\\/\\\/museosdealicante.com\\\/convocatoria-negre_scroll-2023\\\/#article\",\"isPartOf\":{\"@id\":\"https:\\\/\\\/museosdealicante.com\\\/convocatoria-negre_scroll-2023\\\/\"},\"author\":{\"name\":\"Carolina Fuentes\",\"@id\":\"https:\\\/\\\/museosdealicante.com\\\/#\\\/schema\\\/person\\\/b8e21892e9b6af60e856f31f0dce8cbd\"},\"headline\":\"Convocatoria Negre_Scroll 2023\",\"datePublished\":\"2023-08-25T18:21:36+00:00\",\"mainEntityOfPage\":{\"@id\":\"https:\\\/\\\/museosdealicante.com\\\/convocatoria-negre_scroll-2023\\\/\"},\"wordCount\":165,\"commentCount\":0,\"image\":{\"@id\":\"https:\\\/\\\/museosdealicante.com\\\/convocatoria-negre_scroll-2023\\\/#primaryimage\"},\"thumbnailUrl\":\"https:\\\/\\\/museosdealicante.com\\\/wp-content\\\/uploads\\\/2023\\\/08\\\/wp-header-logo-23.png\",\"articleSection\":[\"CIGARRERAS\"],\"inLanguage\":\"ca\",\"potentialAction\":[{\"@type\":\"CommentAction\",\"name\":\"Comment\",\"target\":[\"https:\\\/\\\/museosdealicante.com\\\/convocatoria-negre_scroll-2023\\\/#respond\"]}]},{\"@type\":\"WebPage\",\"@id\":\"https:\\\/\\\/museosdealicante.com\\\/convocatoria-negre_scroll-2023\\\/\",\"url\":\"https:\\\/\\\/museosdealicante.com\\\/convocatoria-negre_scroll-2023\\\/\",\"name\":\"Convocatoria Negre_Scroll 2023 - MUSEA | Museos de Alicante\",\"isPartOf\":{\"@id\":\"https:\\\/\\\/museosdealicante.com\\\/#website\"},\"primaryImageOfPage\":{\"@id\":\"https:\\\/\\\/museosdealicante.com\\\/convocatoria-negre_scroll-2023\\\/#primaryimage\"},\"image\":{\"@id\":\"https:\\\/\\\/museosdealicante.com\\\/convocatoria-negre_scroll-2023\\\/#primaryimage\"},\"thumbnailUrl\":\"https:\\\/\\\/museosdealicante.com\\\/wp-content\\\/uploads\\\/2023\\\/08\\\/wp-header-logo-23.png\",\"datePublished\":\"2023-08-25T18:21:36+00:00\",\"author\":{\"@id\":\"https:\\\/\\\/museosdealicante.com\\\/#\\\/schema\\\/person\\\/b8e21892e9b6af60e856f31f0dce8cbd\"},\"breadcrumb\":{\"@id\":\"https:\\\/\\\/museosdealicante.com\\\/convocatoria-negre_scroll-2023\\\/#breadcrumb\"},\"inLanguage\":\"ca\",\"potentialAction\":[{\"@type\":\"ReadAction\",\"target\":[\"https:\\\/\\\/museosdealicante.com\\\/convocatoria-negre_scroll-2023\\\/\"]}]},{\"@type\":\"ImageObject\",\"inLanguage\":\"ca\",\"@id\":\"https:\\\/\\\/museosdealicante.com\\\/convocatoria-negre_scroll-2023\\\/#primaryimage\",\"url\":\"https:\\\/\\\/museosdealicante.com\\\/wp-content\\\/uploads\\\/2023\\\/08\\\/wp-header-logo-23.png\",\"contentUrl\":\"https:\\\/\\\/museosdealicante.com\\\/wp-content\\\/uploads\\\/2023\\\/08\\\/wp-header-logo-23.png\",\"width\":1000,\"height\":667},{\"@type\":\"BreadcrumbList\",\"@id\":\"https:\\\/\\\/museosdealicante.com\\\/convocatoria-negre_scroll-2023\\\/#breadcrumb\",\"itemListElement\":[{\"@type\":\"ListItem\",\"position\":1,\"name\":\"Portada\",\"item\":\"https:\\\/\\\/museosdealicante.com\\\/\"},{\"@type\":\"ListItem\",\"position\":2,\"name\":\"Convocatoria Negre_Scroll 2023\"}]},{\"@type\":\"WebSite\",\"@id\":\"https:\\\/\\\/museosdealicante.com\\\/#website\",\"url\":\"https:\\\/\\\/museosdealicante.com\\\/\",\"name\":\"MUSEA | Museos de Alicante\",\"description\":\"Toda la oferta sobre arte, cultura y patrimonio de la ciudad, toda la actualidad de los museos de Alicante\",\"potentialAction\":[{\"@type\":\"SearchAction\",\"target\":{\"@type\":\"EntryPoint\",\"urlTemplate\":\"https:\\\/\\\/museosdealicante.com\\\/?s={search_term_string}\"},\"query-input\":{\"@type\":\"PropertyValueSpecification\",\"valueRequired\":true,\"valueName\":\"search_term_string\"}}],\"inLanguage\":\"ca\"},{\"@type\":\"Person\",\"@id\":\"https:\\\/\\\/museosdealicante.com\\\/#\\\/schema\\\/person\\\/b8e21892e9b6af60e856f31f0dce8cbd\",\"name\":\"Carolina Fuentes\",\"image\":{\"@type\":\"ImageObject\",\"inLanguage\":\"ca\",\"@id\":\"https:\\\/\\\/secure.gravatar.com\\\/avatar\\\/01f78e22536b5ffd26064d48b4b5761365a20d8fcf22b8fa03a63f307abc9dc6?s=96&d=mm&r=g\",\"url\":\"https:\\\/\\\/secure.gravatar.com\\\/avatar\\\/01f78e22536b5ffd26064d48b4b5761365a20d8fcf22b8fa03a63f307abc9dc6?s=96&d=mm&r=g\",\"contentUrl\":\"https:\\\/\\\/secure.gravatar.com\\\/avatar\\\/01f78e22536b5ffd26064d48b4b5761365a20d8fcf22b8fa03a63f307abc9dc6?s=96&d=mm&r=g\",\"caption\":\"Carolina Fuentes\"},\"url\":\"https:\\\/\\\/museosdealicante.com\\\/va\\\/author\\\/carolina-fuentes\\\/\"}]}<\/script>\n<!-- \/ Yoast SEO plugin. -->","yoast_head_json":{"title":"Convocatoria Negre_Scroll 2023 - MUSEA | Museos de Alicante","robots":{"index":"index","follow":"follow","max-snippet":"max-snippet:-1","max-image-preview":"max-image-preview:large","max-video-preview":"max-video-preview:-1"},"canonical":"https:\/\/museosdealicante.com\/va\/convocatoria-negre_scroll-2023\/","og_locale":"ca_ES","og_type":"article","og_title":"Convocatoria Negre_Scroll 2023 - MUSEA | Museos de Alicante","og_description":"El CMCV Consorci de Museus de la Comunitat Valenciana presenta la III Convocatoria p\u00fablica de presentaci\u00f3n de proyectos expositivos audiovisuales de car\u00e1cter art\u00edstico para su exhibici\u00f3n dentro del proyecto [\u2026]","og_url":"https:\/\/museosdealicante.com\/va\/convocatoria-negre_scroll-2023\/","og_site_name":"MUSEA | Museos de Alicante","article_published_time":"2023-08-25T18:21:36+00:00","author":"Carolina Fuentes","twitter_card":"summary_large_image","twitter_misc":{"Escrit per":"Carolina Fuentes","Temps estimat de lectura":"1 minut"},"schema":{"@context":"https:\/\/schema.org","@graph":[{"@type":"Article","@id":"https:\/\/museosdealicante.com\/convocatoria-negre_scroll-2023\/#article","isPartOf":{"@id":"https:\/\/museosdealicante.com\/convocatoria-negre_scroll-2023\/"},"author":{"name":"Carolina Fuentes","@id":"https:\/\/museosdealicante.com\/#\/schema\/person\/b8e21892e9b6af60e856f31f0dce8cbd"},"headline":"Convocatoria Negre_Scroll 2023","datePublished":"2023-08-25T18:21:36+00:00","mainEntityOfPage":{"@id":"https:\/\/museosdealicante.com\/convocatoria-negre_scroll-2023\/"},"wordCount":165,"commentCount":0,"image":{"@id":"https:\/\/museosdealicante.com\/convocatoria-negre_scroll-2023\/#primaryimage"},"thumbnailUrl":"https:\/\/museosdealicante.com\/wp-content\/uploads\/2023\/08\/wp-header-logo-23.png","articleSection":["CIGARRERAS"],"inLanguage":"ca","potentialAction":[{"@type":"CommentAction","name":"Comment","target":["https:\/\/museosdealicante.com\/convocatoria-negre_scroll-2023\/#respond"]}]},{"@type":"WebPage","@id":"https:\/\/museosdealicante.com\/convocatoria-negre_scroll-2023\/","url":"https:\/\/museosdealicante.com\/convocatoria-negre_scroll-2023\/","name":"Convocatoria Negre_Scroll 2023 - MUSEA | Museos de Alicante","isPartOf":{"@id":"https:\/\/museosdealicante.com\/#website"},"primaryImageOfPage":{"@id":"https:\/\/museosdealicante.com\/convocatoria-negre_scroll-2023\/#primaryimage"},"image":{"@id":"https:\/\/museosdealicante.com\/convocatoria-negre_scroll-2023\/#primaryimage"},"thumbnailUrl":"https:\/\/museosdealicante.com\/wp-content\/uploads\/2023\/08\/wp-header-logo-23.png","datePublished":"2023-08-25T18:21:36+00:00","author":{"@id":"https:\/\/museosdealicante.com\/#\/schema\/person\/b8e21892e9b6af60e856f31f0dce8cbd"},"breadcrumb":{"@id":"https:\/\/museosdealicante.com\/convocatoria-negre_scroll-2023\/#breadcrumb"},"inLanguage":"ca","potentialAction":[{"@type":"ReadAction","target":["https:\/\/museosdealicante.com\/convocatoria-negre_scroll-2023\/"]}]},{"@type":"ImageObject","inLanguage":"ca","@id":"https:\/\/museosdealicante.com\/convocatoria-negre_scroll-2023\/#primaryimage","url":"https:\/\/museosdealicante.com\/wp-content\/uploads\/2023\/08\/wp-header-logo-23.png","contentUrl":"https:\/\/museosdealicante.com\/wp-content\/uploads\/2023\/08\/wp-header-logo-23.png","width":1000,"height":667},{"@type":"BreadcrumbList","@id":"https:\/\/museosdealicante.com\/convocatoria-negre_scroll-2023\/#breadcrumb","itemListElement":[{"@type":"ListItem","position":1,"name":"Portada","item":"https:\/\/museosdealicante.com\/"},{"@type":"ListItem","position":2,"name":"Convocatoria Negre_Scroll 2023"}]},{"@type":"WebSite","@id":"https:\/\/museosdealicante.com\/#website","url":"https:\/\/museosdealicante.com\/","name":"MUSEA | Museos de Alicante","description":"Toda la oferta sobre arte, cultura y patrimonio de la ciudad, toda la actualidad de los museos de Alicante","potentialAction":[{"@type":"SearchAction","target":{"@type":"EntryPoint","urlTemplate":"https:\/\/museosdealicante.com\/?s={search_term_string}"},"query-input":{"@type":"PropertyValueSpecification","valueRequired":true,"valueName":"search_term_string"}}],"inLanguage":"ca"},{"@type":"Person","@id":"https:\/\/museosdealicante.com\/#\/schema\/person\/b8e21892e9b6af60e856f31f0dce8cbd","name":"Carolina Fuentes","image":{"@type":"ImageObject","inLanguage":"ca","@id":"https:\/\/secure.gravatar.com\/avatar\/01f78e22536b5ffd26064d48b4b5761365a20d8fcf22b8fa03a63f307abc9dc6?s=96&d=mm&r=g","url":"https:\/\/secure.gravatar.com\/avatar\/01f78e22536b5ffd26064d48b4b5761365a20d8fcf22b8fa03a63f307abc9dc6?s=96&d=mm&r=g","contentUrl":"https:\/\/secure.gravatar.com\/avatar\/01f78e22536b5ffd26064d48b4b5761365a20d8fcf22b8fa03a63f307abc9dc6?s=96&d=mm&r=g","caption":"Carolina Fuentes"},"url":"https:\/\/museosdealicante.com\/va\/author\/carolina-fuentes\/"}]}},"_links":{"self":[{"href":"https:\/\/museosdealicante.com\/va\/wp-json\/wp\/v2\/posts\/1838","targetHints":{"allow":["GET"]}}],"collection":[{"href":"https:\/\/museosdealicante.com\/va\/wp-json\/wp\/v2\/posts"}],"about":[{"href":"https:\/\/museosdealicante.com\/va\/wp-json\/wp\/v2\/types\/post"}],"author":[{"embeddable":true,"href":"https:\/\/museosdealicante.com\/va\/wp-json\/wp\/v2\/users\/8"}],"replies":[{"embeddable":true,"href":"https:\/\/museosdealicante.com\/va\/wp-json\/wp\/v2\/comments?post=1838"}],"version-history":[{"count":0,"href":"https:\/\/museosdealicante.com\/va\/wp-json\/wp\/v2\/posts\/1838\/revisions"}],"wp:featuredmedia":[{"embeddable":true,"href":"https:\/\/museosdealicante.com\/va\/wp-json\/wp\/v2\/media\/1839"}],"wp:attachment":[{"href":"https:\/\/museosdealicante.com\/va\/wp-json\/wp\/v2\/media?parent=1838"}],"wp:term":[{"taxonomy":"category","embeddable":true,"href":"https:\/\/museosdealicante.com\/va\/wp-json\/wp\/v2\/categories?post=1838"},{"taxonomy":"post_tag","embeddable":true,"href":"https:\/\/museosdealicante.com\/va\/wp-json\/wp\/v2\/tags?post=1838"}],"curies":[{"name":"wp","href":"https:\/\/api.w.org\/{rel}","templated":true}]}}