{"id":1891,"date":"2023-10-23T15:31:47","date_gmt":"2023-10-23T15:31:47","guid":{"rendered":"https:\/\/museosdealicante.com\/el-festival-de-musica-electronica-ensolab-vuelve-a-las-cigarreras-a-finales-de-octubre\/"},"modified":"2023-10-23T15:31:47","modified_gmt":"2023-10-23T15:31:47","slug":"el-festival-de-musica-electronica-ensolab-vuelve-a-las-cigarreras-a-finales-de-octubre","status":"publish","type":"post","link":"https:\/\/museosdealicante.com\/va\/el-festival-de-musica-electronica-ensolab-vuelve-a-las-cigarreras-a-finales-de-octubre\/","title":{"rendered":"El festival de m\u00fasica electr\u00f3nica Ensolab vuelve a Las Cigarreras a finales de octubre"},"content":{"rendered":"<div>\n<p>Alicante,\u00a06\u00a0de\u00a0octubre\u00a0de 2023.\u00a0El Centro Cultural Las Cigarreras\u00a0acoger\u00e1 del jueves 26 al s\u00e1bado 28\u00a0de octubre la s\u00e9ptima edici\u00f3n del Festival de Producci\u00f3n y M\u00fasica Electr\u00f3nica Ensolab que acerca al p\u00fablico las \u00faltimas tendencias en esta modalidad con la participaci\u00f3n de artistas innovadores.<\/p>\n<p>La concejala de Cultura, Nayma Beldjilali, ha destacado que \u201cEnsolab ya se ha consolidado como una cita ineludible en el panorama nacional de la m\u00fasica electr\u00f3nica independiente\u201d. \u201cEn este festival m\u00fasica, arte y tecnolog\u00eda se dan la mano para crear sonidos de vanguardia que animo a descubrir en Las Cigarreras\u201d, ha se\u00f1alado la edil.<\/p>\n<p>En su s\u00e9ptima edici\u00f3n, Ensolab ha confirmado la presencia de Abraxas, El Futuro Peat\u00f3n, Alex Silva, Oma Totem, Industrial Complex, Nano Modulares, Dafnis, Carrie Palmer y Pole Two.<\/p>\n<p>Este a\u00f1o, entre otras novedades, las actividades se extienden al s\u00e1bado en sesi\u00f3n matinal y en nuevos espacios en Las Cigarreras, todo ello dentro de una programaci\u00f3n de acceso libre.<\/p>\n<p>Adem\u00e1s, el programa incluye una charla y posterior encuentro entre Abraxas y el cr\u00edtico musical Oriol Rosell para hablar, entre otras cosas, de m\u00fasica electr\u00f3nica, reflexi\u00f3n filos\u00f3fica y activismo.<\/p>\n<p>Ensolab cuenta de nuevo con la colaboraci\u00f3n de Consorci de Museus de la Comunitat Valenciana\u00a0y\u00a0el Centro Cultural Las Cigarreras como patrocinadores principales. Tambi\u00e9n cuenta con el apoyo de Cervezas Alhambra para crear el Espacio Alhambra en la Trasera, donde se ofrecen momentos singulares para disfrutar sin prisa y saborear la originalidad de cada instante.<\/p>\n<p>La programaci\u00f3n completa\u00a0se puede consultar en\u00a0<a href=\"http:\/\/www.cigarreras.es\">www.cigarreras.es<\/a><\/p>\n<\/div>\n<p><a href=\"https:\/\/www.alicante.es\/es\/node\/39823\">source<\/a><\/p>","protected":false},"excerpt":{"rendered":"<p>Alicante,\u00a06\u00a0de\u00a0octubre\u00a0de 2023.\u00a0El Centro Cultural Las Cigarreras\u00a0acoger\u00e1 del jueves 26 al s\u00e1bado 28\u00a0de octubre la s\u00e9ptima edici\u00f3n del Festival de Producci\u00f3n y M\u00fasica Electr\u00f3nica Ensolab que acerca al p\u00fablico las<span class=\"excerpt-hellip\"> [\u2026]<\/span><\/p>\n","protected":false},"author":8,"featured_media":1892,"comment_status":"open","ping_status":"open","sticky":false,"template":"","format":"standard","meta":{"_price":"","_stock":"","_tribe_ticket_header":"","_tribe_default_ticket_provider":"","_tribe_ticket_capacity":"0","_ticket_start_date":"","_ticket_end_date":"","_tribe_ticket_show_description":"","_tribe_ticket_show_not_going":false,"_tribe_ticket_use_global_stock":"","_tribe_ticket_global_stock_level":"","_global_stock_mode":"","_global_stock_cap":"","_tribe_rsvp_for_event":"","_tribe_ticket_going_count":"","_tribe_ticket_not_going_count":"","_tribe_tickets_list":"[]","_tribe_ticket_has_attendee_info_fields":false,"footnotes":""},"categories":[14],"tags":[],"class_list":["post-1891","post","type-post","status-publish","format-standard","has-post-thumbnail","hentry","category-cigarreras"],"yoast_head":"<!-- This site is optimized with the Yoast SEO plugin v27.3 - https:\/\/yoast.com\/product\/yoast-seo-wordpress\/ -->\n<title>El festival de m\u00fasica electr\u00f3nica Ensolab vuelve a Las Cigarreras a finales de octubre - MUSEA | Museos de Alicante<\/title>\n<meta name=\"robots\" content=\"index, follow, max-snippet:-1, max-image-preview:large, max-video-preview:-1\" \/>\n<link rel=\"canonical\" href=\"https:\/\/museosdealicante.com\/va\/el-festival-de-musica-electronica-ensolab-vuelve-a-las-cigarreras-a-finales-de-octubre\/\" \/>\n<meta property=\"og:locale\" content=\"ca_ES\" \/>\n<meta property=\"og:type\" content=\"article\" \/>\n<meta property=\"og:title\" content=\"El festival de m\u00fasica electr\u00f3nica Ensolab vuelve a Las Cigarreras a finales de octubre - MUSEA | Museos de Alicante\" \/>\n<meta property=\"og:description\" content=\"Alicante,\u00a06\u00a0de\u00a0octubre\u00a0de 2023.\u00a0El Centro Cultural Las Cigarreras\u00a0acoger\u00e1 del jueves 26 al s\u00e1bado 28\u00a0de octubre la s\u00e9ptima edici\u00f3n del Festival de Producci\u00f3n y M\u00fasica Electr\u00f3nica Ensolab que acerca al p\u00fablico las [\u2026]\" \/>\n<meta property=\"og:url\" content=\"https:\/\/museosdealicante.com\/va\/el-festival-de-musica-electronica-ensolab-vuelve-a-las-cigarreras-a-finales-de-octubre\/\" \/>\n<meta property=\"og:site_name\" content=\"MUSEA | Museos de Alicante\" \/>\n<meta property=\"article:published_time\" content=\"2023-10-23T15:31:47+00:00\" \/>\n<meta name=\"author\" content=\"Carolina Fuentes\" \/>\n<meta name=\"twitter:card\" content=\"summary_large_image\" \/>\n<meta name=\"twitter:label1\" content=\"Escrit per\" \/>\n\t<meta name=\"twitter:data1\" content=\"Carolina Fuentes\" \/>\n\t<meta name=\"twitter:label2\" content=\"Temps estimat de lectura\" \/>\n\t<meta name=\"twitter:data2\" content=\"1 minut\" \/>\n<script type=\"application\/ld+json\" class=\"yoast-schema-graph\">{\"@context\":\"https:\\\/\\\/schema.org\",\"@graph\":[{\"@type\":\"Article\",\"@id\":\"https:\\\/\\\/museosdealicante.com\\\/el-festival-de-musica-electronica-ensolab-vuelve-a-las-cigarreras-a-finales-de-octubre\\\/#article\",\"isPartOf\":{\"@id\":\"https:\\\/\\\/museosdealicante.com\\\/el-festival-de-musica-electronica-ensolab-vuelve-a-las-cigarreras-a-finales-de-octubre\\\/\"},\"author\":{\"name\":\"Carolina Fuentes\",\"@id\":\"https:\\\/\\\/museosdealicante.com\\\/#\\\/schema\\\/person\\\/b8e21892e9b6af60e856f31f0dce8cbd\"},\"headline\":\"El festival de m\u00fasica electr\u00f3nica Ensolab vuelve a Las Cigarreras a finales de octubre\",\"datePublished\":\"2023-10-23T15:31:47+00:00\",\"mainEntityOfPage\":{\"@id\":\"https:\\\/\\\/museosdealicante.com\\\/el-festival-de-musica-electronica-ensolab-vuelve-a-las-cigarreras-a-finales-de-octubre\\\/\"},\"wordCount\":296,\"commentCount\":0,\"image\":{\"@id\":\"https:\\\/\\\/museosdealicante.com\\\/el-festival-de-musica-electronica-ensolab-vuelve-a-las-cigarreras-a-finales-de-octubre\\\/#primaryimage\"},\"thumbnailUrl\":\"https:\\\/\\\/museosdealicante.com\\\/wp-content\\\/uploads\\\/2023\\\/10\\\/wp-header-logo-2-scaled.png\",\"articleSection\":[\"CIGARRERAS\"],\"inLanguage\":\"ca\",\"potentialAction\":[{\"@type\":\"CommentAction\",\"name\":\"Comment\",\"target\":[\"https:\\\/\\\/museosdealicante.com\\\/el-festival-de-musica-electronica-ensolab-vuelve-a-las-cigarreras-a-finales-de-octubre\\\/#respond\"]}]},{\"@type\":\"WebPage\",\"@id\":\"https:\\\/\\\/museosdealicante.com\\\/el-festival-de-musica-electronica-ensolab-vuelve-a-las-cigarreras-a-finales-de-octubre\\\/\",\"url\":\"https:\\\/\\\/museosdealicante.com\\\/el-festival-de-musica-electronica-ensolab-vuelve-a-las-cigarreras-a-finales-de-octubre\\\/\",\"name\":\"El festival de m\u00fasica electr\u00f3nica Ensolab vuelve a Las Cigarreras a finales de octubre - MUSEA | Museos de Alicante\",\"isPartOf\":{\"@id\":\"https:\\\/\\\/museosdealicante.com\\\/#website\"},\"primaryImageOfPage\":{\"@id\":\"https:\\\/\\\/museosdealicante.com\\\/el-festival-de-musica-electronica-ensolab-vuelve-a-las-cigarreras-a-finales-de-octubre\\\/#primaryimage\"},\"image\":{\"@id\":\"https:\\\/\\\/museosdealicante.com\\\/el-festival-de-musica-electronica-ensolab-vuelve-a-las-cigarreras-a-finales-de-octubre\\\/#primaryimage\"},\"thumbnailUrl\":\"https:\\\/\\\/museosdealicante.com\\\/wp-content\\\/uploads\\\/2023\\\/10\\\/wp-header-logo-2-scaled.png\",\"datePublished\":\"2023-10-23T15:31:47+00:00\",\"author\":{\"@id\":\"https:\\\/\\\/museosdealicante.com\\\/#\\\/schema\\\/person\\\/b8e21892e9b6af60e856f31f0dce8cbd\"},\"breadcrumb\":{\"@id\":\"https:\\\/\\\/museosdealicante.com\\\/el-festival-de-musica-electronica-ensolab-vuelve-a-las-cigarreras-a-finales-de-octubre\\\/#breadcrumb\"},\"inLanguage\":\"ca\",\"potentialAction\":[{\"@type\":\"ReadAction\",\"target\":[\"https:\\\/\\\/museosdealicante.com\\\/el-festival-de-musica-electronica-ensolab-vuelve-a-las-cigarreras-a-finales-de-octubre\\\/\"]}]},{\"@type\":\"ImageObject\",\"inLanguage\":\"ca\",\"@id\":\"https:\\\/\\\/museosdealicante.com\\\/el-festival-de-musica-electronica-ensolab-vuelve-a-las-cigarreras-a-finales-de-octubre\\\/#primaryimage\",\"url\":\"https:\\\/\\\/museosdealicante.com\\\/wp-content\\\/uploads\\\/2023\\\/10\\\/wp-header-logo-2-scaled.png\",\"contentUrl\":\"https:\\\/\\\/museosdealicante.com\\\/wp-content\\\/uploads\\\/2023\\\/10\\\/wp-header-logo-2-scaled.png\",\"width\":2560,\"height\":1707},{\"@type\":\"BreadcrumbList\",\"@id\":\"https:\\\/\\\/museosdealicante.com\\\/el-festival-de-musica-electronica-ensolab-vuelve-a-las-cigarreras-a-finales-de-octubre\\\/#breadcrumb\",\"itemListElement\":[{\"@type\":\"ListItem\",\"position\":1,\"name\":\"Portada\",\"item\":\"https:\\\/\\\/museosdealicante.com\\\/\"},{\"@type\":\"ListItem\",\"position\":2,\"name\":\"El festival de m\u00fasica electr\u00f3nica Ensolab vuelve a Las Cigarreras a finales de octubre\"}]},{\"@type\":\"WebSite\",\"@id\":\"https:\\\/\\\/museosdealicante.com\\\/#website\",\"url\":\"https:\\\/\\\/museosdealicante.com\\\/\",\"name\":\"MUSEA | Museos de Alicante\",\"description\":\"Toda la oferta sobre arte, cultura y patrimonio de la ciudad, toda la actualidad de los museos de Alicante\",\"potentialAction\":[{\"@type\":\"SearchAction\",\"target\":{\"@type\":\"EntryPoint\",\"urlTemplate\":\"https:\\\/\\\/museosdealicante.com\\\/?s={search_term_string}\"},\"query-input\":{\"@type\":\"PropertyValueSpecification\",\"valueRequired\":true,\"valueName\":\"search_term_string\"}}],\"inLanguage\":\"ca\"},{\"@type\":\"Person\",\"@id\":\"https:\\\/\\\/museosdealicante.com\\\/#\\\/schema\\\/person\\\/b8e21892e9b6af60e856f31f0dce8cbd\",\"name\":\"Carolina Fuentes\",\"image\":{\"@type\":\"ImageObject\",\"inLanguage\":\"ca\",\"@id\":\"https:\\\/\\\/secure.gravatar.com\\\/avatar\\\/01f78e22536b5ffd26064d48b4b5761365a20d8fcf22b8fa03a63f307abc9dc6?s=96&d=mm&r=g\",\"url\":\"https:\\\/\\\/secure.gravatar.com\\\/avatar\\\/01f78e22536b5ffd26064d48b4b5761365a20d8fcf22b8fa03a63f307abc9dc6?s=96&d=mm&r=g\",\"contentUrl\":\"https:\\\/\\\/secure.gravatar.com\\\/avatar\\\/01f78e22536b5ffd26064d48b4b5761365a20d8fcf22b8fa03a63f307abc9dc6?s=96&d=mm&r=g\",\"caption\":\"Carolina Fuentes\"},\"url\":\"https:\\\/\\\/museosdealicante.com\\\/va\\\/author\\\/carolina-fuentes\\\/\"}]}<\/script>\n<!-- \/ Yoast SEO plugin. -->","yoast_head_json":{"title":"El festival de m\u00fasica electr\u00f3nica Ensolab vuelve a Las Cigarreras a finales de octubre - MUSEA | Museos de Alicante","robots":{"index":"index","follow":"follow","max-snippet":"max-snippet:-1","max-image-preview":"max-image-preview:large","max-video-preview":"max-video-preview:-1"},"canonical":"https:\/\/museosdealicante.com\/va\/el-festival-de-musica-electronica-ensolab-vuelve-a-las-cigarreras-a-finales-de-octubre\/","og_locale":"ca_ES","og_type":"article","og_title":"El festival de m\u00fasica electr\u00f3nica Ensolab vuelve a Las Cigarreras a finales de octubre - MUSEA | Museos de Alicante","og_description":"Alicante,\u00a06\u00a0de\u00a0octubre\u00a0de 2023.\u00a0El Centro Cultural Las Cigarreras\u00a0acoger\u00e1 del jueves 26 al s\u00e1bado 28\u00a0de octubre la s\u00e9ptima edici\u00f3n del Festival de Producci\u00f3n y M\u00fasica Electr\u00f3nica Ensolab que acerca al p\u00fablico las [\u2026]","og_url":"https:\/\/museosdealicante.com\/va\/el-festival-de-musica-electronica-ensolab-vuelve-a-las-cigarreras-a-finales-de-octubre\/","og_site_name":"MUSEA | Museos de Alicante","article_published_time":"2023-10-23T15:31:47+00:00","author":"Carolina Fuentes","twitter_card":"summary_large_image","twitter_misc":{"Escrit per":"Carolina Fuentes","Temps estimat de lectura":"1 minut"},"schema":{"@context":"https:\/\/schema.org","@graph":[{"@type":"Article","@id":"https:\/\/museosdealicante.com\/el-festival-de-musica-electronica-ensolab-vuelve-a-las-cigarreras-a-finales-de-octubre\/#article","isPartOf":{"@id":"https:\/\/museosdealicante.com\/el-festival-de-musica-electronica-ensolab-vuelve-a-las-cigarreras-a-finales-de-octubre\/"},"author":{"name":"Carolina Fuentes","@id":"https:\/\/museosdealicante.com\/#\/schema\/person\/b8e21892e9b6af60e856f31f0dce8cbd"},"headline":"El festival de m\u00fasica electr\u00f3nica Ensolab vuelve a Las Cigarreras a finales de octubre","datePublished":"2023-10-23T15:31:47+00:00","mainEntityOfPage":{"@id":"https:\/\/museosdealicante.com\/el-festival-de-musica-electronica-ensolab-vuelve-a-las-cigarreras-a-finales-de-octubre\/"},"wordCount":296,"commentCount":0,"image":{"@id":"https:\/\/museosdealicante.com\/el-festival-de-musica-electronica-ensolab-vuelve-a-las-cigarreras-a-finales-de-octubre\/#primaryimage"},"thumbnailUrl":"https:\/\/museosdealicante.com\/wp-content\/uploads\/2023\/10\/wp-header-logo-2-scaled.png","articleSection":["CIGARRERAS"],"inLanguage":"ca","potentialAction":[{"@type":"CommentAction","name":"Comment","target":["https:\/\/museosdealicante.com\/el-festival-de-musica-electronica-ensolab-vuelve-a-las-cigarreras-a-finales-de-octubre\/#respond"]}]},{"@type":"WebPage","@id":"https:\/\/museosdealicante.com\/el-festival-de-musica-electronica-ensolab-vuelve-a-las-cigarreras-a-finales-de-octubre\/","url":"https:\/\/museosdealicante.com\/el-festival-de-musica-electronica-ensolab-vuelve-a-las-cigarreras-a-finales-de-octubre\/","name":"El festival de m\u00fasica electr\u00f3nica Ensolab vuelve a Las Cigarreras a finales de octubre - MUSEA | Museos de Alicante","isPartOf":{"@id":"https:\/\/museosdealicante.com\/#website"},"primaryImageOfPage":{"@id":"https:\/\/museosdealicante.com\/el-festival-de-musica-electronica-ensolab-vuelve-a-las-cigarreras-a-finales-de-octubre\/#primaryimage"},"image":{"@id":"https:\/\/museosdealicante.com\/el-festival-de-musica-electronica-ensolab-vuelve-a-las-cigarreras-a-finales-de-octubre\/#primaryimage"},"thumbnailUrl":"https:\/\/museosdealicante.com\/wp-content\/uploads\/2023\/10\/wp-header-logo-2-scaled.png","datePublished":"2023-10-23T15:31:47+00:00","author":{"@id":"https:\/\/museosdealicante.com\/#\/schema\/person\/b8e21892e9b6af60e856f31f0dce8cbd"},"breadcrumb":{"@id":"https:\/\/museosdealicante.com\/el-festival-de-musica-electronica-ensolab-vuelve-a-las-cigarreras-a-finales-de-octubre\/#breadcrumb"},"inLanguage":"ca","potentialAction":[{"@type":"ReadAction","target":["https:\/\/museosdealicante.com\/el-festival-de-musica-electronica-ensolab-vuelve-a-las-cigarreras-a-finales-de-octubre\/"]}]},{"@type":"ImageObject","inLanguage":"ca","@id":"https:\/\/museosdealicante.com\/el-festival-de-musica-electronica-ensolab-vuelve-a-las-cigarreras-a-finales-de-octubre\/#primaryimage","url":"https:\/\/museosdealicante.com\/wp-content\/uploads\/2023\/10\/wp-header-logo-2-scaled.png","contentUrl":"https:\/\/museosdealicante.com\/wp-content\/uploads\/2023\/10\/wp-header-logo-2-scaled.png","width":2560,"height":1707},{"@type":"BreadcrumbList","@id":"https:\/\/museosdealicante.com\/el-festival-de-musica-electronica-ensolab-vuelve-a-las-cigarreras-a-finales-de-octubre\/#breadcrumb","itemListElement":[{"@type":"ListItem","position":1,"name":"Portada","item":"https:\/\/museosdealicante.com\/"},{"@type":"ListItem","position":2,"name":"El festival de m\u00fasica electr\u00f3nica Ensolab vuelve a Las Cigarreras a finales de octubre"}]},{"@type":"WebSite","@id":"https:\/\/museosdealicante.com\/#website","url":"https:\/\/museosdealicante.com\/","name":"MUSEA | Museos de Alicante","description":"Toda la oferta sobre arte, cultura y patrimonio de la ciudad, toda la actualidad de los museos de Alicante","potentialAction":[{"@type":"SearchAction","target":{"@type":"EntryPoint","urlTemplate":"https:\/\/museosdealicante.com\/?s={search_term_string}"},"query-input":{"@type":"PropertyValueSpecification","valueRequired":true,"valueName":"search_term_string"}}],"inLanguage":"ca"},{"@type":"Person","@id":"https:\/\/museosdealicante.com\/#\/schema\/person\/b8e21892e9b6af60e856f31f0dce8cbd","name":"Carolina Fuentes","image":{"@type":"ImageObject","inLanguage":"ca","@id":"https:\/\/secure.gravatar.com\/avatar\/01f78e22536b5ffd26064d48b4b5761365a20d8fcf22b8fa03a63f307abc9dc6?s=96&d=mm&r=g","url":"https:\/\/secure.gravatar.com\/avatar\/01f78e22536b5ffd26064d48b4b5761365a20d8fcf22b8fa03a63f307abc9dc6?s=96&d=mm&r=g","contentUrl":"https:\/\/secure.gravatar.com\/avatar\/01f78e22536b5ffd26064d48b4b5761365a20d8fcf22b8fa03a63f307abc9dc6?s=96&d=mm&r=g","caption":"Carolina Fuentes"},"url":"https:\/\/museosdealicante.com\/va\/author\/carolina-fuentes\/"}]}},"_links":{"self":[{"href":"https:\/\/museosdealicante.com\/va\/wp-json\/wp\/v2\/posts\/1891","targetHints":{"allow":["GET"]}}],"collection":[{"href":"https:\/\/museosdealicante.com\/va\/wp-json\/wp\/v2\/posts"}],"about":[{"href":"https:\/\/museosdealicante.com\/va\/wp-json\/wp\/v2\/types\/post"}],"author":[{"embeddable":true,"href":"https:\/\/museosdealicante.com\/va\/wp-json\/wp\/v2\/users\/8"}],"replies":[{"embeddable":true,"href":"https:\/\/museosdealicante.com\/va\/wp-json\/wp\/v2\/comments?post=1891"}],"version-history":[{"count":0,"href":"https:\/\/museosdealicante.com\/va\/wp-json\/wp\/v2\/posts\/1891\/revisions"}],"wp:featuredmedia":[{"embeddable":true,"href":"https:\/\/museosdealicante.com\/va\/wp-json\/wp\/v2\/media\/1892"}],"wp:attachment":[{"href":"https:\/\/museosdealicante.com\/va\/wp-json\/wp\/v2\/media?parent=1891"}],"wp:term":[{"taxonomy":"category","embeddable":true,"href":"https:\/\/museosdealicante.com\/va\/wp-json\/wp\/v2\/categories?post=1891"},{"taxonomy":"post_tag","embeddable":true,"href":"https:\/\/museosdealicante.com\/va\/wp-json\/wp\/v2\/tags?post=1891"}],"curies":[{"name":"wp","href":"https:\/\/api.w.org\/{rel}","templated":true}]}}