{"id":2103,"date":"2024-01-17T04:51:49","date_gmt":"2024-01-17T04:51:49","guid":{"rendered":"https:\/\/museosdealicante.com\/exposicion-quotaceleracion-de-los-cuerpos-sumergidosquot-en-el-centro-cultural-las-cigarreras\/"},"modified":"2024-01-17T04:51:49","modified_gmt":"2024-01-17T04:51:49","slug":"exposicion-quotaceleracion-de-los-cuerpos-sumergidosquot-en-el-centro-cultural-las-cigarreras","status":"publish","type":"post","link":"https:\/\/museosdealicante.com\/va\/exposicion-quotaceleracion-de-los-cuerpos-sumergidosquot-en-el-centro-cultural-las-cigarreras\/","title":{"rendered":"Exposici\u00f3n. &amp;quot;Aceleraci\u00f3n de los cuerpos sumergidos&amp;quot; en el Centro Cultural Las Cigarreras"},"content":{"rendered":"<div property=\"content:encoded\">\n<p>\u00abAceleraci\u00f3n de los cuerpos sumergidos\u00bb en el Centro Cultural Las Cigarreras.<\/p>\n<p><strong>Inauguraci\u00f3n el s\u00e1bado 20 de enero, a las 13 horas.<\/strong><\/p>\n<p>\u00abAceleraci\u00f3n de los cuerpo sumergidos\u00bb. Se plantea esta exposici\u00f3n como un espacio ritual\u00edstico con una temporalidad propia y fluida, capaz de poner en relaci\u00f3n artistas, piezas y realidades sin categorizarlas. Un espacio originado desde el cuestionamiento que contemple la incertidumbre, la contradicci\u00f3n, el conflicto y la intuici\u00f3n como escenario desde el que atisbar d\u00f3nde pueden haber ido las preguntas una vez no hay una espiritualidad imperante para homogeneizarlas, hacerlas comunes y sostenerlas.<\/p>\n<p>Exposici\u00f3n colectiva con obras de Bruce Nauman, Chema Garc\u00eda Ibarra, Helena Go\u00f1i, Javier Gal\u00e1n, Joseph Beuys, Jos\u00e9 Ram\u00f3n Blas, Karl Haendel, Luc\u00eda Rabad\u00e1n Redondo, Luc\u00eda Sanz Mont\u00e1vez, Marcos Pizarro Gim\u00e9nez, Marina G. Guerreiro, Martillo Neum\u00e1tico y Rosal\u00eda Banet. Comisariada por Sara Aliana, Sara Marhuenda, Leticia Cano y Carolina Fuentes.<\/p>\n<p>Organiza y produce Las Cigarreras \u2013 Concejal\u00eda de Cultura, con la colaboraci\u00f3n del MACA \u2013 Museo de Arte Contempor\u00e1neo y Todo Bien<\/p>\n<\/div>\n<p><a href=\"https:\/\/www.alicante.es\/es\/node\/40915\">source<\/a><\/p>","protected":false},"excerpt":{"rendered":"<p>\u00abAceleraci\u00f3n de los cuerpos sumergidos\u00bb en el Centro Cultural Las Cigarreras. Inauguraci\u00f3n el s\u00e1bado 20 de enero, a las 13 horas. \u00abAceleraci\u00f3n de los cuerpo sumergidos\u00bb. Se plantea esta<span class=\"excerpt-hellip\"> [\u2026]<\/span><\/p>\n","protected":false},"author":8,"featured_media":2104,"comment_status":"","ping_status":"","sticky":false,"template":"","format":"standard","meta":{"_price":"","_stock":"","_tribe_ticket_header":"","_tribe_default_ticket_provider":"","_tribe_ticket_capacity":"0","_ticket_start_date":"","_ticket_end_date":"","_tribe_ticket_show_description":"","_tribe_ticket_show_not_going":false,"_tribe_ticket_use_global_stock":"","_tribe_ticket_global_stock_level":"","_global_stock_mode":"","_global_stock_cap":"","_tribe_rsvp_for_event":"","_tribe_ticket_going_count":"","_tribe_ticket_not_going_count":"","_tribe_tickets_list":"[]","_tribe_ticket_has_attendee_info_fields":false,"footnotes":""},"categories":[14],"tags":[],"class_list":["post-2103","post","type-post","status-publish","format-standard","has-post-thumbnail","hentry","category-cigarreras"],"yoast_head":"<!-- This site is optimized with the Yoast SEO plugin v27.3 - https:\/\/yoast.com\/product\/yoast-seo-wordpress\/ -->\n<title>Exposici\u00f3n. &amp;quot;Aceleraci\u00f3n de los cuerpos sumergidos&amp;quot; en el Centro Cultural Las Cigarreras - MUSEA | Museos de Alicante<\/title>\n<meta name=\"robots\" content=\"index, follow, max-snippet:-1, max-image-preview:large, max-video-preview:-1\" \/>\n<link rel=\"canonical\" href=\"https:\/\/museosdealicante.com\/va\/exposicion-quotaceleracion-de-los-cuerpos-sumergidosquot-en-el-centro-cultural-las-cigarreras\/\" \/>\n<meta property=\"og:locale\" content=\"ca_ES\" \/>\n<meta property=\"og:type\" content=\"article\" \/>\n<meta property=\"og:title\" content=\"Exposici\u00f3n. &amp;quot;Aceleraci\u00f3n de los cuerpos sumergidos&amp;quot; en el Centro Cultural Las Cigarreras - MUSEA | Museos de Alicante\" \/>\n<meta property=\"og:description\" content=\"\u00abAceleraci\u00f3n de los cuerpos sumergidos\u00bb en el Centro Cultural Las Cigarreras. Inauguraci\u00f3n el s\u00e1bado 20 de enero, a las 13 horas. \u00abAceleraci\u00f3n de los cuerpo sumergidos\u00bb. Se plantea esta [\u2026]\" \/>\n<meta property=\"og:url\" content=\"https:\/\/museosdealicante.com\/va\/exposicion-quotaceleracion-de-los-cuerpos-sumergidosquot-en-el-centro-cultural-las-cigarreras\/\" \/>\n<meta property=\"og:site_name\" content=\"MUSEA | Museos de Alicante\" \/>\n<meta property=\"article:published_time\" content=\"2024-01-17T04:51:49+00:00\" \/>\n<meta name=\"author\" content=\"Carolina Fuentes\" \/>\n<meta name=\"twitter:card\" content=\"summary_large_image\" \/>\n<meta name=\"twitter:label1\" content=\"Escrit per\" \/>\n\t<meta name=\"twitter:data1\" content=\"Carolina Fuentes\" \/>\n\t<meta name=\"twitter:label2\" content=\"Temps estimat de lectura\" \/>\n\t<meta name=\"twitter:data2\" content=\"1 minut\" \/>\n<script type=\"application\/ld+json\" class=\"yoast-schema-graph\">{\"@context\":\"https:\\\/\\\/schema.org\",\"@graph\":[{\"@type\":\"Article\",\"@id\":\"https:\\\/\\\/museosdealicante.com\\\/exposicion-quotaceleracion-de-los-cuerpos-sumergidosquot-en-el-centro-cultural-las-cigarreras\\\/#article\",\"isPartOf\":{\"@id\":\"https:\\\/\\\/museosdealicante.com\\\/exposicion-quotaceleracion-de-los-cuerpos-sumergidosquot-en-el-centro-cultural-las-cigarreras\\\/\"},\"author\":{\"name\":\"Carolina Fuentes\",\"@id\":\"https:\\\/\\\/museosdealicante.com\\\/#\\\/schema\\\/person\\\/b8e21892e9b6af60e856f31f0dce8cbd\"},\"headline\":\"Exposici\u00f3n. &amp;quot;Aceleraci\u00f3n de los cuerpos sumergidos&amp;quot; en el Centro Cultural Las Cigarreras\",\"datePublished\":\"2024-01-17T04:51:49+00:00\",\"mainEntityOfPage\":{\"@id\":\"https:\\\/\\\/museosdealicante.com\\\/exposicion-quotaceleracion-de-los-cuerpos-sumergidosquot-en-el-centro-cultural-las-cigarreras\\\/\"},\"wordCount\":204,\"image\":{\"@id\":\"https:\\\/\\\/museosdealicante.com\\\/exposicion-quotaceleracion-de-los-cuerpos-sumergidosquot-en-el-centro-cultural-las-cigarreras\\\/#primaryimage\"},\"thumbnailUrl\":\"https:\\\/\\\/museosdealicante.com\\\/wp-content\\\/uploads\\\/2024\\\/01\\\/wp-header-logo-12-scaled.png\",\"articleSection\":[\"CIGARRERAS\"],\"inLanguage\":\"ca\"},{\"@type\":\"WebPage\",\"@id\":\"https:\\\/\\\/museosdealicante.com\\\/exposicion-quotaceleracion-de-los-cuerpos-sumergidosquot-en-el-centro-cultural-las-cigarreras\\\/\",\"url\":\"https:\\\/\\\/museosdealicante.com\\\/exposicion-quotaceleracion-de-los-cuerpos-sumergidosquot-en-el-centro-cultural-las-cigarreras\\\/\",\"name\":\"Exposici\u00f3n. &amp;quot;Aceleraci\u00f3n de los cuerpos sumergidos&amp;quot; en el Centro Cultural Las Cigarreras - MUSEA | Museos de Alicante\",\"isPartOf\":{\"@id\":\"https:\\\/\\\/museosdealicante.com\\\/#website\"},\"primaryImageOfPage\":{\"@id\":\"https:\\\/\\\/museosdealicante.com\\\/exposicion-quotaceleracion-de-los-cuerpos-sumergidosquot-en-el-centro-cultural-las-cigarreras\\\/#primaryimage\"},\"image\":{\"@id\":\"https:\\\/\\\/museosdealicante.com\\\/exposicion-quotaceleracion-de-los-cuerpos-sumergidosquot-en-el-centro-cultural-las-cigarreras\\\/#primaryimage\"},\"thumbnailUrl\":\"https:\\\/\\\/museosdealicante.com\\\/wp-content\\\/uploads\\\/2024\\\/01\\\/wp-header-logo-12-scaled.png\",\"datePublished\":\"2024-01-17T04:51:49+00:00\",\"author\":{\"@id\":\"https:\\\/\\\/museosdealicante.com\\\/#\\\/schema\\\/person\\\/b8e21892e9b6af60e856f31f0dce8cbd\"},\"breadcrumb\":{\"@id\":\"https:\\\/\\\/museosdealicante.com\\\/exposicion-quotaceleracion-de-los-cuerpos-sumergidosquot-en-el-centro-cultural-las-cigarreras\\\/#breadcrumb\"},\"inLanguage\":\"ca\",\"potentialAction\":[{\"@type\":\"ReadAction\",\"target\":[\"https:\\\/\\\/museosdealicante.com\\\/exposicion-quotaceleracion-de-los-cuerpos-sumergidosquot-en-el-centro-cultural-las-cigarreras\\\/\"]}]},{\"@type\":\"ImageObject\",\"inLanguage\":\"ca\",\"@id\":\"https:\\\/\\\/museosdealicante.com\\\/exposicion-quotaceleracion-de-los-cuerpos-sumergidosquot-en-el-centro-cultural-las-cigarreras\\\/#primaryimage\",\"url\":\"https:\\\/\\\/museosdealicante.com\\\/wp-content\\\/uploads\\\/2024\\\/01\\\/wp-header-logo-12-scaled.png\",\"contentUrl\":\"https:\\\/\\\/museosdealicante.com\\\/wp-content\\\/uploads\\\/2024\\\/01\\\/wp-header-logo-12-scaled.png\",\"width\":1810,\"height\":2560},{\"@type\":\"BreadcrumbList\",\"@id\":\"https:\\\/\\\/museosdealicante.com\\\/exposicion-quotaceleracion-de-los-cuerpos-sumergidosquot-en-el-centro-cultural-las-cigarreras\\\/#breadcrumb\",\"itemListElement\":[{\"@type\":\"ListItem\",\"position\":1,\"name\":\"Portada\",\"item\":\"https:\\\/\\\/museosdealicante.com\\\/\"},{\"@type\":\"ListItem\",\"position\":2,\"name\":\"Exposici\u00f3n. &amp;quot;Aceleraci\u00f3n de los cuerpos sumergidos&amp;quot; en el Centro Cultural Las Cigarreras\"}]},{\"@type\":\"WebSite\",\"@id\":\"https:\\\/\\\/museosdealicante.com\\\/#website\",\"url\":\"https:\\\/\\\/museosdealicante.com\\\/\",\"name\":\"MUSEA | Museos de Alicante\",\"description\":\"Toda la oferta sobre arte, cultura y patrimonio de la ciudad, toda la actualidad de los museos de Alicante\",\"potentialAction\":[{\"@type\":\"SearchAction\",\"target\":{\"@type\":\"EntryPoint\",\"urlTemplate\":\"https:\\\/\\\/museosdealicante.com\\\/?s={search_term_string}\"},\"query-input\":{\"@type\":\"PropertyValueSpecification\",\"valueRequired\":true,\"valueName\":\"search_term_string\"}}],\"inLanguage\":\"ca\"},{\"@type\":\"Person\",\"@id\":\"https:\\\/\\\/museosdealicante.com\\\/#\\\/schema\\\/person\\\/b8e21892e9b6af60e856f31f0dce8cbd\",\"name\":\"Carolina Fuentes\",\"image\":{\"@type\":\"ImageObject\",\"inLanguage\":\"ca\",\"@id\":\"https:\\\/\\\/secure.gravatar.com\\\/avatar\\\/01f78e22536b5ffd26064d48b4b5761365a20d8fcf22b8fa03a63f307abc9dc6?s=96&d=mm&r=g\",\"url\":\"https:\\\/\\\/secure.gravatar.com\\\/avatar\\\/01f78e22536b5ffd26064d48b4b5761365a20d8fcf22b8fa03a63f307abc9dc6?s=96&d=mm&r=g\",\"contentUrl\":\"https:\\\/\\\/secure.gravatar.com\\\/avatar\\\/01f78e22536b5ffd26064d48b4b5761365a20d8fcf22b8fa03a63f307abc9dc6?s=96&d=mm&r=g\",\"caption\":\"Carolina Fuentes\"},\"url\":\"https:\\\/\\\/museosdealicante.com\\\/va\\\/author\\\/carolina-fuentes\\\/\"}]}<\/script>\n<!-- \/ Yoast SEO plugin. -->","yoast_head_json":{"title":"Exposici\u00f3n. &amp;quot;Aceleraci\u00f3n de los cuerpos sumergidos&amp;quot; en el Centro Cultural Las Cigarreras - MUSEA | Museos de Alicante","robots":{"index":"index","follow":"follow","max-snippet":"max-snippet:-1","max-image-preview":"max-image-preview:large","max-video-preview":"max-video-preview:-1"},"canonical":"https:\/\/museosdealicante.com\/va\/exposicion-quotaceleracion-de-los-cuerpos-sumergidosquot-en-el-centro-cultural-las-cigarreras\/","og_locale":"ca_ES","og_type":"article","og_title":"Exposici\u00f3n. &amp;quot;Aceleraci\u00f3n de los cuerpos sumergidos&amp;quot; en el Centro Cultural Las Cigarreras - MUSEA | Museos de Alicante","og_description":"\u00abAceleraci\u00f3n de los cuerpos sumergidos\u00bb en el Centro Cultural Las Cigarreras. Inauguraci\u00f3n el s\u00e1bado 20 de enero, a las 13 horas. \u00abAceleraci\u00f3n de los cuerpo sumergidos\u00bb. Se plantea esta [\u2026]","og_url":"https:\/\/museosdealicante.com\/va\/exposicion-quotaceleracion-de-los-cuerpos-sumergidosquot-en-el-centro-cultural-las-cigarreras\/","og_site_name":"MUSEA | Museos de Alicante","article_published_time":"2024-01-17T04:51:49+00:00","author":"Carolina Fuentes","twitter_card":"summary_large_image","twitter_misc":{"Escrit per":"Carolina Fuentes","Temps estimat de lectura":"1 minut"},"schema":{"@context":"https:\/\/schema.org","@graph":[{"@type":"Article","@id":"https:\/\/museosdealicante.com\/exposicion-quotaceleracion-de-los-cuerpos-sumergidosquot-en-el-centro-cultural-las-cigarreras\/#article","isPartOf":{"@id":"https:\/\/museosdealicante.com\/exposicion-quotaceleracion-de-los-cuerpos-sumergidosquot-en-el-centro-cultural-las-cigarreras\/"},"author":{"name":"Carolina Fuentes","@id":"https:\/\/museosdealicante.com\/#\/schema\/person\/b8e21892e9b6af60e856f31f0dce8cbd"},"headline":"Exposici\u00f3n. &amp;quot;Aceleraci\u00f3n de los cuerpos sumergidos&amp;quot; en el Centro Cultural Las Cigarreras","datePublished":"2024-01-17T04:51:49+00:00","mainEntityOfPage":{"@id":"https:\/\/museosdealicante.com\/exposicion-quotaceleracion-de-los-cuerpos-sumergidosquot-en-el-centro-cultural-las-cigarreras\/"},"wordCount":204,"image":{"@id":"https:\/\/museosdealicante.com\/exposicion-quotaceleracion-de-los-cuerpos-sumergidosquot-en-el-centro-cultural-las-cigarreras\/#primaryimage"},"thumbnailUrl":"https:\/\/museosdealicante.com\/wp-content\/uploads\/2024\/01\/wp-header-logo-12-scaled.png","articleSection":["CIGARRERAS"],"inLanguage":"ca"},{"@type":"WebPage","@id":"https:\/\/museosdealicante.com\/exposicion-quotaceleracion-de-los-cuerpos-sumergidosquot-en-el-centro-cultural-las-cigarreras\/","url":"https:\/\/museosdealicante.com\/exposicion-quotaceleracion-de-los-cuerpos-sumergidosquot-en-el-centro-cultural-las-cigarreras\/","name":"Exposici\u00f3n. &amp;quot;Aceleraci\u00f3n de los cuerpos sumergidos&amp;quot; en el Centro Cultural Las Cigarreras - MUSEA | Museos de Alicante","isPartOf":{"@id":"https:\/\/museosdealicante.com\/#website"},"primaryImageOfPage":{"@id":"https:\/\/museosdealicante.com\/exposicion-quotaceleracion-de-los-cuerpos-sumergidosquot-en-el-centro-cultural-las-cigarreras\/#primaryimage"},"image":{"@id":"https:\/\/museosdealicante.com\/exposicion-quotaceleracion-de-los-cuerpos-sumergidosquot-en-el-centro-cultural-las-cigarreras\/#primaryimage"},"thumbnailUrl":"https:\/\/museosdealicante.com\/wp-content\/uploads\/2024\/01\/wp-header-logo-12-scaled.png","datePublished":"2024-01-17T04:51:49+00:00","author":{"@id":"https:\/\/museosdealicante.com\/#\/schema\/person\/b8e21892e9b6af60e856f31f0dce8cbd"},"breadcrumb":{"@id":"https:\/\/museosdealicante.com\/exposicion-quotaceleracion-de-los-cuerpos-sumergidosquot-en-el-centro-cultural-las-cigarreras\/#breadcrumb"},"inLanguage":"ca","potentialAction":[{"@type":"ReadAction","target":["https:\/\/museosdealicante.com\/exposicion-quotaceleracion-de-los-cuerpos-sumergidosquot-en-el-centro-cultural-las-cigarreras\/"]}]},{"@type":"ImageObject","inLanguage":"ca","@id":"https:\/\/museosdealicante.com\/exposicion-quotaceleracion-de-los-cuerpos-sumergidosquot-en-el-centro-cultural-las-cigarreras\/#primaryimage","url":"https:\/\/museosdealicante.com\/wp-content\/uploads\/2024\/01\/wp-header-logo-12-scaled.png","contentUrl":"https:\/\/museosdealicante.com\/wp-content\/uploads\/2024\/01\/wp-header-logo-12-scaled.png","width":1810,"height":2560},{"@type":"BreadcrumbList","@id":"https:\/\/museosdealicante.com\/exposicion-quotaceleracion-de-los-cuerpos-sumergidosquot-en-el-centro-cultural-las-cigarreras\/#breadcrumb","itemListElement":[{"@type":"ListItem","position":1,"name":"Portada","item":"https:\/\/museosdealicante.com\/"},{"@type":"ListItem","position":2,"name":"Exposici\u00f3n. &amp;quot;Aceleraci\u00f3n de los cuerpos sumergidos&amp;quot; en el Centro Cultural Las Cigarreras"}]},{"@type":"WebSite","@id":"https:\/\/museosdealicante.com\/#website","url":"https:\/\/museosdealicante.com\/","name":"MUSEA | Museos de Alicante","description":"Toda la oferta sobre arte, cultura y patrimonio de la ciudad, toda la actualidad de los museos de Alicante","potentialAction":[{"@type":"SearchAction","target":{"@type":"EntryPoint","urlTemplate":"https:\/\/museosdealicante.com\/?s={search_term_string}"},"query-input":{"@type":"PropertyValueSpecification","valueRequired":true,"valueName":"search_term_string"}}],"inLanguage":"ca"},{"@type":"Person","@id":"https:\/\/museosdealicante.com\/#\/schema\/person\/b8e21892e9b6af60e856f31f0dce8cbd","name":"Carolina Fuentes","image":{"@type":"ImageObject","inLanguage":"ca","@id":"https:\/\/secure.gravatar.com\/avatar\/01f78e22536b5ffd26064d48b4b5761365a20d8fcf22b8fa03a63f307abc9dc6?s=96&d=mm&r=g","url":"https:\/\/secure.gravatar.com\/avatar\/01f78e22536b5ffd26064d48b4b5761365a20d8fcf22b8fa03a63f307abc9dc6?s=96&d=mm&r=g","contentUrl":"https:\/\/secure.gravatar.com\/avatar\/01f78e22536b5ffd26064d48b4b5761365a20d8fcf22b8fa03a63f307abc9dc6?s=96&d=mm&r=g","caption":"Carolina Fuentes"},"url":"https:\/\/museosdealicante.com\/va\/author\/carolina-fuentes\/"}]}},"_links":{"self":[{"href":"https:\/\/museosdealicante.com\/va\/wp-json\/wp\/v2\/posts\/2103","targetHints":{"allow":["GET"]}}],"collection":[{"href":"https:\/\/museosdealicante.com\/va\/wp-json\/wp\/v2\/posts"}],"about":[{"href":"https:\/\/museosdealicante.com\/va\/wp-json\/wp\/v2\/types\/post"}],"author":[{"embeddable":true,"href":"https:\/\/museosdealicante.com\/va\/wp-json\/wp\/v2\/users\/8"}],"replies":[{"embeddable":true,"href":"https:\/\/museosdealicante.com\/va\/wp-json\/wp\/v2\/comments?post=2103"}],"version-history":[{"count":0,"href":"https:\/\/museosdealicante.com\/va\/wp-json\/wp\/v2\/posts\/2103\/revisions"}],"wp:featuredmedia":[{"embeddable":true,"href":"https:\/\/museosdealicante.com\/va\/wp-json\/wp\/v2\/media\/2104"}],"wp:attachment":[{"href":"https:\/\/museosdealicante.com\/va\/wp-json\/wp\/v2\/media?parent=2103"}],"wp:term":[{"taxonomy":"category","embeddable":true,"href":"https:\/\/museosdealicante.com\/va\/wp-json\/wp\/v2\/categories?post=2103"},{"taxonomy":"post_tag","embeddable":true,"href":"https:\/\/museosdealicante.com\/va\/wp-json\/wp\/v2\/tags?post=2103"}],"curies":[{"name":"wp","href":"https:\/\/api.w.org\/{rel}","templated":true}]}}