{"id":2292,"date":"2024-04-03T19:06:41","date_gmt":"2024-04-03T19:06:41","guid":{"rendered":"https:\/\/museosdealicante.com\/exposicion-quotla-llavor-artisticaquot\/"},"modified":"2024-04-03T19:06:41","modified_gmt":"2024-04-03T19:06:41","slug":"exposicion-quotla-llavor-artisticaquot","status":"publish","type":"post","link":"https:\/\/museosdealicante.com\/va\/exposicion-quotla-llavor-artisticaquot\/","title":{"rendered":"Exposici\u00f3n &amp;quot;La llavor art\u00edstica&amp;quot;"},"content":{"rendered":"<div property=\"content:encoded\">\n<p>\u00abLa Llavor Art\u00edstica\u00bb no es solo un programa de residencias art\u00edsticas, sino tambi\u00e9n un aut\u00e9ntico motor de inclusi\u00f3n y creatividad que ha revolucionado el ambiente cultural en el Centro Cultural Las Cigarreras de Alicante.<\/p>\n<p><strong>Inauguraci\u00f3n 10 de abril a las 12:30 horas<\/strong><\/p>\n<p>Este programa, producido por el Consorci de Museus de la Comunitat Valenciana a trav\u00e9s del programa Cultura Resident en colaboraci\u00f3n con el Centro Cultural Las Cigarreras, la Concejal\u00eda de Cultura del Ayuntamiento de Alicante, el Centro Ocupacional Terramar de APSA Alicante y el Centro San Rafael de la Fundaci\u00f3n Estima, ha sido impulsado por el colectivo DaGuten Escuela Gr\u00e1fica de Barrio.\u00a0<\/p>\n<p>Desarrollado entre marzo y diciembre de 2023, los artistas residentes de esta edici\u00f3n, entre los cuales se encontraban Miguel \u00c1ngel, Manuel, David, Joaqu\u00edn, Javi, Juanlu, Juanpe, Alejandro, Juanmi, Chema y Gonzalo, participaron en un total de 57 sesiones semanales, cada una con una duraci\u00f3n de tres horas. Estas sesiones no solo fueron un espacio para el desarrollo art\u00edstico, sino tambi\u00e9n para fortalecer lazos personales y creativos.<\/p>\n<p>El coraz\u00f3n de \u00abLa Llavor Art\u00edstica\u00bb reside en su enfoque inclusivo y colaborativo. Aqu\u00ed, se fomentaron conexiones entre los participantes, artistas residentes y diversos colectivos culturales, enriqueciendo la experiencia de todos. Esta interacci\u00f3n ha permitido a los artistas explorar nuevas formas de expresi\u00f3n, recibiendo apoyo y orientaci\u00f3n en cada paso de su proceso creativo.<\/p>\n<p>La exposici\u00f3n en el Centro Cultural Las Cigarreras no solo celebra el talento de estos artistas, sino que tambi\u00e9n nos recuerda el poder transformador del arte en nuestra sociedad. Nos invita a reflexionar sobre la diversidad, la inclusi\u00f3n y el potencial del arte como agente de cambio social.<\/p>\n<p>La inauguraci\u00f3n de la exposici\u00f3n de \u00abLa Llavor Art\u00edstica\u00bb se llevar\u00e1 a cabo el mi\u00e9rcoles 10 de abril a las 12:30h en la Caja Blanca del Centro Cultural Las Cigarreras hasta el 27 de abril. Esta exposici\u00f3n no solo muestra el talento y la creatividad de los artistas residentes, sino que tambi\u00e9n sirve como un recordatorio poderoso del valor del arte como agente de cambio social y expresi\u00f3n inclusiva. Os invitamos a asistir y a reflexionar sobre la diversidad, la inclusi\u00f3n y el potencial transformador del arte en nuestra sociedad.<\/p>\n<ul>\n<li>Caja Blanca de Las Cigarreras. Acceso libre<\/li>\n<li>Horario de visita. de martes a s\u00e1bados de 10 a 21.30 h. Cerrado, domingo, lunes y festivos<\/li>\n<li>Dise\u00f1a y coordina: DaGuten. Escuela Gr\u00e1fica de Barrio<\/li>\n<li>Organiza: Consorci de Museus de la Comunitat Valenciana<\/li>\n<li>Colabora: Centro Cultural de Las Cigarreras de Alicante<\/li>\n<\/ul>\n<\/div>\n<p><a href=\"https:\/\/www.alicante.es\/es\/node\/41694\">source<\/a><\/p>","protected":false},"excerpt":{"rendered":"<p>\u00abLa Llavor Art\u00edstica\u00bb no es solo un programa de residencias art\u00edsticas, sino tambi\u00e9n un aut\u00e9ntico motor de inclusi\u00f3n y creatividad que ha revolucionado el ambiente cultural en el Centro<span class=\"excerpt-hellip\"> [\u2026]<\/span><\/p>\n","protected":false},"author":8,"featured_media":2293,"comment_status":"","ping_status":"","sticky":false,"template":"","format":"standard","meta":{"_price":"","_stock":"","_tribe_ticket_header":"","_tribe_default_ticket_provider":"","_tribe_ticket_capacity":"0","_ticket_start_date":"","_ticket_end_date":"","_tribe_ticket_show_description":"","_tribe_ticket_show_not_going":false,"_tribe_ticket_use_global_stock":"","_tribe_ticket_global_stock_level":"","_global_stock_mode":"","_global_stock_cap":"","_tribe_rsvp_for_event":"","_tribe_ticket_going_count":"","_tribe_ticket_not_going_count":"","_tribe_tickets_list":"[]","_tribe_ticket_has_attendee_info_fields":false,"footnotes":""},"categories":[14],"tags":[],"class_list":["post-2292","post","type-post","status-publish","format-standard","has-post-thumbnail","hentry","category-cigarreras"],"yoast_head":"<!-- This site is optimized with the Yoast SEO plugin v27.3 - https:\/\/yoast.com\/product\/yoast-seo-wordpress\/ -->\n<title>Exposici\u00f3n &amp;quot;La llavor art\u00edstica&amp;quot; - MUSEA | Museos de Alicante<\/title>\n<meta name=\"robots\" content=\"index, follow, max-snippet:-1, max-image-preview:large, max-video-preview:-1\" \/>\n<link rel=\"canonical\" href=\"https:\/\/museosdealicante.com\/va\/exposicion-quotla-llavor-artisticaquot\/\" \/>\n<meta property=\"og:locale\" content=\"ca_ES\" \/>\n<meta property=\"og:type\" content=\"article\" \/>\n<meta property=\"og:title\" content=\"Exposici\u00f3n &amp;quot;La llavor art\u00edstica&amp;quot; - MUSEA | Museos de Alicante\" \/>\n<meta property=\"og:description\" content=\"\u00abLa Llavor Art\u00edstica\u00bb no es solo un programa de residencias art\u00edsticas, sino tambi\u00e9n un aut\u00e9ntico motor de inclusi\u00f3n y creatividad que ha revolucionado el ambiente cultural en el Centro [\u2026]\" \/>\n<meta property=\"og:url\" content=\"https:\/\/museosdealicante.com\/va\/exposicion-quotla-llavor-artisticaquot\/\" \/>\n<meta property=\"og:site_name\" content=\"MUSEA | Museos de Alicante\" \/>\n<meta property=\"article:published_time\" content=\"2024-04-03T19:06:41+00:00\" \/>\n<meta name=\"author\" content=\"Carolina Fuentes\" \/>\n<meta name=\"twitter:card\" content=\"summary_large_image\" \/>\n<meta name=\"twitter:label1\" content=\"Escrit per\" \/>\n\t<meta name=\"twitter:data1\" content=\"Carolina Fuentes\" \/>\n\t<meta name=\"twitter:label2\" content=\"Temps estimat de lectura\" \/>\n\t<meta name=\"twitter:data2\" content=\"2 minuts\" \/>\n<script type=\"application\/ld+json\" class=\"yoast-schema-graph\">{\"@context\":\"https:\\\/\\\/schema.org\",\"@graph\":[{\"@type\":\"Article\",\"@id\":\"https:\\\/\\\/museosdealicante.com\\\/exposicion-quotla-llavor-artisticaquot\\\/#article\",\"isPartOf\":{\"@id\":\"https:\\\/\\\/museosdealicante.com\\\/exposicion-quotla-llavor-artisticaquot\\\/\"},\"author\":{\"name\":\"Carolina Fuentes\",\"@id\":\"https:\\\/\\\/museosdealicante.com\\\/#\\\/schema\\\/person\\\/b8e21892e9b6af60e856f31f0dce8cbd\"},\"headline\":\"Exposici\u00f3n &amp;quot;La llavor art\u00edstica&amp;quot;\",\"datePublished\":\"2024-04-03T19:06:41+00:00\",\"mainEntityOfPage\":{\"@id\":\"https:\\\/\\\/museosdealicante.com\\\/exposicion-quotla-llavor-artisticaquot\\\/\"},\"wordCount\":447,\"image\":{\"@id\":\"https:\\\/\\\/museosdealicante.com\\\/exposicion-quotla-llavor-artisticaquot\\\/#primaryimage\"},\"thumbnailUrl\":\"https:\\\/\\\/museosdealicante.com\\\/wp-content\\\/uploads\\\/2024\\\/04\\\/wp-header-logo-scaled.png\",\"articleSection\":[\"CIGARRERAS\"],\"inLanguage\":\"ca\"},{\"@type\":\"WebPage\",\"@id\":\"https:\\\/\\\/museosdealicante.com\\\/exposicion-quotla-llavor-artisticaquot\\\/\",\"url\":\"https:\\\/\\\/museosdealicante.com\\\/exposicion-quotla-llavor-artisticaquot\\\/\",\"name\":\"Exposici\u00f3n &amp;quot;La llavor art\u00edstica&amp;quot; - MUSEA | Museos de Alicante\",\"isPartOf\":{\"@id\":\"https:\\\/\\\/museosdealicante.com\\\/#website\"},\"primaryImageOfPage\":{\"@id\":\"https:\\\/\\\/museosdealicante.com\\\/exposicion-quotla-llavor-artisticaquot\\\/#primaryimage\"},\"image\":{\"@id\":\"https:\\\/\\\/museosdealicante.com\\\/exposicion-quotla-llavor-artisticaquot\\\/#primaryimage\"},\"thumbnailUrl\":\"https:\\\/\\\/museosdealicante.com\\\/wp-content\\\/uploads\\\/2024\\\/04\\\/wp-header-logo-scaled.png\",\"datePublished\":\"2024-04-03T19:06:41+00:00\",\"author\":{\"@id\":\"https:\\\/\\\/museosdealicante.com\\\/#\\\/schema\\\/person\\\/b8e21892e9b6af60e856f31f0dce8cbd\"},\"breadcrumb\":{\"@id\":\"https:\\\/\\\/museosdealicante.com\\\/exposicion-quotla-llavor-artisticaquot\\\/#breadcrumb\"},\"inLanguage\":\"ca\",\"potentialAction\":[{\"@type\":\"ReadAction\",\"target\":[\"https:\\\/\\\/museosdealicante.com\\\/exposicion-quotla-llavor-artisticaquot\\\/\"]}]},{\"@type\":\"ImageObject\",\"inLanguage\":\"ca\",\"@id\":\"https:\\\/\\\/museosdealicante.com\\\/exposicion-quotla-llavor-artisticaquot\\\/#primaryimage\",\"url\":\"https:\\\/\\\/museosdealicante.com\\\/wp-content\\\/uploads\\\/2024\\\/04\\\/wp-header-logo-scaled.png\",\"contentUrl\":\"https:\\\/\\\/museosdealicante.com\\\/wp-content\\\/uploads\\\/2024\\\/04\\\/wp-header-logo-scaled.png\",\"width\":1834,\"height\":2560},{\"@type\":\"BreadcrumbList\",\"@id\":\"https:\\\/\\\/museosdealicante.com\\\/exposicion-quotla-llavor-artisticaquot\\\/#breadcrumb\",\"itemListElement\":[{\"@type\":\"ListItem\",\"position\":1,\"name\":\"Portada\",\"item\":\"https:\\\/\\\/museosdealicante.com\\\/\"},{\"@type\":\"ListItem\",\"position\":2,\"name\":\"Exposici\u00f3n &amp;quot;La llavor art\u00edstica&amp;quot;\"}]},{\"@type\":\"WebSite\",\"@id\":\"https:\\\/\\\/museosdealicante.com\\\/#website\",\"url\":\"https:\\\/\\\/museosdealicante.com\\\/\",\"name\":\"MUSEA | Museos de Alicante\",\"description\":\"Toda la oferta sobre arte, cultura y patrimonio de la ciudad, toda la actualidad de los museos de Alicante\",\"potentialAction\":[{\"@type\":\"SearchAction\",\"target\":{\"@type\":\"EntryPoint\",\"urlTemplate\":\"https:\\\/\\\/museosdealicante.com\\\/?s={search_term_string}\"},\"query-input\":{\"@type\":\"PropertyValueSpecification\",\"valueRequired\":true,\"valueName\":\"search_term_string\"}}],\"inLanguage\":\"ca\"},{\"@type\":\"Person\",\"@id\":\"https:\\\/\\\/museosdealicante.com\\\/#\\\/schema\\\/person\\\/b8e21892e9b6af60e856f31f0dce8cbd\",\"name\":\"Carolina Fuentes\",\"image\":{\"@type\":\"ImageObject\",\"inLanguage\":\"ca\",\"@id\":\"https:\\\/\\\/secure.gravatar.com\\\/avatar\\\/01f78e22536b5ffd26064d48b4b5761365a20d8fcf22b8fa03a63f307abc9dc6?s=96&d=mm&r=g\",\"url\":\"https:\\\/\\\/secure.gravatar.com\\\/avatar\\\/01f78e22536b5ffd26064d48b4b5761365a20d8fcf22b8fa03a63f307abc9dc6?s=96&d=mm&r=g\",\"contentUrl\":\"https:\\\/\\\/secure.gravatar.com\\\/avatar\\\/01f78e22536b5ffd26064d48b4b5761365a20d8fcf22b8fa03a63f307abc9dc6?s=96&d=mm&r=g\",\"caption\":\"Carolina Fuentes\"},\"url\":\"https:\\\/\\\/museosdealicante.com\\\/va\\\/author\\\/carolina-fuentes\\\/\"}]}<\/script>\n<!-- \/ Yoast SEO plugin. -->","yoast_head_json":{"title":"Exposici\u00f3n &amp;quot;La llavor art\u00edstica&amp;quot; - MUSEA | Museos de Alicante","robots":{"index":"index","follow":"follow","max-snippet":"max-snippet:-1","max-image-preview":"max-image-preview:large","max-video-preview":"max-video-preview:-1"},"canonical":"https:\/\/museosdealicante.com\/va\/exposicion-quotla-llavor-artisticaquot\/","og_locale":"ca_ES","og_type":"article","og_title":"Exposici\u00f3n &amp;quot;La llavor art\u00edstica&amp;quot; - MUSEA | Museos de Alicante","og_description":"\u00abLa Llavor Art\u00edstica\u00bb no es solo un programa de residencias art\u00edsticas, sino tambi\u00e9n un aut\u00e9ntico motor de inclusi\u00f3n y creatividad que ha revolucionado el ambiente cultural en el Centro [\u2026]","og_url":"https:\/\/museosdealicante.com\/va\/exposicion-quotla-llavor-artisticaquot\/","og_site_name":"MUSEA | Museos de Alicante","article_published_time":"2024-04-03T19:06:41+00:00","author":"Carolina Fuentes","twitter_card":"summary_large_image","twitter_misc":{"Escrit per":"Carolina Fuentes","Temps estimat de lectura":"2 minuts"},"schema":{"@context":"https:\/\/schema.org","@graph":[{"@type":"Article","@id":"https:\/\/museosdealicante.com\/exposicion-quotla-llavor-artisticaquot\/#article","isPartOf":{"@id":"https:\/\/museosdealicante.com\/exposicion-quotla-llavor-artisticaquot\/"},"author":{"name":"Carolina Fuentes","@id":"https:\/\/museosdealicante.com\/#\/schema\/person\/b8e21892e9b6af60e856f31f0dce8cbd"},"headline":"Exposici\u00f3n &amp;quot;La llavor art\u00edstica&amp;quot;","datePublished":"2024-04-03T19:06:41+00:00","mainEntityOfPage":{"@id":"https:\/\/museosdealicante.com\/exposicion-quotla-llavor-artisticaquot\/"},"wordCount":447,"image":{"@id":"https:\/\/museosdealicante.com\/exposicion-quotla-llavor-artisticaquot\/#primaryimage"},"thumbnailUrl":"https:\/\/museosdealicante.com\/wp-content\/uploads\/2024\/04\/wp-header-logo-scaled.png","articleSection":["CIGARRERAS"],"inLanguage":"ca"},{"@type":"WebPage","@id":"https:\/\/museosdealicante.com\/exposicion-quotla-llavor-artisticaquot\/","url":"https:\/\/museosdealicante.com\/exposicion-quotla-llavor-artisticaquot\/","name":"Exposici\u00f3n &amp;quot;La llavor art\u00edstica&amp;quot; - MUSEA | Museos de Alicante","isPartOf":{"@id":"https:\/\/museosdealicante.com\/#website"},"primaryImageOfPage":{"@id":"https:\/\/museosdealicante.com\/exposicion-quotla-llavor-artisticaquot\/#primaryimage"},"image":{"@id":"https:\/\/museosdealicante.com\/exposicion-quotla-llavor-artisticaquot\/#primaryimage"},"thumbnailUrl":"https:\/\/museosdealicante.com\/wp-content\/uploads\/2024\/04\/wp-header-logo-scaled.png","datePublished":"2024-04-03T19:06:41+00:00","author":{"@id":"https:\/\/museosdealicante.com\/#\/schema\/person\/b8e21892e9b6af60e856f31f0dce8cbd"},"breadcrumb":{"@id":"https:\/\/museosdealicante.com\/exposicion-quotla-llavor-artisticaquot\/#breadcrumb"},"inLanguage":"ca","potentialAction":[{"@type":"ReadAction","target":["https:\/\/museosdealicante.com\/exposicion-quotla-llavor-artisticaquot\/"]}]},{"@type":"ImageObject","inLanguage":"ca","@id":"https:\/\/museosdealicante.com\/exposicion-quotla-llavor-artisticaquot\/#primaryimage","url":"https:\/\/museosdealicante.com\/wp-content\/uploads\/2024\/04\/wp-header-logo-scaled.png","contentUrl":"https:\/\/museosdealicante.com\/wp-content\/uploads\/2024\/04\/wp-header-logo-scaled.png","width":1834,"height":2560},{"@type":"BreadcrumbList","@id":"https:\/\/museosdealicante.com\/exposicion-quotla-llavor-artisticaquot\/#breadcrumb","itemListElement":[{"@type":"ListItem","position":1,"name":"Portada","item":"https:\/\/museosdealicante.com\/"},{"@type":"ListItem","position":2,"name":"Exposici\u00f3n &amp;quot;La llavor art\u00edstica&amp;quot;"}]},{"@type":"WebSite","@id":"https:\/\/museosdealicante.com\/#website","url":"https:\/\/museosdealicante.com\/","name":"MUSEA | Museos de Alicante","description":"Toda la oferta sobre arte, cultura y patrimonio de la ciudad, toda la actualidad de los museos de Alicante","potentialAction":[{"@type":"SearchAction","target":{"@type":"EntryPoint","urlTemplate":"https:\/\/museosdealicante.com\/?s={search_term_string}"},"query-input":{"@type":"PropertyValueSpecification","valueRequired":true,"valueName":"search_term_string"}}],"inLanguage":"ca"},{"@type":"Person","@id":"https:\/\/museosdealicante.com\/#\/schema\/person\/b8e21892e9b6af60e856f31f0dce8cbd","name":"Carolina Fuentes","image":{"@type":"ImageObject","inLanguage":"ca","@id":"https:\/\/secure.gravatar.com\/avatar\/01f78e22536b5ffd26064d48b4b5761365a20d8fcf22b8fa03a63f307abc9dc6?s=96&d=mm&r=g","url":"https:\/\/secure.gravatar.com\/avatar\/01f78e22536b5ffd26064d48b4b5761365a20d8fcf22b8fa03a63f307abc9dc6?s=96&d=mm&r=g","contentUrl":"https:\/\/secure.gravatar.com\/avatar\/01f78e22536b5ffd26064d48b4b5761365a20d8fcf22b8fa03a63f307abc9dc6?s=96&d=mm&r=g","caption":"Carolina Fuentes"},"url":"https:\/\/museosdealicante.com\/va\/author\/carolina-fuentes\/"}]}},"_links":{"self":[{"href":"https:\/\/museosdealicante.com\/va\/wp-json\/wp\/v2\/posts\/2292","targetHints":{"allow":["GET"]}}],"collection":[{"href":"https:\/\/museosdealicante.com\/va\/wp-json\/wp\/v2\/posts"}],"about":[{"href":"https:\/\/museosdealicante.com\/va\/wp-json\/wp\/v2\/types\/post"}],"author":[{"embeddable":true,"href":"https:\/\/museosdealicante.com\/va\/wp-json\/wp\/v2\/users\/8"}],"replies":[{"embeddable":true,"href":"https:\/\/museosdealicante.com\/va\/wp-json\/wp\/v2\/comments?post=2292"}],"version-history":[{"count":0,"href":"https:\/\/museosdealicante.com\/va\/wp-json\/wp\/v2\/posts\/2292\/revisions"}],"wp:featuredmedia":[{"embeddable":true,"href":"https:\/\/museosdealicante.com\/va\/wp-json\/wp\/v2\/media\/2293"}],"wp:attachment":[{"href":"https:\/\/museosdealicante.com\/va\/wp-json\/wp\/v2\/media?parent=2292"}],"wp:term":[{"taxonomy":"category","embeddable":true,"href":"https:\/\/museosdealicante.com\/va\/wp-json\/wp\/v2\/categories?post=2292"},{"taxonomy":"post_tag","embeddable":true,"href":"https:\/\/museosdealicante.com\/va\/wp-json\/wp\/v2\/tags?post=2292"}],"curies":[{"name":"wp","href":"https:\/\/api.w.org\/{rel}","templated":true}]}}