{"id":2332,"date":"2024-04-25T17:54:13","date_gmt":"2024-04-25T17:54:13","guid":{"rendered":"https:\/\/museosdealicante.com\/exposicion-despres-del-sol-videoinstalacion\/"},"modified":"2024-04-25T17:54:13","modified_gmt":"2024-04-25T17:54:13","slug":"exposicion-despres-del-sol-videoinstalacion","status":"publish","type":"post","link":"https:\/\/museosdealicante.com\/va\/exposicion-despres-del-sol-videoinstalacion\/","title":{"rendered":"Exposici\u00f3n. \u201cDespr\u00e9s del sol\u201d. Videoinstalaci\u00f3n"},"content":{"rendered":"<div property=\"content:encoded\">\n<p>Exposici\u00f3n. \u201cDespr\u00e9s del sol\u201d. Videoinstalaci\u00f3n<\/p>\n<p><strong>Inauguraci\u00f3n 26 de abril de 2024 a las 19 horas<\/strong><\/p>\n<p>La instalaci\u00f3n que Marta R Chust y Roc Domingo Puig presentan en la Sala Negre del Centro Cultural Las Cigarreras es fruto de la decisi\u00f3n de mirar all\u00e1 donde no pasa nada, de atender a un tipo de arquitectura que descansa durante unos meses en el a\u00f1o porque el que la mueve, el que le da vida, es un turismo de sol y playa que aparece y desaparece de forma intermitente pero con una constancia estable, con su tic-tac particular.<\/p>\n<p>Combinando la pr\u00e1ctica documental y la ficci\u00f3n escenogr\u00e1fica, \u201cDespr\u00e9s del sol\u201d es una videoinstalaci\u00f3n que nos sit\u00faa en uno de los campings tur\u00edsticos m\u00e1s grandes de Espa\u00f1a: el camping Delf\u00edn Verde, ubicado a la Costa Brava. Pero lo hace en un tiempo lento, totalmente desatendido y que contradice, de alguna manera, la imagen y el relato que quiere generar la infraestructura tur\u00edstica. Muestra un paisaje sosegado que, desde la calma, se permite mostrar sus heridas, haciendo evidente todo aquello que pasa cuando no pasa nada.<\/p>\n<ul>\n<li>Lugar: Centre Cultural Las Cigarreras &#8211; Sala Negre<\/li>\n<li>Comisariado: Convocatoria Scroll<\/li>\n<li>Organiza: Centro\u00a0Cultural Las Cigarreras<\/li>\n<li>Produce: Consorci de Museus de la Comunitat Valenciana<\/li>\n<li>Acceso libre. Cerrado domingos, lunes y festivos<\/li>\n<\/ul>\n<\/div>\n<p><a href=\"https:\/\/www.alicante.es\/es\/node\/41906\">source<\/a><\/p>","protected":false},"excerpt":{"rendered":"<p>Exposici\u00f3n. \u201cDespr\u00e9s del sol\u201d. Videoinstalaci\u00f3n Inauguraci\u00f3n 26 de abril de 2024 a las 19 horas La instalaci\u00f3n que Marta R Chust y Roc Domingo Puig presentan en la Sala<span class=\"excerpt-hellip\"> [\u2026]<\/span><\/p>\n","protected":false},"author":8,"featured_media":2333,"comment_status":"","ping_status":"","sticky":false,"template":"","format":"standard","meta":{"_price":"","_stock":"","_tribe_ticket_header":"","_tribe_default_ticket_provider":"","_tribe_ticket_capacity":"0","_ticket_start_date":"","_ticket_end_date":"","_tribe_ticket_show_description":"","_tribe_ticket_show_not_going":false,"_tribe_ticket_use_global_stock":"","_tribe_ticket_global_stock_level":"","_global_stock_mode":"","_global_stock_cap":"","_tribe_rsvp_for_event":"","_tribe_ticket_going_count":"","_tribe_ticket_not_going_count":"","_tribe_tickets_list":"[]","_tribe_ticket_has_attendee_info_fields":false,"footnotes":""},"categories":[14],"tags":[],"class_list":["post-2332","post","type-post","status-publish","format-standard","has-post-thumbnail","hentry","category-cigarreras"],"yoast_head":"<!-- This site is optimized with the Yoast SEO plugin v27.3 - https:\/\/yoast.com\/product\/yoast-seo-wordpress\/ -->\n<title>Exposici\u00f3n. \u201cDespr\u00e9s del sol\u201d. Videoinstalaci\u00f3n - MUSEA | Museos de Alicante<\/title>\n<meta name=\"robots\" content=\"index, follow, max-snippet:-1, max-image-preview:large, max-video-preview:-1\" \/>\n<link rel=\"canonical\" href=\"https:\/\/museosdealicante.com\/va\/exposicion-despres-del-sol-videoinstalacion\/\" \/>\n<meta property=\"og:locale\" content=\"ca_ES\" \/>\n<meta property=\"og:type\" content=\"article\" \/>\n<meta property=\"og:title\" content=\"Exposici\u00f3n. \u201cDespr\u00e9s del sol\u201d. Videoinstalaci\u00f3n - MUSEA | Museos de Alicante\" \/>\n<meta property=\"og:description\" content=\"Exposici\u00f3n. \u201cDespr\u00e9s del sol\u201d. Videoinstalaci\u00f3n Inauguraci\u00f3n 26 de abril de 2024 a las 19 horas La instalaci\u00f3n que Marta R Chust y Roc Domingo Puig presentan en la Sala [\u2026]\" \/>\n<meta property=\"og:url\" content=\"https:\/\/museosdealicante.com\/va\/exposicion-despres-del-sol-videoinstalacion\/\" \/>\n<meta property=\"og:site_name\" content=\"MUSEA | Museos de Alicante\" \/>\n<meta property=\"article:published_time\" content=\"2024-04-25T17:54:13+00:00\" \/>\n<meta name=\"author\" content=\"Carolina Fuentes\" \/>\n<meta name=\"twitter:card\" content=\"summary_large_image\" \/>\n<meta name=\"twitter:label1\" content=\"Escrit per\" \/>\n\t<meta name=\"twitter:data1\" content=\"Carolina Fuentes\" \/>\n\t<meta name=\"twitter:label2\" content=\"Temps estimat de lectura\" \/>\n\t<meta name=\"twitter:data2\" content=\"1 minut\" \/>\n<script type=\"application\/ld+json\" class=\"yoast-schema-graph\">{\"@context\":\"https:\\\/\\\/schema.org\",\"@graph\":[{\"@type\":\"Article\",\"@id\":\"https:\\\/\\\/museosdealicante.com\\\/exposicion-despres-del-sol-videoinstalacion\\\/#article\",\"isPartOf\":{\"@id\":\"https:\\\/\\\/museosdealicante.com\\\/exposicion-despres-del-sol-videoinstalacion\\\/\"},\"author\":{\"name\":\"Carolina Fuentes\",\"@id\":\"https:\\\/\\\/museosdealicante.com\\\/#\\\/schema\\\/person\\\/b8e21892e9b6af60e856f31f0dce8cbd\"},\"headline\":\"Exposici\u00f3n. \u201cDespr\u00e9s del sol\u201d. Videoinstalaci\u00f3n\",\"datePublished\":\"2024-04-25T17:54:13+00:00\",\"mainEntityOfPage\":{\"@id\":\"https:\\\/\\\/museosdealicante.com\\\/exposicion-despres-del-sol-videoinstalacion\\\/\"},\"wordCount\":235,\"image\":{\"@id\":\"https:\\\/\\\/museosdealicante.com\\\/exposicion-despres-del-sol-videoinstalacion\\\/#primaryimage\"},\"thumbnailUrl\":\"https:\\\/\\\/museosdealicante.com\\\/wp-content\\\/uploads\\\/2024\\\/04\\\/wp-header-logo-20.png\",\"articleSection\":[\"CIGARRERAS\"],\"inLanguage\":\"ca\"},{\"@type\":\"WebPage\",\"@id\":\"https:\\\/\\\/museosdealicante.com\\\/exposicion-despres-del-sol-videoinstalacion\\\/\",\"url\":\"https:\\\/\\\/museosdealicante.com\\\/exposicion-despres-del-sol-videoinstalacion\\\/\",\"name\":\"Exposici\u00f3n. \u201cDespr\u00e9s del sol\u201d. Videoinstalaci\u00f3n - MUSEA | Museos de Alicante\",\"isPartOf\":{\"@id\":\"https:\\\/\\\/museosdealicante.com\\\/#website\"},\"primaryImageOfPage\":{\"@id\":\"https:\\\/\\\/museosdealicante.com\\\/exposicion-despres-del-sol-videoinstalacion\\\/#primaryimage\"},\"image\":{\"@id\":\"https:\\\/\\\/museosdealicante.com\\\/exposicion-despres-del-sol-videoinstalacion\\\/#primaryimage\"},\"thumbnailUrl\":\"https:\\\/\\\/museosdealicante.com\\\/wp-content\\\/uploads\\\/2024\\\/04\\\/wp-header-logo-20.png\",\"datePublished\":\"2024-04-25T17:54:13+00:00\",\"author\":{\"@id\":\"https:\\\/\\\/museosdealicante.com\\\/#\\\/schema\\\/person\\\/b8e21892e9b6af60e856f31f0dce8cbd\"},\"breadcrumb\":{\"@id\":\"https:\\\/\\\/museosdealicante.com\\\/exposicion-despres-del-sol-videoinstalacion\\\/#breadcrumb\"},\"inLanguage\":\"ca\",\"potentialAction\":[{\"@type\":\"ReadAction\",\"target\":[\"https:\\\/\\\/museosdealicante.com\\\/exposicion-despres-del-sol-videoinstalacion\\\/\"]}]},{\"@type\":\"ImageObject\",\"inLanguage\":\"ca\",\"@id\":\"https:\\\/\\\/museosdealicante.com\\\/exposicion-despres-del-sol-videoinstalacion\\\/#primaryimage\",\"url\":\"https:\\\/\\\/museosdealicante.com\\\/wp-content\\\/uploads\\\/2024\\\/04\\\/wp-header-logo-20.png\",\"contentUrl\":\"https:\\\/\\\/museosdealicante.com\\\/wp-content\\\/uploads\\\/2024\\\/04\\\/wp-header-logo-20.png\",\"width\":1000,\"height\":667},{\"@type\":\"BreadcrumbList\",\"@id\":\"https:\\\/\\\/museosdealicante.com\\\/exposicion-despres-del-sol-videoinstalacion\\\/#breadcrumb\",\"itemListElement\":[{\"@type\":\"ListItem\",\"position\":1,\"name\":\"Portada\",\"item\":\"https:\\\/\\\/museosdealicante.com\\\/\"},{\"@type\":\"ListItem\",\"position\":2,\"name\":\"Exposici\u00f3n. \u201cDespr\u00e9s del sol\u201d. Videoinstalaci\u00f3n\"}]},{\"@type\":\"WebSite\",\"@id\":\"https:\\\/\\\/museosdealicante.com\\\/#website\",\"url\":\"https:\\\/\\\/museosdealicante.com\\\/\",\"name\":\"MUSEA | Museos de Alicante\",\"description\":\"Toda la oferta sobre arte, cultura y patrimonio de la ciudad, toda la actualidad de los museos de Alicante\",\"potentialAction\":[{\"@type\":\"SearchAction\",\"target\":{\"@type\":\"EntryPoint\",\"urlTemplate\":\"https:\\\/\\\/museosdealicante.com\\\/?s={search_term_string}\"},\"query-input\":{\"@type\":\"PropertyValueSpecification\",\"valueRequired\":true,\"valueName\":\"search_term_string\"}}],\"inLanguage\":\"ca\"},{\"@type\":\"Person\",\"@id\":\"https:\\\/\\\/museosdealicante.com\\\/#\\\/schema\\\/person\\\/b8e21892e9b6af60e856f31f0dce8cbd\",\"name\":\"Carolina Fuentes\",\"image\":{\"@type\":\"ImageObject\",\"inLanguage\":\"ca\",\"@id\":\"https:\\\/\\\/secure.gravatar.com\\\/avatar\\\/01f78e22536b5ffd26064d48b4b5761365a20d8fcf22b8fa03a63f307abc9dc6?s=96&d=mm&r=g\",\"url\":\"https:\\\/\\\/secure.gravatar.com\\\/avatar\\\/01f78e22536b5ffd26064d48b4b5761365a20d8fcf22b8fa03a63f307abc9dc6?s=96&d=mm&r=g\",\"contentUrl\":\"https:\\\/\\\/secure.gravatar.com\\\/avatar\\\/01f78e22536b5ffd26064d48b4b5761365a20d8fcf22b8fa03a63f307abc9dc6?s=96&d=mm&r=g\",\"caption\":\"Carolina Fuentes\"},\"url\":\"https:\\\/\\\/museosdealicante.com\\\/va\\\/author\\\/carolina-fuentes\\\/\"}]}<\/script>\n<!-- \/ Yoast SEO plugin. -->","yoast_head_json":{"title":"Exposici\u00f3n. \u201cDespr\u00e9s del sol\u201d. Videoinstalaci\u00f3n - MUSEA | Museos de Alicante","robots":{"index":"index","follow":"follow","max-snippet":"max-snippet:-1","max-image-preview":"max-image-preview:large","max-video-preview":"max-video-preview:-1"},"canonical":"https:\/\/museosdealicante.com\/va\/exposicion-despres-del-sol-videoinstalacion\/","og_locale":"ca_ES","og_type":"article","og_title":"Exposici\u00f3n. \u201cDespr\u00e9s del sol\u201d. Videoinstalaci\u00f3n - MUSEA | Museos de Alicante","og_description":"Exposici\u00f3n. \u201cDespr\u00e9s del sol\u201d. Videoinstalaci\u00f3n Inauguraci\u00f3n 26 de abril de 2024 a las 19 horas La instalaci\u00f3n que Marta R Chust y Roc Domingo Puig presentan en la Sala [\u2026]","og_url":"https:\/\/museosdealicante.com\/va\/exposicion-despres-del-sol-videoinstalacion\/","og_site_name":"MUSEA | Museos de Alicante","article_published_time":"2024-04-25T17:54:13+00:00","author":"Carolina Fuentes","twitter_card":"summary_large_image","twitter_misc":{"Escrit per":"Carolina Fuentes","Temps estimat de lectura":"1 minut"},"schema":{"@context":"https:\/\/schema.org","@graph":[{"@type":"Article","@id":"https:\/\/museosdealicante.com\/exposicion-despres-del-sol-videoinstalacion\/#article","isPartOf":{"@id":"https:\/\/museosdealicante.com\/exposicion-despres-del-sol-videoinstalacion\/"},"author":{"name":"Carolina Fuentes","@id":"https:\/\/museosdealicante.com\/#\/schema\/person\/b8e21892e9b6af60e856f31f0dce8cbd"},"headline":"Exposici\u00f3n. \u201cDespr\u00e9s del sol\u201d. Videoinstalaci\u00f3n","datePublished":"2024-04-25T17:54:13+00:00","mainEntityOfPage":{"@id":"https:\/\/museosdealicante.com\/exposicion-despres-del-sol-videoinstalacion\/"},"wordCount":235,"image":{"@id":"https:\/\/museosdealicante.com\/exposicion-despres-del-sol-videoinstalacion\/#primaryimage"},"thumbnailUrl":"https:\/\/museosdealicante.com\/wp-content\/uploads\/2024\/04\/wp-header-logo-20.png","articleSection":["CIGARRERAS"],"inLanguage":"ca"},{"@type":"WebPage","@id":"https:\/\/museosdealicante.com\/exposicion-despres-del-sol-videoinstalacion\/","url":"https:\/\/museosdealicante.com\/exposicion-despres-del-sol-videoinstalacion\/","name":"Exposici\u00f3n. \u201cDespr\u00e9s del sol\u201d. Videoinstalaci\u00f3n - MUSEA | Museos de Alicante","isPartOf":{"@id":"https:\/\/museosdealicante.com\/#website"},"primaryImageOfPage":{"@id":"https:\/\/museosdealicante.com\/exposicion-despres-del-sol-videoinstalacion\/#primaryimage"},"image":{"@id":"https:\/\/museosdealicante.com\/exposicion-despres-del-sol-videoinstalacion\/#primaryimage"},"thumbnailUrl":"https:\/\/museosdealicante.com\/wp-content\/uploads\/2024\/04\/wp-header-logo-20.png","datePublished":"2024-04-25T17:54:13+00:00","author":{"@id":"https:\/\/museosdealicante.com\/#\/schema\/person\/b8e21892e9b6af60e856f31f0dce8cbd"},"breadcrumb":{"@id":"https:\/\/museosdealicante.com\/exposicion-despres-del-sol-videoinstalacion\/#breadcrumb"},"inLanguage":"ca","potentialAction":[{"@type":"ReadAction","target":["https:\/\/museosdealicante.com\/exposicion-despres-del-sol-videoinstalacion\/"]}]},{"@type":"ImageObject","inLanguage":"ca","@id":"https:\/\/museosdealicante.com\/exposicion-despres-del-sol-videoinstalacion\/#primaryimage","url":"https:\/\/museosdealicante.com\/wp-content\/uploads\/2024\/04\/wp-header-logo-20.png","contentUrl":"https:\/\/museosdealicante.com\/wp-content\/uploads\/2024\/04\/wp-header-logo-20.png","width":1000,"height":667},{"@type":"BreadcrumbList","@id":"https:\/\/museosdealicante.com\/exposicion-despres-del-sol-videoinstalacion\/#breadcrumb","itemListElement":[{"@type":"ListItem","position":1,"name":"Portada","item":"https:\/\/museosdealicante.com\/"},{"@type":"ListItem","position":2,"name":"Exposici\u00f3n. \u201cDespr\u00e9s del sol\u201d. Videoinstalaci\u00f3n"}]},{"@type":"WebSite","@id":"https:\/\/museosdealicante.com\/#website","url":"https:\/\/museosdealicante.com\/","name":"MUSEA | Museos de Alicante","description":"Toda la oferta sobre arte, cultura y patrimonio de la ciudad, toda la actualidad de los museos de Alicante","potentialAction":[{"@type":"SearchAction","target":{"@type":"EntryPoint","urlTemplate":"https:\/\/museosdealicante.com\/?s={search_term_string}"},"query-input":{"@type":"PropertyValueSpecification","valueRequired":true,"valueName":"search_term_string"}}],"inLanguage":"ca"},{"@type":"Person","@id":"https:\/\/museosdealicante.com\/#\/schema\/person\/b8e21892e9b6af60e856f31f0dce8cbd","name":"Carolina Fuentes","image":{"@type":"ImageObject","inLanguage":"ca","@id":"https:\/\/secure.gravatar.com\/avatar\/01f78e22536b5ffd26064d48b4b5761365a20d8fcf22b8fa03a63f307abc9dc6?s=96&d=mm&r=g","url":"https:\/\/secure.gravatar.com\/avatar\/01f78e22536b5ffd26064d48b4b5761365a20d8fcf22b8fa03a63f307abc9dc6?s=96&d=mm&r=g","contentUrl":"https:\/\/secure.gravatar.com\/avatar\/01f78e22536b5ffd26064d48b4b5761365a20d8fcf22b8fa03a63f307abc9dc6?s=96&d=mm&r=g","caption":"Carolina Fuentes"},"url":"https:\/\/museosdealicante.com\/va\/author\/carolina-fuentes\/"}]}},"_links":{"self":[{"href":"https:\/\/museosdealicante.com\/va\/wp-json\/wp\/v2\/posts\/2332","targetHints":{"allow":["GET"]}}],"collection":[{"href":"https:\/\/museosdealicante.com\/va\/wp-json\/wp\/v2\/posts"}],"about":[{"href":"https:\/\/museosdealicante.com\/va\/wp-json\/wp\/v2\/types\/post"}],"author":[{"embeddable":true,"href":"https:\/\/museosdealicante.com\/va\/wp-json\/wp\/v2\/users\/8"}],"replies":[{"embeddable":true,"href":"https:\/\/museosdealicante.com\/va\/wp-json\/wp\/v2\/comments?post=2332"}],"version-history":[{"count":0,"href":"https:\/\/museosdealicante.com\/va\/wp-json\/wp\/v2\/posts\/2332\/revisions"}],"wp:featuredmedia":[{"embeddable":true,"href":"https:\/\/museosdealicante.com\/va\/wp-json\/wp\/v2\/media\/2333"}],"wp:attachment":[{"href":"https:\/\/museosdealicante.com\/va\/wp-json\/wp\/v2\/media?parent=2332"}],"wp:term":[{"taxonomy":"category","embeddable":true,"href":"https:\/\/museosdealicante.com\/va\/wp-json\/wp\/v2\/categories?post=2332"},{"taxonomy":"post_tag","embeddable":true,"href":"https:\/\/museosdealicante.com\/va\/wp-json\/wp\/v2\/tags?post=2332"}],"curies":[{"name":"wp","href":"https:\/\/api.w.org\/{rel}","templated":true}]}}