{"id":2338,"date":"2024-04-30T14:08:02","date_gmt":"2024-04-30T14:08:02","guid":{"rendered":"https:\/\/museosdealicante.com\/la-liada-grafica-iv\/"},"modified":"2024-04-30T14:08:02","modified_gmt":"2024-04-30T14:08:02","slug":"la-liada-grafica-iv","status":"publish","type":"post","link":"https:\/\/museosdealicante.com\/va\/la-liada-grafica-iv\/","title":{"rendered":"La Liada Gr\u00e1fica IV"},"content":{"rendered":"<div property=\"content:encoded\">\n<p><strong>LA LIADA GR\u00c1FICA IV<\/strong><\/p>\n<p>7 y 8 de junio 2024 en Las Cigarreras<\/p>\n<ul>\n<li>Viernes de 19 \u00a0a 22 h.<\/li>\n<li>S\u00e1bado de 12 h\u00a022:00h<\/li>\n<\/ul>\n<p>A partir de ahora empezaremos a daros la lista de las participantes del mercado fanzinero, los horarios de cada artista sonoro y un largo etc\u00e9tera. Muy emocionad@s con esta edici\u00f3n, as\u00ed que, a compartir la info con todas las amig@s<\/p>\n<p>Tremendo cartel dise\u00f1ado por las artistas de la residencia \u00abLa Llavor Art\u00edstica\u00bb coordinada por DaGuten. Escuela Gr\u00e1fica de Barrio\u00a0<\/p>\n<p>El festival se realiza un a\u00f1o m\u00e1s gracias a la colaboraci\u00f3n del Centro Cultural Las Cigarreras y de Cervezas Alhambra, que se suma a la celebraci\u00f3n para acercar la cultura contempor\u00e1nea a diferentes espacios y p\u00fablicos, invitando a los asistentes a disfrutar sin prisa y con los cinco sentidos de esta original y creativa propuesta de ocio.<\/p>\n<\/div>\n<p><a href=\"https:\/\/www.alicante.es\/es\/node\/41953\">source<\/a><\/p>","protected":false},"excerpt":{"rendered":"<p>LA LIADA GR\u00c1FICA IV 7 y 8 de junio 2024 en Las Cigarreras Viernes de 19 \u00a0a 22 h. S\u00e1bado de 12 h\u00a022:00h A partir de ahora empezaremos a<span class=\"excerpt-hellip\"> [\u2026]<\/span><\/p>\n","protected":false},"author":8,"featured_media":2339,"comment_status":"","ping_status":"","sticky":false,"template":"","format":"standard","meta":{"_price":"","_stock":"","_tribe_ticket_header":"","_tribe_default_ticket_provider":"","_tribe_ticket_capacity":"0","_ticket_start_date":"","_ticket_end_date":"","_tribe_ticket_show_description":"","_tribe_ticket_show_not_going":false,"_tribe_ticket_use_global_stock":"","_tribe_ticket_global_stock_level":"","_global_stock_mode":"","_global_stock_cap":"","_tribe_rsvp_for_event":"","_tribe_ticket_going_count":"","_tribe_ticket_not_going_count":"","_tribe_tickets_list":"[]","_tribe_ticket_has_attendee_info_fields":false,"footnotes":""},"categories":[14],"tags":[],"class_list":["post-2338","post","type-post","status-publish","format-standard","has-post-thumbnail","hentry","category-cigarreras"],"yoast_head":"<!-- This site is optimized with the Yoast SEO plugin v27.3 - https:\/\/yoast.com\/product\/yoast-seo-wordpress\/ -->\n<title>La Liada Gr\u00e1fica IV - MUSEA | Museos de Alicante<\/title>\n<meta name=\"robots\" content=\"index, follow, max-snippet:-1, max-image-preview:large, max-video-preview:-1\" \/>\n<link rel=\"canonical\" href=\"https:\/\/museosdealicante.com\/va\/la-liada-grafica-iv\/\" \/>\n<meta property=\"og:locale\" content=\"ca_ES\" \/>\n<meta property=\"og:type\" content=\"article\" \/>\n<meta property=\"og:title\" content=\"La Liada Gr\u00e1fica IV - MUSEA | Museos de Alicante\" \/>\n<meta property=\"og:description\" content=\"LA LIADA GR\u00c1FICA IV 7 y 8 de junio 2024 en Las Cigarreras Viernes de 19 \u00a0a 22 h. S\u00e1bado de 12 h\u00a022:00h A partir de ahora empezaremos a [\u2026]\" \/>\n<meta property=\"og:url\" content=\"https:\/\/museosdealicante.com\/va\/la-liada-grafica-iv\/\" \/>\n<meta property=\"og:site_name\" content=\"MUSEA | Museos de Alicante\" \/>\n<meta property=\"article:published_time\" content=\"2024-04-30T14:08:02+00:00\" \/>\n<meta name=\"author\" content=\"Carolina Fuentes\" \/>\n<meta name=\"twitter:card\" content=\"summary_large_image\" \/>\n<meta name=\"twitter:label1\" content=\"Escrit per\" \/>\n\t<meta name=\"twitter:data1\" content=\"Carolina Fuentes\" \/>\n\t<meta name=\"twitter:label2\" content=\"Temps estimat de lectura\" \/>\n\t<meta name=\"twitter:data2\" content=\"1 minut\" \/>\n<script type=\"application\/ld+json\" class=\"yoast-schema-graph\">{\"@context\":\"https:\\\/\\\/schema.org\",\"@graph\":[{\"@type\":\"Article\",\"@id\":\"https:\\\/\\\/museosdealicante.com\\\/la-liada-grafica-iv\\\/#article\",\"isPartOf\":{\"@id\":\"https:\\\/\\\/museosdealicante.com\\\/la-liada-grafica-iv\\\/\"},\"author\":{\"name\":\"Carolina Fuentes\",\"@id\":\"https:\\\/\\\/museosdealicante.com\\\/#\\\/schema\\\/person\\\/b8e21892e9b6af60e856f31f0dce8cbd\"},\"headline\":\"La Liada Gr\u00e1fica IV\",\"datePublished\":\"2024-04-30T14:08:02+00:00\",\"mainEntityOfPage\":{\"@id\":\"https:\\\/\\\/museosdealicante.com\\\/la-liada-grafica-iv\\\/\"},\"wordCount\":155,\"image\":{\"@id\":\"https:\\\/\\\/museosdealicante.com\\\/la-liada-grafica-iv\\\/#primaryimage\"},\"thumbnailUrl\":\"https:\\\/\\\/museosdealicante.com\\\/wp-content\\\/uploads\\\/2024\\\/04\\\/wp-header-logo-23.png\",\"articleSection\":[\"CIGARRERAS\"],\"inLanguage\":\"ca\"},{\"@type\":\"WebPage\",\"@id\":\"https:\\\/\\\/museosdealicante.com\\\/la-liada-grafica-iv\\\/\",\"url\":\"https:\\\/\\\/museosdealicante.com\\\/la-liada-grafica-iv\\\/\",\"name\":\"La Liada Gr\u00e1fica IV - MUSEA | Museos de Alicante\",\"isPartOf\":{\"@id\":\"https:\\\/\\\/museosdealicante.com\\\/#website\"},\"primaryImageOfPage\":{\"@id\":\"https:\\\/\\\/museosdealicante.com\\\/la-liada-grafica-iv\\\/#primaryimage\"},\"image\":{\"@id\":\"https:\\\/\\\/museosdealicante.com\\\/la-liada-grafica-iv\\\/#primaryimage\"},\"thumbnailUrl\":\"https:\\\/\\\/museosdealicante.com\\\/wp-content\\\/uploads\\\/2024\\\/04\\\/wp-header-logo-23.png\",\"datePublished\":\"2024-04-30T14:08:02+00:00\",\"author\":{\"@id\":\"https:\\\/\\\/museosdealicante.com\\\/#\\\/schema\\\/person\\\/b8e21892e9b6af60e856f31f0dce8cbd\"},\"breadcrumb\":{\"@id\":\"https:\\\/\\\/museosdealicante.com\\\/la-liada-grafica-iv\\\/#breadcrumb\"},\"inLanguage\":\"ca\",\"potentialAction\":[{\"@type\":\"ReadAction\",\"target\":[\"https:\\\/\\\/museosdealicante.com\\\/la-liada-grafica-iv\\\/\"]}]},{\"@type\":\"ImageObject\",\"inLanguage\":\"ca\",\"@id\":\"https:\\\/\\\/museosdealicante.com\\\/la-liada-grafica-iv\\\/#primaryimage\",\"url\":\"https:\\\/\\\/museosdealicante.com\\\/wp-content\\\/uploads\\\/2024\\\/04\\\/wp-header-logo-23.png\",\"contentUrl\":\"https:\\\/\\\/museosdealicante.com\\\/wp-content\\\/uploads\\\/2024\\\/04\\\/wp-header-logo-23.png\",\"width\":1890,\"height\":2362},{\"@type\":\"BreadcrumbList\",\"@id\":\"https:\\\/\\\/museosdealicante.com\\\/la-liada-grafica-iv\\\/#breadcrumb\",\"itemListElement\":[{\"@type\":\"ListItem\",\"position\":1,\"name\":\"Portada\",\"item\":\"https:\\\/\\\/museosdealicante.com\\\/\"},{\"@type\":\"ListItem\",\"position\":2,\"name\":\"La Liada Gr\u00e1fica IV\"}]},{\"@type\":\"WebSite\",\"@id\":\"https:\\\/\\\/museosdealicante.com\\\/#website\",\"url\":\"https:\\\/\\\/museosdealicante.com\\\/\",\"name\":\"MUSEA | Museos de Alicante\",\"description\":\"Toda la oferta sobre arte, cultura y patrimonio de la ciudad, toda la actualidad de los museos de Alicante\",\"potentialAction\":[{\"@type\":\"SearchAction\",\"target\":{\"@type\":\"EntryPoint\",\"urlTemplate\":\"https:\\\/\\\/museosdealicante.com\\\/?s={search_term_string}\"},\"query-input\":{\"@type\":\"PropertyValueSpecification\",\"valueRequired\":true,\"valueName\":\"search_term_string\"}}],\"inLanguage\":\"ca\"},{\"@type\":\"Person\",\"@id\":\"https:\\\/\\\/museosdealicante.com\\\/#\\\/schema\\\/person\\\/b8e21892e9b6af60e856f31f0dce8cbd\",\"name\":\"Carolina Fuentes\",\"image\":{\"@type\":\"ImageObject\",\"inLanguage\":\"ca\",\"@id\":\"https:\\\/\\\/secure.gravatar.com\\\/avatar\\\/01f78e22536b5ffd26064d48b4b5761365a20d8fcf22b8fa03a63f307abc9dc6?s=96&d=mm&r=g\",\"url\":\"https:\\\/\\\/secure.gravatar.com\\\/avatar\\\/01f78e22536b5ffd26064d48b4b5761365a20d8fcf22b8fa03a63f307abc9dc6?s=96&d=mm&r=g\",\"contentUrl\":\"https:\\\/\\\/secure.gravatar.com\\\/avatar\\\/01f78e22536b5ffd26064d48b4b5761365a20d8fcf22b8fa03a63f307abc9dc6?s=96&d=mm&r=g\",\"caption\":\"Carolina Fuentes\"},\"url\":\"https:\\\/\\\/museosdealicante.com\\\/va\\\/author\\\/carolina-fuentes\\\/\"}]}<\/script>\n<!-- \/ Yoast SEO plugin. -->","yoast_head_json":{"title":"La Liada Gr\u00e1fica IV - MUSEA | Museos de Alicante","robots":{"index":"index","follow":"follow","max-snippet":"max-snippet:-1","max-image-preview":"max-image-preview:large","max-video-preview":"max-video-preview:-1"},"canonical":"https:\/\/museosdealicante.com\/va\/la-liada-grafica-iv\/","og_locale":"ca_ES","og_type":"article","og_title":"La Liada Gr\u00e1fica IV - MUSEA | Museos de Alicante","og_description":"LA LIADA GR\u00c1FICA IV 7 y 8 de junio 2024 en Las Cigarreras Viernes de 19 \u00a0a 22 h. S\u00e1bado de 12 h\u00a022:00h A partir de ahora empezaremos a [\u2026]","og_url":"https:\/\/museosdealicante.com\/va\/la-liada-grafica-iv\/","og_site_name":"MUSEA | Museos de Alicante","article_published_time":"2024-04-30T14:08:02+00:00","author":"Carolina Fuentes","twitter_card":"summary_large_image","twitter_misc":{"Escrit per":"Carolina Fuentes","Temps estimat de lectura":"1 minut"},"schema":{"@context":"https:\/\/schema.org","@graph":[{"@type":"Article","@id":"https:\/\/museosdealicante.com\/la-liada-grafica-iv\/#article","isPartOf":{"@id":"https:\/\/museosdealicante.com\/la-liada-grafica-iv\/"},"author":{"name":"Carolina Fuentes","@id":"https:\/\/museosdealicante.com\/#\/schema\/person\/b8e21892e9b6af60e856f31f0dce8cbd"},"headline":"La Liada Gr\u00e1fica IV","datePublished":"2024-04-30T14:08:02+00:00","mainEntityOfPage":{"@id":"https:\/\/museosdealicante.com\/la-liada-grafica-iv\/"},"wordCount":155,"image":{"@id":"https:\/\/museosdealicante.com\/la-liada-grafica-iv\/#primaryimage"},"thumbnailUrl":"https:\/\/museosdealicante.com\/wp-content\/uploads\/2024\/04\/wp-header-logo-23.png","articleSection":["CIGARRERAS"],"inLanguage":"ca"},{"@type":"WebPage","@id":"https:\/\/museosdealicante.com\/la-liada-grafica-iv\/","url":"https:\/\/museosdealicante.com\/la-liada-grafica-iv\/","name":"La Liada Gr\u00e1fica IV - MUSEA | Museos de Alicante","isPartOf":{"@id":"https:\/\/museosdealicante.com\/#website"},"primaryImageOfPage":{"@id":"https:\/\/museosdealicante.com\/la-liada-grafica-iv\/#primaryimage"},"image":{"@id":"https:\/\/museosdealicante.com\/la-liada-grafica-iv\/#primaryimage"},"thumbnailUrl":"https:\/\/museosdealicante.com\/wp-content\/uploads\/2024\/04\/wp-header-logo-23.png","datePublished":"2024-04-30T14:08:02+00:00","author":{"@id":"https:\/\/museosdealicante.com\/#\/schema\/person\/b8e21892e9b6af60e856f31f0dce8cbd"},"breadcrumb":{"@id":"https:\/\/museosdealicante.com\/la-liada-grafica-iv\/#breadcrumb"},"inLanguage":"ca","potentialAction":[{"@type":"ReadAction","target":["https:\/\/museosdealicante.com\/la-liada-grafica-iv\/"]}]},{"@type":"ImageObject","inLanguage":"ca","@id":"https:\/\/museosdealicante.com\/la-liada-grafica-iv\/#primaryimage","url":"https:\/\/museosdealicante.com\/wp-content\/uploads\/2024\/04\/wp-header-logo-23.png","contentUrl":"https:\/\/museosdealicante.com\/wp-content\/uploads\/2024\/04\/wp-header-logo-23.png","width":1890,"height":2362},{"@type":"BreadcrumbList","@id":"https:\/\/museosdealicante.com\/la-liada-grafica-iv\/#breadcrumb","itemListElement":[{"@type":"ListItem","position":1,"name":"Portada","item":"https:\/\/museosdealicante.com\/"},{"@type":"ListItem","position":2,"name":"La Liada Gr\u00e1fica IV"}]},{"@type":"WebSite","@id":"https:\/\/museosdealicante.com\/#website","url":"https:\/\/museosdealicante.com\/","name":"MUSEA | Museos de Alicante","description":"Toda la oferta sobre arte, cultura y patrimonio de la ciudad, toda la actualidad de los museos de Alicante","potentialAction":[{"@type":"SearchAction","target":{"@type":"EntryPoint","urlTemplate":"https:\/\/museosdealicante.com\/?s={search_term_string}"},"query-input":{"@type":"PropertyValueSpecification","valueRequired":true,"valueName":"search_term_string"}}],"inLanguage":"ca"},{"@type":"Person","@id":"https:\/\/museosdealicante.com\/#\/schema\/person\/b8e21892e9b6af60e856f31f0dce8cbd","name":"Carolina Fuentes","image":{"@type":"ImageObject","inLanguage":"ca","@id":"https:\/\/secure.gravatar.com\/avatar\/01f78e22536b5ffd26064d48b4b5761365a20d8fcf22b8fa03a63f307abc9dc6?s=96&d=mm&r=g","url":"https:\/\/secure.gravatar.com\/avatar\/01f78e22536b5ffd26064d48b4b5761365a20d8fcf22b8fa03a63f307abc9dc6?s=96&d=mm&r=g","contentUrl":"https:\/\/secure.gravatar.com\/avatar\/01f78e22536b5ffd26064d48b4b5761365a20d8fcf22b8fa03a63f307abc9dc6?s=96&d=mm&r=g","caption":"Carolina Fuentes"},"url":"https:\/\/museosdealicante.com\/va\/author\/carolina-fuentes\/"}]}},"_links":{"self":[{"href":"https:\/\/museosdealicante.com\/va\/wp-json\/wp\/v2\/posts\/2338","targetHints":{"allow":["GET"]}}],"collection":[{"href":"https:\/\/museosdealicante.com\/va\/wp-json\/wp\/v2\/posts"}],"about":[{"href":"https:\/\/museosdealicante.com\/va\/wp-json\/wp\/v2\/types\/post"}],"author":[{"embeddable":true,"href":"https:\/\/museosdealicante.com\/va\/wp-json\/wp\/v2\/users\/8"}],"replies":[{"embeddable":true,"href":"https:\/\/museosdealicante.com\/va\/wp-json\/wp\/v2\/comments?post=2338"}],"version-history":[{"count":0,"href":"https:\/\/museosdealicante.com\/va\/wp-json\/wp\/v2\/posts\/2338\/revisions"}],"wp:featuredmedia":[{"embeddable":true,"href":"https:\/\/museosdealicante.com\/va\/wp-json\/wp\/v2\/media\/2339"}],"wp:attachment":[{"href":"https:\/\/museosdealicante.com\/va\/wp-json\/wp\/v2\/media?parent=2338"}],"wp:term":[{"taxonomy":"category","embeddable":true,"href":"https:\/\/museosdealicante.com\/va\/wp-json\/wp\/v2\/categories?post=2338"},{"taxonomy":"post_tag","embeddable":true,"href":"https:\/\/museosdealicante.com\/va\/wp-json\/wp\/v2\/tags?post=2338"}],"curies":[{"name":"wp","href":"https:\/\/api.w.org\/{rel}","templated":true}]}}