{"id":2445,"date":"2024-06-04T10:12:26","date_gmt":"2024-06-04T10:12:26","guid":{"rendered":"https:\/\/museosdealicante.com\/el-sonido-de-la-cumbia-llega-a-las-cigarreras-de-la-mano-de-sonido-gallo-negro\/"},"modified":"2024-06-04T10:12:26","modified_gmt":"2024-06-04T10:12:26","slug":"el-sonido-de-la-cumbia-llega-a-las-cigarreras-de-la-mano-de-sonido-gallo-negro","status":"publish","type":"post","link":"https:\/\/museosdealicante.com\/va\/el-sonido-de-la-cumbia-llega-a-las-cigarreras-de-la-mano-de-sonido-gallo-negro\/","title":{"rendered":"El sonido de la cumbia llega a Las Cigarreras de la mano de Sonido Gallo Negro"},"content":{"rendered":"<div>\n<ul>\n<li>\n<p class=\"destacado\">Cervezas Alhambra y Las Cigarreras, se suman a la celebraci\u00f3n para seguir apoyando la m\u00fasica en directo en la Ciudad. Las entradas anticipadas ya est\u00e1n disponibles en <strong><a href=\"https:\/\/entradium.com\/events\/tropical-mambo-vol-1\">entradium.com<\/a><\/strong><\/p>\n<\/li>\n<\/ul>\n<p>El encuentro, bajo el t\u00edtulo de Tropical Mambo Vol. 1, pretende en su primera edici\u00f3n reunir a tres formaciones que practican el estilo de la cumbia en sus diferentes variantes, cumbia chicha, cumbia psicod\u00e9lica.\u00a0La actuaci\u00f3n tendr\u00e1 lugar a partir de las 18h y a las tres bandas, les acompa\u00f1ar\u00e1n tambi\u00e9n diferentes dj\u2019s de Alicante que estar\u00e1n amenizando la tarde entre concierto y concierto.<\/p>\n<p>La iniciativa cuenta con la colaboraci\u00f3n de Cervezas Alhambra y la Concejal\u00eda de Cultura &#8211; Centro Cultural Las Cigarreras, que se suman a la celebraci\u00f3n con el objetivo de ofrecer momentos singulares e irrepetibles, pensados para detenerse, observar y disfrutar sin prisa de cada acorde, y as\u00ed ser capaces de saborear la originalidad de cada instante.<\/p>\n<p>Tropical Mambo Vol. 1 comenzar\u00e1 el viernes 14 de junio a partir de las 18h en La Trasera de Las Cigarreras y contar\u00e1 con las actuaciones de La Coctelera del Indio, Amenaza Verde y los esperad\u00edsimos mexicanos SONIDO GALLO NEGRO, uno de los m\u00e1ximos representantes de este g\u00e9nero musical amaz\u00f3nico. La primera de las bandas que se subir\u00e1 al escenario de Las Cigarreras ser\u00e1 La Coctelera del Indio<\/p>\n<p>Indio, un conjunto de fusi\u00f3n latina con sede en Alicante, pero compuesta por m\u00fasicos de Argentina, Per\u00fa, M\u00e9xico, Espa\u00f1a, Colombia y Polonia. Su m\u00fasica combina los ritmos latinos con influencias de diversas culturas musicales, creando un sonido cautivador y distinto. El nombre \u201cLa Coctelera del Indio\u201d representa esta fusi\u00f3n de culturas a trav\u00e9s de la m\u00fasica. Su m\u00fasica es una explosi\u00f3n de colores y sabores musicales que incluye elementos de la cumbia, salsa, folklore andino, reggae, jazz y m\u00fasica cubana. La banda destaca por mezclar instrumentos tradicionales y sonidos modernos, una se\u00f1a de identidad \u00fanica. Guitarras espa\u00f1olas y el\u00e9ctricas, tambores afrocaribe\u00f1os, vientos de m\u00fasica negra y voces llenas de pasi\u00f3n proporcionan una experiencia inolvidable.<\/p>\n<p>Les seguir\u00e1 Amenaza Verde, un conjunto que practica la cumbia psicod\u00e9lica y la mezcla de culturas. Esta banda, formada hace apenas un a\u00f1o, esta integrada por m\u00fasicos de atinoam\u00e9rica: Per\u00fa, Argentina y Colombia. Su estilo est\u00e1 inspirado en la cumbia psicod\u00e9lica que tuvo auge en la d\u00e9cada de los 60 en Per\u00fa. Este sonido naci\u00f3 de la combinaci\u00f3n de la cumbia tradicional colombiana con el rock psicod\u00e9lico mezclando a su vez melod\u00edas\u00a0andinas y amaz\u00f3nicas. La agrupaci\u00f3n enriquece el g\u00e9nero incorporando ritmos como salsa, mambo, guaracha, rock y surf. Amenaza Verde regresa a las ra\u00edces de la m\u00fasica chicha con una mezcla de efectos y sonidos contempor\u00e1neos. Con su m\u00fasica chamanes selv\u00e1ticos,\u00a0creando un ritual que nos ayuda a reconectar con la magia natural y nuestro esp\u00edritu ancestral. Su arte transporta a los oyentes a un universo m\u00e1gico donde la naturaleza cobra vida a trav\u00e9s de cada melod\u00eda. Mediante sonidos ex\u00f3ticos y ritmos tribales, la banda logra crear una experiencia sensorial \u00fanica que invita a explorar la belleza y el misterio de la selva. Cada canci\u00f3n se convierte en un viaje hacia lo profundo, donde la magia y la m\u00fasica se entrelazan para evocar emociones y conectar con la esencia misma de la naturaleza.<\/p>\n<p>Y desde M\u00e9xico llegar\u00e1 el plato fuerte de este primer Tropical Mambo.<\/p>\n<p>Sonido Gallo Negro retoma las ra\u00edces de la m\u00fasica tropical psicod\u00e9lica, guitarras, \u00f3rganos exc\u00e9ntricos, sintetizadores anal\u00f3gicos o el theremin, son algunos de los elementos de la m\u00fasica lis\u00e9rgica de esta agrupaci\u00f3n. La propuesta es de una rareza ex\u00f3tica que gusta vestir su m\u00fasica con aires esot\u00e9ricos que alteran la percepci\u00f3n y obligan a bailar hasta el agotamiento acompa\u00f1ados de hipn\u00f3ticos visuales realizados en vivo por el grand\u00edsimo dibujante e ilustrador, Dr. Alderete.<\/p>\n<p>La formaci\u00f3n, cuenta con 14 a\u00f1os de trayectoria en los cuales ha tenido m\u00faltiples giras europeas y americanas visitando 20 pa\u00edses y m\u00e1s de 50 ciudades. Cuatro discos de estudio, uno en vivo y colaboraciones especiales han hecho de la banda una de las m\u00e1s representativas de la Ciudad de M\u00e9xico. Esta ser\u00e1 la primera vez que visiten nuestra mediterr\u00e1nea Alicante.<\/p>\n<p>&#8211; Venta de entradas <a class=\"boton\" href=\"https:\/\/entradium.com\/events\/tropical-mambo-vol-1\">aqu\u00ed<\/a><\/p>\n<\/div>\n<p><a href=\"https:\/\/www.alicante.es\/es\/node\/42327\">source<\/a><\/p>","protected":false},"excerpt":{"rendered":"<p>Cervezas Alhambra y Las Cigarreras, se suman a la celebraci\u00f3n para seguir apoyando la m\u00fasica en directo en la Ciudad. Las entradas anticipadas ya est\u00e1n disponibles en entradium.com El<span class=\"excerpt-hellip\"> [\u2026]<\/span><\/p>\n","protected":false},"author":8,"featured_media":2446,"comment_status":"","ping_status":"","sticky":false,"template":"","format":"standard","meta":{"_price":"","_stock":"","_tribe_ticket_header":"","_tribe_default_ticket_provider":"","_tribe_ticket_capacity":"0","_ticket_start_date":"","_ticket_end_date":"","_tribe_ticket_show_description":"","_tribe_ticket_show_not_going":false,"_tribe_ticket_use_global_stock":"","_tribe_ticket_global_stock_level":"","_global_stock_mode":"","_global_stock_cap":"","_tribe_rsvp_for_event":"","_tribe_ticket_going_count":"","_tribe_ticket_not_going_count":"","_tribe_tickets_list":"[]","_tribe_ticket_has_attendee_info_fields":false,"footnotes":""},"categories":[14],"tags":[],"class_list":["post-2445","post","type-post","status-publish","format-standard","has-post-thumbnail","hentry","category-cigarreras"],"yoast_head":"<!-- This site is optimized with the Yoast SEO plugin v27.3 - https:\/\/yoast.com\/product\/yoast-seo-wordpress\/ -->\n<title>El sonido de la cumbia llega a Las Cigarreras de la mano de Sonido Gallo Negro - MUSEA | Museos de Alicante<\/title>\n<meta name=\"robots\" content=\"index, follow, max-snippet:-1, max-image-preview:large, max-video-preview:-1\" \/>\n<link rel=\"canonical\" href=\"https:\/\/museosdealicante.com\/va\/el-sonido-de-la-cumbia-llega-a-las-cigarreras-de-la-mano-de-sonido-gallo-negro\/\" \/>\n<meta property=\"og:locale\" content=\"ca_ES\" \/>\n<meta property=\"og:type\" content=\"article\" \/>\n<meta property=\"og:title\" content=\"El sonido de la cumbia llega a Las Cigarreras de la mano de Sonido Gallo Negro - MUSEA | Museos de Alicante\" \/>\n<meta property=\"og:description\" content=\"Cervezas Alhambra y Las Cigarreras, se suman a la celebraci\u00f3n para seguir apoyando la m\u00fasica en directo en la Ciudad. Las entradas anticipadas ya est\u00e1n disponibles en entradium.com El [\u2026]\" \/>\n<meta property=\"og:url\" content=\"https:\/\/museosdealicante.com\/va\/el-sonido-de-la-cumbia-llega-a-las-cigarreras-de-la-mano-de-sonido-gallo-negro\/\" \/>\n<meta property=\"og:site_name\" content=\"MUSEA | Museos de Alicante\" \/>\n<meta property=\"article:published_time\" content=\"2024-06-04T10:12:26+00:00\" \/>\n<meta name=\"author\" content=\"Carolina Fuentes\" \/>\n<meta name=\"twitter:card\" content=\"summary_large_image\" \/>\n<meta name=\"twitter:label1\" content=\"Escrit per\" \/>\n\t<meta name=\"twitter:data1\" content=\"Carolina Fuentes\" \/>\n\t<meta name=\"twitter:label2\" content=\"Temps estimat de lectura\" \/>\n\t<meta name=\"twitter:data2\" content=\"4 minuts\" \/>\n<script type=\"application\/ld+json\" class=\"yoast-schema-graph\">{\"@context\":\"https:\\\/\\\/schema.org\",\"@graph\":[{\"@type\":\"Article\",\"@id\":\"https:\\\/\\\/museosdealicante.com\\\/el-sonido-de-la-cumbia-llega-a-las-cigarreras-de-la-mano-de-sonido-gallo-negro\\\/#article\",\"isPartOf\":{\"@id\":\"https:\\\/\\\/museosdealicante.com\\\/el-sonido-de-la-cumbia-llega-a-las-cigarreras-de-la-mano-de-sonido-gallo-negro\\\/\"},\"author\":{\"name\":\"Carolina Fuentes\",\"@id\":\"https:\\\/\\\/museosdealicante.com\\\/#\\\/schema\\\/person\\\/b8e21892e9b6af60e856f31f0dce8cbd\"},\"headline\":\"El sonido de la cumbia llega a Las Cigarreras de la mano de Sonido Gallo Negro\",\"datePublished\":\"2024-06-04T10:12:26+00:00\",\"mainEntityOfPage\":{\"@id\":\"https:\\\/\\\/museosdealicante.com\\\/el-sonido-de-la-cumbia-llega-a-las-cigarreras-de-la-mano-de-sonido-gallo-negro\\\/\"},\"wordCount\":779,\"image\":{\"@id\":\"https:\\\/\\\/museosdealicante.com\\\/el-sonido-de-la-cumbia-llega-a-las-cigarreras-de-la-mano-de-sonido-gallo-negro\\\/#primaryimage\"},\"thumbnailUrl\":\"https:\\\/\\\/museosdealicante.com\\\/wp-content\\\/uploads\\\/2024\\\/06\\\/wp-header-logo-2.png\",\"articleSection\":[\"CIGARRERAS\"],\"inLanguage\":\"ca\"},{\"@type\":\"WebPage\",\"@id\":\"https:\\\/\\\/museosdealicante.com\\\/el-sonido-de-la-cumbia-llega-a-las-cigarreras-de-la-mano-de-sonido-gallo-negro\\\/\",\"url\":\"https:\\\/\\\/museosdealicante.com\\\/el-sonido-de-la-cumbia-llega-a-las-cigarreras-de-la-mano-de-sonido-gallo-negro\\\/\",\"name\":\"El sonido de la cumbia llega a Las Cigarreras de la mano de Sonido Gallo Negro - MUSEA | Museos de Alicante\",\"isPartOf\":{\"@id\":\"https:\\\/\\\/museosdealicante.com\\\/#website\"},\"primaryImageOfPage\":{\"@id\":\"https:\\\/\\\/museosdealicante.com\\\/el-sonido-de-la-cumbia-llega-a-las-cigarreras-de-la-mano-de-sonido-gallo-negro\\\/#primaryimage\"},\"image\":{\"@id\":\"https:\\\/\\\/museosdealicante.com\\\/el-sonido-de-la-cumbia-llega-a-las-cigarreras-de-la-mano-de-sonido-gallo-negro\\\/#primaryimage\"},\"thumbnailUrl\":\"https:\\\/\\\/museosdealicante.com\\\/wp-content\\\/uploads\\\/2024\\\/06\\\/wp-header-logo-2.png\",\"datePublished\":\"2024-06-04T10:12:26+00:00\",\"author\":{\"@id\":\"https:\\\/\\\/museosdealicante.com\\\/#\\\/schema\\\/person\\\/b8e21892e9b6af60e856f31f0dce8cbd\"},\"breadcrumb\":{\"@id\":\"https:\\\/\\\/museosdealicante.com\\\/el-sonido-de-la-cumbia-llega-a-las-cigarreras-de-la-mano-de-sonido-gallo-negro\\\/#breadcrumb\"},\"inLanguage\":\"ca\",\"potentialAction\":[{\"@type\":\"ReadAction\",\"target\":[\"https:\\\/\\\/museosdealicante.com\\\/el-sonido-de-la-cumbia-llega-a-las-cigarreras-de-la-mano-de-sonido-gallo-negro\\\/\"]}]},{\"@type\":\"ImageObject\",\"inLanguage\":\"ca\",\"@id\":\"https:\\\/\\\/museosdealicante.com\\\/el-sonido-de-la-cumbia-llega-a-las-cigarreras-de-la-mano-de-sonido-gallo-negro\\\/#primaryimage\",\"url\":\"https:\\\/\\\/museosdealicante.com\\\/wp-content\\\/uploads\\\/2024\\\/06\\\/wp-header-logo-2.png\",\"contentUrl\":\"https:\\\/\\\/museosdealicante.com\\\/wp-content\\\/uploads\\\/2024\\\/06\\\/wp-header-logo-2.png\",\"width\":1920,\"height\":1280},{\"@type\":\"BreadcrumbList\",\"@id\":\"https:\\\/\\\/museosdealicante.com\\\/el-sonido-de-la-cumbia-llega-a-las-cigarreras-de-la-mano-de-sonido-gallo-negro\\\/#breadcrumb\",\"itemListElement\":[{\"@type\":\"ListItem\",\"position\":1,\"name\":\"Portada\",\"item\":\"https:\\\/\\\/museosdealicante.com\\\/\"},{\"@type\":\"ListItem\",\"position\":2,\"name\":\"El sonido de la cumbia llega a Las Cigarreras de la mano de Sonido Gallo Negro\"}]},{\"@type\":\"WebSite\",\"@id\":\"https:\\\/\\\/museosdealicante.com\\\/#website\",\"url\":\"https:\\\/\\\/museosdealicante.com\\\/\",\"name\":\"MUSEA | Museos de Alicante\",\"description\":\"Toda la oferta sobre arte, cultura y patrimonio de la ciudad, toda la actualidad de los museos de Alicante\",\"potentialAction\":[{\"@type\":\"SearchAction\",\"target\":{\"@type\":\"EntryPoint\",\"urlTemplate\":\"https:\\\/\\\/museosdealicante.com\\\/?s={search_term_string}\"},\"query-input\":{\"@type\":\"PropertyValueSpecification\",\"valueRequired\":true,\"valueName\":\"search_term_string\"}}],\"inLanguage\":\"ca\"},{\"@type\":\"Person\",\"@id\":\"https:\\\/\\\/museosdealicante.com\\\/#\\\/schema\\\/person\\\/b8e21892e9b6af60e856f31f0dce8cbd\",\"name\":\"Carolina Fuentes\",\"image\":{\"@type\":\"ImageObject\",\"inLanguage\":\"ca\",\"@id\":\"https:\\\/\\\/secure.gravatar.com\\\/avatar\\\/01f78e22536b5ffd26064d48b4b5761365a20d8fcf22b8fa03a63f307abc9dc6?s=96&d=mm&r=g\",\"url\":\"https:\\\/\\\/secure.gravatar.com\\\/avatar\\\/01f78e22536b5ffd26064d48b4b5761365a20d8fcf22b8fa03a63f307abc9dc6?s=96&d=mm&r=g\",\"contentUrl\":\"https:\\\/\\\/secure.gravatar.com\\\/avatar\\\/01f78e22536b5ffd26064d48b4b5761365a20d8fcf22b8fa03a63f307abc9dc6?s=96&d=mm&r=g\",\"caption\":\"Carolina Fuentes\"},\"url\":\"https:\\\/\\\/museosdealicante.com\\\/va\\\/author\\\/carolina-fuentes\\\/\"}]}<\/script>\n<!-- \/ Yoast SEO plugin. -->","yoast_head_json":{"title":"El sonido de la cumbia llega a Las Cigarreras de la mano de Sonido Gallo Negro - MUSEA | Museos de Alicante","robots":{"index":"index","follow":"follow","max-snippet":"max-snippet:-1","max-image-preview":"max-image-preview:large","max-video-preview":"max-video-preview:-1"},"canonical":"https:\/\/museosdealicante.com\/va\/el-sonido-de-la-cumbia-llega-a-las-cigarreras-de-la-mano-de-sonido-gallo-negro\/","og_locale":"ca_ES","og_type":"article","og_title":"El sonido de la cumbia llega a Las Cigarreras de la mano de Sonido Gallo Negro - MUSEA | Museos de Alicante","og_description":"Cervezas Alhambra y Las Cigarreras, se suman a la celebraci\u00f3n para seguir apoyando la m\u00fasica en directo en la Ciudad. Las entradas anticipadas ya est\u00e1n disponibles en entradium.com El [\u2026]","og_url":"https:\/\/museosdealicante.com\/va\/el-sonido-de-la-cumbia-llega-a-las-cigarreras-de-la-mano-de-sonido-gallo-negro\/","og_site_name":"MUSEA | Museos de Alicante","article_published_time":"2024-06-04T10:12:26+00:00","author":"Carolina Fuentes","twitter_card":"summary_large_image","twitter_misc":{"Escrit per":"Carolina Fuentes","Temps estimat de lectura":"4 minuts"},"schema":{"@context":"https:\/\/schema.org","@graph":[{"@type":"Article","@id":"https:\/\/museosdealicante.com\/el-sonido-de-la-cumbia-llega-a-las-cigarreras-de-la-mano-de-sonido-gallo-negro\/#article","isPartOf":{"@id":"https:\/\/museosdealicante.com\/el-sonido-de-la-cumbia-llega-a-las-cigarreras-de-la-mano-de-sonido-gallo-negro\/"},"author":{"name":"Carolina Fuentes","@id":"https:\/\/museosdealicante.com\/#\/schema\/person\/b8e21892e9b6af60e856f31f0dce8cbd"},"headline":"El sonido de la cumbia llega a Las Cigarreras de la mano de Sonido Gallo Negro","datePublished":"2024-06-04T10:12:26+00:00","mainEntityOfPage":{"@id":"https:\/\/museosdealicante.com\/el-sonido-de-la-cumbia-llega-a-las-cigarreras-de-la-mano-de-sonido-gallo-negro\/"},"wordCount":779,"image":{"@id":"https:\/\/museosdealicante.com\/el-sonido-de-la-cumbia-llega-a-las-cigarreras-de-la-mano-de-sonido-gallo-negro\/#primaryimage"},"thumbnailUrl":"https:\/\/museosdealicante.com\/wp-content\/uploads\/2024\/06\/wp-header-logo-2.png","articleSection":["CIGARRERAS"],"inLanguage":"ca"},{"@type":"WebPage","@id":"https:\/\/museosdealicante.com\/el-sonido-de-la-cumbia-llega-a-las-cigarreras-de-la-mano-de-sonido-gallo-negro\/","url":"https:\/\/museosdealicante.com\/el-sonido-de-la-cumbia-llega-a-las-cigarreras-de-la-mano-de-sonido-gallo-negro\/","name":"El sonido de la cumbia llega a Las Cigarreras de la mano de Sonido Gallo Negro - MUSEA | Museos de Alicante","isPartOf":{"@id":"https:\/\/museosdealicante.com\/#website"},"primaryImageOfPage":{"@id":"https:\/\/museosdealicante.com\/el-sonido-de-la-cumbia-llega-a-las-cigarreras-de-la-mano-de-sonido-gallo-negro\/#primaryimage"},"image":{"@id":"https:\/\/museosdealicante.com\/el-sonido-de-la-cumbia-llega-a-las-cigarreras-de-la-mano-de-sonido-gallo-negro\/#primaryimage"},"thumbnailUrl":"https:\/\/museosdealicante.com\/wp-content\/uploads\/2024\/06\/wp-header-logo-2.png","datePublished":"2024-06-04T10:12:26+00:00","author":{"@id":"https:\/\/museosdealicante.com\/#\/schema\/person\/b8e21892e9b6af60e856f31f0dce8cbd"},"breadcrumb":{"@id":"https:\/\/museosdealicante.com\/el-sonido-de-la-cumbia-llega-a-las-cigarreras-de-la-mano-de-sonido-gallo-negro\/#breadcrumb"},"inLanguage":"ca","potentialAction":[{"@type":"ReadAction","target":["https:\/\/museosdealicante.com\/el-sonido-de-la-cumbia-llega-a-las-cigarreras-de-la-mano-de-sonido-gallo-negro\/"]}]},{"@type":"ImageObject","inLanguage":"ca","@id":"https:\/\/museosdealicante.com\/el-sonido-de-la-cumbia-llega-a-las-cigarreras-de-la-mano-de-sonido-gallo-negro\/#primaryimage","url":"https:\/\/museosdealicante.com\/wp-content\/uploads\/2024\/06\/wp-header-logo-2.png","contentUrl":"https:\/\/museosdealicante.com\/wp-content\/uploads\/2024\/06\/wp-header-logo-2.png","width":1920,"height":1280},{"@type":"BreadcrumbList","@id":"https:\/\/museosdealicante.com\/el-sonido-de-la-cumbia-llega-a-las-cigarreras-de-la-mano-de-sonido-gallo-negro\/#breadcrumb","itemListElement":[{"@type":"ListItem","position":1,"name":"Portada","item":"https:\/\/museosdealicante.com\/"},{"@type":"ListItem","position":2,"name":"El sonido de la cumbia llega a Las Cigarreras de la mano de Sonido Gallo Negro"}]},{"@type":"WebSite","@id":"https:\/\/museosdealicante.com\/#website","url":"https:\/\/museosdealicante.com\/","name":"MUSEA | Museos de Alicante","description":"Toda la oferta sobre arte, cultura y patrimonio de la ciudad, toda la actualidad de los museos de Alicante","potentialAction":[{"@type":"SearchAction","target":{"@type":"EntryPoint","urlTemplate":"https:\/\/museosdealicante.com\/?s={search_term_string}"},"query-input":{"@type":"PropertyValueSpecification","valueRequired":true,"valueName":"search_term_string"}}],"inLanguage":"ca"},{"@type":"Person","@id":"https:\/\/museosdealicante.com\/#\/schema\/person\/b8e21892e9b6af60e856f31f0dce8cbd","name":"Carolina Fuentes","image":{"@type":"ImageObject","inLanguage":"ca","@id":"https:\/\/secure.gravatar.com\/avatar\/01f78e22536b5ffd26064d48b4b5761365a20d8fcf22b8fa03a63f307abc9dc6?s=96&d=mm&r=g","url":"https:\/\/secure.gravatar.com\/avatar\/01f78e22536b5ffd26064d48b4b5761365a20d8fcf22b8fa03a63f307abc9dc6?s=96&d=mm&r=g","contentUrl":"https:\/\/secure.gravatar.com\/avatar\/01f78e22536b5ffd26064d48b4b5761365a20d8fcf22b8fa03a63f307abc9dc6?s=96&d=mm&r=g","caption":"Carolina Fuentes"},"url":"https:\/\/museosdealicante.com\/va\/author\/carolina-fuentes\/"}]}},"_links":{"self":[{"href":"https:\/\/museosdealicante.com\/va\/wp-json\/wp\/v2\/posts\/2445","targetHints":{"allow":["GET"]}}],"collection":[{"href":"https:\/\/museosdealicante.com\/va\/wp-json\/wp\/v2\/posts"}],"about":[{"href":"https:\/\/museosdealicante.com\/va\/wp-json\/wp\/v2\/types\/post"}],"author":[{"embeddable":true,"href":"https:\/\/museosdealicante.com\/va\/wp-json\/wp\/v2\/users\/8"}],"replies":[{"embeddable":true,"href":"https:\/\/museosdealicante.com\/va\/wp-json\/wp\/v2\/comments?post=2445"}],"version-history":[{"count":0,"href":"https:\/\/museosdealicante.com\/va\/wp-json\/wp\/v2\/posts\/2445\/revisions"}],"wp:featuredmedia":[{"embeddable":true,"href":"https:\/\/museosdealicante.com\/va\/wp-json\/wp\/v2\/media\/2446"}],"wp:attachment":[{"href":"https:\/\/museosdealicante.com\/va\/wp-json\/wp\/v2\/media?parent=2445"}],"wp:term":[{"taxonomy":"category","embeddable":true,"href":"https:\/\/museosdealicante.com\/va\/wp-json\/wp\/v2\/categories?post=2445"},{"taxonomy":"post_tag","embeddable":true,"href":"https:\/\/museosdealicante.com\/va\/wp-json\/wp\/v2\/tags?post=2445"}],"curies":[{"name":"wp","href":"https:\/\/api.w.org\/{rel}","templated":true}]}}