{"id":2611,"date":"2024-09-03T15:33:14","date_gmt":"2024-09-03T15:33:14","guid":{"rendered":"https:\/\/museosdealicante.com\/encuentro-con-lorenzo-caprile\/"},"modified":"2024-09-03T15:33:14","modified_gmt":"2024-09-03T15:33:14","slug":"encuentro-con-lorenzo-caprile","status":"publish","type":"post","link":"https:\/\/museosdealicante.com\/va\/encuentro-con-lorenzo-caprile\/","title":{"rendered":"Encuentro con Lorenzo Caprile"},"content":{"rendered":"<div>\n<p><strong>S\u00e1bado 21 de septiembre a las 18 horas. Entrada libre hasta completar aforo.<\/strong><\/p>\n<p>Actividad complementaria incluida dentro de la 8\u00aa edici\u00f3n del Festival de Teatro Cl\u00e1sico de Alicante.<\/p>\n<p>Nacido en Madrid en 1967, Lorenzo Caprile se forma como modista en el Fashion Institute of Technology de Nueva York y en el Polit\u00e9cnico Internacional de la Moda de Florencia; tambi\u00e9n es licenciado en Lengua y<br \/>Literatura por la Universidad de Florencia.<\/p>\n<p>En 1986 empieza a trabajar para importantes firmas de moda, tanto italianas como espa\u00f1olas. Pero no ser\u00e1 hasta 1993 cuando abra su taller en el<br \/>madrile\u00f1o barrio de Salamanca.<\/p>\n<p>Especializado en trajes de ceremonia a medida, sus creaciones han desfilado por alfombras rojas y sus prendas \u00fanicas y artesanales han protagonizado numerosas portadas de las publicaciones m\u00e1s conocidas. Desde 2006 su nombre tambi\u00e9n est\u00e1 unido a la creaci\u00f3n de vestuarios para teatro, cine, danza y \u00f3pera, debido a su otra faceta: la de figurinista, destacando su trabajo para la Compa\u00f1\u00eda Nacional de Teatro Cl\u00e1sico y la Compa\u00f1\u00eda Noviembre.<\/p>\n<p>Es autor de los libros Vamos de boda y De qu\u00e9 hablamos cuando hablamos de Estilo y participa habitualmente en mesas redondas y conferencias en las principales instituciones y escuelas de dise\u00f1o del pa\u00eds. Colabora en El Comanche, programa de Onda Cero que dirige Julia Otero.<\/p>\n<p>Ha recibido numerosos premios por la excelencia de su trabajo como modista y figurinista. Ha sido galardonado con la Medalla de Oro al M\u00e9rito en las Bellas Artes (2018). Y en televisi\u00f3n ha sido uno de miembros del jurado del popular\u00edsimo programa \u201cMaestros de la Costura\u201d de RTVE, y creador y presentador del formato \u201cCoser y Contar\u201d en Telemadrid.<\/p>\n<p><a href=\"https:\/\/maca-alicante.es\/wp-content\/uploads\/2024\/09\/Sin-titulo-2.jpg\"><img fetchpriority=\"high\" decoding=\"async\" class=\"aligncenter size-full wp-image-40498\" src=\"https:\/\/maca-alicante.es\/wp-content\/uploads\/2024\/09\/Sin-titulo-2.jpg\" alt=\"\" width=\"500\" height=\"300\"\/><\/a><\/p>\n<\/p><\/div>\n<p><script>(function(d, s, id) {\n            var js, fjs = d.getElementsByTagName(s)[0];\n            if (d.getElementById(id)) return;\n            js = d.createElement(s); js.id = id;\n            js.src = \"\/\/connect.facebook.net\/es_ES\/sdk.js#xfbml=1&version=v2.10\";\n            fjs.parentNode.insertBefore(js, fjs);\n          }(document, \"script\", \"facebook-jssdk\"));<\/script><br \/><a href=\"https:\/\/maca-alicante.es\/encuentro-con-lorenzo-caprile\/\">source<\/a><\/p>\n","protected":false},"excerpt":{"rendered":"<p>S\u00e1bado 21 de septiembre a las 18 horas. Entrada libre hasta completar aforo. Actividad complementaria incluida dentro de la 8\u00aa edici\u00f3n del Festival de Teatro Cl\u00e1sico de Alicante. Nacido<span class=\"excerpt-hellip\"> [\u2026]<\/span><\/p>\n","protected":false},"author":4,"featured_media":2612,"comment_status":"","ping_status":"","sticky":false,"template":"","format":"standard","meta":{"_price":"","_stock":"","_tribe_ticket_header":"","_tribe_default_ticket_provider":"","_tribe_ticket_capacity":"0","_ticket_start_date":"","_ticket_end_date":"","_tribe_ticket_show_description":"","_tribe_ticket_show_not_going":false,"_tribe_ticket_use_global_stock":"","_tribe_ticket_global_stock_level":"","_global_stock_mode":"","_global_stock_cap":"","_tribe_rsvp_for_event":"","_tribe_ticket_going_count":"","_tribe_ticket_not_going_count":"","_tribe_tickets_list":"[]","_tribe_ticket_has_attendee_info_fields":false,"footnotes":""},"categories":[10],"tags":[],"class_list":["post-2611","post","type-post","status-publish","format-standard","has-post-thumbnail","hentry","category-maca"],"yoast_head":"<!-- This site is optimized with the Yoast SEO plugin v27.3 - https:\/\/yoast.com\/product\/yoast-seo-wordpress\/ -->\n<title>Encuentro con Lorenzo Caprile - MUSEA | Museos de Alicante<\/title>\n<meta name=\"robots\" content=\"index, follow, max-snippet:-1, max-image-preview:large, max-video-preview:-1\" \/>\n<link rel=\"canonical\" href=\"https:\/\/museosdealicante.com\/va\/encuentro-con-lorenzo-caprile\/\" \/>\n<meta property=\"og:locale\" content=\"ca_ES\" \/>\n<meta property=\"og:type\" content=\"article\" \/>\n<meta property=\"og:title\" content=\"Encuentro con Lorenzo Caprile - MUSEA | Museos de Alicante\" \/>\n<meta property=\"og:description\" content=\"S\u00e1bado 21 de septiembre a las 18 horas. Entrada libre hasta completar aforo. Actividad complementaria incluida dentro de la 8\u00aa edici\u00f3n del Festival de Teatro Cl\u00e1sico de Alicante. Nacido [\u2026]\" \/>\n<meta property=\"og:url\" content=\"https:\/\/museosdealicante.com\/va\/encuentro-con-lorenzo-caprile\/\" \/>\n<meta property=\"og:site_name\" content=\"MUSEA | Museos de Alicante\" \/>\n<meta property=\"article:published_time\" content=\"2024-09-03T15:33:14+00:00\" \/>\n<meta property=\"og:image\" content=\"https:\/\/maca-alicante.es\/wp-content\/uploads\/2024\/09\/Sin-titulo-2.jpg\" \/>\n<meta name=\"author\" content=\"Rosa Mar\u00eda Castells\" \/>\n<meta name=\"twitter:card\" content=\"summary_large_image\" \/>\n<meta name=\"twitter:label1\" content=\"Escrit per\" \/>\n\t<meta name=\"twitter:data1\" content=\"Rosa Mar\u00eda Castells\" \/>\n\t<meta name=\"twitter:label2\" content=\"Temps estimat de lectura\" \/>\n\t<meta name=\"twitter:data2\" content=\"1 minut\" \/>\n<script type=\"application\/ld+json\" class=\"yoast-schema-graph\">{\"@context\":\"https:\\\/\\\/schema.org\",\"@graph\":[{\"@type\":\"Article\",\"@id\":\"https:\\\/\\\/museosdealicante.com\\\/encuentro-con-lorenzo-caprile\\\/#article\",\"isPartOf\":{\"@id\":\"https:\\\/\\\/museosdealicante.com\\\/encuentro-con-lorenzo-caprile\\\/\"},\"author\":{\"name\":\"Rosa Mar\u00eda Castells\",\"@id\":\"https:\\\/\\\/museosdealicante.com\\\/#\\\/schema\\\/person\\\/0568f63519b86d8127abb9dca617ddd0\"},\"headline\":\"Encuentro con Lorenzo Caprile\",\"datePublished\":\"2024-09-03T15:33:14+00:00\",\"mainEntityOfPage\":{\"@id\":\"https:\\\/\\\/museosdealicante.com\\\/encuentro-con-lorenzo-caprile\\\/\"},\"wordCount\":286,\"image\":{\"@id\":\"https:\\\/\\\/museosdealicante.com\\\/encuentro-con-lorenzo-caprile\\\/#primaryimage\"},\"thumbnailUrl\":\"https:\\\/\\\/museosdealicante.com\\\/wp-content\\\/uploads\\\/2024\\\/09\\\/wp-header-logo-1.png\",\"articleSection\":[\"MACA\"],\"inLanguage\":\"ca\"},{\"@type\":\"WebPage\",\"@id\":\"https:\\\/\\\/museosdealicante.com\\\/encuentro-con-lorenzo-caprile\\\/\",\"url\":\"https:\\\/\\\/museosdealicante.com\\\/encuentro-con-lorenzo-caprile\\\/\",\"name\":\"Encuentro con Lorenzo Caprile - MUSEA | Museos de Alicante\",\"isPartOf\":{\"@id\":\"https:\\\/\\\/museosdealicante.com\\\/#website\"},\"primaryImageOfPage\":{\"@id\":\"https:\\\/\\\/museosdealicante.com\\\/encuentro-con-lorenzo-caprile\\\/#primaryimage\"},\"image\":{\"@id\":\"https:\\\/\\\/museosdealicante.com\\\/encuentro-con-lorenzo-caprile\\\/#primaryimage\"},\"thumbnailUrl\":\"https:\\\/\\\/museosdealicante.com\\\/wp-content\\\/uploads\\\/2024\\\/09\\\/wp-header-logo-1.png\",\"datePublished\":\"2024-09-03T15:33:14+00:00\",\"author\":{\"@id\":\"https:\\\/\\\/museosdealicante.com\\\/#\\\/schema\\\/person\\\/0568f63519b86d8127abb9dca617ddd0\"},\"breadcrumb\":{\"@id\":\"https:\\\/\\\/museosdealicante.com\\\/encuentro-con-lorenzo-caprile\\\/#breadcrumb\"},\"inLanguage\":\"ca\",\"potentialAction\":[{\"@type\":\"ReadAction\",\"target\":[\"https:\\\/\\\/museosdealicante.com\\\/encuentro-con-lorenzo-caprile\\\/\"]}]},{\"@type\":\"ImageObject\",\"inLanguage\":\"ca\",\"@id\":\"https:\\\/\\\/museosdealicante.com\\\/encuentro-con-lorenzo-caprile\\\/#primaryimage\",\"url\":\"https:\\\/\\\/museosdealicante.com\\\/wp-content\\\/uploads\\\/2024\\\/09\\\/wp-header-logo-1.png\",\"contentUrl\":\"https:\\\/\\\/museosdealicante.com\\\/wp-content\\\/uploads\\\/2024\\\/09\\\/wp-header-logo-1.png\",\"width\":500,\"height\":300},{\"@type\":\"BreadcrumbList\",\"@id\":\"https:\\\/\\\/museosdealicante.com\\\/encuentro-con-lorenzo-caprile\\\/#breadcrumb\",\"itemListElement\":[{\"@type\":\"ListItem\",\"position\":1,\"name\":\"Portada\",\"item\":\"https:\\\/\\\/museosdealicante.com\\\/\"},{\"@type\":\"ListItem\",\"position\":2,\"name\":\"Encuentro con Lorenzo Caprile\"}]},{\"@type\":\"WebSite\",\"@id\":\"https:\\\/\\\/museosdealicante.com\\\/#website\",\"url\":\"https:\\\/\\\/museosdealicante.com\\\/\",\"name\":\"MUSEA | Museos de Alicante\",\"description\":\"Toda la oferta sobre arte, cultura y patrimonio de la ciudad, toda la actualidad de los museos de Alicante\",\"potentialAction\":[{\"@type\":\"SearchAction\",\"target\":{\"@type\":\"EntryPoint\",\"urlTemplate\":\"https:\\\/\\\/museosdealicante.com\\\/?s={search_term_string}\"},\"query-input\":{\"@type\":\"PropertyValueSpecification\",\"valueRequired\":true,\"valueName\":\"search_term_string\"}}],\"inLanguage\":\"ca\"},{\"@type\":\"Person\",\"@id\":\"https:\\\/\\\/museosdealicante.com\\\/#\\\/schema\\\/person\\\/0568f63519b86d8127abb9dca617ddd0\",\"name\":\"Rosa Mar\u00eda Castells\",\"image\":{\"@type\":\"ImageObject\",\"inLanguage\":\"ca\",\"@id\":\"https:\\\/\\\/secure.gravatar.com\\\/avatar\\\/782cc4dc634b1918299ba6f478389cd0b3e92a03c95d1fa5203bfad7090b694e?s=96&d=mm&r=g\",\"url\":\"https:\\\/\\\/secure.gravatar.com\\\/avatar\\\/782cc4dc634b1918299ba6f478389cd0b3e92a03c95d1fa5203bfad7090b694e?s=96&d=mm&r=g\",\"contentUrl\":\"https:\\\/\\\/secure.gravatar.com\\\/avatar\\\/782cc4dc634b1918299ba6f478389cd0b3e92a03c95d1fa5203bfad7090b694e?s=96&d=mm&r=g\",\"caption\":\"Rosa Mar\u00eda Castells\"},\"url\":\"https:\\\/\\\/museosdealicante.com\\\/va\\\/author\\\/rosa-maria-castells\\\/\"}]}<\/script>\n<!-- \/ Yoast SEO plugin. -->","yoast_head_json":{"title":"Encuentro con Lorenzo Caprile - MUSEA | Museos de Alicante","robots":{"index":"index","follow":"follow","max-snippet":"max-snippet:-1","max-image-preview":"max-image-preview:large","max-video-preview":"max-video-preview:-1"},"canonical":"https:\/\/museosdealicante.com\/va\/encuentro-con-lorenzo-caprile\/","og_locale":"ca_ES","og_type":"article","og_title":"Encuentro con Lorenzo Caprile - MUSEA | Museos de Alicante","og_description":"S\u00e1bado 21 de septiembre a las 18 horas. Entrada libre hasta completar aforo. Actividad complementaria incluida dentro de la 8\u00aa edici\u00f3n del Festival de Teatro Cl\u00e1sico de Alicante. Nacido [\u2026]","og_url":"https:\/\/museosdealicante.com\/va\/encuentro-con-lorenzo-caprile\/","og_site_name":"MUSEA | Museos de Alicante","article_published_time":"2024-09-03T15:33:14+00:00","og_image":[{"url":"https:\/\/maca-alicante.es\/wp-content\/uploads\/2024\/09\/Sin-titulo-2.jpg","type":"","width":"","height":""}],"author":"Rosa Mar\u00eda Castells","twitter_card":"summary_large_image","twitter_misc":{"Escrit per":"Rosa Mar\u00eda Castells","Temps estimat de lectura":"1 minut"},"schema":{"@context":"https:\/\/schema.org","@graph":[{"@type":"Article","@id":"https:\/\/museosdealicante.com\/encuentro-con-lorenzo-caprile\/#article","isPartOf":{"@id":"https:\/\/museosdealicante.com\/encuentro-con-lorenzo-caprile\/"},"author":{"name":"Rosa Mar\u00eda Castells","@id":"https:\/\/museosdealicante.com\/#\/schema\/person\/0568f63519b86d8127abb9dca617ddd0"},"headline":"Encuentro con Lorenzo Caprile","datePublished":"2024-09-03T15:33:14+00:00","mainEntityOfPage":{"@id":"https:\/\/museosdealicante.com\/encuentro-con-lorenzo-caprile\/"},"wordCount":286,"image":{"@id":"https:\/\/museosdealicante.com\/encuentro-con-lorenzo-caprile\/#primaryimage"},"thumbnailUrl":"https:\/\/museosdealicante.com\/wp-content\/uploads\/2024\/09\/wp-header-logo-1.png","articleSection":["MACA"],"inLanguage":"ca"},{"@type":"WebPage","@id":"https:\/\/museosdealicante.com\/encuentro-con-lorenzo-caprile\/","url":"https:\/\/museosdealicante.com\/encuentro-con-lorenzo-caprile\/","name":"Encuentro con Lorenzo Caprile - MUSEA | Museos de Alicante","isPartOf":{"@id":"https:\/\/museosdealicante.com\/#website"},"primaryImageOfPage":{"@id":"https:\/\/museosdealicante.com\/encuentro-con-lorenzo-caprile\/#primaryimage"},"image":{"@id":"https:\/\/museosdealicante.com\/encuentro-con-lorenzo-caprile\/#primaryimage"},"thumbnailUrl":"https:\/\/museosdealicante.com\/wp-content\/uploads\/2024\/09\/wp-header-logo-1.png","datePublished":"2024-09-03T15:33:14+00:00","author":{"@id":"https:\/\/museosdealicante.com\/#\/schema\/person\/0568f63519b86d8127abb9dca617ddd0"},"breadcrumb":{"@id":"https:\/\/museosdealicante.com\/encuentro-con-lorenzo-caprile\/#breadcrumb"},"inLanguage":"ca","potentialAction":[{"@type":"ReadAction","target":["https:\/\/museosdealicante.com\/encuentro-con-lorenzo-caprile\/"]}]},{"@type":"ImageObject","inLanguage":"ca","@id":"https:\/\/museosdealicante.com\/encuentro-con-lorenzo-caprile\/#primaryimage","url":"https:\/\/museosdealicante.com\/wp-content\/uploads\/2024\/09\/wp-header-logo-1.png","contentUrl":"https:\/\/museosdealicante.com\/wp-content\/uploads\/2024\/09\/wp-header-logo-1.png","width":500,"height":300},{"@type":"BreadcrumbList","@id":"https:\/\/museosdealicante.com\/encuentro-con-lorenzo-caprile\/#breadcrumb","itemListElement":[{"@type":"ListItem","position":1,"name":"Portada","item":"https:\/\/museosdealicante.com\/"},{"@type":"ListItem","position":2,"name":"Encuentro con Lorenzo Caprile"}]},{"@type":"WebSite","@id":"https:\/\/museosdealicante.com\/#website","url":"https:\/\/museosdealicante.com\/","name":"MUSEA | Museos de Alicante","description":"Toda la oferta sobre arte, cultura y patrimonio de la ciudad, toda la actualidad de los museos de Alicante","potentialAction":[{"@type":"SearchAction","target":{"@type":"EntryPoint","urlTemplate":"https:\/\/museosdealicante.com\/?s={search_term_string}"},"query-input":{"@type":"PropertyValueSpecification","valueRequired":true,"valueName":"search_term_string"}}],"inLanguage":"ca"},{"@type":"Person","@id":"https:\/\/museosdealicante.com\/#\/schema\/person\/0568f63519b86d8127abb9dca617ddd0","name":"Rosa Mar\u00eda Castells","image":{"@type":"ImageObject","inLanguage":"ca","@id":"https:\/\/secure.gravatar.com\/avatar\/782cc4dc634b1918299ba6f478389cd0b3e92a03c95d1fa5203bfad7090b694e?s=96&d=mm&r=g","url":"https:\/\/secure.gravatar.com\/avatar\/782cc4dc634b1918299ba6f478389cd0b3e92a03c95d1fa5203bfad7090b694e?s=96&d=mm&r=g","contentUrl":"https:\/\/secure.gravatar.com\/avatar\/782cc4dc634b1918299ba6f478389cd0b3e92a03c95d1fa5203bfad7090b694e?s=96&d=mm&r=g","caption":"Rosa Mar\u00eda Castells"},"url":"https:\/\/museosdealicante.com\/va\/author\/rosa-maria-castells\/"}]}},"_links":{"self":[{"href":"https:\/\/museosdealicante.com\/va\/wp-json\/wp\/v2\/posts\/2611","targetHints":{"allow":["GET"]}}],"collection":[{"href":"https:\/\/museosdealicante.com\/va\/wp-json\/wp\/v2\/posts"}],"about":[{"href":"https:\/\/museosdealicante.com\/va\/wp-json\/wp\/v2\/types\/post"}],"author":[{"embeddable":true,"href":"https:\/\/museosdealicante.com\/va\/wp-json\/wp\/v2\/users\/4"}],"replies":[{"embeddable":true,"href":"https:\/\/museosdealicante.com\/va\/wp-json\/wp\/v2\/comments?post=2611"}],"version-history":[{"count":0,"href":"https:\/\/museosdealicante.com\/va\/wp-json\/wp\/v2\/posts\/2611\/revisions"}],"wp:featuredmedia":[{"embeddable":true,"href":"https:\/\/museosdealicante.com\/va\/wp-json\/wp\/v2\/media\/2612"}],"wp:attachment":[{"href":"https:\/\/museosdealicante.com\/va\/wp-json\/wp\/v2\/media?parent=2611"}],"wp:term":[{"taxonomy":"category","embeddable":true,"href":"https:\/\/museosdealicante.com\/va\/wp-json\/wp\/v2\/categories?post=2611"},{"taxonomy":"post_tag","embeddable":true,"href":"https:\/\/museosdealicante.com\/va\/wp-json\/wp\/v2\/tags?post=2611"}],"curies":[{"name":"wp","href":"https:\/\/api.w.org\/{rel}","templated":true}]}}