{"id":2621,"date":"2024-09-10T16:04:06","date_gmt":"2024-09-10T16:04:06","guid":{"rendered":"https:\/\/museosdealicante.com\/el-festival-de-musica-electronica-ensolab-vuelve-a-las-cigarreras-y-amplia-actividades\/"},"modified":"2024-09-10T16:04:06","modified_gmt":"2024-09-10T16:04:06","slug":"el-festival-de-musica-electronica-ensolab-vuelve-a-las-cigarreras-y-amplia-actividades","status":"publish","type":"post","link":"https:\/\/museosdealicante.com\/va\/el-festival-de-musica-electronica-ensolab-vuelve-a-las-cigarreras-y-amplia-actividades\/","title":{"rendered":"El festival de m\u00fasica electr\u00f3nica Ensolab vuelve a Las Cigarreras y ampl\u00eda actividades"},"content":{"rendered":"<div>\n<ul>\n<li>Beldjiali destaca que \u201cEnsoLab celebra una nueva edici\u00f3n, y ya son ocho, convirti\u00e9ndose por m\u00e9ritos propios en el festival de producci\u00f3n y m\u00fasica electr\u00f3nica de referencia de la provincia\u201d<\/li>\n<\/ul>\n<p>\u00a0<\/p>\n<p><strong>Alicante, 10 de septiembre de 2024.\u00a0<\/strong>El festival de m\u00fasica electr\u00f3nica<strong>\u00a0<\/strong>EnsoLAB celebra su 8\u00aa edici\u00f3n entre el 14 de septiembre y el 26 de octubre, con el patrocinio del Consorci de Museus de la Comunitat Valenciana y la colaboraci\u00f3n la Concejal\u00eda de Cultura, el Centro Cultural Las Cigarreras y el Instituto de Cultura Juan Gil-Albert. Tambi\u00e9n cuenta un a\u00f1o m\u00e1s con la colaboraci\u00f3n de Cervezas Alhambra con un espacio en La Trasera.<\/p>\n<p>El festival de producci\u00f3n y m\u00fasica electr\u00f3nica EnsoLAB presenta una edici\u00f3n en formato expandido, ampl\u00eda su programaci\u00f3n con varios eventos de distinto formato en diferentes puntos de la ciudad y crea una agenda y recorrido cultural con sello de identidad propio, de manera que se reafirma como un evento cultural centrado en la cultura, producci\u00f3n y exhibici\u00f3n de m\u00fasica electr\u00f3nica experimental, avanzada y de vanguardia.<\/p>\n<p>La edil de Cultura, Nayma Beldjilali, ha se\u00f1alado que \u201cEnsoLab celebra una nueva edici\u00f3n, y ya son ocho, convirti\u00e9ndose por m\u00e9ritos propios en el festival de producci\u00f3n y m\u00fasica electr\u00f3nica de referencia de la provincia y prueba de ello es que en este a\u00f1o se han ampliado las fechas. Cabe destacar la implicaci\u00f3n de diferentes instituciones como el Ayuntamiento de Alicante, el Instituto de Cultura Juan Gil-Albert y el Consorci de Museus de la Generalitat Valenciana\u201d.<\/p>\n<p>El director-gerente del CMCV, Nicol\u00e1s Bugeda, ha reafirmado \u201cel compromiso de la Generalitat Valenciana con los productores de m\u00fasica electr\u00f3nica experimental y con la creaci\u00f3n de nuevos lenguajes de expresi\u00f3n art\u00edstica contempor\u00e1nea\u201d.<\/p>\n<p>En esta edici\u00f3n destaca el arranque del festival en el Centro de Cultural Las Cigarreras con la presentaci\u00f3n de dos artistas locales de prestigio. La sesi\u00f3n empezar\u00e1 con el directo y presentaci\u00f3n oficial de Hexagrama \/ Slew Rate, banda de m\u00fasica electr\u00f3nica experimental formada por los experimentados Jos\u00e9 Rodr\u00edguez (Insolent Musik Records) y Justo P\u00e9rez (JAM 21). El evento se cerrar\u00e1 con la potente y radical Rare Session del ingeniero de sonido y DJ Sablo.<\/p>\n<p>La siguiente cita ser\u00e1 el 5 de octubre con una sesi\u00f3n EnsoXtra en el espacio cultural alternativo GuanacoEvents. El evento correr\u00e1 a cargo de las bandas Miclono y \u2260Dogma Cobra\u2260, ambas muy vinculadas a los or\u00edgenes del festival y su desarrollo.<\/p>\n<p>La programaci\u00f3n continuar\u00e1 con el concierto organizado por el IAC Juan Gil-Albert en la sala de conferencias del ADDA, cuya fecha est\u00e1 a\u00fan por confirmar. Se trata del espect\u00e1culo audiovisual \u201cAbout Berlanga\u201d de los reconocidos artistas Edu Comelles y Sergi Palau, un directo que toma como punto de partida el universo cinematogr\u00e1fico de Berlanga y sus bandas sonoras para construir un paisaje sonoro y visual cr\u00edtico sobre la nostalgia, la memoria colectiva y el recuerdo. Este espect\u00e1culo, creado originalmente para el A\u00f1o Berlanga 2022, se presenta por primera vez fuera de ese contexto.<\/p>\n<p>EnsoLAB cerrar\u00e1 esta singular edici\u00f3n en su sede tradicional: en la Caja Negra del Centro Cultural Las Cigarreras, y su trasera transformada en Espacio Alhambra. Ser\u00e1 el viernes 25 y s\u00e1bado 26 de octubre en dos sesiones, que incluir\u00e1n showcase, masterclass y sus directos para cerrar las jornadas y el festival.<\/p>\n<\/div>\n<p><a href=\"https:\/\/www.alicante.es\/es\/node\/43097\">source<\/a><\/p>","protected":false},"excerpt":{"rendered":"<p>Beldjiali destaca que \u201cEnsoLab celebra una nueva edici\u00f3n, y ya son ocho, convirti\u00e9ndose por m\u00e9ritos propios en el festival de producci\u00f3n y m\u00fasica electr\u00f3nica de referencia de la provincia\u201d<span class=\"excerpt-hellip\"> [\u2026]<\/span><\/p>\n","protected":false},"author":8,"featured_media":2622,"comment_status":"","ping_status":"","sticky":false,"template":"","format":"standard","meta":{"_price":"","_stock":"","_tribe_ticket_header":"","_tribe_default_ticket_provider":"","_tribe_ticket_capacity":"0","_ticket_start_date":"","_ticket_end_date":"","_tribe_ticket_show_description":"","_tribe_ticket_show_not_going":false,"_tribe_ticket_use_global_stock":"","_tribe_ticket_global_stock_level":"","_global_stock_mode":"","_global_stock_cap":"","_tribe_rsvp_for_event":"","_tribe_ticket_going_count":"","_tribe_ticket_not_going_count":"","_tribe_tickets_list":"[]","_tribe_ticket_has_attendee_info_fields":false,"footnotes":""},"categories":[14],"tags":[],"class_list":["post-2621","post","type-post","status-publish","format-standard","has-post-thumbnail","hentry","category-cigarreras"],"yoast_head":"<!-- This site is optimized with the Yoast SEO plugin v27.3 - https:\/\/yoast.com\/product\/yoast-seo-wordpress\/ -->\n<title>El festival de m\u00fasica electr\u00f3nica Ensolab vuelve a Las Cigarreras y ampl\u00eda actividades - MUSEA | Museos de Alicante<\/title>\n<meta name=\"robots\" content=\"index, follow, max-snippet:-1, max-image-preview:large, max-video-preview:-1\" \/>\n<link rel=\"canonical\" href=\"https:\/\/museosdealicante.com\/va\/el-festival-de-musica-electronica-ensolab-vuelve-a-las-cigarreras-y-amplia-actividades\/\" \/>\n<meta property=\"og:locale\" content=\"ca_ES\" \/>\n<meta property=\"og:type\" content=\"article\" \/>\n<meta property=\"og:title\" content=\"El festival de m\u00fasica electr\u00f3nica Ensolab vuelve a Las Cigarreras y ampl\u00eda actividades - MUSEA | Museos de Alicante\" \/>\n<meta property=\"og:description\" content=\"Beldjiali destaca que \u201cEnsoLab celebra una nueva edici\u00f3n, y ya son ocho, convirti\u00e9ndose por m\u00e9ritos propios en el festival de producci\u00f3n y m\u00fasica electr\u00f3nica de referencia de la provincia\u201d [\u2026]\" \/>\n<meta property=\"og:url\" content=\"https:\/\/museosdealicante.com\/va\/el-festival-de-musica-electronica-ensolab-vuelve-a-las-cigarreras-y-amplia-actividades\/\" \/>\n<meta property=\"og:site_name\" content=\"MUSEA | Museos de Alicante\" \/>\n<meta property=\"article:published_time\" content=\"2024-09-10T16:04:06+00:00\" \/>\n<meta name=\"author\" content=\"Carolina Fuentes\" \/>\n<meta name=\"twitter:card\" content=\"summary_large_image\" \/>\n<meta name=\"twitter:label1\" content=\"Escrit per\" \/>\n\t<meta name=\"twitter:data1\" content=\"Carolina Fuentes\" \/>\n\t<meta name=\"twitter:label2\" content=\"Temps estimat de lectura\" \/>\n\t<meta name=\"twitter:data2\" content=\"3 minuts\" \/>\n<script type=\"application\/ld+json\" class=\"yoast-schema-graph\">{\"@context\":\"https:\\\/\\\/schema.org\",\"@graph\":[{\"@type\":\"Article\",\"@id\":\"https:\\\/\\\/museosdealicante.com\\\/el-festival-de-musica-electronica-ensolab-vuelve-a-las-cigarreras-y-amplia-actividades\\\/#article\",\"isPartOf\":{\"@id\":\"https:\\\/\\\/museosdealicante.com\\\/el-festival-de-musica-electronica-ensolab-vuelve-a-las-cigarreras-y-amplia-actividades\\\/\"},\"author\":{\"name\":\"Carolina Fuentes\",\"@id\":\"https:\\\/\\\/museosdealicante.com\\\/#\\\/schema\\\/person\\\/b8e21892e9b6af60e856f31f0dce8cbd\"},\"headline\":\"El festival de m\u00fasica electr\u00f3nica Ensolab vuelve a Las Cigarreras y ampl\u00eda actividades\",\"datePublished\":\"2024-09-10T16:04:06+00:00\",\"mainEntityOfPage\":{\"@id\":\"https:\\\/\\\/museosdealicante.com\\\/el-festival-de-musica-electronica-ensolab-vuelve-a-las-cigarreras-y-amplia-actividades\\\/\"},\"wordCount\":602,\"image\":{\"@id\":\"https:\\\/\\\/museosdealicante.com\\\/el-festival-de-musica-electronica-ensolab-vuelve-a-las-cigarreras-y-amplia-actividades\\\/#primaryimage\"},\"thumbnailUrl\":\"https:\\\/\\\/museosdealicante.com\\\/wp-content\\\/uploads\\\/2024\\\/09\\\/wp-header-logo-6.png\",\"articleSection\":[\"CIGARRERAS\"],\"inLanguage\":\"ca\"},{\"@type\":\"WebPage\",\"@id\":\"https:\\\/\\\/museosdealicante.com\\\/el-festival-de-musica-electronica-ensolab-vuelve-a-las-cigarreras-y-amplia-actividades\\\/\",\"url\":\"https:\\\/\\\/museosdealicante.com\\\/el-festival-de-musica-electronica-ensolab-vuelve-a-las-cigarreras-y-amplia-actividades\\\/\",\"name\":\"El festival de m\u00fasica electr\u00f3nica Ensolab vuelve a Las Cigarreras y ampl\u00eda actividades - MUSEA | Museos de Alicante\",\"isPartOf\":{\"@id\":\"https:\\\/\\\/museosdealicante.com\\\/#website\"},\"primaryImageOfPage\":{\"@id\":\"https:\\\/\\\/museosdealicante.com\\\/el-festival-de-musica-electronica-ensolab-vuelve-a-las-cigarreras-y-amplia-actividades\\\/#primaryimage\"},\"image\":{\"@id\":\"https:\\\/\\\/museosdealicante.com\\\/el-festival-de-musica-electronica-ensolab-vuelve-a-las-cigarreras-y-amplia-actividades\\\/#primaryimage\"},\"thumbnailUrl\":\"https:\\\/\\\/museosdealicante.com\\\/wp-content\\\/uploads\\\/2024\\\/09\\\/wp-header-logo-6.png\",\"datePublished\":\"2024-09-10T16:04:06+00:00\",\"author\":{\"@id\":\"https:\\\/\\\/museosdealicante.com\\\/#\\\/schema\\\/person\\\/b8e21892e9b6af60e856f31f0dce8cbd\"},\"breadcrumb\":{\"@id\":\"https:\\\/\\\/museosdealicante.com\\\/el-festival-de-musica-electronica-ensolab-vuelve-a-las-cigarreras-y-amplia-actividades\\\/#breadcrumb\"},\"inLanguage\":\"ca\",\"potentialAction\":[{\"@type\":\"ReadAction\",\"target\":[\"https:\\\/\\\/museosdealicante.com\\\/el-festival-de-musica-electronica-ensolab-vuelve-a-las-cigarreras-y-amplia-actividades\\\/\"]}]},{\"@type\":\"ImageObject\",\"inLanguage\":\"ca\",\"@id\":\"https:\\\/\\\/museosdealicante.com\\\/el-festival-de-musica-electronica-ensolab-vuelve-a-las-cigarreras-y-amplia-actividades\\\/#primaryimage\",\"url\":\"https:\\\/\\\/museosdealicante.com\\\/wp-content\\\/uploads\\\/2024\\\/09\\\/wp-header-logo-6.png\",\"contentUrl\":\"https:\\\/\\\/museosdealicante.com\\\/wp-content\\\/uploads\\\/2024\\\/09\\\/wp-header-logo-6.png\",\"width\":1080,\"height\":1350},{\"@type\":\"BreadcrumbList\",\"@id\":\"https:\\\/\\\/museosdealicante.com\\\/el-festival-de-musica-electronica-ensolab-vuelve-a-las-cigarreras-y-amplia-actividades\\\/#breadcrumb\",\"itemListElement\":[{\"@type\":\"ListItem\",\"position\":1,\"name\":\"Portada\",\"item\":\"https:\\\/\\\/museosdealicante.com\\\/\"},{\"@type\":\"ListItem\",\"position\":2,\"name\":\"El festival de m\u00fasica electr\u00f3nica Ensolab vuelve a Las Cigarreras y ampl\u00eda actividades\"}]},{\"@type\":\"WebSite\",\"@id\":\"https:\\\/\\\/museosdealicante.com\\\/#website\",\"url\":\"https:\\\/\\\/museosdealicante.com\\\/\",\"name\":\"MUSEA | Museos de Alicante\",\"description\":\"Toda la oferta sobre arte, cultura y patrimonio de la ciudad, toda la actualidad de los museos de Alicante\",\"potentialAction\":[{\"@type\":\"SearchAction\",\"target\":{\"@type\":\"EntryPoint\",\"urlTemplate\":\"https:\\\/\\\/museosdealicante.com\\\/?s={search_term_string}\"},\"query-input\":{\"@type\":\"PropertyValueSpecification\",\"valueRequired\":true,\"valueName\":\"search_term_string\"}}],\"inLanguage\":\"ca\"},{\"@type\":\"Person\",\"@id\":\"https:\\\/\\\/museosdealicante.com\\\/#\\\/schema\\\/person\\\/b8e21892e9b6af60e856f31f0dce8cbd\",\"name\":\"Carolina Fuentes\",\"image\":{\"@type\":\"ImageObject\",\"inLanguage\":\"ca\",\"@id\":\"https:\\\/\\\/secure.gravatar.com\\\/avatar\\\/01f78e22536b5ffd26064d48b4b5761365a20d8fcf22b8fa03a63f307abc9dc6?s=96&d=mm&r=g\",\"url\":\"https:\\\/\\\/secure.gravatar.com\\\/avatar\\\/01f78e22536b5ffd26064d48b4b5761365a20d8fcf22b8fa03a63f307abc9dc6?s=96&d=mm&r=g\",\"contentUrl\":\"https:\\\/\\\/secure.gravatar.com\\\/avatar\\\/01f78e22536b5ffd26064d48b4b5761365a20d8fcf22b8fa03a63f307abc9dc6?s=96&d=mm&r=g\",\"caption\":\"Carolina Fuentes\"},\"url\":\"https:\\\/\\\/museosdealicante.com\\\/va\\\/author\\\/carolina-fuentes\\\/\"}]}<\/script>\n<!-- \/ Yoast SEO plugin. -->","yoast_head_json":{"title":"El festival de m\u00fasica electr\u00f3nica Ensolab vuelve a Las Cigarreras y ampl\u00eda actividades - MUSEA | Museos de Alicante","robots":{"index":"index","follow":"follow","max-snippet":"max-snippet:-1","max-image-preview":"max-image-preview:large","max-video-preview":"max-video-preview:-1"},"canonical":"https:\/\/museosdealicante.com\/va\/el-festival-de-musica-electronica-ensolab-vuelve-a-las-cigarreras-y-amplia-actividades\/","og_locale":"ca_ES","og_type":"article","og_title":"El festival de m\u00fasica electr\u00f3nica Ensolab vuelve a Las Cigarreras y ampl\u00eda actividades - MUSEA | Museos de Alicante","og_description":"Beldjiali destaca que \u201cEnsoLab celebra una nueva edici\u00f3n, y ya son ocho, convirti\u00e9ndose por m\u00e9ritos propios en el festival de producci\u00f3n y m\u00fasica electr\u00f3nica de referencia de la provincia\u201d [\u2026]","og_url":"https:\/\/museosdealicante.com\/va\/el-festival-de-musica-electronica-ensolab-vuelve-a-las-cigarreras-y-amplia-actividades\/","og_site_name":"MUSEA | Museos de Alicante","article_published_time":"2024-09-10T16:04:06+00:00","author":"Carolina Fuentes","twitter_card":"summary_large_image","twitter_misc":{"Escrit per":"Carolina Fuentes","Temps estimat de lectura":"3 minuts"},"schema":{"@context":"https:\/\/schema.org","@graph":[{"@type":"Article","@id":"https:\/\/museosdealicante.com\/el-festival-de-musica-electronica-ensolab-vuelve-a-las-cigarreras-y-amplia-actividades\/#article","isPartOf":{"@id":"https:\/\/museosdealicante.com\/el-festival-de-musica-electronica-ensolab-vuelve-a-las-cigarreras-y-amplia-actividades\/"},"author":{"name":"Carolina Fuentes","@id":"https:\/\/museosdealicante.com\/#\/schema\/person\/b8e21892e9b6af60e856f31f0dce8cbd"},"headline":"El festival de m\u00fasica electr\u00f3nica Ensolab vuelve a Las Cigarreras y ampl\u00eda actividades","datePublished":"2024-09-10T16:04:06+00:00","mainEntityOfPage":{"@id":"https:\/\/museosdealicante.com\/el-festival-de-musica-electronica-ensolab-vuelve-a-las-cigarreras-y-amplia-actividades\/"},"wordCount":602,"image":{"@id":"https:\/\/museosdealicante.com\/el-festival-de-musica-electronica-ensolab-vuelve-a-las-cigarreras-y-amplia-actividades\/#primaryimage"},"thumbnailUrl":"https:\/\/museosdealicante.com\/wp-content\/uploads\/2024\/09\/wp-header-logo-6.png","articleSection":["CIGARRERAS"],"inLanguage":"ca"},{"@type":"WebPage","@id":"https:\/\/museosdealicante.com\/el-festival-de-musica-electronica-ensolab-vuelve-a-las-cigarreras-y-amplia-actividades\/","url":"https:\/\/museosdealicante.com\/el-festival-de-musica-electronica-ensolab-vuelve-a-las-cigarreras-y-amplia-actividades\/","name":"El festival de m\u00fasica electr\u00f3nica Ensolab vuelve a Las Cigarreras y ampl\u00eda actividades - MUSEA | Museos de Alicante","isPartOf":{"@id":"https:\/\/museosdealicante.com\/#website"},"primaryImageOfPage":{"@id":"https:\/\/museosdealicante.com\/el-festival-de-musica-electronica-ensolab-vuelve-a-las-cigarreras-y-amplia-actividades\/#primaryimage"},"image":{"@id":"https:\/\/museosdealicante.com\/el-festival-de-musica-electronica-ensolab-vuelve-a-las-cigarreras-y-amplia-actividades\/#primaryimage"},"thumbnailUrl":"https:\/\/museosdealicante.com\/wp-content\/uploads\/2024\/09\/wp-header-logo-6.png","datePublished":"2024-09-10T16:04:06+00:00","author":{"@id":"https:\/\/museosdealicante.com\/#\/schema\/person\/b8e21892e9b6af60e856f31f0dce8cbd"},"breadcrumb":{"@id":"https:\/\/museosdealicante.com\/el-festival-de-musica-electronica-ensolab-vuelve-a-las-cigarreras-y-amplia-actividades\/#breadcrumb"},"inLanguage":"ca","potentialAction":[{"@type":"ReadAction","target":["https:\/\/museosdealicante.com\/el-festival-de-musica-electronica-ensolab-vuelve-a-las-cigarreras-y-amplia-actividades\/"]}]},{"@type":"ImageObject","inLanguage":"ca","@id":"https:\/\/museosdealicante.com\/el-festival-de-musica-electronica-ensolab-vuelve-a-las-cigarreras-y-amplia-actividades\/#primaryimage","url":"https:\/\/museosdealicante.com\/wp-content\/uploads\/2024\/09\/wp-header-logo-6.png","contentUrl":"https:\/\/museosdealicante.com\/wp-content\/uploads\/2024\/09\/wp-header-logo-6.png","width":1080,"height":1350},{"@type":"BreadcrumbList","@id":"https:\/\/museosdealicante.com\/el-festival-de-musica-electronica-ensolab-vuelve-a-las-cigarreras-y-amplia-actividades\/#breadcrumb","itemListElement":[{"@type":"ListItem","position":1,"name":"Portada","item":"https:\/\/museosdealicante.com\/"},{"@type":"ListItem","position":2,"name":"El festival de m\u00fasica electr\u00f3nica Ensolab vuelve a Las Cigarreras y ampl\u00eda actividades"}]},{"@type":"WebSite","@id":"https:\/\/museosdealicante.com\/#website","url":"https:\/\/museosdealicante.com\/","name":"MUSEA | Museos de Alicante","description":"Toda la oferta sobre arte, cultura y patrimonio de la ciudad, toda la actualidad de los museos de Alicante","potentialAction":[{"@type":"SearchAction","target":{"@type":"EntryPoint","urlTemplate":"https:\/\/museosdealicante.com\/?s={search_term_string}"},"query-input":{"@type":"PropertyValueSpecification","valueRequired":true,"valueName":"search_term_string"}}],"inLanguage":"ca"},{"@type":"Person","@id":"https:\/\/museosdealicante.com\/#\/schema\/person\/b8e21892e9b6af60e856f31f0dce8cbd","name":"Carolina Fuentes","image":{"@type":"ImageObject","inLanguage":"ca","@id":"https:\/\/secure.gravatar.com\/avatar\/01f78e22536b5ffd26064d48b4b5761365a20d8fcf22b8fa03a63f307abc9dc6?s=96&d=mm&r=g","url":"https:\/\/secure.gravatar.com\/avatar\/01f78e22536b5ffd26064d48b4b5761365a20d8fcf22b8fa03a63f307abc9dc6?s=96&d=mm&r=g","contentUrl":"https:\/\/secure.gravatar.com\/avatar\/01f78e22536b5ffd26064d48b4b5761365a20d8fcf22b8fa03a63f307abc9dc6?s=96&d=mm&r=g","caption":"Carolina Fuentes"},"url":"https:\/\/museosdealicante.com\/va\/author\/carolina-fuentes\/"}]}},"_links":{"self":[{"href":"https:\/\/museosdealicante.com\/va\/wp-json\/wp\/v2\/posts\/2621","targetHints":{"allow":["GET"]}}],"collection":[{"href":"https:\/\/museosdealicante.com\/va\/wp-json\/wp\/v2\/posts"}],"about":[{"href":"https:\/\/museosdealicante.com\/va\/wp-json\/wp\/v2\/types\/post"}],"author":[{"embeddable":true,"href":"https:\/\/museosdealicante.com\/va\/wp-json\/wp\/v2\/users\/8"}],"replies":[{"embeddable":true,"href":"https:\/\/museosdealicante.com\/va\/wp-json\/wp\/v2\/comments?post=2621"}],"version-history":[{"count":0,"href":"https:\/\/museosdealicante.com\/va\/wp-json\/wp\/v2\/posts\/2621\/revisions"}],"wp:featuredmedia":[{"embeddable":true,"href":"https:\/\/museosdealicante.com\/va\/wp-json\/wp\/v2\/media\/2622"}],"wp:attachment":[{"href":"https:\/\/museosdealicante.com\/va\/wp-json\/wp\/v2\/media?parent=2621"}],"wp:term":[{"taxonomy":"category","embeddable":true,"href":"https:\/\/museosdealicante.com\/va\/wp-json\/wp\/v2\/categories?post=2621"},{"taxonomy":"post_tag","embeddable":true,"href":"https:\/\/museosdealicante.com\/va\/wp-json\/wp\/v2\/tags?post=2621"}],"curies":[{"name":"wp","href":"https:\/\/api.w.org\/{rel}","templated":true}]}}