{"id":2658,"date":"2024-09-19T02:09:55","date_gmt":"2024-09-19T02:09:55","guid":{"rendered":"https:\/\/museosdealicante.com\/becas-restauracion-y-museografia-2025\/"},"modified":"2024-09-19T02:09:55","modified_gmt":"2024-09-19T02:09:55","slug":"becas-restauracion-y-museografia-2025","status":"publish","type":"post","link":"https:\/\/museosdealicante.com\/va\/becas-restauracion-y-museografia-2025\/","title":{"rendered":"BECAS RESTAURACI\u00d3N Y MUSEOGRAF\u00cdA 2025"},"content":{"rendered":"<div itemprop=\"text\">\n<p>Un a\u00f1o m\u00e1s se convocan en el MUBAG cuatro becas de formaci\u00f3n: dos becas de formaci\u00f3n en Restauraci\u00f3n de Bellas Artes y dos becas de formaci\u00f3n en Museograf\u00eda.<\/p>\n<p>Las bases se han publicado en el BOP (Bolet\u00edn Oficial de la Provincia de Alicante), n\u00famero 179, del 17 de septiembre de 2024:<\/p>\n<p>BECAS MUBAG MUSEOGRAF\u00cdA 2025<\/p>\n<p>BECAS MUBAG RESTAURACI\u00d3N 2025<\/p>\n<\/p><\/div>\n<p><a href=\"https:\/\/www.mubag.es\/becas-restaruacion-y-museografia-2025\/\">source<\/a><\/p>","protected":false},"excerpt":{"rendered":"<p>Un a\u00f1o m\u00e1s se convocan en el MUBAG cuatro becas de formaci\u00f3n: dos becas de formaci\u00f3n en Restauraci\u00f3n de Bellas Artes y dos becas de formaci\u00f3n en Museograf\u00eda. Las<span class=\"excerpt-hellip\"> [\u2026]<\/span><\/p>\n","protected":false},"author":5,"featured_media":0,"comment_status":"","ping_status":"","sticky":false,"template":"","format":"standard","meta":{"_price":"","_stock":"","_tribe_ticket_header":"","_tribe_default_ticket_provider":"","_tribe_ticket_capacity":"0","_ticket_start_date":"","_ticket_end_date":"","_tribe_ticket_show_description":"","_tribe_ticket_show_not_going":false,"_tribe_ticket_use_global_stock":"","_tribe_ticket_global_stock_level":"","_global_stock_mode":"","_global_stock_cap":"","_tribe_rsvp_for_event":"","_tribe_ticket_going_count":"","_tribe_ticket_not_going_count":"","_tribe_tickets_list":"[]","_tribe_ticket_has_attendee_info_fields":false,"footnotes":""},"categories":[8],"tags":[],"class_list":["post-2658","post","type-post","status-publish","format-standard","hentry","category-mubag"],"yoast_head":"<!-- This site is optimized with the Yoast SEO plugin v27.3 - https:\/\/yoast.com\/product\/yoast-seo-wordpress\/ -->\n<title>BECAS RESTAURACI\u00d3N Y MUSEOGRAF\u00cdA 2025 - MUSEA | Museos de Alicante<\/title>\n<meta name=\"robots\" content=\"index, follow, max-snippet:-1, max-image-preview:large, max-video-preview:-1\" \/>\n<link rel=\"canonical\" href=\"https:\/\/museosdealicante.com\/va\/becas-restauracion-y-museografia-2025\/\" \/>\n<meta property=\"og:locale\" content=\"ca_ES\" \/>\n<meta property=\"og:type\" content=\"article\" \/>\n<meta property=\"og:title\" content=\"BECAS RESTAURACI\u00d3N Y MUSEOGRAF\u00cdA 2025 - MUSEA | Museos de Alicante\" \/>\n<meta property=\"og:description\" content=\"Un a\u00f1o m\u00e1s se convocan en el MUBAG cuatro becas de formaci\u00f3n: dos becas de formaci\u00f3n en Restauraci\u00f3n de Bellas Artes y dos becas de formaci\u00f3n en Museograf\u00eda. Las [\u2026]\" \/>\n<meta property=\"og:url\" content=\"https:\/\/museosdealicante.com\/va\/becas-restauracion-y-museografia-2025\/\" \/>\n<meta property=\"og:site_name\" content=\"MUSEA | Museos de Alicante\" \/>\n<meta property=\"article:published_time\" content=\"2024-09-19T02:09:55+00:00\" \/>\n<meta name=\"author\" content=\"Mar\u00eda Gazabat\" \/>\n<meta name=\"twitter:card\" content=\"summary_large_image\" \/>\n<meta name=\"twitter:label1\" content=\"Escrit per\" \/>\n\t<meta name=\"twitter:data1\" content=\"Mar\u00eda Gazabat\" \/>\n<script type=\"application\/ld+json\" class=\"yoast-schema-graph\">{\"@context\":\"https:\\\/\\\/schema.org\",\"@graph\":[{\"@type\":\"Article\",\"@id\":\"https:\\\/\\\/museosdealicante.com\\\/becas-restauracion-y-museografia-2025\\\/#article\",\"isPartOf\":{\"@id\":\"https:\\\/\\\/museosdealicante.com\\\/becas-restauracion-y-museografia-2025\\\/\"},\"author\":{\"name\":\"Mar\u00eda Gazabat\",\"@id\":\"https:\\\/\\\/museosdealicante.com\\\/#\\\/schema\\\/person\\\/1c0e77442ffdecd8378b214dd4a6eb6c\"},\"headline\":\"BECAS RESTAURACI\u00d3N Y MUSEOGRAF\u00cdA 2025\",\"datePublished\":\"2024-09-19T02:09:55+00:00\",\"mainEntityOfPage\":{\"@id\":\"https:\\\/\\\/museosdealicante.com\\\/becas-restauracion-y-museografia-2025\\\/\"},\"wordCount\":72,\"articleSection\":[\"MUBAG\"],\"inLanguage\":\"ca\"},{\"@type\":\"WebPage\",\"@id\":\"https:\\\/\\\/museosdealicante.com\\\/becas-restauracion-y-museografia-2025\\\/\",\"url\":\"https:\\\/\\\/museosdealicante.com\\\/becas-restauracion-y-museografia-2025\\\/\",\"name\":\"BECAS RESTAURACI\u00d3N Y MUSEOGRAF\u00cdA 2025 - MUSEA | Museos de Alicante\",\"isPartOf\":{\"@id\":\"https:\\\/\\\/museosdealicante.com\\\/#website\"},\"datePublished\":\"2024-09-19T02:09:55+00:00\",\"author\":{\"@id\":\"https:\\\/\\\/museosdealicante.com\\\/#\\\/schema\\\/person\\\/1c0e77442ffdecd8378b214dd4a6eb6c\"},\"breadcrumb\":{\"@id\":\"https:\\\/\\\/museosdealicante.com\\\/becas-restauracion-y-museografia-2025\\\/#breadcrumb\"},\"inLanguage\":\"ca\",\"potentialAction\":[{\"@type\":\"ReadAction\",\"target\":[\"https:\\\/\\\/museosdealicante.com\\\/becas-restauracion-y-museografia-2025\\\/\"]}]},{\"@type\":\"BreadcrumbList\",\"@id\":\"https:\\\/\\\/museosdealicante.com\\\/becas-restauracion-y-museografia-2025\\\/#breadcrumb\",\"itemListElement\":[{\"@type\":\"ListItem\",\"position\":1,\"name\":\"Portada\",\"item\":\"https:\\\/\\\/museosdealicante.com\\\/\"},{\"@type\":\"ListItem\",\"position\":2,\"name\":\"BECAS RESTAURACI\u00d3N Y MUSEOGRAF\u00cdA 2025\"}]},{\"@type\":\"WebSite\",\"@id\":\"https:\\\/\\\/museosdealicante.com\\\/#website\",\"url\":\"https:\\\/\\\/museosdealicante.com\\\/\",\"name\":\"MUSEA | Museos de Alicante\",\"description\":\"Toda la oferta sobre arte, cultura y patrimonio de la ciudad, toda la actualidad de los museos de Alicante\",\"potentialAction\":[{\"@type\":\"SearchAction\",\"target\":{\"@type\":\"EntryPoint\",\"urlTemplate\":\"https:\\\/\\\/museosdealicante.com\\\/?s={search_term_string}\"},\"query-input\":{\"@type\":\"PropertyValueSpecification\",\"valueRequired\":true,\"valueName\":\"search_term_string\"}}],\"inLanguage\":\"ca\"},{\"@type\":\"Person\",\"@id\":\"https:\\\/\\\/museosdealicante.com\\\/#\\\/schema\\\/person\\\/1c0e77442ffdecd8378b214dd4a6eb6c\",\"name\":\"Mar\u00eda Gazabat\",\"image\":{\"@type\":\"ImageObject\",\"inLanguage\":\"ca\",\"@id\":\"https:\\\/\\\/secure.gravatar.com\\\/avatar\\\/dfb63e5fc17fcedeefa972b8e32faa94f057a6b076c0d6dea8d7553811319cc5?s=96&d=mm&r=g\",\"url\":\"https:\\\/\\\/secure.gravatar.com\\\/avatar\\\/dfb63e5fc17fcedeefa972b8e32faa94f057a6b076c0d6dea8d7553811319cc5?s=96&d=mm&r=g\",\"contentUrl\":\"https:\\\/\\\/secure.gravatar.com\\\/avatar\\\/dfb63e5fc17fcedeefa972b8e32faa94f057a6b076c0d6dea8d7553811319cc5?s=96&d=mm&r=g\",\"caption\":\"Mar\u00eda Gazabat\"},\"url\":\"https:\\\/\\\/museosdealicante.com\\\/va\\\/author\\\/maria-gazabat\\\/\"}]}<\/script>\n<!-- \/ Yoast SEO plugin. -->","yoast_head_json":{"title":"BECAS RESTAURACI\u00d3N Y MUSEOGRAF\u00cdA 2025 - MUSEA | Museos de Alicante","robots":{"index":"index","follow":"follow","max-snippet":"max-snippet:-1","max-image-preview":"max-image-preview:large","max-video-preview":"max-video-preview:-1"},"canonical":"https:\/\/museosdealicante.com\/va\/becas-restauracion-y-museografia-2025\/","og_locale":"ca_ES","og_type":"article","og_title":"BECAS RESTAURACI\u00d3N Y MUSEOGRAF\u00cdA 2025 - MUSEA | Museos de Alicante","og_description":"Un a\u00f1o m\u00e1s se convocan en el MUBAG cuatro becas de formaci\u00f3n: dos becas de formaci\u00f3n en Restauraci\u00f3n de Bellas Artes y dos becas de formaci\u00f3n en Museograf\u00eda. Las [\u2026]","og_url":"https:\/\/museosdealicante.com\/va\/becas-restauracion-y-museografia-2025\/","og_site_name":"MUSEA | Museos de Alicante","article_published_time":"2024-09-19T02:09:55+00:00","author":"Mar\u00eda Gazabat","twitter_card":"summary_large_image","twitter_misc":{"Escrit per":"Mar\u00eda Gazabat"},"schema":{"@context":"https:\/\/schema.org","@graph":[{"@type":"Article","@id":"https:\/\/museosdealicante.com\/becas-restauracion-y-museografia-2025\/#article","isPartOf":{"@id":"https:\/\/museosdealicante.com\/becas-restauracion-y-museografia-2025\/"},"author":{"name":"Mar\u00eda Gazabat","@id":"https:\/\/museosdealicante.com\/#\/schema\/person\/1c0e77442ffdecd8378b214dd4a6eb6c"},"headline":"BECAS RESTAURACI\u00d3N Y MUSEOGRAF\u00cdA 2025","datePublished":"2024-09-19T02:09:55+00:00","mainEntityOfPage":{"@id":"https:\/\/museosdealicante.com\/becas-restauracion-y-museografia-2025\/"},"wordCount":72,"articleSection":["MUBAG"],"inLanguage":"ca"},{"@type":"WebPage","@id":"https:\/\/museosdealicante.com\/becas-restauracion-y-museografia-2025\/","url":"https:\/\/museosdealicante.com\/becas-restauracion-y-museografia-2025\/","name":"BECAS RESTAURACI\u00d3N Y MUSEOGRAF\u00cdA 2025 - MUSEA | Museos de Alicante","isPartOf":{"@id":"https:\/\/museosdealicante.com\/#website"},"datePublished":"2024-09-19T02:09:55+00:00","author":{"@id":"https:\/\/museosdealicante.com\/#\/schema\/person\/1c0e77442ffdecd8378b214dd4a6eb6c"},"breadcrumb":{"@id":"https:\/\/museosdealicante.com\/becas-restauracion-y-museografia-2025\/#breadcrumb"},"inLanguage":"ca","potentialAction":[{"@type":"ReadAction","target":["https:\/\/museosdealicante.com\/becas-restauracion-y-museografia-2025\/"]}]},{"@type":"BreadcrumbList","@id":"https:\/\/museosdealicante.com\/becas-restauracion-y-museografia-2025\/#breadcrumb","itemListElement":[{"@type":"ListItem","position":1,"name":"Portada","item":"https:\/\/museosdealicante.com\/"},{"@type":"ListItem","position":2,"name":"BECAS RESTAURACI\u00d3N Y MUSEOGRAF\u00cdA 2025"}]},{"@type":"WebSite","@id":"https:\/\/museosdealicante.com\/#website","url":"https:\/\/museosdealicante.com\/","name":"MUSEA | Museos de Alicante","description":"Toda la oferta sobre arte, cultura y patrimonio de la ciudad, toda la actualidad de los museos de Alicante","potentialAction":[{"@type":"SearchAction","target":{"@type":"EntryPoint","urlTemplate":"https:\/\/museosdealicante.com\/?s={search_term_string}"},"query-input":{"@type":"PropertyValueSpecification","valueRequired":true,"valueName":"search_term_string"}}],"inLanguage":"ca"},{"@type":"Person","@id":"https:\/\/museosdealicante.com\/#\/schema\/person\/1c0e77442ffdecd8378b214dd4a6eb6c","name":"Mar\u00eda Gazabat","image":{"@type":"ImageObject","inLanguage":"ca","@id":"https:\/\/secure.gravatar.com\/avatar\/dfb63e5fc17fcedeefa972b8e32faa94f057a6b076c0d6dea8d7553811319cc5?s=96&d=mm&r=g","url":"https:\/\/secure.gravatar.com\/avatar\/dfb63e5fc17fcedeefa972b8e32faa94f057a6b076c0d6dea8d7553811319cc5?s=96&d=mm&r=g","contentUrl":"https:\/\/secure.gravatar.com\/avatar\/dfb63e5fc17fcedeefa972b8e32faa94f057a6b076c0d6dea8d7553811319cc5?s=96&d=mm&r=g","caption":"Mar\u00eda Gazabat"},"url":"https:\/\/museosdealicante.com\/va\/author\/maria-gazabat\/"}]}},"_links":{"self":[{"href":"https:\/\/museosdealicante.com\/va\/wp-json\/wp\/v2\/posts\/2658","targetHints":{"allow":["GET"]}}],"collection":[{"href":"https:\/\/museosdealicante.com\/va\/wp-json\/wp\/v2\/posts"}],"about":[{"href":"https:\/\/museosdealicante.com\/va\/wp-json\/wp\/v2\/types\/post"}],"author":[{"embeddable":true,"href":"https:\/\/museosdealicante.com\/va\/wp-json\/wp\/v2\/users\/5"}],"replies":[{"embeddable":true,"href":"https:\/\/museosdealicante.com\/va\/wp-json\/wp\/v2\/comments?post=2658"}],"version-history":[{"count":0,"href":"https:\/\/museosdealicante.com\/va\/wp-json\/wp\/v2\/posts\/2658\/revisions"}],"wp:attachment":[{"href":"https:\/\/museosdealicante.com\/va\/wp-json\/wp\/v2\/media?parent=2658"}],"wp:term":[{"taxonomy":"category","embeddable":true,"href":"https:\/\/museosdealicante.com\/va\/wp-json\/wp\/v2\/categories?post=2658"},{"taxonomy":"post_tag","embeddable":true,"href":"https:\/\/museosdealicante.com\/va\/wp-json\/wp\/v2\/tags?post=2658"}],"curies":[{"name":"wp","href":"https:\/\/api.w.org\/{rel}","templated":true}]}}