{"id":2687,"date":"2024-10-02T16:56:19","date_gmt":"2024-10-02T16:56:19","guid":{"rendered":"https:\/\/museosdealicante.com\/exposicion-amb-el-buit-plens-poders\/"},"modified":"2024-10-02T16:56:19","modified_gmt":"2024-10-02T16:56:19","slug":"exposicion-amb-el-buit-plens-poders","status":"publish","type":"post","link":"https:\/\/museosdealicante.com\/va\/exposicion-amb-el-buit-plens-poders\/","title":{"rendered":"Exposici\u00f3n. Amb el buit, plens poders"},"content":{"rendered":"<div property=\"content:encoded\">\n<p><strong>Inauguraci\u00f3n, el 19 de octubre a las 12.30 horas<\/strong><\/p>\n<p>Con el vac\u00edo, plenos poderes es la frase que escribe Albert Camus en el libro de visitas de\u00a0la exposici\u00f3n El vac\u00edo, de Yves Klein, en 1958. Con ella, se inaugura la reflexi\u00f3n sobre la\u00a0potencialidad del vac\u00edo en el espacio expositivo y las negociaciones sociales que se\u00a0establecen en este espacio para considerarlo as\u00ed. Recogiendo esta frase, en la exposici\u00f3n\u00a0Amb el buit plens poders, tomamos el vac\u00edo como\u00a0 protagonista y cuestionamos su car\u00e1cter\u00a0neutral y as\u00e9ptico, pues entendemos que vaciar de contenido es una cuesti\u00f3n pol\u00edtica que\u00a0socialmente determina c\u00f3mo se interpreta la memoria, c\u00f3mo se ocupa el espacio y qu\u00e9\u00a0cuerpos pueden y no hacerlo.<\/p>\n<p>As\u00ed, las artistas que conforman Amb el buit, plens poders, Azucena Vieites, Carla Marz\u00e1n,\u00a0Mar\u00eda Tinaut, JJJJJerome Ellis, Jone Erzilla y Mar\u00eda Vidal, cuestionan a trav\u00e9s de sus obras\u00a0las nociones violentas, pol\u00edtico-sociales y espaciales de la entereza, el vaciado o la\u00a0neutralidad. Porque, \u00bfqu\u00e9 implica tomar algo por neutro? \u00bfqui\u00e9n tiene el poder de hacerlo?\u00a0En la propuesta expositiva, las artistas proponen formas fragmentarias de ocupar el espacio\u00a0y el habla, se apropian pol\u00edticamente de archivos y referencias del pasado para conformar\u00a0otras po\u00e9ticas y toman estrat\u00e9gicamente el vac\u00edo como lugar de enunciaci\u00f3n para\u00a0evidenciar su car\u00e1cter subjetivo.<\/p>\n<p>Amb el buit, plens poders es una respuesta cr\u00edtica con los discursos de poder\u00a0neutralizadores y se\u00f1ala el car\u00e1cter pol\u00edtico y subjetivo de aquello que nos es dado a trav\u00e9s de la escucha, la poes\u00eda, la atenci\u00f3n al detalle y las formas menores.<\/p>\n<p>Exposici\u00f3n a cura de Maria Dom\u00e9nech y\u00a0Paula Lorenzo. A trav\u00e9s de la convocatoria \u201cLa f\u00ed de Buit Blanc\u201d del Centro Cultural Las Cigarreras. Producida por Las Cigarreras\u00a0&#8211; Concejal\u00eda de Cultura.<\/p>\n<p>Acceso libre.<\/p>\n<\/div>\n<p><a href=\"https:\/\/www.alicante.es\/es\/node\/43294\">source<\/a><\/p>","protected":false},"excerpt":{"rendered":"<p>Inauguraci\u00f3n, el 19 de octubre a las 12.30 horas Con el vac\u00edo, plenos poderes es la frase que escribe Albert Camus en el libro de visitas de\u00a0la exposici\u00f3n El<span class=\"excerpt-hellip\"> [\u2026]<\/span><\/p>\n","protected":false},"author":8,"featured_media":2688,"comment_status":"","ping_status":"","sticky":false,"template":"","format":"standard","meta":{"_price":"","_stock":"","_tribe_ticket_header":"","_tribe_default_ticket_provider":"","_tribe_ticket_capacity":"0","_ticket_start_date":"","_ticket_end_date":"","_tribe_ticket_show_description":"","_tribe_ticket_show_not_going":false,"_tribe_ticket_use_global_stock":"","_tribe_ticket_global_stock_level":"","_global_stock_mode":"","_global_stock_cap":"","_tribe_rsvp_for_event":"","_tribe_ticket_going_count":"","_tribe_ticket_not_going_count":"","_tribe_tickets_list":"[]","_tribe_ticket_has_attendee_info_fields":false,"footnotes":""},"categories":[14],"tags":[],"class_list":["post-2687","post","type-post","status-publish","format-standard","has-post-thumbnail","hentry","category-cigarreras"],"yoast_head":"<!-- This site is optimized with the Yoast SEO plugin v27.3 - https:\/\/yoast.com\/product\/yoast-seo-wordpress\/ -->\n<title>Exposici\u00f3n. Amb el buit, plens poders - MUSEA | Museos de Alicante<\/title>\n<meta name=\"robots\" content=\"index, follow, max-snippet:-1, max-image-preview:large, max-video-preview:-1\" \/>\n<link rel=\"canonical\" href=\"https:\/\/museosdealicante.com\/va\/exposicion-amb-el-buit-plens-poders\/\" \/>\n<meta property=\"og:locale\" content=\"ca_ES\" \/>\n<meta property=\"og:type\" content=\"article\" \/>\n<meta property=\"og:title\" content=\"Exposici\u00f3n. Amb el buit, plens poders - MUSEA | Museos de Alicante\" \/>\n<meta property=\"og:description\" content=\"Inauguraci\u00f3n, el 19 de octubre a las 12.30 horas Con el vac\u00edo, plenos poderes es la frase que escribe Albert Camus en el libro de visitas de\u00a0la exposici\u00f3n El [\u2026]\" \/>\n<meta property=\"og:url\" content=\"https:\/\/museosdealicante.com\/va\/exposicion-amb-el-buit-plens-poders\/\" \/>\n<meta property=\"og:site_name\" content=\"MUSEA | Museos de Alicante\" \/>\n<meta property=\"article:published_time\" content=\"2024-10-02T16:56:19+00:00\" \/>\n<meta name=\"author\" content=\"Carolina Fuentes\" \/>\n<meta name=\"twitter:card\" content=\"summary_large_image\" \/>\n<meta name=\"twitter:label1\" content=\"Escrit per\" \/>\n\t<meta name=\"twitter:data1\" content=\"Carolina Fuentes\" \/>\n\t<meta name=\"twitter:label2\" content=\"Temps estimat de lectura\" \/>\n\t<meta name=\"twitter:data2\" content=\"2 minuts\" \/>\n<script type=\"application\/ld+json\" class=\"yoast-schema-graph\">{\"@context\":\"https:\\\/\\\/schema.org\",\"@graph\":[{\"@type\":\"Article\",\"@id\":\"https:\\\/\\\/museosdealicante.com\\\/exposicion-amb-el-buit-plens-poders\\\/#article\",\"isPartOf\":{\"@id\":\"https:\\\/\\\/museosdealicante.com\\\/exposicion-amb-el-buit-plens-poders\\\/\"},\"author\":{\"name\":\"Carolina Fuentes\",\"@id\":\"https:\\\/\\\/museosdealicante.com\\\/#\\\/schema\\\/person\\\/b8e21892e9b6af60e856f31f0dce8cbd\"},\"headline\":\"Exposici\u00f3n. Amb el buit, plens poders\",\"datePublished\":\"2024-10-02T16:56:19+00:00\",\"mainEntityOfPage\":{\"@id\":\"https:\\\/\\\/museosdealicante.com\\\/exposicion-amb-el-buit-plens-poders\\\/\"},\"wordCount\":335,\"image\":{\"@id\":\"https:\\\/\\\/museosdealicante.com\\\/exposicion-amb-el-buit-plens-poders\\\/#primaryimage\"},\"thumbnailUrl\":\"https:\\\/\\\/museosdealicante.com\\\/wp-content\\\/uploads\\\/2024\\\/10\\\/wp-header-logo-2.png\",\"articleSection\":[\"CIGARRERAS\"],\"inLanguage\":\"ca\"},{\"@type\":\"WebPage\",\"@id\":\"https:\\\/\\\/museosdealicante.com\\\/exposicion-amb-el-buit-plens-poders\\\/\",\"url\":\"https:\\\/\\\/museosdealicante.com\\\/exposicion-amb-el-buit-plens-poders\\\/\",\"name\":\"Exposici\u00f3n. Amb el buit, plens poders - MUSEA | Museos de Alicante\",\"isPartOf\":{\"@id\":\"https:\\\/\\\/museosdealicante.com\\\/#website\"},\"primaryImageOfPage\":{\"@id\":\"https:\\\/\\\/museosdealicante.com\\\/exposicion-amb-el-buit-plens-poders\\\/#primaryimage\"},\"image\":{\"@id\":\"https:\\\/\\\/museosdealicante.com\\\/exposicion-amb-el-buit-plens-poders\\\/#primaryimage\"},\"thumbnailUrl\":\"https:\\\/\\\/museosdealicante.com\\\/wp-content\\\/uploads\\\/2024\\\/10\\\/wp-header-logo-2.png\",\"datePublished\":\"2024-10-02T16:56:19+00:00\",\"author\":{\"@id\":\"https:\\\/\\\/museosdealicante.com\\\/#\\\/schema\\\/person\\\/b8e21892e9b6af60e856f31f0dce8cbd\"},\"breadcrumb\":{\"@id\":\"https:\\\/\\\/museosdealicante.com\\\/exposicion-amb-el-buit-plens-poders\\\/#breadcrumb\"},\"inLanguage\":\"ca\",\"potentialAction\":[{\"@type\":\"ReadAction\",\"target\":[\"https:\\\/\\\/museosdealicante.com\\\/exposicion-amb-el-buit-plens-poders\\\/\"]}]},{\"@type\":\"ImageObject\",\"inLanguage\":\"ca\",\"@id\":\"https:\\\/\\\/museosdealicante.com\\\/exposicion-amb-el-buit-plens-poders\\\/#primaryimage\",\"url\":\"https:\\\/\\\/museosdealicante.com\\\/wp-content\\\/uploads\\\/2024\\\/10\\\/wp-header-logo-2.png\",\"contentUrl\":\"https:\\\/\\\/museosdealicante.com\\\/wp-content\\\/uploads\\\/2024\\\/10\\\/wp-header-logo-2.png\",\"width\":1050,\"height\":1050},{\"@type\":\"BreadcrumbList\",\"@id\":\"https:\\\/\\\/museosdealicante.com\\\/exposicion-amb-el-buit-plens-poders\\\/#breadcrumb\",\"itemListElement\":[{\"@type\":\"ListItem\",\"position\":1,\"name\":\"Portada\",\"item\":\"https:\\\/\\\/museosdealicante.com\\\/\"},{\"@type\":\"ListItem\",\"position\":2,\"name\":\"Exposici\u00f3n. Amb el buit, plens poders\"}]},{\"@type\":\"WebSite\",\"@id\":\"https:\\\/\\\/museosdealicante.com\\\/#website\",\"url\":\"https:\\\/\\\/museosdealicante.com\\\/\",\"name\":\"MUSEA | Museos de Alicante\",\"description\":\"Toda la oferta sobre arte, cultura y patrimonio de la ciudad, toda la actualidad de los museos de Alicante\",\"potentialAction\":[{\"@type\":\"SearchAction\",\"target\":{\"@type\":\"EntryPoint\",\"urlTemplate\":\"https:\\\/\\\/museosdealicante.com\\\/?s={search_term_string}\"},\"query-input\":{\"@type\":\"PropertyValueSpecification\",\"valueRequired\":true,\"valueName\":\"search_term_string\"}}],\"inLanguage\":\"ca\"},{\"@type\":\"Person\",\"@id\":\"https:\\\/\\\/museosdealicante.com\\\/#\\\/schema\\\/person\\\/b8e21892e9b6af60e856f31f0dce8cbd\",\"name\":\"Carolina Fuentes\",\"image\":{\"@type\":\"ImageObject\",\"inLanguage\":\"ca\",\"@id\":\"https:\\\/\\\/secure.gravatar.com\\\/avatar\\\/01f78e22536b5ffd26064d48b4b5761365a20d8fcf22b8fa03a63f307abc9dc6?s=96&d=mm&r=g\",\"url\":\"https:\\\/\\\/secure.gravatar.com\\\/avatar\\\/01f78e22536b5ffd26064d48b4b5761365a20d8fcf22b8fa03a63f307abc9dc6?s=96&d=mm&r=g\",\"contentUrl\":\"https:\\\/\\\/secure.gravatar.com\\\/avatar\\\/01f78e22536b5ffd26064d48b4b5761365a20d8fcf22b8fa03a63f307abc9dc6?s=96&d=mm&r=g\",\"caption\":\"Carolina Fuentes\"},\"url\":\"https:\\\/\\\/museosdealicante.com\\\/va\\\/author\\\/carolina-fuentes\\\/\"}]}<\/script>\n<!-- \/ Yoast SEO plugin. -->","yoast_head_json":{"title":"Exposici\u00f3n. Amb el buit, plens poders - MUSEA | Museos de Alicante","robots":{"index":"index","follow":"follow","max-snippet":"max-snippet:-1","max-image-preview":"max-image-preview:large","max-video-preview":"max-video-preview:-1"},"canonical":"https:\/\/museosdealicante.com\/va\/exposicion-amb-el-buit-plens-poders\/","og_locale":"ca_ES","og_type":"article","og_title":"Exposici\u00f3n. Amb el buit, plens poders - MUSEA | Museos de Alicante","og_description":"Inauguraci\u00f3n, el 19 de octubre a las 12.30 horas Con el vac\u00edo, plenos poderes es la frase que escribe Albert Camus en el libro de visitas de\u00a0la exposici\u00f3n El [\u2026]","og_url":"https:\/\/museosdealicante.com\/va\/exposicion-amb-el-buit-plens-poders\/","og_site_name":"MUSEA | Museos de Alicante","article_published_time":"2024-10-02T16:56:19+00:00","author":"Carolina Fuentes","twitter_card":"summary_large_image","twitter_misc":{"Escrit per":"Carolina Fuentes","Temps estimat de lectura":"2 minuts"},"schema":{"@context":"https:\/\/schema.org","@graph":[{"@type":"Article","@id":"https:\/\/museosdealicante.com\/exposicion-amb-el-buit-plens-poders\/#article","isPartOf":{"@id":"https:\/\/museosdealicante.com\/exposicion-amb-el-buit-plens-poders\/"},"author":{"name":"Carolina Fuentes","@id":"https:\/\/museosdealicante.com\/#\/schema\/person\/b8e21892e9b6af60e856f31f0dce8cbd"},"headline":"Exposici\u00f3n. Amb el buit, plens poders","datePublished":"2024-10-02T16:56:19+00:00","mainEntityOfPage":{"@id":"https:\/\/museosdealicante.com\/exposicion-amb-el-buit-plens-poders\/"},"wordCount":335,"image":{"@id":"https:\/\/museosdealicante.com\/exposicion-amb-el-buit-plens-poders\/#primaryimage"},"thumbnailUrl":"https:\/\/museosdealicante.com\/wp-content\/uploads\/2024\/10\/wp-header-logo-2.png","articleSection":["CIGARRERAS"],"inLanguage":"ca"},{"@type":"WebPage","@id":"https:\/\/museosdealicante.com\/exposicion-amb-el-buit-plens-poders\/","url":"https:\/\/museosdealicante.com\/exposicion-amb-el-buit-plens-poders\/","name":"Exposici\u00f3n. Amb el buit, plens poders - MUSEA | Museos de Alicante","isPartOf":{"@id":"https:\/\/museosdealicante.com\/#website"},"primaryImageOfPage":{"@id":"https:\/\/museosdealicante.com\/exposicion-amb-el-buit-plens-poders\/#primaryimage"},"image":{"@id":"https:\/\/museosdealicante.com\/exposicion-amb-el-buit-plens-poders\/#primaryimage"},"thumbnailUrl":"https:\/\/museosdealicante.com\/wp-content\/uploads\/2024\/10\/wp-header-logo-2.png","datePublished":"2024-10-02T16:56:19+00:00","author":{"@id":"https:\/\/museosdealicante.com\/#\/schema\/person\/b8e21892e9b6af60e856f31f0dce8cbd"},"breadcrumb":{"@id":"https:\/\/museosdealicante.com\/exposicion-amb-el-buit-plens-poders\/#breadcrumb"},"inLanguage":"ca","potentialAction":[{"@type":"ReadAction","target":["https:\/\/museosdealicante.com\/exposicion-amb-el-buit-plens-poders\/"]}]},{"@type":"ImageObject","inLanguage":"ca","@id":"https:\/\/museosdealicante.com\/exposicion-amb-el-buit-plens-poders\/#primaryimage","url":"https:\/\/museosdealicante.com\/wp-content\/uploads\/2024\/10\/wp-header-logo-2.png","contentUrl":"https:\/\/museosdealicante.com\/wp-content\/uploads\/2024\/10\/wp-header-logo-2.png","width":1050,"height":1050},{"@type":"BreadcrumbList","@id":"https:\/\/museosdealicante.com\/exposicion-amb-el-buit-plens-poders\/#breadcrumb","itemListElement":[{"@type":"ListItem","position":1,"name":"Portada","item":"https:\/\/museosdealicante.com\/"},{"@type":"ListItem","position":2,"name":"Exposici\u00f3n. Amb el buit, plens poders"}]},{"@type":"WebSite","@id":"https:\/\/museosdealicante.com\/#website","url":"https:\/\/museosdealicante.com\/","name":"MUSEA | Museos de Alicante","description":"Toda la oferta sobre arte, cultura y patrimonio de la ciudad, toda la actualidad de los museos de Alicante","potentialAction":[{"@type":"SearchAction","target":{"@type":"EntryPoint","urlTemplate":"https:\/\/museosdealicante.com\/?s={search_term_string}"},"query-input":{"@type":"PropertyValueSpecification","valueRequired":true,"valueName":"search_term_string"}}],"inLanguage":"ca"},{"@type":"Person","@id":"https:\/\/museosdealicante.com\/#\/schema\/person\/b8e21892e9b6af60e856f31f0dce8cbd","name":"Carolina Fuentes","image":{"@type":"ImageObject","inLanguage":"ca","@id":"https:\/\/secure.gravatar.com\/avatar\/01f78e22536b5ffd26064d48b4b5761365a20d8fcf22b8fa03a63f307abc9dc6?s=96&d=mm&r=g","url":"https:\/\/secure.gravatar.com\/avatar\/01f78e22536b5ffd26064d48b4b5761365a20d8fcf22b8fa03a63f307abc9dc6?s=96&d=mm&r=g","contentUrl":"https:\/\/secure.gravatar.com\/avatar\/01f78e22536b5ffd26064d48b4b5761365a20d8fcf22b8fa03a63f307abc9dc6?s=96&d=mm&r=g","caption":"Carolina Fuentes"},"url":"https:\/\/museosdealicante.com\/va\/author\/carolina-fuentes\/"}]}},"_links":{"self":[{"href":"https:\/\/museosdealicante.com\/va\/wp-json\/wp\/v2\/posts\/2687","targetHints":{"allow":["GET"]}}],"collection":[{"href":"https:\/\/museosdealicante.com\/va\/wp-json\/wp\/v2\/posts"}],"about":[{"href":"https:\/\/museosdealicante.com\/va\/wp-json\/wp\/v2\/types\/post"}],"author":[{"embeddable":true,"href":"https:\/\/museosdealicante.com\/va\/wp-json\/wp\/v2\/users\/8"}],"replies":[{"embeddable":true,"href":"https:\/\/museosdealicante.com\/va\/wp-json\/wp\/v2\/comments?post=2687"}],"version-history":[{"count":0,"href":"https:\/\/museosdealicante.com\/va\/wp-json\/wp\/v2\/posts\/2687\/revisions"}],"wp:featuredmedia":[{"embeddable":true,"href":"https:\/\/museosdealicante.com\/va\/wp-json\/wp\/v2\/media\/2688"}],"wp:attachment":[{"href":"https:\/\/museosdealicante.com\/va\/wp-json\/wp\/v2\/media?parent=2687"}],"wp:term":[{"taxonomy":"category","embeddable":true,"href":"https:\/\/museosdealicante.com\/va\/wp-json\/wp\/v2\/categories?post=2687"},{"taxonomy":"post_tag","embeddable":true,"href":"https:\/\/museosdealicante.com\/va\/wp-json\/wp\/v2\/tags?post=2687"}],"curies":[{"name":"wp","href":"https:\/\/api.w.org\/{rel}","templated":true}]}}