{"id":2731,"date":"2024-10-21T22:24:06","date_gmt":"2024-10-21T22:24:06","guid":{"rendered":"https:\/\/museosdealicante.com\/sis-hectarees-doliveres-muestra-de-teatro-de-autores-contemporaneos\/"},"modified":"2024-10-21T22:24:06","modified_gmt":"2024-10-21T22:24:06","slug":"sis-hectarees-doliveres-muestra-de-teatro-de-autores-contemporaneos","status":"publish","type":"post","link":"https:\/\/museosdealicante.com\/va\/sis-hectarees-doliveres-muestra-de-teatro-de-autores-contemporaneos\/","title":{"rendered":"Sis hect\u00e0rees d&#039;oliveres. Muestra de Teatro de Autores Contempor\u00e1neos"},"content":{"rendered":"<div property=\"content:encoded\">\n<p><strong>Sis hect\u00e0rees d&#8217;oliveres. Muestra de Teatro de Autores Contempor\u00e1neos<\/strong><\/p>\n<p>J\u00falia acaba de llegar a la casa que Pau tiene en medio de seis hect\u00e1reas de olivos. Ha comprado gasolina. Quiere fuego. Necesita fuego. Quemarlo todo. Esta ma\u00f1ana ha dicho basta: nunca m\u00e1s miedo. A nadie. Por nadie. Solo: fuego. Y cenizas. Hoy.<\/p>\n<p>El espect\u00e1culo convierte una fobia personal en un conflicto universal. Aina Tur, dramaturga y directora menorquina, es la autora de Una galaxia de luci\u00e9rnagas, un texto basado en una vivencia traum\u00e1tica que sufri\u00f3 en un viaje a Am\u00e9rica Latina. Esta vez, la autora parte tambi\u00e9n de una experiencia propia, una fobia desmesurada que super\u00f3 hace unos a\u00f1os y que sirve como catalizador de este relato en el que dos personajes se reencuentran. Y, a pesar de vivir momentos vitales muy diferentes, deber\u00e1n enfrentarse a ellos mismos y a sus temores. \u00bfQu\u00e9 conflictos y qu\u00e9 violencias se desatar\u00e1n cuando tengan que mirar a los ojos de sus propios miedos? \u00bfDe qu\u00e9 manera la gasolina y el fuego ayudar\u00e1n a J\u00falia a vencer su fobia?<\/p>\n<p>Anna Alarc\u00f3n, la actriz que ya protagoniz\u00f3 Una galaxia de luci\u00e9rnagas, repite como int\u00e9rprete en este montaje, con Nao Albet como compa\u00f1ero de reparto.<\/p>\n<p>Como ganador del Premio Quim Mas\u00f3 a la producci\u00f3n teatral en lengua catalana, el montaje recibe una ayuda econ\u00f3mica a la producci\u00f3n y cuenta como coproductores con Grec 2024 Festival de Barcelona y Temporada Alta.<\/p>\n<p>LA AUTORA<\/p>\n<p>Aina Tur (Menorca 1976). Graduada en Lengua y literatura catalanas (UOC) y en Gesti\u00f3n de Proyectos (Universidad de Deusto). Ha estudiado Farmacia (UB), Ingenier\u00eda Agr\u00f3noma (UPC), Interpretaci\u00f3n (Col\u00b7legi de Teatre de Barcelona) y Dramaturgia (Sala Beckett).<\/p>\n<p>Es autora de Adiccions, Evoluci\u00f3\/Evoluci\u00f3n, Dimecres, Es lloga habitaci\u00f3, Fotof\u00f2bia, Una galaxia de luci\u00e9rnagas i Sis hect\u00e0rees d\u2019oliveres, entre otras obras. Sus textos se han programado en la Sala Beckett, El Mald\u00e1, La Cuarta Pared, Teatro del Barrio, Palau de la M\u00fasica, Teatre Principal de Ma\u00f3, Teatre Principal de Palma, Festival Grec y Temporada Alta, Teatro Central de Sevilla, entre otros, adem\u00e1s de en Nueva York y Chile.Tambi\u00e9n ha participado como dramaturga en la compa\u00f1\u00eda LAminimAL y en el proyecto esc\u00e9nico Tanta Jove. Ha traducido Un tranv\u00eda llamado deseo, de Tennessee Williams, y ha escrito guiones para BH audiovisual.<\/p>\n<p>En la vertiente de direcci\u00f3n teatral ha hecho de ayudante de direcci\u00f3n a Ester Nadal, Teresa Vilardell, Llu\u00eds Elias, Nola Rae, Josep Mar\u00eda Mir\u00f3, Juan Carlos Martel y Toni Casares trabajando en el Teatre Tantarantana, Sala Muntaner, Sala Beckett, el Teatre Lliure y el Teatre Nacional de Catalunya. Ha dirigido Nus, de Joan Casas, y Fly me to the moon, entre otros.<\/p>\n<p>Como pedagoga, ha sido profesora de Xamfr\u00e0, asesora pedag\u00f3gica de Trivim y profesora de teatro y escritura creativa en el Cercle Art\u00edstic de Ciutadella. Fue responsable de Programaci\u00f3n en la Sala Beckett y, actualmente, es miembro del Consejo Asesor del Centro Dram\u00e1tico Nacional.<\/p>\n<p>Ha publicado ensayo y narrativa como La glosa menorquina (2013) y Explorem Menorca! (2017).<\/p>\n<p>AUTORA:\u00a0AINA TUR<\/p>\n<p>COMPA\u00d1\u00cdA:\u00a0TITUS ANDRONIC<\/p>\n<p>Viernes 8 de Noviembre \u2013 19:00 H<\/p>\n<p>LUGAR:\u00a0Caja Negra C.C. Las Cigarreras<\/p>\n<p>DURACI\u00d3N:\u00a060 min<\/p>\n<p>PRECIO:\u00a012 Euros. <strong><a href=\"https:\/\/www.entradasatualcance.com\/tickets-sisgectarees-d-oliveres-xxxii-muestra-de-teatro#\/sell\/events\/12733\/sessions\/19137\" rel=\"nofollow\">Entradas<\/a><\/strong><\/p>\n<p>IDIOMA:\u00a0Catal\u00e1n<\/p>\n<\/div>\n<p><a href=\"https:\/\/www.alicante.es\/es\/node\/43503\">source<\/a><\/p>","protected":false},"excerpt":{"rendered":"<p>Sis hect\u00e0rees d&#8217;oliveres. Muestra de Teatro de Autores Contempor\u00e1neos J\u00falia acaba de llegar a la casa que Pau tiene en medio de seis hect\u00e1reas de olivos. Ha comprado gasolina.<span class=\"excerpt-hellip\"> [\u2026]<\/span><\/p>\n","protected":false},"author":8,"featured_media":2732,"comment_status":"","ping_status":"","sticky":false,"template":"","format":"standard","meta":{"_price":"","_stock":"","_tribe_ticket_header":"","_tribe_default_ticket_provider":"","_tribe_ticket_capacity":"0","_ticket_start_date":"","_ticket_end_date":"","_tribe_ticket_show_description":"","_tribe_ticket_show_not_going":false,"_tribe_ticket_use_global_stock":"","_tribe_ticket_global_stock_level":"","_global_stock_mode":"","_global_stock_cap":"","_tribe_rsvp_for_event":"","_tribe_ticket_going_count":"","_tribe_ticket_not_going_count":"","_tribe_tickets_list":"[]","_tribe_ticket_has_attendee_info_fields":false,"footnotes":""},"categories":[14],"tags":[],"class_list":["post-2731","post","type-post","status-publish","format-standard","has-post-thumbnail","hentry","category-cigarreras"],"yoast_head":"<!-- This site is optimized with the Yoast SEO plugin v27.3 - https:\/\/yoast.com\/product\/yoast-seo-wordpress\/ -->\n<title>Sis hect\u00e0rees d&#039;oliveres. Muestra de Teatro de Autores Contempor\u00e1neos - MUSEA | Museos de Alicante<\/title>\n<meta name=\"robots\" content=\"index, follow, max-snippet:-1, max-image-preview:large, max-video-preview:-1\" \/>\n<link rel=\"canonical\" href=\"https:\/\/museosdealicante.com\/va\/sis-hectarees-doliveres-muestra-de-teatro-de-autores-contemporaneos\/\" \/>\n<meta property=\"og:locale\" content=\"ca_ES\" \/>\n<meta property=\"og:type\" content=\"article\" \/>\n<meta property=\"og:title\" content=\"Sis hect\u00e0rees d&#039;oliveres. Muestra de Teatro de Autores Contempor\u00e1neos - MUSEA | Museos de Alicante\" \/>\n<meta property=\"og:description\" content=\"Sis hect\u00e0rees d&#8217;oliveres. Muestra de Teatro de Autores Contempor\u00e1neos J\u00falia acaba de llegar a la casa que Pau tiene en medio de seis hect\u00e1reas de olivos. Ha comprado gasolina. [\u2026]\" \/>\n<meta property=\"og:url\" content=\"https:\/\/museosdealicante.com\/va\/sis-hectarees-doliveres-muestra-de-teatro-de-autores-contemporaneos\/\" \/>\n<meta property=\"og:site_name\" content=\"MUSEA | Museos de Alicante\" \/>\n<meta property=\"article:published_time\" content=\"2024-10-21T22:24:06+00:00\" \/>\n<meta name=\"author\" content=\"Carolina Fuentes\" \/>\n<meta name=\"twitter:card\" content=\"summary_large_image\" \/>\n<meta name=\"twitter:label1\" content=\"Escrit per\" \/>\n\t<meta name=\"twitter:data1\" content=\"Carolina Fuentes\" \/>\n\t<meta name=\"twitter:label2\" content=\"Temps estimat de lectura\" \/>\n\t<meta name=\"twitter:data2\" content=\"3 minuts\" \/>\n<script type=\"application\/ld+json\" class=\"yoast-schema-graph\">{\"@context\":\"https:\\\/\\\/schema.org\",\"@graph\":[{\"@type\":\"Article\",\"@id\":\"https:\\\/\\\/museosdealicante.com\\\/sis-hectarees-doliveres-muestra-de-teatro-de-autores-contemporaneos\\\/#article\",\"isPartOf\":{\"@id\":\"https:\\\/\\\/museosdealicante.com\\\/sis-hectarees-doliveres-muestra-de-teatro-de-autores-contemporaneos\\\/\"},\"author\":{\"name\":\"Carolina Fuentes\",\"@id\":\"https:\\\/\\\/museosdealicante.com\\\/#\\\/schema\\\/person\\\/b8e21892e9b6af60e856f31f0dce8cbd\"},\"headline\":\"Sis hect\u00e0rees d&#039;oliveres. Muestra de Teatro de Autores Contempor\u00e1neos\",\"datePublished\":\"2024-10-21T22:24:06+00:00\",\"mainEntityOfPage\":{\"@id\":\"https:\\\/\\\/museosdealicante.com\\\/sis-hectarees-doliveres-muestra-de-teatro-de-autores-contemporaneos\\\/\"},\"wordCount\":575,\"image\":{\"@id\":\"https:\\\/\\\/museosdealicante.com\\\/sis-hectarees-doliveres-muestra-de-teatro-de-autores-contemporaneos\\\/#primaryimage\"},\"thumbnailUrl\":\"https:\\\/\\\/museosdealicante.com\\\/wp-content\\\/uploads\\\/2024\\\/10\\\/wp-header-logo-24.png\",\"articleSection\":[\"CIGARRERAS\"],\"inLanguage\":\"ca\"},{\"@type\":\"WebPage\",\"@id\":\"https:\\\/\\\/museosdealicante.com\\\/sis-hectarees-doliveres-muestra-de-teatro-de-autores-contemporaneos\\\/\",\"url\":\"https:\\\/\\\/museosdealicante.com\\\/sis-hectarees-doliveres-muestra-de-teatro-de-autores-contemporaneos\\\/\",\"name\":\"Sis hect\u00e0rees d&#039;oliveres. Muestra de Teatro de Autores Contempor\u00e1neos - MUSEA | Museos de Alicante\",\"isPartOf\":{\"@id\":\"https:\\\/\\\/museosdealicante.com\\\/#website\"},\"primaryImageOfPage\":{\"@id\":\"https:\\\/\\\/museosdealicante.com\\\/sis-hectarees-doliveres-muestra-de-teatro-de-autores-contemporaneos\\\/#primaryimage\"},\"image\":{\"@id\":\"https:\\\/\\\/museosdealicante.com\\\/sis-hectarees-doliveres-muestra-de-teatro-de-autores-contemporaneos\\\/#primaryimage\"},\"thumbnailUrl\":\"https:\\\/\\\/museosdealicante.com\\\/wp-content\\\/uploads\\\/2024\\\/10\\\/wp-header-logo-24.png\",\"datePublished\":\"2024-10-21T22:24:06+00:00\",\"author\":{\"@id\":\"https:\\\/\\\/museosdealicante.com\\\/#\\\/schema\\\/person\\\/b8e21892e9b6af60e856f31f0dce8cbd\"},\"breadcrumb\":{\"@id\":\"https:\\\/\\\/museosdealicante.com\\\/sis-hectarees-doliveres-muestra-de-teatro-de-autores-contemporaneos\\\/#breadcrumb\"},\"inLanguage\":\"ca\",\"potentialAction\":[{\"@type\":\"ReadAction\",\"target\":[\"https:\\\/\\\/museosdealicante.com\\\/sis-hectarees-doliveres-muestra-de-teatro-de-autores-contemporaneos\\\/\"]}]},{\"@type\":\"ImageObject\",\"inLanguage\":\"ca\",\"@id\":\"https:\\\/\\\/museosdealicante.com\\\/sis-hectarees-doliveres-muestra-de-teatro-de-autores-contemporaneos\\\/#primaryimage\",\"url\":\"https:\\\/\\\/museosdealicante.com\\\/wp-content\\\/uploads\\\/2024\\\/10\\\/wp-header-logo-24.png\",\"contentUrl\":\"https:\\\/\\\/museosdealicante.com\\\/wp-content\\\/uploads\\\/2024\\\/10\\\/wp-header-logo-24.png\",\"width\":1212,\"height\":1023},{\"@type\":\"BreadcrumbList\",\"@id\":\"https:\\\/\\\/museosdealicante.com\\\/sis-hectarees-doliveres-muestra-de-teatro-de-autores-contemporaneos\\\/#breadcrumb\",\"itemListElement\":[{\"@type\":\"ListItem\",\"position\":1,\"name\":\"Portada\",\"item\":\"https:\\\/\\\/museosdealicante.com\\\/\"},{\"@type\":\"ListItem\",\"position\":2,\"name\":\"Sis hect\u00e0rees d&#039;oliveres. Muestra de Teatro de Autores Contempor\u00e1neos\"}]},{\"@type\":\"WebSite\",\"@id\":\"https:\\\/\\\/museosdealicante.com\\\/#website\",\"url\":\"https:\\\/\\\/museosdealicante.com\\\/\",\"name\":\"MUSEA | Museos de Alicante\",\"description\":\"Toda la oferta sobre arte, cultura y patrimonio de la ciudad, toda la actualidad de los museos de Alicante\",\"potentialAction\":[{\"@type\":\"SearchAction\",\"target\":{\"@type\":\"EntryPoint\",\"urlTemplate\":\"https:\\\/\\\/museosdealicante.com\\\/?s={search_term_string}\"},\"query-input\":{\"@type\":\"PropertyValueSpecification\",\"valueRequired\":true,\"valueName\":\"search_term_string\"}}],\"inLanguage\":\"ca\"},{\"@type\":\"Person\",\"@id\":\"https:\\\/\\\/museosdealicante.com\\\/#\\\/schema\\\/person\\\/b8e21892e9b6af60e856f31f0dce8cbd\",\"name\":\"Carolina Fuentes\",\"image\":{\"@type\":\"ImageObject\",\"inLanguage\":\"ca\",\"@id\":\"https:\\\/\\\/secure.gravatar.com\\\/avatar\\\/01f78e22536b5ffd26064d48b4b5761365a20d8fcf22b8fa03a63f307abc9dc6?s=96&d=mm&r=g\",\"url\":\"https:\\\/\\\/secure.gravatar.com\\\/avatar\\\/01f78e22536b5ffd26064d48b4b5761365a20d8fcf22b8fa03a63f307abc9dc6?s=96&d=mm&r=g\",\"contentUrl\":\"https:\\\/\\\/secure.gravatar.com\\\/avatar\\\/01f78e22536b5ffd26064d48b4b5761365a20d8fcf22b8fa03a63f307abc9dc6?s=96&d=mm&r=g\",\"caption\":\"Carolina Fuentes\"},\"url\":\"https:\\\/\\\/museosdealicante.com\\\/va\\\/author\\\/carolina-fuentes\\\/\"}]}<\/script>\n<!-- \/ Yoast SEO plugin. -->","yoast_head_json":{"title":"Sis hect\u00e0rees d&#039;oliveres. Muestra de Teatro de Autores Contempor\u00e1neos - MUSEA | Museos de Alicante","robots":{"index":"index","follow":"follow","max-snippet":"max-snippet:-1","max-image-preview":"max-image-preview:large","max-video-preview":"max-video-preview:-1"},"canonical":"https:\/\/museosdealicante.com\/va\/sis-hectarees-doliveres-muestra-de-teatro-de-autores-contemporaneos\/","og_locale":"ca_ES","og_type":"article","og_title":"Sis hect\u00e0rees d&#039;oliveres. Muestra de Teatro de Autores Contempor\u00e1neos - MUSEA | Museos de Alicante","og_description":"Sis hect\u00e0rees d&#8217;oliveres. Muestra de Teatro de Autores Contempor\u00e1neos J\u00falia acaba de llegar a la casa que Pau tiene en medio de seis hect\u00e1reas de olivos. Ha comprado gasolina. [\u2026]","og_url":"https:\/\/museosdealicante.com\/va\/sis-hectarees-doliveres-muestra-de-teatro-de-autores-contemporaneos\/","og_site_name":"MUSEA | Museos de Alicante","article_published_time":"2024-10-21T22:24:06+00:00","author":"Carolina Fuentes","twitter_card":"summary_large_image","twitter_misc":{"Escrit per":"Carolina Fuentes","Temps estimat de lectura":"3 minuts"},"schema":{"@context":"https:\/\/schema.org","@graph":[{"@type":"Article","@id":"https:\/\/museosdealicante.com\/sis-hectarees-doliveres-muestra-de-teatro-de-autores-contemporaneos\/#article","isPartOf":{"@id":"https:\/\/museosdealicante.com\/sis-hectarees-doliveres-muestra-de-teatro-de-autores-contemporaneos\/"},"author":{"name":"Carolina Fuentes","@id":"https:\/\/museosdealicante.com\/#\/schema\/person\/b8e21892e9b6af60e856f31f0dce8cbd"},"headline":"Sis hect\u00e0rees d&#039;oliveres. Muestra de Teatro de Autores Contempor\u00e1neos","datePublished":"2024-10-21T22:24:06+00:00","mainEntityOfPage":{"@id":"https:\/\/museosdealicante.com\/sis-hectarees-doliveres-muestra-de-teatro-de-autores-contemporaneos\/"},"wordCount":575,"image":{"@id":"https:\/\/museosdealicante.com\/sis-hectarees-doliveres-muestra-de-teatro-de-autores-contemporaneos\/#primaryimage"},"thumbnailUrl":"https:\/\/museosdealicante.com\/wp-content\/uploads\/2024\/10\/wp-header-logo-24.png","articleSection":["CIGARRERAS"],"inLanguage":"ca"},{"@type":"WebPage","@id":"https:\/\/museosdealicante.com\/sis-hectarees-doliveres-muestra-de-teatro-de-autores-contemporaneos\/","url":"https:\/\/museosdealicante.com\/sis-hectarees-doliveres-muestra-de-teatro-de-autores-contemporaneos\/","name":"Sis hect\u00e0rees d&#039;oliveres. Muestra de Teatro de Autores Contempor\u00e1neos - MUSEA | Museos de Alicante","isPartOf":{"@id":"https:\/\/museosdealicante.com\/#website"},"primaryImageOfPage":{"@id":"https:\/\/museosdealicante.com\/sis-hectarees-doliveres-muestra-de-teatro-de-autores-contemporaneos\/#primaryimage"},"image":{"@id":"https:\/\/museosdealicante.com\/sis-hectarees-doliveres-muestra-de-teatro-de-autores-contemporaneos\/#primaryimage"},"thumbnailUrl":"https:\/\/museosdealicante.com\/wp-content\/uploads\/2024\/10\/wp-header-logo-24.png","datePublished":"2024-10-21T22:24:06+00:00","author":{"@id":"https:\/\/museosdealicante.com\/#\/schema\/person\/b8e21892e9b6af60e856f31f0dce8cbd"},"breadcrumb":{"@id":"https:\/\/museosdealicante.com\/sis-hectarees-doliveres-muestra-de-teatro-de-autores-contemporaneos\/#breadcrumb"},"inLanguage":"ca","potentialAction":[{"@type":"ReadAction","target":["https:\/\/museosdealicante.com\/sis-hectarees-doliveres-muestra-de-teatro-de-autores-contemporaneos\/"]}]},{"@type":"ImageObject","inLanguage":"ca","@id":"https:\/\/museosdealicante.com\/sis-hectarees-doliveres-muestra-de-teatro-de-autores-contemporaneos\/#primaryimage","url":"https:\/\/museosdealicante.com\/wp-content\/uploads\/2024\/10\/wp-header-logo-24.png","contentUrl":"https:\/\/museosdealicante.com\/wp-content\/uploads\/2024\/10\/wp-header-logo-24.png","width":1212,"height":1023},{"@type":"BreadcrumbList","@id":"https:\/\/museosdealicante.com\/sis-hectarees-doliveres-muestra-de-teatro-de-autores-contemporaneos\/#breadcrumb","itemListElement":[{"@type":"ListItem","position":1,"name":"Portada","item":"https:\/\/museosdealicante.com\/"},{"@type":"ListItem","position":2,"name":"Sis hect\u00e0rees d&#039;oliveres. Muestra de Teatro de Autores Contempor\u00e1neos"}]},{"@type":"WebSite","@id":"https:\/\/museosdealicante.com\/#website","url":"https:\/\/museosdealicante.com\/","name":"MUSEA | Museos de Alicante","description":"Toda la oferta sobre arte, cultura y patrimonio de la ciudad, toda la actualidad de los museos de Alicante","potentialAction":[{"@type":"SearchAction","target":{"@type":"EntryPoint","urlTemplate":"https:\/\/museosdealicante.com\/?s={search_term_string}"},"query-input":{"@type":"PropertyValueSpecification","valueRequired":true,"valueName":"search_term_string"}}],"inLanguage":"ca"},{"@type":"Person","@id":"https:\/\/museosdealicante.com\/#\/schema\/person\/b8e21892e9b6af60e856f31f0dce8cbd","name":"Carolina Fuentes","image":{"@type":"ImageObject","inLanguage":"ca","@id":"https:\/\/secure.gravatar.com\/avatar\/01f78e22536b5ffd26064d48b4b5761365a20d8fcf22b8fa03a63f307abc9dc6?s=96&d=mm&r=g","url":"https:\/\/secure.gravatar.com\/avatar\/01f78e22536b5ffd26064d48b4b5761365a20d8fcf22b8fa03a63f307abc9dc6?s=96&d=mm&r=g","contentUrl":"https:\/\/secure.gravatar.com\/avatar\/01f78e22536b5ffd26064d48b4b5761365a20d8fcf22b8fa03a63f307abc9dc6?s=96&d=mm&r=g","caption":"Carolina Fuentes"},"url":"https:\/\/museosdealicante.com\/va\/author\/carolina-fuentes\/"}]}},"_links":{"self":[{"href":"https:\/\/museosdealicante.com\/va\/wp-json\/wp\/v2\/posts\/2731","targetHints":{"allow":["GET"]}}],"collection":[{"href":"https:\/\/museosdealicante.com\/va\/wp-json\/wp\/v2\/posts"}],"about":[{"href":"https:\/\/museosdealicante.com\/va\/wp-json\/wp\/v2\/types\/post"}],"author":[{"embeddable":true,"href":"https:\/\/museosdealicante.com\/va\/wp-json\/wp\/v2\/users\/8"}],"replies":[{"embeddable":true,"href":"https:\/\/museosdealicante.com\/va\/wp-json\/wp\/v2\/comments?post=2731"}],"version-history":[{"count":0,"href":"https:\/\/museosdealicante.com\/va\/wp-json\/wp\/v2\/posts\/2731\/revisions"}],"wp:featuredmedia":[{"embeddable":true,"href":"https:\/\/museosdealicante.com\/va\/wp-json\/wp\/v2\/media\/2732"}],"wp:attachment":[{"href":"https:\/\/museosdealicante.com\/va\/wp-json\/wp\/v2\/media?parent=2731"}],"wp:term":[{"taxonomy":"category","embeddable":true,"href":"https:\/\/museosdealicante.com\/va\/wp-json\/wp\/v2\/categories?post=2731"},{"taxonomy":"post_tag","embeddable":true,"href":"https:\/\/museosdealicante.com\/va\/wp-json\/wp\/v2\/tags?post=2731"}],"curies":[{"name":"wp","href":"https:\/\/api.w.org\/{rel}","templated":true}]}}