{"id":2739,"date":"2024-10-22T13:33:33","date_gmt":"2024-10-22T13:33:33","guid":{"rendered":"https:\/\/museosdealicante.com\/la-eleccion-la-scelta-muestra-de-teatro-de-autores-contemporaneos\/"},"modified":"2024-10-22T13:33:33","modified_gmt":"2024-10-22T13:33:33","slug":"la-eleccion-la-scelta-muestra-de-teatro-de-autores-contemporaneos","status":"publish","type":"post","link":"https:\/\/museosdealicante.com\/va\/la-eleccion-la-scelta-muestra-de-teatro-de-autores-contemporaneos\/","title":{"rendered":"La elecci\u00f3n (La scelta). Muestra de Teatro de Autores Contempor\u00e1neos"},"content":{"rendered":"<div property=\"content:encoded\">\n<p><strong>La elecci\u00f3n (La scelta). Muestra de Teatro de Autores Contempor\u00e1neos<\/strong><\/p>\n<p>\u00bfQu\u00e9 pasar\u00eda si un espect\u00e1culo de la temporada que viene, en lugar de ser escogido por ti, que eres un informado profesional de la cultura, fuera escogido por el p\u00fablico?<\/p>\n<p>En LA SCELTA (La Elecci\u00f3n) (2023), el p\u00fablico ocupa el lugar de la direcci\u00f3n art\u00edstica del teatro para enfrentarse a la dif\u00edcil tarea de elegir. Divididos en tres salas, cada grupo de espectadores hace el visionado de varios trailers, participa en una serie de debates y, finalmente, elige un espect\u00e1culo.<\/p>\n<p>Una vez reunidos los tres grupos en el teatro, en la segunda parte de LA SCELTA, nuevas herramientas teatrales permiten al p\u00fablico elegir el espect\u00e1culo ganador, que formar\u00e1 parte de la temporada del teatro para el a\u00f1o siguiente.<\/p>\n<p>Durante seis meses, Roger Bernat fue espectador de varias direcciones art\u00edsticas participadas de la red Risonanze. El resultado es un dispositivo que reproduce, testimonia y tergiversa en torno a esta experiencia, relatando otra posibilidad de programaci\u00f3n cultural: aquella en la que la gente toma la palabra. El p\u00fablico es llamado a experimentar los mecanismos de funcionamiento de una direcci\u00f3n art\u00edstica: ver, discutir, elegir. Una ficci\u00f3n que produce efectos en la realidad cultural de la propia ciudad<\/p>\n<p>EL AUTOR<\/p>\n<p>Roger Bernat (Barcelona, 1968). Realiza proyectos teatrales cooperativos que involucran el cuerpo de los espectadores. Aunque la mayor parte de estos proyectos se hayan realizado en contextos teatrales, en la \u00faltima d\u00e9cada han sido producidos por instituciones como la Documenta Kassel o la Bienal de Sao Paulo.<\/p>\n<p>Algunos de sus trabajos son Domini P\u00fablic (Teatre Lliure, Barcelona, 2008), La consagraci\u00f3n de la primavera (Teatro Milagro, M\u00e9xico, 2010), Please Continue: Hamlet (con Yan Duyvendak. Th\u00e9\u00e2tre du Gr\u00fctli, Ginebra, 2011), Pendiente de voto (Centro Dram\u00e1tico Nacional, Madrid, 2012), Desplazamiento del Palacio de La Moneda (STML, Santiago de Chile, 2014), Numax-Fagor-plus (KunstenFestivalDesArts, Bruselas, 2014), We need to talk (Temporada Alta, Girona, 2015), No se registran conversaciones de inter\u00e9s (MUCEM, Marsella, 2016-17), The place of the Thing (Documenta 14, Atenas-Kassel, 2017), Flam (Festival Grec 2019), ENA (Teatre Lliure, 2020), Desnonissea (CASM, 2021), PIM PAM (34 Bienal de Sao Paulo, 2021), Terra Baixa (Teatre Lliure, 2022), Dormifestaci\u00f3 (Fira T\u00e0rrega, 2022) o La Scelta (Kilowatt Festival, Sansepolcro, 2023).<\/p>\n<p>Entre los premios que ha recibido destaca el Premio Sebasti\u00e0 Gasch 2017.<\/p>\n<p>En 2009 edit\u00f3, junto con Ignasi Duarte, el libro Querido P\u00fablico. El espectador ante la participaci\u00f3n: jugadores, usuarios, prosumers y fans, (CENDEAC, Murcia). Se encuentran art\u00edculos suyos en Joined Forces, audience participation in theatre (Alexander Verlag, Berlin) y Teatro relacional (Ed. Fundamentos, Madrid), entre otros.<\/p>\n<p>Roger Bernat tambi\u00e9n ha sido fundador de la compa\u00f1\u00eda General El\u00e8ctrica (1998-2001), de la Associaci\u00f3 d\u2019Artistes Esce\u0300nics (2006-2008) y entre 2015 y 2020 fue patr\u00f3n del centro de producci\u00f3n e investigaci\u00f3n en artes visuales Hangar.<\/p>\n<p>AUTOR:\u00a0ROGER BERNAT<\/p>\n<p>COMPA\u00d1\u00cdA:\u00a0LA SCELTA<\/p>\n<p>S\u00e1bado 9 de noviembre \u2013 12:00 H<\/p>\n<p>LUGAR:\u00a0Caja Negra CC. Las Cigarreras<\/p>\n<p>DURACI\u00d3N:\u00a060 Minutos<\/p>\n<p>PRECIO:\u00a012 Euros. <strong><a href=\"https:\/\/www.entradasatualcance.com\/tickets-la-eleccion-la-scelta-xxxii-muestra-de-teatro-2\" rel=\"nofollow\">Entradas<\/a><\/strong><\/p>\n<p>IDIOMA:\u00a0Castellano<\/p>\n<\/div>\n<p><a href=\"https:\/\/www.alicante.es\/es\/node\/43505\">source<\/a><\/p>","protected":false},"excerpt":{"rendered":"<p>La elecci\u00f3n (La scelta). Muestra de Teatro de Autores Contempor\u00e1neos \u00bfQu\u00e9 pasar\u00eda si un espect\u00e1culo de la temporada que viene, en lugar de ser escogido por ti, que eres<span class=\"excerpt-hellip\"> [\u2026]<\/span><\/p>\n","protected":false},"author":8,"featured_media":2740,"comment_status":"","ping_status":"","sticky":false,"template":"","format":"standard","meta":{"_price":"","_stock":"","_tribe_ticket_header":"","_tribe_default_ticket_provider":"","_tribe_ticket_capacity":"0","_ticket_start_date":"","_ticket_end_date":"","_tribe_ticket_show_description":"","_tribe_ticket_show_not_going":false,"_tribe_ticket_use_global_stock":"","_tribe_ticket_global_stock_level":"","_global_stock_mode":"","_global_stock_cap":"","_tribe_rsvp_for_event":"","_tribe_ticket_going_count":"","_tribe_ticket_not_going_count":"","_tribe_tickets_list":"[]","_tribe_ticket_has_attendee_info_fields":false,"footnotes":""},"categories":[14],"tags":[],"class_list":["post-2739","post","type-post","status-publish","format-standard","has-post-thumbnail","hentry","category-cigarreras"],"yoast_head":"<!-- This site is optimized with the Yoast SEO plugin v27.3 - https:\/\/yoast.com\/product\/yoast-seo-wordpress\/ -->\n<title>La elecci\u00f3n (La scelta). Muestra de Teatro de Autores Contempor\u00e1neos - MUSEA | Museos de Alicante<\/title>\n<meta name=\"robots\" content=\"index, follow, max-snippet:-1, max-image-preview:large, max-video-preview:-1\" \/>\n<link rel=\"canonical\" href=\"https:\/\/museosdealicante.com\/va\/la-eleccion-la-scelta-muestra-de-teatro-de-autores-contemporaneos\/\" \/>\n<meta property=\"og:locale\" content=\"ca_ES\" \/>\n<meta property=\"og:type\" content=\"article\" \/>\n<meta property=\"og:title\" content=\"La elecci\u00f3n (La scelta). Muestra de Teatro de Autores Contempor\u00e1neos - MUSEA | Museos de Alicante\" \/>\n<meta property=\"og:description\" content=\"La elecci\u00f3n (La scelta). Muestra de Teatro de Autores Contempor\u00e1neos \u00bfQu\u00e9 pasar\u00eda si un espect\u00e1culo de la temporada que viene, en lugar de ser escogido por ti, que eres [\u2026]\" \/>\n<meta property=\"og:url\" content=\"https:\/\/museosdealicante.com\/va\/la-eleccion-la-scelta-muestra-de-teatro-de-autores-contemporaneos\/\" \/>\n<meta property=\"og:site_name\" content=\"MUSEA | Museos de Alicante\" \/>\n<meta property=\"article:published_time\" content=\"2024-10-22T13:33:33+00:00\" \/>\n<meta name=\"author\" content=\"Carolina Fuentes\" \/>\n<meta name=\"twitter:card\" content=\"summary_large_image\" \/>\n<meta name=\"twitter:label1\" content=\"Escrit per\" \/>\n\t<meta name=\"twitter:data1\" content=\"Carolina Fuentes\" \/>\n\t<meta name=\"twitter:label2\" content=\"Temps estimat de lectura\" \/>\n\t<meta name=\"twitter:data2\" content=\"3 minuts\" \/>\n<script type=\"application\/ld+json\" class=\"yoast-schema-graph\">{\"@context\":\"https:\\\/\\\/schema.org\",\"@graph\":[{\"@type\":\"Article\",\"@id\":\"https:\\\/\\\/museosdealicante.com\\\/la-eleccion-la-scelta-muestra-de-teatro-de-autores-contemporaneos\\\/#article\",\"isPartOf\":{\"@id\":\"https:\\\/\\\/museosdealicante.com\\\/la-eleccion-la-scelta-muestra-de-teatro-de-autores-contemporaneos\\\/\"},\"author\":{\"name\":\"Carolina Fuentes\",\"@id\":\"https:\\\/\\\/museosdealicante.com\\\/#\\\/schema\\\/person\\\/b8e21892e9b6af60e856f31f0dce8cbd\"},\"headline\":\"La elecci\u00f3n (La scelta). Muestra de Teatro de Autores Contempor\u00e1neos\",\"datePublished\":\"2024-10-22T13:33:33+00:00\",\"mainEntityOfPage\":{\"@id\":\"https:\\\/\\\/museosdealicante.com\\\/la-eleccion-la-scelta-muestra-de-teatro-de-autores-contemporaneos\\\/\"},\"wordCount\":516,\"image\":{\"@id\":\"https:\\\/\\\/museosdealicante.com\\\/la-eleccion-la-scelta-muestra-de-teatro-de-autores-contemporaneos\\\/#primaryimage\"},\"thumbnailUrl\":\"https:\\\/\\\/museosdealicante.com\\\/wp-content\\\/uploads\\\/2024\\\/10\\\/wp-header-logo-28.png\",\"articleSection\":[\"CIGARRERAS\"],\"inLanguage\":\"ca\"},{\"@type\":\"WebPage\",\"@id\":\"https:\\\/\\\/museosdealicante.com\\\/la-eleccion-la-scelta-muestra-de-teatro-de-autores-contemporaneos\\\/\",\"url\":\"https:\\\/\\\/museosdealicante.com\\\/la-eleccion-la-scelta-muestra-de-teatro-de-autores-contemporaneos\\\/\",\"name\":\"La elecci\u00f3n (La scelta). Muestra de Teatro de Autores Contempor\u00e1neos - MUSEA | Museos de Alicante\",\"isPartOf\":{\"@id\":\"https:\\\/\\\/museosdealicante.com\\\/#website\"},\"primaryImageOfPage\":{\"@id\":\"https:\\\/\\\/museosdealicante.com\\\/la-eleccion-la-scelta-muestra-de-teatro-de-autores-contemporaneos\\\/#primaryimage\"},\"image\":{\"@id\":\"https:\\\/\\\/museosdealicante.com\\\/la-eleccion-la-scelta-muestra-de-teatro-de-autores-contemporaneos\\\/#primaryimage\"},\"thumbnailUrl\":\"https:\\\/\\\/museosdealicante.com\\\/wp-content\\\/uploads\\\/2024\\\/10\\\/wp-header-logo-28.png\",\"datePublished\":\"2024-10-22T13:33:33+00:00\",\"author\":{\"@id\":\"https:\\\/\\\/museosdealicante.com\\\/#\\\/schema\\\/person\\\/b8e21892e9b6af60e856f31f0dce8cbd\"},\"breadcrumb\":{\"@id\":\"https:\\\/\\\/museosdealicante.com\\\/la-eleccion-la-scelta-muestra-de-teatro-de-autores-contemporaneos\\\/#breadcrumb\"},\"inLanguage\":\"ca\",\"potentialAction\":[{\"@type\":\"ReadAction\",\"target\":[\"https:\\\/\\\/museosdealicante.com\\\/la-eleccion-la-scelta-muestra-de-teatro-de-autores-contemporaneos\\\/\"]}]},{\"@type\":\"ImageObject\",\"inLanguage\":\"ca\",\"@id\":\"https:\\\/\\\/museosdealicante.com\\\/la-eleccion-la-scelta-muestra-de-teatro-de-autores-contemporaneos\\\/#primaryimage\",\"url\":\"https:\\\/\\\/museosdealicante.com\\\/wp-content\\\/uploads\\\/2024\\\/10\\\/wp-header-logo-28.png\",\"contentUrl\":\"https:\\\/\\\/museosdealicante.com\\\/wp-content\\\/uploads\\\/2024\\\/10\\\/wp-header-logo-28.png\",\"width\":768,\"height\":551},{\"@type\":\"BreadcrumbList\",\"@id\":\"https:\\\/\\\/museosdealicante.com\\\/la-eleccion-la-scelta-muestra-de-teatro-de-autores-contemporaneos\\\/#breadcrumb\",\"itemListElement\":[{\"@type\":\"ListItem\",\"position\":1,\"name\":\"Portada\",\"item\":\"https:\\\/\\\/museosdealicante.com\\\/\"},{\"@type\":\"ListItem\",\"position\":2,\"name\":\"La elecci\u00f3n (La scelta). Muestra de Teatro de Autores Contempor\u00e1neos\"}]},{\"@type\":\"WebSite\",\"@id\":\"https:\\\/\\\/museosdealicante.com\\\/#website\",\"url\":\"https:\\\/\\\/museosdealicante.com\\\/\",\"name\":\"MUSEA | Museos de Alicante\",\"description\":\"Toda la oferta sobre arte, cultura y patrimonio de la ciudad, toda la actualidad de los museos de Alicante\",\"potentialAction\":[{\"@type\":\"SearchAction\",\"target\":{\"@type\":\"EntryPoint\",\"urlTemplate\":\"https:\\\/\\\/museosdealicante.com\\\/?s={search_term_string}\"},\"query-input\":{\"@type\":\"PropertyValueSpecification\",\"valueRequired\":true,\"valueName\":\"search_term_string\"}}],\"inLanguage\":\"ca\"},{\"@type\":\"Person\",\"@id\":\"https:\\\/\\\/museosdealicante.com\\\/#\\\/schema\\\/person\\\/b8e21892e9b6af60e856f31f0dce8cbd\",\"name\":\"Carolina Fuentes\",\"image\":{\"@type\":\"ImageObject\",\"inLanguage\":\"ca\",\"@id\":\"https:\\\/\\\/secure.gravatar.com\\\/avatar\\\/01f78e22536b5ffd26064d48b4b5761365a20d8fcf22b8fa03a63f307abc9dc6?s=96&d=mm&r=g\",\"url\":\"https:\\\/\\\/secure.gravatar.com\\\/avatar\\\/01f78e22536b5ffd26064d48b4b5761365a20d8fcf22b8fa03a63f307abc9dc6?s=96&d=mm&r=g\",\"contentUrl\":\"https:\\\/\\\/secure.gravatar.com\\\/avatar\\\/01f78e22536b5ffd26064d48b4b5761365a20d8fcf22b8fa03a63f307abc9dc6?s=96&d=mm&r=g\",\"caption\":\"Carolina Fuentes\"},\"url\":\"https:\\\/\\\/museosdealicante.com\\\/va\\\/author\\\/carolina-fuentes\\\/\"}]}<\/script>\n<!-- \/ Yoast SEO plugin. -->","yoast_head_json":{"title":"La elecci\u00f3n (La scelta). Muestra de Teatro de Autores Contempor\u00e1neos - MUSEA | Museos de Alicante","robots":{"index":"index","follow":"follow","max-snippet":"max-snippet:-1","max-image-preview":"max-image-preview:large","max-video-preview":"max-video-preview:-1"},"canonical":"https:\/\/museosdealicante.com\/va\/la-eleccion-la-scelta-muestra-de-teatro-de-autores-contemporaneos\/","og_locale":"ca_ES","og_type":"article","og_title":"La elecci\u00f3n (La scelta). Muestra de Teatro de Autores Contempor\u00e1neos - MUSEA | Museos de Alicante","og_description":"La elecci\u00f3n (La scelta). Muestra de Teatro de Autores Contempor\u00e1neos \u00bfQu\u00e9 pasar\u00eda si un espect\u00e1culo de la temporada que viene, en lugar de ser escogido por ti, que eres [\u2026]","og_url":"https:\/\/museosdealicante.com\/va\/la-eleccion-la-scelta-muestra-de-teatro-de-autores-contemporaneos\/","og_site_name":"MUSEA | Museos de Alicante","article_published_time":"2024-10-22T13:33:33+00:00","author":"Carolina Fuentes","twitter_card":"summary_large_image","twitter_misc":{"Escrit per":"Carolina Fuentes","Temps estimat de lectura":"3 minuts"},"schema":{"@context":"https:\/\/schema.org","@graph":[{"@type":"Article","@id":"https:\/\/museosdealicante.com\/la-eleccion-la-scelta-muestra-de-teatro-de-autores-contemporaneos\/#article","isPartOf":{"@id":"https:\/\/museosdealicante.com\/la-eleccion-la-scelta-muestra-de-teatro-de-autores-contemporaneos\/"},"author":{"name":"Carolina Fuentes","@id":"https:\/\/museosdealicante.com\/#\/schema\/person\/b8e21892e9b6af60e856f31f0dce8cbd"},"headline":"La elecci\u00f3n (La scelta). Muestra de Teatro de Autores Contempor\u00e1neos","datePublished":"2024-10-22T13:33:33+00:00","mainEntityOfPage":{"@id":"https:\/\/museosdealicante.com\/la-eleccion-la-scelta-muestra-de-teatro-de-autores-contemporaneos\/"},"wordCount":516,"image":{"@id":"https:\/\/museosdealicante.com\/la-eleccion-la-scelta-muestra-de-teatro-de-autores-contemporaneos\/#primaryimage"},"thumbnailUrl":"https:\/\/museosdealicante.com\/wp-content\/uploads\/2024\/10\/wp-header-logo-28.png","articleSection":["CIGARRERAS"],"inLanguage":"ca"},{"@type":"WebPage","@id":"https:\/\/museosdealicante.com\/la-eleccion-la-scelta-muestra-de-teatro-de-autores-contemporaneos\/","url":"https:\/\/museosdealicante.com\/la-eleccion-la-scelta-muestra-de-teatro-de-autores-contemporaneos\/","name":"La elecci\u00f3n (La scelta). Muestra de Teatro de Autores Contempor\u00e1neos - MUSEA | Museos de Alicante","isPartOf":{"@id":"https:\/\/museosdealicante.com\/#website"},"primaryImageOfPage":{"@id":"https:\/\/museosdealicante.com\/la-eleccion-la-scelta-muestra-de-teatro-de-autores-contemporaneos\/#primaryimage"},"image":{"@id":"https:\/\/museosdealicante.com\/la-eleccion-la-scelta-muestra-de-teatro-de-autores-contemporaneos\/#primaryimage"},"thumbnailUrl":"https:\/\/museosdealicante.com\/wp-content\/uploads\/2024\/10\/wp-header-logo-28.png","datePublished":"2024-10-22T13:33:33+00:00","author":{"@id":"https:\/\/museosdealicante.com\/#\/schema\/person\/b8e21892e9b6af60e856f31f0dce8cbd"},"breadcrumb":{"@id":"https:\/\/museosdealicante.com\/la-eleccion-la-scelta-muestra-de-teatro-de-autores-contemporaneos\/#breadcrumb"},"inLanguage":"ca","potentialAction":[{"@type":"ReadAction","target":["https:\/\/museosdealicante.com\/la-eleccion-la-scelta-muestra-de-teatro-de-autores-contemporaneos\/"]}]},{"@type":"ImageObject","inLanguage":"ca","@id":"https:\/\/museosdealicante.com\/la-eleccion-la-scelta-muestra-de-teatro-de-autores-contemporaneos\/#primaryimage","url":"https:\/\/museosdealicante.com\/wp-content\/uploads\/2024\/10\/wp-header-logo-28.png","contentUrl":"https:\/\/museosdealicante.com\/wp-content\/uploads\/2024\/10\/wp-header-logo-28.png","width":768,"height":551},{"@type":"BreadcrumbList","@id":"https:\/\/museosdealicante.com\/la-eleccion-la-scelta-muestra-de-teatro-de-autores-contemporaneos\/#breadcrumb","itemListElement":[{"@type":"ListItem","position":1,"name":"Portada","item":"https:\/\/museosdealicante.com\/"},{"@type":"ListItem","position":2,"name":"La elecci\u00f3n (La scelta). Muestra de Teatro de Autores Contempor\u00e1neos"}]},{"@type":"WebSite","@id":"https:\/\/museosdealicante.com\/#website","url":"https:\/\/museosdealicante.com\/","name":"MUSEA | Museos de Alicante","description":"Toda la oferta sobre arte, cultura y patrimonio de la ciudad, toda la actualidad de los museos de Alicante","potentialAction":[{"@type":"SearchAction","target":{"@type":"EntryPoint","urlTemplate":"https:\/\/museosdealicante.com\/?s={search_term_string}"},"query-input":{"@type":"PropertyValueSpecification","valueRequired":true,"valueName":"search_term_string"}}],"inLanguage":"ca"},{"@type":"Person","@id":"https:\/\/museosdealicante.com\/#\/schema\/person\/b8e21892e9b6af60e856f31f0dce8cbd","name":"Carolina Fuentes","image":{"@type":"ImageObject","inLanguage":"ca","@id":"https:\/\/secure.gravatar.com\/avatar\/01f78e22536b5ffd26064d48b4b5761365a20d8fcf22b8fa03a63f307abc9dc6?s=96&d=mm&r=g","url":"https:\/\/secure.gravatar.com\/avatar\/01f78e22536b5ffd26064d48b4b5761365a20d8fcf22b8fa03a63f307abc9dc6?s=96&d=mm&r=g","contentUrl":"https:\/\/secure.gravatar.com\/avatar\/01f78e22536b5ffd26064d48b4b5761365a20d8fcf22b8fa03a63f307abc9dc6?s=96&d=mm&r=g","caption":"Carolina Fuentes"},"url":"https:\/\/museosdealicante.com\/va\/author\/carolina-fuentes\/"}]}},"_links":{"self":[{"href":"https:\/\/museosdealicante.com\/va\/wp-json\/wp\/v2\/posts\/2739","targetHints":{"allow":["GET"]}}],"collection":[{"href":"https:\/\/museosdealicante.com\/va\/wp-json\/wp\/v2\/posts"}],"about":[{"href":"https:\/\/museosdealicante.com\/va\/wp-json\/wp\/v2\/types\/post"}],"author":[{"embeddable":true,"href":"https:\/\/museosdealicante.com\/va\/wp-json\/wp\/v2\/users\/8"}],"replies":[{"embeddable":true,"href":"https:\/\/museosdealicante.com\/va\/wp-json\/wp\/v2\/comments?post=2739"}],"version-history":[{"count":0,"href":"https:\/\/museosdealicante.com\/va\/wp-json\/wp\/v2\/posts\/2739\/revisions"}],"wp:featuredmedia":[{"embeddable":true,"href":"https:\/\/museosdealicante.com\/va\/wp-json\/wp\/v2\/media\/2740"}],"wp:attachment":[{"href":"https:\/\/museosdealicante.com\/va\/wp-json\/wp\/v2\/media?parent=2739"}],"wp:term":[{"taxonomy":"category","embeddable":true,"href":"https:\/\/museosdealicante.com\/va\/wp-json\/wp\/v2\/categories?post=2739"},{"taxonomy":"post_tag","embeddable":true,"href":"https:\/\/museosdealicante.com\/va\/wp-json\/wp\/v2\/tags?post=2739"}],"curies":[{"name":"wp","href":"https:\/\/api.w.org\/{rel}","templated":true}]}}