{"id":2782,"date":"2024-11-09T02:16:11","date_gmt":"2024-11-09T02:16:11","guid":{"rendered":"https:\/\/museosdealicante.com\/bello-publico-2024\/"},"modified":"2024-11-09T02:16:11","modified_gmt":"2024-11-09T02:16:11","slug":"bello-publico-2024","status":"publish","type":"post","link":"https:\/\/museosdealicante.com\/va\/bello-publico-2024\/","title":{"rendered":"Bello P\u00fablico 2024"},"content":{"rendered":"<div property=\"content:encoded\">\n<p><strong>Bello P\u00fablico 2024<\/strong><\/p>\n<p>Bello P\u00fablico, un encuentro entre la palabra y la m\u00fasica y su relaci\u00f3n con la poes\u00eda, la\u00a0pintura, el arte, la improvisaci\u00f3n. Nuestra intenci\u00f3n es la de traer y atraer lo que en com\u00fan tienen la palabra y el ritmo, o dicho\u00a0de otra manera la poes\u00eda y la m\u00fasica: los temas, el ambiente, las formas de tocar, de escribir, de contar y de hablar como expresi\u00f3n de la misma cosa. Con estas actuaciones pretendemos acercar la poes\u00eda y ciertas disciplinas art\u00edsticas a un p\u00fablico no\u00a0acostumbrado a ella, m\u00e1s centrado en la m\u00fasica como algo l\u00fadico y que a veces deja de lado la importancia de los textos que\u00a0acompa\u00f1an esa m\u00fasica, indistintamente de su g\u00e9nero o estilo. Hasta la fecha hemos fusionado la palabra en sus m\u00faltiples\u00a0disciplinas art\u00edsticas: conciertos recitados, improvisaci\u00f3n, ilustraci\u00f3n, c\u00f3mic, exposiciones y acciones performativas. La intenci\u00f3n\u00a0es mostrar una visi\u00f3n gozosa, un valor a\u00f1adido a este encuentro, siendo una oportunidad de acercarse a la cultura desde lo bello\u00a0y desde lo p\u00fablico.<\/p>\n<p>El grueso de actividades se realiza\u00a0en el Centro Cultural Las Cigarreras del 14 al 16 de noviembre. Una a\u00f1o mas cuentan con la colaboraci\u00f3n de la librer\u00eda Pynchon&amp;co\u00a0<\/p>\n<p>Actividad subvecnionada por la Concejal\u00eda de Cultura en la convocatoria p\u00fablica de subvenciones a proyectos culturales 2024.<\/p>\n<p><strong>Programaci\u00f3n<\/strong><\/p>\n<p><strong>LA POES\u00cdA SECRETA<\/strong><\/p>\n<p>D\u00eda: 13 de noviembre<br \/>Hora: 19.00h<br \/>Lugar: Librer\u00eda Pynchon&amp;Co (Alicante)<br \/><strong><a href=\"https:\/\/entradium.com\/es\/organizers\/santa-leonor\" rel=\"nofollow\">Entradas<\/a><\/strong><\/p>\n<p><strong>CANTES MALDITOS<\/strong><\/p>\n<p>D\u00eda: 14 de noviembre<br \/>Hora: 20.30h<br \/>Lugar: Caja Negra de Las Cigarreras<br \/>Con Pedro de Dios y Guadalupe Plata) + Erizonte (Juli\u00e1n Sanz Escalona, MAR OTRA VEZ).<br \/><strong><a href=\"https:\/\/entradium.com\/es\/organizers\/santa-leonor\" rel=\"nofollow\">Entradas<\/a><\/strong><\/p>\n<p><strong>JAVIER GALLEGO CRUDO (Carne Cruda) + ERIZONTE + ORINA<\/strong><\/p>\n<p>D\u00eda: 15 de noviembre, viernes<br \/>Hora: 20.30h<br \/>Lugar: Caja Negra de La Caja Negra (Las Cigarreras)<br \/><strong><a href=\"https:\/\/entradium.com\/es\/organizers\/santa-leonor\" rel=\"nofollow\">Entradas<\/a><\/strong><\/p>\n<p><strong>PRESENTACI\u00d3N DE LA CA\u00cdDA DEL IMPERIO<\/strong><\/p>\n<p>D\u00eda 16 de noviembre, s\u00e1bado<br \/>Hora: 12.00h.<br \/>Lugar: Librer\u00eda Pynchon&amp;Co\u00a0con Javier Gallego Crudo y Ra\u00fal Cornejo<br \/>Entrada libre.<\/p>\n<p><strong>POES\u00cdA<\/strong><\/p>\n<p>16 de noviembre<br \/>Hora: 17.30h.<br \/>Lugar: Las Cigarreras \u2013 Jard\u00edn Vertical<br \/>con Laura LaTeru Nelo Curti + Carla Esteve +Mar\u00eda Jim\u00e9nez<br \/>Entrada libre.<\/p>\n<p><strong>CHRISTINA ROSENVINGE (recital de poes\u00eda) + ELSA MORENO<\/strong><\/p>\n<p>16 de noviembre, s\u00e1bado.<br \/>Hora: 20:30h.<br \/>Lugar: Las Cigarreras \u2013 Caja Negra<br \/><strong><a href=\"https:\/\/entradium.com\/es\/organizers\/santa-leonor\" rel=\"nofollow\">Entradas<\/a><\/strong><\/p>\n<\/div>\n<p><a href=\"https:\/\/www.alicante.es\/es\/node\/43763\">source<\/a><\/p>","protected":false},"excerpt":{"rendered":"<p>Bello P\u00fablico 2024 Bello P\u00fablico, un encuentro entre la palabra y la m\u00fasica y su relaci\u00f3n con la poes\u00eda, la\u00a0pintura, el arte, la improvisaci\u00f3n. Nuestra intenci\u00f3n es la de<span class=\"excerpt-hellip\"> [\u2026]<\/span><\/p>\n","protected":false},"author":8,"featured_media":2783,"comment_status":"","ping_status":"","sticky":false,"template":"","format":"standard","meta":{"_price":"","_stock":"","_tribe_ticket_header":"","_tribe_default_ticket_provider":"","_tribe_ticket_capacity":"0","_ticket_start_date":"","_ticket_end_date":"","_tribe_ticket_show_description":"","_tribe_ticket_show_not_going":false,"_tribe_ticket_use_global_stock":"","_tribe_ticket_global_stock_level":"","_global_stock_mode":"","_global_stock_cap":"","_tribe_rsvp_for_event":"","_tribe_ticket_going_count":"","_tribe_ticket_not_going_count":"","_tribe_tickets_list":"[]","_tribe_ticket_has_attendee_info_fields":false,"footnotes":""},"categories":[14],"tags":[],"class_list":["post-2782","post","type-post","status-publish","format-standard","has-post-thumbnail","hentry","category-cigarreras"],"yoast_head":"<!-- This site is optimized with the Yoast SEO plugin v27.3 - https:\/\/yoast.com\/product\/yoast-seo-wordpress\/ -->\n<title>Bello P\u00fablico 2024 - MUSEA | Museos de Alicante<\/title>\n<meta name=\"robots\" content=\"index, follow, max-snippet:-1, max-image-preview:large, max-video-preview:-1\" \/>\n<link rel=\"canonical\" href=\"https:\/\/museosdealicante.com\/va\/bello-publico-2024\/\" \/>\n<meta property=\"og:locale\" content=\"ca_ES\" \/>\n<meta property=\"og:type\" content=\"article\" \/>\n<meta property=\"og:title\" content=\"Bello P\u00fablico 2024 - MUSEA | Museos de Alicante\" \/>\n<meta property=\"og:description\" content=\"Bello P\u00fablico 2024 Bello P\u00fablico, un encuentro entre la palabra y la m\u00fasica y su relaci\u00f3n con la poes\u00eda, la\u00a0pintura, el arte, la improvisaci\u00f3n. Nuestra intenci\u00f3n es la de [\u2026]\" \/>\n<meta property=\"og:url\" content=\"https:\/\/museosdealicante.com\/va\/bello-publico-2024\/\" \/>\n<meta property=\"og:site_name\" content=\"MUSEA | Museos de Alicante\" \/>\n<meta property=\"article:published_time\" content=\"2024-11-09T02:16:11+00:00\" \/>\n<meta name=\"author\" content=\"Carolina Fuentes\" \/>\n<meta name=\"twitter:card\" content=\"summary_large_image\" \/>\n<meta name=\"twitter:label1\" content=\"Escrit per\" \/>\n\t<meta name=\"twitter:data1\" content=\"Carolina Fuentes\" \/>\n\t<meta name=\"twitter:label2\" content=\"Temps estimat de lectura\" \/>\n\t<meta name=\"twitter:data2\" content=\"2 minuts\" \/>\n<script type=\"application\/ld+json\" class=\"yoast-schema-graph\">{\"@context\":\"https:\\\/\\\/schema.org\",\"@graph\":[{\"@type\":\"Article\",\"@id\":\"https:\\\/\\\/museosdealicante.com\\\/bello-publico-2024\\\/#article\",\"isPartOf\":{\"@id\":\"https:\\\/\\\/museosdealicante.com\\\/bello-publico-2024\\\/\"},\"author\":{\"name\":\"Carolina Fuentes\",\"@id\":\"https:\\\/\\\/museosdealicante.com\\\/#\\\/schema\\\/person\\\/b8e21892e9b6af60e856f31f0dce8cbd\"},\"headline\":\"Bello P\u00fablico 2024\",\"datePublished\":\"2024-11-09T02:16:11+00:00\",\"mainEntityOfPage\":{\"@id\":\"https:\\\/\\\/museosdealicante.com\\\/bello-publico-2024\\\/\"},\"wordCount\":392,\"image\":{\"@id\":\"https:\\\/\\\/museosdealicante.com\\\/bello-publico-2024\\\/#primaryimage\"},\"thumbnailUrl\":\"https:\\\/\\\/museosdealicante.com\\\/wp-content\\\/uploads\\\/2024\\\/11\\\/wp-header-logo-9.png\",\"articleSection\":[\"CIGARRERAS\"],\"inLanguage\":\"ca\"},{\"@type\":\"WebPage\",\"@id\":\"https:\\\/\\\/museosdealicante.com\\\/bello-publico-2024\\\/\",\"url\":\"https:\\\/\\\/museosdealicante.com\\\/bello-publico-2024\\\/\",\"name\":\"Bello P\u00fablico 2024 - MUSEA | Museos de Alicante\",\"isPartOf\":{\"@id\":\"https:\\\/\\\/museosdealicante.com\\\/#website\"},\"primaryImageOfPage\":{\"@id\":\"https:\\\/\\\/museosdealicante.com\\\/bello-publico-2024\\\/#primaryimage\"},\"image\":{\"@id\":\"https:\\\/\\\/museosdealicante.com\\\/bello-publico-2024\\\/#primaryimage\"},\"thumbnailUrl\":\"https:\\\/\\\/museosdealicante.com\\\/wp-content\\\/uploads\\\/2024\\\/11\\\/wp-header-logo-9.png\",\"datePublished\":\"2024-11-09T02:16:11+00:00\",\"author\":{\"@id\":\"https:\\\/\\\/museosdealicante.com\\\/#\\\/schema\\\/person\\\/b8e21892e9b6af60e856f31f0dce8cbd\"},\"breadcrumb\":{\"@id\":\"https:\\\/\\\/museosdealicante.com\\\/bello-publico-2024\\\/#breadcrumb\"},\"inLanguage\":\"ca\",\"potentialAction\":[{\"@type\":\"ReadAction\",\"target\":[\"https:\\\/\\\/museosdealicante.com\\\/bello-publico-2024\\\/\"]}]},{\"@type\":\"ImageObject\",\"inLanguage\":\"ca\",\"@id\":\"https:\\\/\\\/museosdealicante.com\\\/bello-publico-2024\\\/#primaryimage\",\"url\":\"https:\\\/\\\/museosdealicante.com\\\/wp-content\\\/uploads\\\/2024\\\/11\\\/wp-header-logo-9.png\",\"contentUrl\":\"https:\\\/\\\/museosdealicante.com\\\/wp-content\\\/uploads\\\/2024\\\/11\\\/wp-header-logo-9.png\",\"width\":1440,\"height\":1440},{\"@type\":\"BreadcrumbList\",\"@id\":\"https:\\\/\\\/museosdealicante.com\\\/bello-publico-2024\\\/#breadcrumb\",\"itemListElement\":[{\"@type\":\"ListItem\",\"position\":1,\"name\":\"Portada\",\"item\":\"https:\\\/\\\/museosdealicante.com\\\/\"},{\"@type\":\"ListItem\",\"position\":2,\"name\":\"Bello P\u00fablico 2024\"}]},{\"@type\":\"WebSite\",\"@id\":\"https:\\\/\\\/museosdealicante.com\\\/#website\",\"url\":\"https:\\\/\\\/museosdealicante.com\\\/\",\"name\":\"MUSEA | Museos de Alicante\",\"description\":\"Toda la oferta sobre arte, cultura y patrimonio de la ciudad, toda la actualidad de los museos de Alicante\",\"potentialAction\":[{\"@type\":\"SearchAction\",\"target\":{\"@type\":\"EntryPoint\",\"urlTemplate\":\"https:\\\/\\\/museosdealicante.com\\\/?s={search_term_string}\"},\"query-input\":{\"@type\":\"PropertyValueSpecification\",\"valueRequired\":true,\"valueName\":\"search_term_string\"}}],\"inLanguage\":\"ca\"},{\"@type\":\"Person\",\"@id\":\"https:\\\/\\\/museosdealicante.com\\\/#\\\/schema\\\/person\\\/b8e21892e9b6af60e856f31f0dce8cbd\",\"name\":\"Carolina Fuentes\",\"image\":{\"@type\":\"ImageObject\",\"inLanguage\":\"ca\",\"@id\":\"https:\\\/\\\/secure.gravatar.com\\\/avatar\\\/01f78e22536b5ffd26064d48b4b5761365a20d8fcf22b8fa03a63f307abc9dc6?s=96&d=mm&r=g\",\"url\":\"https:\\\/\\\/secure.gravatar.com\\\/avatar\\\/01f78e22536b5ffd26064d48b4b5761365a20d8fcf22b8fa03a63f307abc9dc6?s=96&d=mm&r=g\",\"contentUrl\":\"https:\\\/\\\/secure.gravatar.com\\\/avatar\\\/01f78e22536b5ffd26064d48b4b5761365a20d8fcf22b8fa03a63f307abc9dc6?s=96&d=mm&r=g\",\"caption\":\"Carolina Fuentes\"},\"url\":\"https:\\\/\\\/museosdealicante.com\\\/va\\\/author\\\/carolina-fuentes\\\/\"}]}<\/script>\n<!-- \/ Yoast SEO plugin. -->","yoast_head_json":{"title":"Bello P\u00fablico 2024 - MUSEA | Museos de Alicante","robots":{"index":"index","follow":"follow","max-snippet":"max-snippet:-1","max-image-preview":"max-image-preview:large","max-video-preview":"max-video-preview:-1"},"canonical":"https:\/\/museosdealicante.com\/va\/bello-publico-2024\/","og_locale":"ca_ES","og_type":"article","og_title":"Bello P\u00fablico 2024 - MUSEA | Museos de Alicante","og_description":"Bello P\u00fablico 2024 Bello P\u00fablico, un encuentro entre la palabra y la m\u00fasica y su relaci\u00f3n con la poes\u00eda, la\u00a0pintura, el arte, la improvisaci\u00f3n. Nuestra intenci\u00f3n es la de [\u2026]","og_url":"https:\/\/museosdealicante.com\/va\/bello-publico-2024\/","og_site_name":"MUSEA | Museos de Alicante","article_published_time":"2024-11-09T02:16:11+00:00","author":"Carolina Fuentes","twitter_card":"summary_large_image","twitter_misc":{"Escrit per":"Carolina Fuentes","Temps estimat de lectura":"2 minuts"},"schema":{"@context":"https:\/\/schema.org","@graph":[{"@type":"Article","@id":"https:\/\/museosdealicante.com\/bello-publico-2024\/#article","isPartOf":{"@id":"https:\/\/museosdealicante.com\/bello-publico-2024\/"},"author":{"name":"Carolina Fuentes","@id":"https:\/\/museosdealicante.com\/#\/schema\/person\/b8e21892e9b6af60e856f31f0dce8cbd"},"headline":"Bello P\u00fablico 2024","datePublished":"2024-11-09T02:16:11+00:00","mainEntityOfPage":{"@id":"https:\/\/museosdealicante.com\/bello-publico-2024\/"},"wordCount":392,"image":{"@id":"https:\/\/museosdealicante.com\/bello-publico-2024\/#primaryimage"},"thumbnailUrl":"https:\/\/museosdealicante.com\/wp-content\/uploads\/2024\/11\/wp-header-logo-9.png","articleSection":["CIGARRERAS"],"inLanguage":"ca"},{"@type":"WebPage","@id":"https:\/\/museosdealicante.com\/bello-publico-2024\/","url":"https:\/\/museosdealicante.com\/bello-publico-2024\/","name":"Bello P\u00fablico 2024 - MUSEA | Museos de Alicante","isPartOf":{"@id":"https:\/\/museosdealicante.com\/#website"},"primaryImageOfPage":{"@id":"https:\/\/museosdealicante.com\/bello-publico-2024\/#primaryimage"},"image":{"@id":"https:\/\/museosdealicante.com\/bello-publico-2024\/#primaryimage"},"thumbnailUrl":"https:\/\/museosdealicante.com\/wp-content\/uploads\/2024\/11\/wp-header-logo-9.png","datePublished":"2024-11-09T02:16:11+00:00","author":{"@id":"https:\/\/museosdealicante.com\/#\/schema\/person\/b8e21892e9b6af60e856f31f0dce8cbd"},"breadcrumb":{"@id":"https:\/\/museosdealicante.com\/bello-publico-2024\/#breadcrumb"},"inLanguage":"ca","potentialAction":[{"@type":"ReadAction","target":["https:\/\/museosdealicante.com\/bello-publico-2024\/"]}]},{"@type":"ImageObject","inLanguage":"ca","@id":"https:\/\/museosdealicante.com\/bello-publico-2024\/#primaryimage","url":"https:\/\/museosdealicante.com\/wp-content\/uploads\/2024\/11\/wp-header-logo-9.png","contentUrl":"https:\/\/museosdealicante.com\/wp-content\/uploads\/2024\/11\/wp-header-logo-9.png","width":1440,"height":1440},{"@type":"BreadcrumbList","@id":"https:\/\/museosdealicante.com\/bello-publico-2024\/#breadcrumb","itemListElement":[{"@type":"ListItem","position":1,"name":"Portada","item":"https:\/\/museosdealicante.com\/"},{"@type":"ListItem","position":2,"name":"Bello P\u00fablico 2024"}]},{"@type":"WebSite","@id":"https:\/\/museosdealicante.com\/#website","url":"https:\/\/museosdealicante.com\/","name":"MUSEA | Museos de Alicante","description":"Toda la oferta sobre arte, cultura y patrimonio de la ciudad, toda la actualidad de los museos de Alicante","potentialAction":[{"@type":"SearchAction","target":{"@type":"EntryPoint","urlTemplate":"https:\/\/museosdealicante.com\/?s={search_term_string}"},"query-input":{"@type":"PropertyValueSpecification","valueRequired":true,"valueName":"search_term_string"}}],"inLanguage":"ca"},{"@type":"Person","@id":"https:\/\/museosdealicante.com\/#\/schema\/person\/b8e21892e9b6af60e856f31f0dce8cbd","name":"Carolina Fuentes","image":{"@type":"ImageObject","inLanguage":"ca","@id":"https:\/\/secure.gravatar.com\/avatar\/01f78e22536b5ffd26064d48b4b5761365a20d8fcf22b8fa03a63f307abc9dc6?s=96&d=mm&r=g","url":"https:\/\/secure.gravatar.com\/avatar\/01f78e22536b5ffd26064d48b4b5761365a20d8fcf22b8fa03a63f307abc9dc6?s=96&d=mm&r=g","contentUrl":"https:\/\/secure.gravatar.com\/avatar\/01f78e22536b5ffd26064d48b4b5761365a20d8fcf22b8fa03a63f307abc9dc6?s=96&d=mm&r=g","caption":"Carolina Fuentes"},"url":"https:\/\/museosdealicante.com\/va\/author\/carolina-fuentes\/"}]}},"_links":{"self":[{"href":"https:\/\/museosdealicante.com\/va\/wp-json\/wp\/v2\/posts\/2782","targetHints":{"allow":["GET"]}}],"collection":[{"href":"https:\/\/museosdealicante.com\/va\/wp-json\/wp\/v2\/posts"}],"about":[{"href":"https:\/\/museosdealicante.com\/va\/wp-json\/wp\/v2\/types\/post"}],"author":[{"embeddable":true,"href":"https:\/\/museosdealicante.com\/va\/wp-json\/wp\/v2\/users\/8"}],"replies":[{"embeddable":true,"href":"https:\/\/museosdealicante.com\/va\/wp-json\/wp\/v2\/comments?post=2782"}],"version-history":[{"count":0,"href":"https:\/\/museosdealicante.com\/va\/wp-json\/wp\/v2\/posts\/2782\/revisions"}],"wp:featuredmedia":[{"embeddable":true,"href":"https:\/\/museosdealicante.com\/va\/wp-json\/wp\/v2\/media\/2783"}],"wp:attachment":[{"href":"https:\/\/museosdealicante.com\/va\/wp-json\/wp\/v2\/media?parent=2782"}],"wp:term":[{"taxonomy":"category","embeddable":true,"href":"https:\/\/museosdealicante.com\/va\/wp-json\/wp\/v2\/categories?post=2782"},{"taxonomy":"post_tag","embeddable":true,"href":"https:\/\/museosdealicante.com\/va\/wp-json\/wp\/v2\/tags?post=2782"}],"curies":[{"name":"wp","href":"https:\/\/api.w.org\/{rel}","templated":true}]}}