{"id":2812,"date":"2024-11-21T03:10:24","date_gmt":"2024-11-21T03:10:24","guid":{"rendered":"https:\/\/museosdealicante.com\/cultura-en-barrios-quotconcierto-de-inviernoquot\/"},"modified":"2024-11-21T03:10:24","modified_gmt":"2024-11-21T03:10:24","slug":"cultura-en-barrios-quotconcierto-de-inviernoquot","status":"publish","type":"post","link":"https:\/\/museosdealicante.com\/va\/cultura-en-barrios-quotconcierto-de-inviernoquot\/","title":{"rendered":"Cultura en Barrios. &amp;quot;Concierto de invierno&amp;quot;"},"content":{"rendered":"<div property=\"content:encoded\">\n<h2>Cultura en Barrios #Escenad\u00b4aci<\/h2>\n<h2>CONCIERTO DE INVIERNO. Coro UA<\/h2>\n<p>Concierto de invierno Coral de la Universitat d&#8217;Alacant. Direcci\u00f3: Shlomo Rodr\u00edguez. Programa por confirmar<\/p>\n<p>La Coral de la Universidad de Alicante es una formaci\u00f3n que se inscribe en el marco del Vicerrectorado de Cultura, Deporte y Extensi\u00f3n Universitaria, que combina la formaci\u00f3n pedag\u00f3gica y musical de sus integrantes con la proyecci\u00f3n de este aprendizaje tanto en conciertos como en actos acad\u00e9micos.<\/p>\n<p>Se trata de una coral intergeneracional, formada por estudiantes, personal de la universidad, profesorado, e integrantes de los programas Alumni y S\u00e9nior. La direcci\u00f3n musical corresponde a Shlomo Rodr\u00edguez desde el curso 2016\/2017. Ha realizado numerosos conciertos en toda la provincia, colaborando con diversas formaciones musicales e instituciones, realizando intercambios, y participando asimismo cert\u00e1menes nacionales y europeos, como en Poznan o Perpignan.<\/p>\n<p>Todos los p\u00fablicos ( +8 a\u00f1os)<\/p>\n<p>&#8212;&#8212;&#8212;&#8212;&#8212;&#8212;&#8212;&#8212;&#8212;&#8212;&#8212;&#8212;&#8212;&#8212;&#8212;<\/p>\n<p>La Coral de la Universitat d&#8217;Alacant \u00e9s una formaci\u00f3 que s&#8217;inscriu en el marc del Vicerectorat de Cultura, Esport i Extensi\u00f3 Universit\u00e0ria, que combina la formaci\u00f3 pedag\u00f2gica i musical dels seus integrants amb la projecci\u00f3 d&#8217;este aprenentatge tant en concerts com en actes acad\u00e8mics.<\/p>\n<p>Es tracta d&#8217;una coral intergeneracional, formada per estudiants, personal de la universitat, professorat, i integrants dels programes Alumni i S\u00e8nior. La direcci\u00f3 musical correspon a Shlomo Rodr\u00edguez des del curs 2016\/2017. Ha realitzat nombrosos concerts en tota la prov\u00edncia, col\u00b7laborant amb diverses formacions musicals i institucions, realitzant intercanvis, i participant aix\u00ed mateix cert\u00e0mens nacionals i europeus, com en Poznan o Perpignan.<\/p>\n<p><strong>ACCESO A LAS ACTIVIDADES EN CENTROS CULTURALES, SOCIALES Y EN BIBLIOTECAS P\u00daBLICAS MUNICIPALES<\/strong><\/p>\n<p>El acceso a las actividades ser\u00e1 mediante entrada \/ invitaci\u00f3n que solo se podr\u00e1n reservar on line desde esta p\u00e1gina. Las invitaciones estar\u00e1n disponibles en torno a una o dos semanas antes de la realizaci\u00f3n del evento, hasta agotar existencias. Una misma persona titular de e-mail solo podr\u00e1 adquirir hasta cuatro invitaciones (tres en el caso de las Bibliotecas) para cada actividad. Se ruega se reserven solo aquellas invitaciones que realmente se vayan a utilizar, con el fin de facilitar la asistencia a otras personas interesadas. Si en alguna funci\u00f3n o evento quedaran localidades disponibles, el aforo establecido se completar\u00eda con asistentes a la actividad sin entrada-invitaci\u00f3n reservada.<\/p>\n<p><strong>NORMAS DE ASISTENCIA GENERAL<\/strong><\/p>\n<p>Solo se podr\u00e1 acceder cumpliendo con las exigencias sanitarias y de acceso establecidas en cada momento. Se ruega acudir con antelaci\u00f3n suficiente para una adecuada acomodaci\u00f3n en la sala. Una vez iniciada la actividad no se permitir\u00e1 el acceso a la misma. Est\u00e1 prohibida cualquier grabaci\u00f3n audiovisual. No se podr\u00e1 acceder portando bebidas o comidas. La edad m\u00ednima para acceder a las salas es de 3 a\u00f1os, salvo espect\u00e1culos programados para menores de esa edad. En todos los casos, los menores de 12 a\u00f1os deben estar acompa\u00f1ados por un adulto.<\/p>\n<p><strong>ACC\u00c9S A LES ACTIVITATS EN CENTRES CULTURALS, SOCIALS I EN BIBLIOTEQUES P\u00daBLIQUES MUNICIPALS<\/strong><\/p>\n<p>L&#8217;acc\u00e9s a les activitats ser\u00e0 mitjan\u00e7ant entrada \/ invitaci\u00f3 que nom\u00e9s es podran reservar on-line des d&#8217;aquesta p\u00e0gina. Les invitacions estaran disponibles entorn d&#8217;una o dues setmanes abans de la realitzaci\u00f3 de l&#8217;esdeveniment, fins a esgotar exist\u00e8ncies. Una mateixa persona titular d&#8217;e-mail nom\u00e9s podr\u00e0 adquirir fins a quatre invitacions (tres en el cas de les Biblioteques) per a cada activitat. Es prega es reserven nom\u00e9s aquelles invitacions que realment es vagen a utilitzar, amb la finalitat de facilitar l&#8217;assist\u00e8ncia a altres persones interessades. Si en alguna funci\u00f3 o esdeveniment quedaren localitats disponibles, l&#8217;aforament establit es completaria amb assistents a l&#8217;activitat sense entrada-invitaci\u00f3 reservada.<\/p>\n<p><strong>NORMES D&#8217;ASSIST\u00c8NCIA GENERAL<\/strong><\/p>\n<p>Nom\u00e9s es podr\u00e0 accedir complint amb les exig\u00e8ncies sanit\u00e0ries i d&#8217;acc\u00e9s establides a cada moment. Es prega acudir amb antelaci\u00f3 suficient per a una adequada acomodaci\u00f3 a la sala. Una vegada iniciada l&#8217;activitat no es permetr\u00e0 l&#8217;acc\u00e9s a aquesta. Est\u00e0 prohibida qualsevol enregistrament audiovisual. No es podr\u00e0 accedir portant begudes o menjars. L&#8217;edat m\u00ednima per a accedir a les sales \u00e9s de 3 anys, excepte espectacles programats per a menors d&#8217;aqueixa edat. En tots els casos, els menors de 12 anys han d&#8217;estar acompanyats per un adult.<\/p>\n<p>#sigueatubanda<\/p>\n<p>\u00a0<\/p>\n<\/div>\n<p><a href=\"https:\/\/www.alicante.es\/es\/node\/43867\">source<\/a><\/p>","protected":false},"excerpt":{"rendered":"<p>Cultura en Barrios #Escenad\u00b4aci CONCIERTO DE INVIERNO. Coro UA Concierto de invierno Coral de la Universitat d&#8217;Alacant. Direcci\u00f3: Shlomo Rodr\u00edguez. Programa por confirmar La Coral de la Universidad de<span class=\"excerpt-hellip\"> [\u2026]<\/span><\/p>\n","protected":false},"author":8,"featured_media":2813,"comment_status":"","ping_status":"","sticky":false,"template":"","format":"standard","meta":{"_price":"","_stock":"","_tribe_ticket_header":"","_tribe_default_ticket_provider":"","_tribe_ticket_capacity":"0","_ticket_start_date":"","_ticket_end_date":"","_tribe_ticket_show_description":"","_tribe_ticket_show_not_going":false,"_tribe_ticket_use_global_stock":"","_tribe_ticket_global_stock_level":"","_global_stock_mode":"","_global_stock_cap":"","_tribe_rsvp_for_event":"","_tribe_ticket_going_count":"","_tribe_ticket_not_going_count":"","_tribe_tickets_list":"[]","_tribe_ticket_has_attendee_info_fields":false,"footnotes":""},"categories":[14],"tags":[],"class_list":["post-2812","post","type-post","status-publish","format-standard","has-post-thumbnail","hentry","category-cigarreras"],"yoast_head":"<!-- This site is optimized with the Yoast SEO plugin v27.3 - https:\/\/yoast.com\/product\/yoast-seo-wordpress\/ -->\n<title>Cultura en Barrios. &amp;quot;Concierto de invierno&amp;quot; - MUSEA | Museos de Alicante<\/title>\n<meta name=\"robots\" content=\"index, follow, max-snippet:-1, max-image-preview:large, max-video-preview:-1\" \/>\n<link rel=\"canonical\" href=\"https:\/\/museosdealicante.com\/va\/cultura-en-barrios-quotconcierto-de-inviernoquot\/\" \/>\n<meta property=\"og:locale\" content=\"ca_ES\" \/>\n<meta property=\"og:type\" content=\"article\" \/>\n<meta property=\"og:title\" content=\"Cultura en Barrios. &amp;quot;Concierto de invierno&amp;quot; - MUSEA | Museos de Alicante\" \/>\n<meta property=\"og:description\" content=\"Cultura en Barrios #Escenad\u00b4aci CONCIERTO DE INVIERNO. Coro UA Concierto de invierno Coral de la Universitat d&#8217;Alacant. Direcci\u00f3: Shlomo Rodr\u00edguez. Programa por confirmar La Coral de la Universidad de [\u2026]\" \/>\n<meta property=\"og:url\" content=\"https:\/\/museosdealicante.com\/va\/cultura-en-barrios-quotconcierto-de-inviernoquot\/\" \/>\n<meta property=\"og:site_name\" content=\"MUSEA | Museos de Alicante\" \/>\n<meta property=\"article:published_time\" content=\"2024-11-21T03:10:24+00:00\" \/>\n<meta name=\"author\" content=\"Carolina Fuentes\" \/>\n<meta name=\"twitter:card\" content=\"summary_large_image\" \/>\n<meta name=\"twitter:label1\" content=\"Escrit per\" \/>\n\t<meta name=\"twitter:data1\" content=\"Carolina Fuentes\" \/>\n\t<meta name=\"twitter:label2\" content=\"Temps estimat de lectura\" \/>\n\t<meta name=\"twitter:data2\" content=\"4 minuts\" \/>\n<script type=\"application\/ld+json\" class=\"yoast-schema-graph\">{\"@context\":\"https:\\\/\\\/schema.org\",\"@graph\":[{\"@type\":\"Article\",\"@id\":\"https:\\\/\\\/museosdealicante.com\\\/cultura-en-barrios-quotconcierto-de-inviernoquot\\\/#article\",\"isPartOf\":{\"@id\":\"https:\\\/\\\/museosdealicante.com\\\/cultura-en-barrios-quotconcierto-de-inviernoquot\\\/\"},\"author\":{\"name\":\"Carolina Fuentes\",\"@id\":\"https:\\\/\\\/museosdealicante.com\\\/#\\\/schema\\\/person\\\/b8e21892e9b6af60e856f31f0dce8cbd\"},\"headline\":\"Cultura en Barrios. &amp;quot;Concierto de invierno&amp;quot;\",\"datePublished\":\"2024-11-21T03:10:24+00:00\",\"mainEntityOfPage\":{\"@id\":\"https:\\\/\\\/museosdealicante.com\\\/cultura-en-barrios-quotconcierto-de-inviernoquot\\\/\"},\"wordCount\":723,\"image\":{\"@id\":\"https:\\\/\\\/museosdealicante.com\\\/cultura-en-barrios-quotconcierto-de-inviernoquot\\\/#primaryimage\"},\"thumbnailUrl\":\"https:\\\/\\\/museosdealicante.com\\\/wp-content\\\/uploads\\\/2024\\\/11\\\/wp-header-logo-23.png\",\"articleSection\":[\"CIGARRERAS\"],\"inLanguage\":\"ca\"},{\"@type\":\"WebPage\",\"@id\":\"https:\\\/\\\/museosdealicante.com\\\/cultura-en-barrios-quotconcierto-de-inviernoquot\\\/\",\"url\":\"https:\\\/\\\/museosdealicante.com\\\/cultura-en-barrios-quotconcierto-de-inviernoquot\\\/\",\"name\":\"Cultura en Barrios. &amp;quot;Concierto de invierno&amp;quot; - MUSEA | Museos de Alicante\",\"isPartOf\":{\"@id\":\"https:\\\/\\\/museosdealicante.com\\\/#website\"},\"primaryImageOfPage\":{\"@id\":\"https:\\\/\\\/museosdealicante.com\\\/cultura-en-barrios-quotconcierto-de-inviernoquot\\\/#primaryimage\"},\"image\":{\"@id\":\"https:\\\/\\\/museosdealicante.com\\\/cultura-en-barrios-quotconcierto-de-inviernoquot\\\/#primaryimage\"},\"thumbnailUrl\":\"https:\\\/\\\/museosdealicante.com\\\/wp-content\\\/uploads\\\/2024\\\/11\\\/wp-header-logo-23.png\",\"datePublished\":\"2024-11-21T03:10:24+00:00\",\"author\":{\"@id\":\"https:\\\/\\\/museosdealicante.com\\\/#\\\/schema\\\/person\\\/b8e21892e9b6af60e856f31f0dce8cbd\"},\"breadcrumb\":{\"@id\":\"https:\\\/\\\/museosdealicante.com\\\/cultura-en-barrios-quotconcierto-de-inviernoquot\\\/#breadcrumb\"},\"inLanguage\":\"ca\",\"potentialAction\":[{\"@type\":\"ReadAction\",\"target\":[\"https:\\\/\\\/museosdealicante.com\\\/cultura-en-barrios-quotconcierto-de-inviernoquot\\\/\"]}]},{\"@type\":\"ImageObject\",\"inLanguage\":\"ca\",\"@id\":\"https:\\\/\\\/museosdealicante.com\\\/cultura-en-barrios-quotconcierto-de-inviernoquot\\\/#primaryimage\",\"url\":\"https:\\\/\\\/museosdealicante.com\\\/wp-content\\\/uploads\\\/2024\\\/11\\\/wp-header-logo-23.png\",\"contentUrl\":\"https:\\\/\\\/museosdealicante.com\\\/wp-content\\\/uploads\\\/2024\\\/11\\\/wp-header-logo-23.png\",\"width\":940,\"height\":470},{\"@type\":\"BreadcrumbList\",\"@id\":\"https:\\\/\\\/museosdealicante.com\\\/cultura-en-barrios-quotconcierto-de-inviernoquot\\\/#breadcrumb\",\"itemListElement\":[{\"@type\":\"ListItem\",\"position\":1,\"name\":\"Portada\",\"item\":\"https:\\\/\\\/museosdealicante.com\\\/\"},{\"@type\":\"ListItem\",\"position\":2,\"name\":\"Cultura en Barrios. &amp;quot;Concierto de invierno&amp;quot;\"}]},{\"@type\":\"WebSite\",\"@id\":\"https:\\\/\\\/museosdealicante.com\\\/#website\",\"url\":\"https:\\\/\\\/museosdealicante.com\\\/\",\"name\":\"MUSEA | Museos de Alicante\",\"description\":\"Toda la oferta sobre arte, cultura y patrimonio de la ciudad, toda la actualidad de los museos de Alicante\",\"potentialAction\":[{\"@type\":\"SearchAction\",\"target\":{\"@type\":\"EntryPoint\",\"urlTemplate\":\"https:\\\/\\\/museosdealicante.com\\\/?s={search_term_string}\"},\"query-input\":{\"@type\":\"PropertyValueSpecification\",\"valueRequired\":true,\"valueName\":\"search_term_string\"}}],\"inLanguage\":\"ca\"},{\"@type\":\"Person\",\"@id\":\"https:\\\/\\\/museosdealicante.com\\\/#\\\/schema\\\/person\\\/b8e21892e9b6af60e856f31f0dce8cbd\",\"name\":\"Carolina Fuentes\",\"image\":{\"@type\":\"ImageObject\",\"inLanguage\":\"ca\",\"@id\":\"https:\\\/\\\/secure.gravatar.com\\\/avatar\\\/01f78e22536b5ffd26064d48b4b5761365a20d8fcf22b8fa03a63f307abc9dc6?s=96&d=mm&r=g\",\"url\":\"https:\\\/\\\/secure.gravatar.com\\\/avatar\\\/01f78e22536b5ffd26064d48b4b5761365a20d8fcf22b8fa03a63f307abc9dc6?s=96&d=mm&r=g\",\"contentUrl\":\"https:\\\/\\\/secure.gravatar.com\\\/avatar\\\/01f78e22536b5ffd26064d48b4b5761365a20d8fcf22b8fa03a63f307abc9dc6?s=96&d=mm&r=g\",\"caption\":\"Carolina Fuentes\"},\"url\":\"https:\\\/\\\/museosdealicante.com\\\/va\\\/author\\\/carolina-fuentes\\\/\"}]}<\/script>\n<!-- \/ Yoast SEO plugin. -->","yoast_head_json":{"title":"Cultura en Barrios. &amp;quot;Concierto de invierno&amp;quot; - MUSEA | Museos de Alicante","robots":{"index":"index","follow":"follow","max-snippet":"max-snippet:-1","max-image-preview":"max-image-preview:large","max-video-preview":"max-video-preview:-1"},"canonical":"https:\/\/museosdealicante.com\/va\/cultura-en-barrios-quotconcierto-de-inviernoquot\/","og_locale":"ca_ES","og_type":"article","og_title":"Cultura en Barrios. &amp;quot;Concierto de invierno&amp;quot; - MUSEA | Museos de Alicante","og_description":"Cultura en Barrios #Escenad\u00b4aci CONCIERTO DE INVIERNO. Coro UA Concierto de invierno Coral de la Universitat d&#8217;Alacant. Direcci\u00f3: Shlomo Rodr\u00edguez. Programa por confirmar La Coral de la Universidad de [\u2026]","og_url":"https:\/\/museosdealicante.com\/va\/cultura-en-barrios-quotconcierto-de-inviernoquot\/","og_site_name":"MUSEA | Museos de Alicante","article_published_time":"2024-11-21T03:10:24+00:00","author":"Carolina Fuentes","twitter_card":"summary_large_image","twitter_misc":{"Escrit per":"Carolina Fuentes","Temps estimat de lectura":"4 minuts"},"schema":{"@context":"https:\/\/schema.org","@graph":[{"@type":"Article","@id":"https:\/\/museosdealicante.com\/cultura-en-barrios-quotconcierto-de-inviernoquot\/#article","isPartOf":{"@id":"https:\/\/museosdealicante.com\/cultura-en-barrios-quotconcierto-de-inviernoquot\/"},"author":{"name":"Carolina Fuentes","@id":"https:\/\/museosdealicante.com\/#\/schema\/person\/b8e21892e9b6af60e856f31f0dce8cbd"},"headline":"Cultura en Barrios. &amp;quot;Concierto de invierno&amp;quot;","datePublished":"2024-11-21T03:10:24+00:00","mainEntityOfPage":{"@id":"https:\/\/museosdealicante.com\/cultura-en-barrios-quotconcierto-de-inviernoquot\/"},"wordCount":723,"image":{"@id":"https:\/\/museosdealicante.com\/cultura-en-barrios-quotconcierto-de-inviernoquot\/#primaryimage"},"thumbnailUrl":"https:\/\/museosdealicante.com\/wp-content\/uploads\/2024\/11\/wp-header-logo-23.png","articleSection":["CIGARRERAS"],"inLanguage":"ca"},{"@type":"WebPage","@id":"https:\/\/museosdealicante.com\/cultura-en-barrios-quotconcierto-de-inviernoquot\/","url":"https:\/\/museosdealicante.com\/cultura-en-barrios-quotconcierto-de-inviernoquot\/","name":"Cultura en Barrios. &amp;quot;Concierto de invierno&amp;quot; - MUSEA | Museos de Alicante","isPartOf":{"@id":"https:\/\/museosdealicante.com\/#website"},"primaryImageOfPage":{"@id":"https:\/\/museosdealicante.com\/cultura-en-barrios-quotconcierto-de-inviernoquot\/#primaryimage"},"image":{"@id":"https:\/\/museosdealicante.com\/cultura-en-barrios-quotconcierto-de-inviernoquot\/#primaryimage"},"thumbnailUrl":"https:\/\/museosdealicante.com\/wp-content\/uploads\/2024\/11\/wp-header-logo-23.png","datePublished":"2024-11-21T03:10:24+00:00","author":{"@id":"https:\/\/museosdealicante.com\/#\/schema\/person\/b8e21892e9b6af60e856f31f0dce8cbd"},"breadcrumb":{"@id":"https:\/\/museosdealicante.com\/cultura-en-barrios-quotconcierto-de-inviernoquot\/#breadcrumb"},"inLanguage":"ca","potentialAction":[{"@type":"ReadAction","target":["https:\/\/museosdealicante.com\/cultura-en-barrios-quotconcierto-de-inviernoquot\/"]}]},{"@type":"ImageObject","inLanguage":"ca","@id":"https:\/\/museosdealicante.com\/cultura-en-barrios-quotconcierto-de-inviernoquot\/#primaryimage","url":"https:\/\/museosdealicante.com\/wp-content\/uploads\/2024\/11\/wp-header-logo-23.png","contentUrl":"https:\/\/museosdealicante.com\/wp-content\/uploads\/2024\/11\/wp-header-logo-23.png","width":940,"height":470},{"@type":"BreadcrumbList","@id":"https:\/\/museosdealicante.com\/cultura-en-barrios-quotconcierto-de-inviernoquot\/#breadcrumb","itemListElement":[{"@type":"ListItem","position":1,"name":"Portada","item":"https:\/\/museosdealicante.com\/"},{"@type":"ListItem","position":2,"name":"Cultura en Barrios. &amp;quot;Concierto de invierno&amp;quot;"}]},{"@type":"WebSite","@id":"https:\/\/museosdealicante.com\/#website","url":"https:\/\/museosdealicante.com\/","name":"MUSEA | Museos de Alicante","description":"Toda la oferta sobre arte, cultura y patrimonio de la ciudad, toda la actualidad de los museos de Alicante","potentialAction":[{"@type":"SearchAction","target":{"@type":"EntryPoint","urlTemplate":"https:\/\/museosdealicante.com\/?s={search_term_string}"},"query-input":{"@type":"PropertyValueSpecification","valueRequired":true,"valueName":"search_term_string"}}],"inLanguage":"ca"},{"@type":"Person","@id":"https:\/\/museosdealicante.com\/#\/schema\/person\/b8e21892e9b6af60e856f31f0dce8cbd","name":"Carolina Fuentes","image":{"@type":"ImageObject","inLanguage":"ca","@id":"https:\/\/secure.gravatar.com\/avatar\/01f78e22536b5ffd26064d48b4b5761365a20d8fcf22b8fa03a63f307abc9dc6?s=96&d=mm&r=g","url":"https:\/\/secure.gravatar.com\/avatar\/01f78e22536b5ffd26064d48b4b5761365a20d8fcf22b8fa03a63f307abc9dc6?s=96&d=mm&r=g","contentUrl":"https:\/\/secure.gravatar.com\/avatar\/01f78e22536b5ffd26064d48b4b5761365a20d8fcf22b8fa03a63f307abc9dc6?s=96&d=mm&r=g","caption":"Carolina Fuentes"},"url":"https:\/\/museosdealicante.com\/va\/author\/carolina-fuentes\/"}]}},"_links":{"self":[{"href":"https:\/\/museosdealicante.com\/va\/wp-json\/wp\/v2\/posts\/2812","targetHints":{"allow":["GET"]}}],"collection":[{"href":"https:\/\/museosdealicante.com\/va\/wp-json\/wp\/v2\/posts"}],"about":[{"href":"https:\/\/museosdealicante.com\/va\/wp-json\/wp\/v2\/types\/post"}],"author":[{"embeddable":true,"href":"https:\/\/museosdealicante.com\/va\/wp-json\/wp\/v2\/users\/8"}],"replies":[{"embeddable":true,"href":"https:\/\/museosdealicante.com\/va\/wp-json\/wp\/v2\/comments?post=2812"}],"version-history":[{"count":0,"href":"https:\/\/museosdealicante.com\/va\/wp-json\/wp\/v2\/posts\/2812\/revisions"}],"wp:featuredmedia":[{"embeddable":true,"href":"https:\/\/museosdealicante.com\/va\/wp-json\/wp\/v2\/media\/2813"}],"wp:attachment":[{"href":"https:\/\/museosdealicante.com\/va\/wp-json\/wp\/v2\/media?parent=2812"}],"wp:term":[{"taxonomy":"category","embeddable":true,"href":"https:\/\/museosdealicante.com\/va\/wp-json\/wp\/v2\/categories?post=2812"},{"taxonomy":"post_tag","embeddable":true,"href":"https:\/\/museosdealicante.com\/va\/wp-json\/wp\/v2\/tags?post=2812"}],"curies":[{"name":"wp","href":"https:\/\/api.w.org\/{rel}","templated":true}]}}