{"id":2899,"date":"2024-12-11T20:37:31","date_gmt":"2024-12-11T20:37:31","guid":{"rendered":"https:\/\/museosdealicante.com\/jovempa-federacion-y-jovempa-alicante-acuerdan-colaborar-con-la-fundacion-marq-en-la-difusion-de-la-cultura-y-el-patrimonio-de-alicante-y-su-provincia\/"},"modified":"2024-12-11T20:37:31","modified_gmt":"2024-12-11T20:37:31","slug":"jovempa-federacion-y-jovempa-alicante-acuerdan-colaborar-con-la-fundacion-marq-en-la-difusion-de-la-cultura-y-el-patrimonio-de-alicante-y-su-provincia","status":"publish","type":"post","link":"https:\/\/museosdealicante.com\/va\/jovempa-federacion-y-jovempa-alicante-acuerdan-colaborar-con-la-fundacion-marq-en-la-difusion-de-la-cultura-y-el-patrimonio-de-alicante-y-su-provincia\/","title":{"rendered":"JOVEMPA Federaci\u00f3n y JOVEMPA Alicante acuerdan colaborar con la Fundaci\u00f3n MARQ en la difusi\u00f3n de la cultura y el patrimonio de Alicante y su provincia"},"content":{"rendered":"<div>\n<p style=\"text-align:center\"><img decoding=\"async\" alt=\"\" src=\"\/contenido\/genericas\/3(33).jpg\" style=\"height:281px; width:500px\" \/><\/p>\n<p style=\"margin-left:0cm; margin-right:0cm; text-align:justify\"><span style=\"font-size:12pt\"><span style=\"font-family:Calibri,sans-serif\"><span style=\"color:black\"><span style=\"font-family:&quot;Arial&quot;,sans-serif\">La Fundaci\u00f3n CV MARQ, la Federaci\u00f3n de Asociaciones de J\u00f3venes Empresarios de la provincia de Alicante, JOVEMPA Federaci\u00f3n, y la Asociaci\u00f3n de J\u00f3venes Empresarios de Alicante, JOVEMPA Alicante, han suscrito recientemente Convenio de Colaboraci\u00f3n para trabajar conjuntamente en la difusi\u00f3n de la cultura y el patrimonio arqueol\u00f3gico de Alicante y su provincia. <\/span><\/span><\/span><\/span><\/p>\n<p style=\"margin-left:0cm; margin-right:0cm; text-align:justify\"><span style=\"font-size:12pt\"><span style=\"font-family:Calibri,sans-serif\"><span style=\"color:black\"><span style=\"font-family:&quot;Arial&quot;,sans-serif\">El vicepresidente de la <strong>Fundaci\u00f3n MARQ<\/strong> y diputado de Cultura de la Diputaci\u00f3n de Alicante,<strong> Juan de Dios Navarro Caballero<\/strong>, el presidente de la Federaci\u00f3n de Asociaciones de J\u00f3venes Empresarios de la provincia de Alicante, <strong>JOVEMPA Federaci\u00f3n<\/strong>, <strong>Alfonso Calero Romero<\/strong> y el presidente de la Asociaci\u00f3n de J\u00f3venes Empresarios de Alicante, <strong>JOVEMPA Alicante, Arturo Albaladejo Falc\u00f3, <\/strong>han acordado con la firma del convenio <\/span><span style=\"font-family:&quot;Arial&quot;,sans-serif\">establecer un sistema de colaboraci\u00f3n entre las partes, con el fin de divulgar al m\u00e1ximo las actividades desarrolladas por la Fundaci\u00f3n MARQ, as\u00ed como ofrecer un marco de ventajas especialmente favorables de acceso al museo, a los yacimientos del Tossal de Manises-Lucentum en Alicante, La Illeta en El Campello, a La Cova de l\u2019Or en Beniarr\u00e9s y a la Torre de almohade en Almudaina para los asociados de JOVEMPA Federaci\u00f3n y de JOVEMPA Alicante.<\/span><\/span><\/span><\/span><\/p>\n<p style=\"margin-left:0cm; margin-right:0cm; text-align:justify\"><span style=\"font-size:12pt\"><span style=\"font-family:Calibri,sans-serif\"><span style=\"color:black\"><strong><span style=\"font-family:&quot;Arial&quot;,sans-serif\">Jovempa Federaci\u00f3n, <\/span><\/strong><span style=\"font-family:&quot;Arial&quot;,sans-serif\">fundada en 1991, representa a m\u00e1s de 600 personas empresarias y m\u00e1s de 1.500 empresas, repartidas en 7 asociaciones comarcales y cuenta entre sus fines representar y defender los intereses de las personas asociadas y atender a sus necesidades de formaci\u00f3n, informaci\u00f3n y asesoramiento.<\/span><\/span><\/span><\/span><\/p>\n<p style=\"margin-left:0cm; margin-right:0cm; text-align:justify\"><span style=\"font-size:12pt\"><span style=\"font-family:Calibri,sans-serif\"><span style=\"color:black\"><span style=\"font-family:&quot;Arial&quot;,sans-serif\">Respecto a<strong> Jovempa Alicante, <\/strong>fue fundada tambi\u00e9n en 1991 y representa a m\u00e1s de 179 personas empresarias de la comarca de L\u00b4Alacant\u00ed y cuenta entre sus fines representar y defender los intereses de las personas asociadas y atender a sus necesidades de formaci\u00f3n, informaci\u00f3n y asesoramiento.\u00a0<\/span><\/span><\/span><\/span><\/p>\n<p style=\"margin-left:0cm; margin-right:0cm; text-align:center\"><span style=\"font-size:12pt\"><span style=\"font-family:Calibri,sans-serif\"><span style=\"color:black\"><span style=\"font-family:&quot;Arial&quot;,sans-serif\"><img decoding=\"async\" alt=\"\" src=\"\/contenido\/genericas\/11(13).jpg\" style=\"height:281px; width:500px\" \/><\/span><\/span><\/span><\/span><\/p>\n<\/p><\/div>\n<p><script>(function(d, s, id) {\n  var js, fjs = d.getElementsByTagName(s)[0];\n  if (d.getElementById(id)) return;\n  js = d.createElement(s); js.id = id;\n  js.src = \"\/\/connect.facebook.net\/es_ES\/all.js#xfbml=1\";\n  fjs.parentNode.insertBefore(js, fjs);\n}(document, 'script', 'facebook-jssdk'));<\/script><br \/><a href=\"https:\/\/www.marqalicante.com\/Noticias\/es\/JOVEMPA-Federacion-y-JOVEMPA-Alicante-acuerdan-colaborar-con-la-Fundacion-MARQ-en-la-difusion-de-la-cultura-y-el-patrimonio-de-Alicante-y-su-provincia-N1686.html\">source<\/a><\/p>\n","protected":false},"excerpt":{"rendered":"<p>La Fundaci\u00f3n CV MARQ, la Federaci\u00f3n de Asociaciones de J\u00f3venes Empresarios de la provincia de Alicante, JOVEMPA Federaci\u00f3n, y la Asociaci\u00f3n de J\u00f3venes Empresarios de Alicante, JOVEMPA Alicante, han<span class=\"excerpt-hellip\"> [\u2026]<\/span><\/p>\n","protected":false},"author":2,"featured_media":2900,"comment_status":"","ping_status":"","sticky":false,"template":"","format":"standard","meta":{"_price":"","_stock":"","_tribe_ticket_header":"","_tribe_default_ticket_provider":"","_tribe_ticket_capacity":"0","_ticket_start_date":"","_ticket_end_date":"","_tribe_ticket_show_description":"","_tribe_ticket_show_not_going":false,"_tribe_ticket_use_global_stock":"","_tribe_ticket_global_stock_level":"","_global_stock_mode":"","_global_stock_cap":"","_tribe_rsvp_for_event":"","_tribe_ticket_going_count":"","_tribe_ticket_not_going_count":"","_tribe_tickets_list":"[]","_tribe_ticket_has_attendee_info_fields":false,"footnotes":""},"categories":[11],"tags":[],"class_list":["post-2899","post","type-post","status-publish","format-standard","has-post-thumbnail","hentry","category-marq"],"yoast_head":"<!-- This site is optimized with the Yoast SEO plugin v27.3 - https:\/\/yoast.com\/product\/yoast-seo-wordpress\/ -->\n<title>JOVEMPA Federaci\u00f3n y JOVEMPA Alicante acuerdan colaborar con la Fundaci\u00f3n MARQ en la difusi\u00f3n de la cultura y el patrimonio de Alicante y su provincia - MUSEA | Museos de Alicante<\/title>\n<meta name=\"robots\" content=\"index, follow, max-snippet:-1, max-image-preview:large, max-video-preview:-1\" \/>\n<link rel=\"canonical\" href=\"https:\/\/museosdealicante.com\/va\/jovempa-federacion-y-jovempa-alicante-acuerdan-colaborar-con-la-fundacion-marq-en-la-difusion-de-la-cultura-y-el-patrimonio-de-alicante-y-su-provincia\/\" \/>\n<meta property=\"og:locale\" content=\"ca_ES\" \/>\n<meta property=\"og:type\" content=\"article\" \/>\n<meta property=\"og:title\" content=\"JOVEMPA Federaci\u00f3n y JOVEMPA Alicante acuerdan colaborar con la Fundaci\u00f3n MARQ en la difusi\u00f3n de la cultura y el patrimonio de Alicante y su provincia - MUSEA | Museos de Alicante\" \/>\n<meta property=\"og:description\" content=\"La Fundaci\u00f3n CV MARQ, la Federaci\u00f3n de Asociaciones de J\u00f3venes Empresarios de la provincia de Alicante, JOVEMPA Federaci\u00f3n, y la Asociaci\u00f3n de J\u00f3venes Empresarios de Alicante, JOVEMPA Alicante, han [\u2026]\" \/>\n<meta property=\"og:url\" content=\"https:\/\/museosdealicante.com\/va\/jovempa-federacion-y-jovempa-alicante-acuerdan-colaborar-con-la-fundacion-marq-en-la-difusion-de-la-cultura-y-el-patrimonio-de-alicante-y-su-provincia\/\" \/>\n<meta property=\"og:site_name\" content=\"MUSEA | Museos de Alicante\" \/>\n<meta property=\"article:published_time\" content=\"2024-12-11T20:37:31+00:00\" \/>\n<meta name=\"author\" content=\"Rub\u00e9n Mar\u00edn\" \/>\n<meta name=\"twitter:card\" content=\"summary_large_image\" \/>\n<meta name=\"twitter:label1\" content=\"Escrit per\" \/>\n\t<meta name=\"twitter:data1\" content=\"Rub\u00e9n Mar\u00edn\" \/>\n\t<meta name=\"twitter:label2\" content=\"Temps estimat de lectura\" \/>\n\t<meta name=\"twitter:data2\" content=\"2 minuts\" \/>\n<script type=\"application\/ld+json\" class=\"yoast-schema-graph\">{\"@context\":\"https:\\\/\\\/schema.org\",\"@graph\":[{\"@type\":\"Article\",\"@id\":\"https:\\\/\\\/museosdealicante.com\\\/jovempa-federacion-y-jovempa-alicante-acuerdan-colaborar-con-la-fundacion-marq-en-la-difusion-de-la-cultura-y-el-patrimonio-de-alicante-y-su-provincia\\\/#article\",\"isPartOf\":{\"@id\":\"https:\\\/\\\/museosdealicante.com\\\/jovempa-federacion-y-jovempa-alicante-acuerdan-colaborar-con-la-fundacion-marq-en-la-difusion-de-la-cultura-y-el-patrimonio-de-alicante-y-su-provincia\\\/\"},\"author\":{\"name\":\"Rub\u00e9n Mar\u00edn\",\"@id\":\"https:\\\/\\\/museosdealicante.com\\\/#\\\/schema\\\/person\\\/78e7fba1070263542396ef581fd4353d\"},\"headline\":\"JOVEMPA Federaci\u00f3n y JOVEMPA Alicante acuerdan colaborar con la Fundaci\u00f3n MARQ en la difusi\u00f3n de la cultura y el patrimonio de Alicante y su provincia\",\"datePublished\":\"2024-12-11T20:37:31+00:00\",\"mainEntityOfPage\":{\"@id\":\"https:\\\/\\\/museosdealicante.com\\\/jovempa-federacion-y-jovempa-alicante-acuerdan-colaborar-con-la-fundacion-marq-en-la-difusion-de-la-cultura-y-el-patrimonio-de-alicante-y-su-provincia\\\/\"},\"wordCount\":336,\"image\":{\"@id\":\"https:\\\/\\\/museosdealicante.com\\\/jovempa-federacion-y-jovempa-alicante-acuerdan-colaborar-con-la-fundacion-marq-en-la-difusion-de-la-cultura-y-el-patrimonio-de-alicante-y-su-provincia\\\/#primaryimage\"},\"thumbnailUrl\":\"https:\\\/\\\/museosdealicante.com\\\/wp-content\\\/uploads\\\/2024\\\/12\\\/wp-header-logo-13.png\",\"articleSection\":[\"MARQ\"],\"inLanguage\":\"ca\"},{\"@type\":\"WebPage\",\"@id\":\"https:\\\/\\\/museosdealicante.com\\\/jovempa-federacion-y-jovempa-alicante-acuerdan-colaborar-con-la-fundacion-marq-en-la-difusion-de-la-cultura-y-el-patrimonio-de-alicante-y-su-provincia\\\/\",\"url\":\"https:\\\/\\\/museosdealicante.com\\\/jovempa-federacion-y-jovempa-alicante-acuerdan-colaborar-con-la-fundacion-marq-en-la-difusion-de-la-cultura-y-el-patrimonio-de-alicante-y-su-provincia\\\/\",\"name\":\"JOVEMPA Federaci\u00f3n y JOVEMPA Alicante acuerdan colaborar con la Fundaci\u00f3n MARQ en la difusi\u00f3n de la cultura y el patrimonio de Alicante y su provincia - MUSEA | Museos de Alicante\",\"isPartOf\":{\"@id\":\"https:\\\/\\\/museosdealicante.com\\\/#website\"},\"primaryImageOfPage\":{\"@id\":\"https:\\\/\\\/museosdealicante.com\\\/jovempa-federacion-y-jovempa-alicante-acuerdan-colaborar-con-la-fundacion-marq-en-la-difusion-de-la-cultura-y-el-patrimonio-de-alicante-y-su-provincia\\\/#primaryimage\"},\"image\":{\"@id\":\"https:\\\/\\\/museosdealicante.com\\\/jovempa-federacion-y-jovempa-alicante-acuerdan-colaborar-con-la-fundacion-marq-en-la-difusion-de-la-cultura-y-el-patrimonio-de-alicante-y-su-provincia\\\/#primaryimage\"},\"thumbnailUrl\":\"https:\\\/\\\/museosdealicante.com\\\/wp-content\\\/uploads\\\/2024\\\/12\\\/wp-header-logo-13.png\",\"datePublished\":\"2024-12-11T20:37:31+00:00\",\"author\":{\"@id\":\"https:\\\/\\\/museosdealicante.com\\\/#\\\/schema\\\/person\\\/78e7fba1070263542396ef581fd4353d\"},\"breadcrumb\":{\"@id\":\"https:\\\/\\\/museosdealicante.com\\\/jovempa-federacion-y-jovempa-alicante-acuerdan-colaborar-con-la-fundacion-marq-en-la-difusion-de-la-cultura-y-el-patrimonio-de-alicante-y-su-provincia\\\/#breadcrumb\"},\"inLanguage\":\"ca\",\"potentialAction\":[{\"@type\":\"ReadAction\",\"target\":[\"https:\\\/\\\/museosdealicante.com\\\/jovempa-federacion-y-jovempa-alicante-acuerdan-colaborar-con-la-fundacion-marq-en-la-difusion-de-la-cultura-y-el-patrimonio-de-alicante-y-su-provincia\\\/\"]}]},{\"@type\":\"ImageObject\",\"inLanguage\":\"ca\",\"@id\":\"https:\\\/\\\/museosdealicante.com\\\/jovempa-federacion-y-jovempa-alicante-acuerdan-colaborar-con-la-fundacion-marq-en-la-difusion-de-la-cultura-y-el-patrimonio-de-alicante-y-su-provincia\\\/#primaryimage\",\"url\":\"https:\\\/\\\/museosdealicante.com\\\/wp-content\\\/uploads\\\/2024\\\/12\\\/wp-header-logo-13.png\",\"contentUrl\":\"https:\\\/\\\/museosdealicante.com\\\/wp-content\\\/uploads\\\/2024\\\/12\\\/wp-header-logo-13.png\"},{\"@type\":\"BreadcrumbList\",\"@id\":\"https:\\\/\\\/museosdealicante.com\\\/jovempa-federacion-y-jovempa-alicante-acuerdan-colaborar-con-la-fundacion-marq-en-la-difusion-de-la-cultura-y-el-patrimonio-de-alicante-y-su-provincia\\\/#breadcrumb\",\"itemListElement\":[{\"@type\":\"ListItem\",\"position\":1,\"name\":\"Portada\",\"item\":\"https:\\\/\\\/museosdealicante.com\\\/\"},{\"@type\":\"ListItem\",\"position\":2,\"name\":\"JOVEMPA Federaci\u00f3n y JOVEMPA Alicante acuerdan colaborar con la Fundaci\u00f3n MARQ en la difusi\u00f3n de la cultura y el patrimonio de Alicante y su provincia\"}]},{\"@type\":\"WebSite\",\"@id\":\"https:\\\/\\\/museosdealicante.com\\\/#website\",\"url\":\"https:\\\/\\\/museosdealicante.com\\\/\",\"name\":\"MUSEA | Museos de Alicante\",\"description\":\"Toda la oferta sobre arte, cultura y patrimonio de la ciudad, toda la actualidad de los museos de Alicante\",\"potentialAction\":[{\"@type\":\"SearchAction\",\"target\":{\"@type\":\"EntryPoint\",\"urlTemplate\":\"https:\\\/\\\/museosdealicante.com\\\/?s={search_term_string}\"},\"query-input\":{\"@type\":\"PropertyValueSpecification\",\"valueRequired\":true,\"valueName\":\"search_term_string\"}}],\"inLanguage\":\"ca\"},{\"@type\":\"Person\",\"@id\":\"https:\\\/\\\/museosdealicante.com\\\/#\\\/schema\\\/person\\\/78e7fba1070263542396ef581fd4353d\",\"name\":\"Rub\u00e9n Mar\u00edn\",\"image\":{\"@type\":\"ImageObject\",\"inLanguage\":\"ca\",\"@id\":\"https:\\\/\\\/secure.gravatar.com\\\/avatar\\\/a084df6ed7102aee5b321c805d4def1f98c4b742edeb24e3cc7271d50f2c565b?s=96&d=mm&r=g\",\"url\":\"https:\\\/\\\/secure.gravatar.com\\\/avatar\\\/a084df6ed7102aee5b321c805d4def1f98c4b742edeb24e3cc7271d50f2c565b?s=96&d=mm&r=g\",\"contentUrl\":\"https:\\\/\\\/secure.gravatar.com\\\/avatar\\\/a084df6ed7102aee5b321c805d4def1f98c4b742edeb24e3cc7271d50f2c565b?s=96&d=mm&r=g\",\"caption\":\"Rub\u00e9n Mar\u00edn\"},\"url\":\"https:\\\/\\\/museosdealicante.com\\\/va\\\/author\\\/gloria-navarro\\\/\"}]}<\/script>\n<!-- \/ Yoast SEO plugin. -->","yoast_head_json":{"title":"JOVEMPA Federaci\u00f3n y JOVEMPA Alicante acuerdan colaborar con la Fundaci\u00f3n MARQ en la difusi\u00f3n de la cultura y el patrimonio de Alicante y su provincia - MUSEA | Museos de Alicante","robots":{"index":"index","follow":"follow","max-snippet":"max-snippet:-1","max-image-preview":"max-image-preview:large","max-video-preview":"max-video-preview:-1"},"canonical":"https:\/\/museosdealicante.com\/va\/jovempa-federacion-y-jovempa-alicante-acuerdan-colaborar-con-la-fundacion-marq-en-la-difusion-de-la-cultura-y-el-patrimonio-de-alicante-y-su-provincia\/","og_locale":"ca_ES","og_type":"article","og_title":"JOVEMPA Federaci\u00f3n y JOVEMPA Alicante acuerdan colaborar con la Fundaci\u00f3n MARQ en la difusi\u00f3n de la cultura y el patrimonio de Alicante y su provincia - MUSEA | Museos de Alicante","og_description":"La Fundaci\u00f3n CV MARQ, la Federaci\u00f3n de Asociaciones de J\u00f3venes Empresarios de la provincia de Alicante, JOVEMPA Federaci\u00f3n, y la Asociaci\u00f3n de J\u00f3venes Empresarios de Alicante, JOVEMPA Alicante, han [\u2026]","og_url":"https:\/\/museosdealicante.com\/va\/jovempa-federacion-y-jovempa-alicante-acuerdan-colaborar-con-la-fundacion-marq-en-la-difusion-de-la-cultura-y-el-patrimonio-de-alicante-y-su-provincia\/","og_site_name":"MUSEA | Museos de Alicante","article_published_time":"2024-12-11T20:37:31+00:00","author":"Rub\u00e9n Mar\u00edn","twitter_card":"summary_large_image","twitter_misc":{"Escrit per":"Rub\u00e9n Mar\u00edn","Temps estimat de lectura":"2 minuts"},"schema":{"@context":"https:\/\/schema.org","@graph":[{"@type":"Article","@id":"https:\/\/museosdealicante.com\/jovempa-federacion-y-jovempa-alicante-acuerdan-colaborar-con-la-fundacion-marq-en-la-difusion-de-la-cultura-y-el-patrimonio-de-alicante-y-su-provincia\/#article","isPartOf":{"@id":"https:\/\/museosdealicante.com\/jovempa-federacion-y-jovempa-alicante-acuerdan-colaborar-con-la-fundacion-marq-en-la-difusion-de-la-cultura-y-el-patrimonio-de-alicante-y-su-provincia\/"},"author":{"name":"Rub\u00e9n Mar\u00edn","@id":"https:\/\/museosdealicante.com\/#\/schema\/person\/78e7fba1070263542396ef581fd4353d"},"headline":"JOVEMPA Federaci\u00f3n y JOVEMPA Alicante acuerdan colaborar con la Fundaci\u00f3n MARQ en la difusi\u00f3n de la cultura y el patrimonio de Alicante y su provincia","datePublished":"2024-12-11T20:37:31+00:00","mainEntityOfPage":{"@id":"https:\/\/museosdealicante.com\/jovempa-federacion-y-jovempa-alicante-acuerdan-colaborar-con-la-fundacion-marq-en-la-difusion-de-la-cultura-y-el-patrimonio-de-alicante-y-su-provincia\/"},"wordCount":336,"image":{"@id":"https:\/\/museosdealicante.com\/jovempa-federacion-y-jovempa-alicante-acuerdan-colaborar-con-la-fundacion-marq-en-la-difusion-de-la-cultura-y-el-patrimonio-de-alicante-y-su-provincia\/#primaryimage"},"thumbnailUrl":"https:\/\/museosdealicante.com\/wp-content\/uploads\/2024\/12\/wp-header-logo-13.png","articleSection":["MARQ"],"inLanguage":"ca"},{"@type":"WebPage","@id":"https:\/\/museosdealicante.com\/jovempa-federacion-y-jovempa-alicante-acuerdan-colaborar-con-la-fundacion-marq-en-la-difusion-de-la-cultura-y-el-patrimonio-de-alicante-y-su-provincia\/","url":"https:\/\/museosdealicante.com\/jovempa-federacion-y-jovempa-alicante-acuerdan-colaborar-con-la-fundacion-marq-en-la-difusion-de-la-cultura-y-el-patrimonio-de-alicante-y-su-provincia\/","name":"JOVEMPA Federaci\u00f3n y JOVEMPA Alicante acuerdan colaborar con la Fundaci\u00f3n MARQ en la difusi\u00f3n de la cultura y el patrimonio de Alicante y su provincia - MUSEA | Museos de Alicante","isPartOf":{"@id":"https:\/\/museosdealicante.com\/#website"},"primaryImageOfPage":{"@id":"https:\/\/museosdealicante.com\/jovempa-federacion-y-jovempa-alicante-acuerdan-colaborar-con-la-fundacion-marq-en-la-difusion-de-la-cultura-y-el-patrimonio-de-alicante-y-su-provincia\/#primaryimage"},"image":{"@id":"https:\/\/museosdealicante.com\/jovempa-federacion-y-jovempa-alicante-acuerdan-colaborar-con-la-fundacion-marq-en-la-difusion-de-la-cultura-y-el-patrimonio-de-alicante-y-su-provincia\/#primaryimage"},"thumbnailUrl":"https:\/\/museosdealicante.com\/wp-content\/uploads\/2024\/12\/wp-header-logo-13.png","datePublished":"2024-12-11T20:37:31+00:00","author":{"@id":"https:\/\/museosdealicante.com\/#\/schema\/person\/78e7fba1070263542396ef581fd4353d"},"breadcrumb":{"@id":"https:\/\/museosdealicante.com\/jovempa-federacion-y-jovempa-alicante-acuerdan-colaborar-con-la-fundacion-marq-en-la-difusion-de-la-cultura-y-el-patrimonio-de-alicante-y-su-provincia\/#breadcrumb"},"inLanguage":"ca","potentialAction":[{"@type":"ReadAction","target":["https:\/\/museosdealicante.com\/jovempa-federacion-y-jovempa-alicante-acuerdan-colaborar-con-la-fundacion-marq-en-la-difusion-de-la-cultura-y-el-patrimonio-de-alicante-y-su-provincia\/"]}]},{"@type":"ImageObject","inLanguage":"ca","@id":"https:\/\/museosdealicante.com\/jovempa-federacion-y-jovempa-alicante-acuerdan-colaborar-con-la-fundacion-marq-en-la-difusion-de-la-cultura-y-el-patrimonio-de-alicante-y-su-provincia\/#primaryimage","url":"https:\/\/museosdealicante.com\/wp-content\/uploads\/2024\/12\/wp-header-logo-13.png","contentUrl":"https:\/\/museosdealicante.com\/wp-content\/uploads\/2024\/12\/wp-header-logo-13.png"},{"@type":"BreadcrumbList","@id":"https:\/\/museosdealicante.com\/jovempa-federacion-y-jovempa-alicante-acuerdan-colaborar-con-la-fundacion-marq-en-la-difusion-de-la-cultura-y-el-patrimonio-de-alicante-y-su-provincia\/#breadcrumb","itemListElement":[{"@type":"ListItem","position":1,"name":"Portada","item":"https:\/\/museosdealicante.com\/"},{"@type":"ListItem","position":2,"name":"JOVEMPA Federaci\u00f3n y JOVEMPA Alicante acuerdan colaborar con la Fundaci\u00f3n MARQ en la difusi\u00f3n de la cultura y el patrimonio de Alicante y su provincia"}]},{"@type":"WebSite","@id":"https:\/\/museosdealicante.com\/#website","url":"https:\/\/museosdealicante.com\/","name":"MUSEA | Museos de Alicante","description":"Toda la oferta sobre arte, cultura y patrimonio de la ciudad, toda la actualidad de los museos de Alicante","potentialAction":[{"@type":"SearchAction","target":{"@type":"EntryPoint","urlTemplate":"https:\/\/museosdealicante.com\/?s={search_term_string}"},"query-input":{"@type":"PropertyValueSpecification","valueRequired":true,"valueName":"search_term_string"}}],"inLanguage":"ca"},{"@type":"Person","@id":"https:\/\/museosdealicante.com\/#\/schema\/person\/78e7fba1070263542396ef581fd4353d","name":"Rub\u00e9n Mar\u00edn","image":{"@type":"ImageObject","inLanguage":"ca","@id":"https:\/\/secure.gravatar.com\/avatar\/a084df6ed7102aee5b321c805d4def1f98c4b742edeb24e3cc7271d50f2c565b?s=96&d=mm&r=g","url":"https:\/\/secure.gravatar.com\/avatar\/a084df6ed7102aee5b321c805d4def1f98c4b742edeb24e3cc7271d50f2c565b?s=96&d=mm&r=g","contentUrl":"https:\/\/secure.gravatar.com\/avatar\/a084df6ed7102aee5b321c805d4def1f98c4b742edeb24e3cc7271d50f2c565b?s=96&d=mm&r=g","caption":"Rub\u00e9n Mar\u00edn"},"url":"https:\/\/museosdealicante.com\/va\/author\/gloria-navarro\/"}]}},"_links":{"self":[{"href":"https:\/\/museosdealicante.com\/va\/wp-json\/wp\/v2\/posts\/2899","targetHints":{"allow":["GET"]}}],"collection":[{"href":"https:\/\/museosdealicante.com\/va\/wp-json\/wp\/v2\/posts"}],"about":[{"href":"https:\/\/museosdealicante.com\/va\/wp-json\/wp\/v2\/types\/post"}],"author":[{"embeddable":true,"href":"https:\/\/museosdealicante.com\/va\/wp-json\/wp\/v2\/users\/2"}],"replies":[{"embeddable":true,"href":"https:\/\/museosdealicante.com\/va\/wp-json\/wp\/v2\/comments?post=2899"}],"version-history":[{"count":0,"href":"https:\/\/museosdealicante.com\/va\/wp-json\/wp\/v2\/posts\/2899\/revisions"}],"wp:featuredmedia":[{"embeddable":true,"href":"https:\/\/museosdealicante.com\/va\/wp-json\/wp\/v2\/media\/2900"}],"wp:attachment":[{"href":"https:\/\/museosdealicante.com\/va\/wp-json\/wp\/v2\/media?parent=2899"}],"wp:term":[{"taxonomy":"category","embeddable":true,"href":"https:\/\/museosdealicante.com\/va\/wp-json\/wp\/v2\/categories?post=2899"},{"taxonomy":"post_tag","embeddable":true,"href":"https:\/\/museosdealicante.com\/va\/wp-json\/wp\/v2\/tags?post=2899"}],"curies":[{"name":"wp","href":"https:\/\/api.w.org\/{rel}","templated":true}]}}