{"id":2951,"date":"2025-01-23T22:23:38","date_gmt":"2025-01-23T22:23:38","guid":{"rendered":"https:\/\/museosdealicante.com\/la-diputacion-conmemora-el-dia-del-libro-y-de-la-santa-faz-con-propuestas-culturales-online-que-invitan-a-la-participacion\/"},"modified":"2025-01-23T22:23:38","modified_gmt":"2025-01-23T22:23:38","slug":"la-diputacion-conmemora-el-dia-del-libro-y-de-la-santa-faz-con-propuestas-culturales-online-que-invitan-a-la-participacion","status":"publish","type":"post","link":"https:\/\/museosdealicante.com\/va\/la-diputacion-conmemora-el-dia-del-libro-y-de-la-santa-faz-con-propuestas-culturales-online-que-invitan-a-la-participacion\/","title":{"rendered":"La Diputaci\u00f3n conmemora el D\u00eda del Libro y de la Santa Faz con propuestas culturales online que invitan a la participaci\u00f3n"},"content":{"rendered":"<div>\n<p><img decoding=\"async\" alt=\"\" src=\"\/contenido\/genericas\/foto-libro-w.jpg\" style=\"height:633px; width:750px\"\/><\/p>\n<p>\u00a0<\/p>\n<p>La <strong>Diputaci\u00f3n de Alicante<\/strong>, a trav\u00e9s del \u00e1rea de Cultura, se suma desde hoy a los actos de conmemoraci\u00f3n del <strong>D\u00eda del Libro<\/strong> y la <strong>festividad de Santa Faz <\/strong>con acciones divulgadas a trav\u00e9s de los canales virtuales del <strong>Instituto Alicantino de Cultura Juan Gil-Albert<\/strong> y los museos <strong>Mubag <\/strong>y <strong>MARQ<\/strong>.<\/p>\n<p>La vicepresidenta y diputada de Cultura, Julia Parra, ha agradecido \u201cel esfuerzo y la creatividad empleadas para poner en marcha numerosas acciones a trav\u00e9s de las web y las redes sociales contribuyendo as\u00ed a que estas dos celebraciones tan relevantes no pasen desapercibidas y podamos disfrutar desde casa de propuestas para todos que invitan a la participaci\u00f3n\u201d.<\/p>\n<p><strong>D\u00eda del Libro en el Mubag<\/strong><\/p>\n<p>El <strong>Mubag<\/strong> dedicar\u00e1 ma\u00f1ana jueves un tributo a los autores olvidados en su secci\u00f3n de los jueves sobre la muestra \u2018La Escuela de Dibujo del Consulado Mar\u00edtimo y Terrestre de Alicante\u2019. Ma\u00f1ana seguir\u00e1 la conmemoraci\u00f3n con el lanzamiento de un <strong>nuevo reto<\/strong> <strong>para el fin de semana<\/strong> en el que el protagonista creador ser\u00e1 el p\u00fablico. En esta ocasi\u00f3n se invitar\u00e1 a los participantes a <strong>expresar mediante la escritura c\u00f3mo se sienten<\/strong> en este confinamiento, lanzar <strong>mensajes positivos<\/strong> y compartir <strong>poemas cortos<\/strong> <strong>inspirados en el arte<\/strong> compuestos sobre un fondo y firmados. Las creaciones se podr\u00e1n enviar al correo electr\u00f3nico <a href=\"\/cdn-cgi\/l\/email-protection#18756d7a797f587c71686d6c797b7177767974717b79766c7d367d6b\"><span class=\"__cf_email__\" data-cfemail=\"4a273f282b2d0a2e233a3f3e2b292325242b2623292b243e2f642f39\">[email\u00a0protected]<\/span><\/a> o publicarse directamente en Facebook, Twitter e Instagram etiquetando al Museo Mubag con el hashtag #Arteypoesia del viernes 24 al domingo 26 de abril.<\/p>\n<p>El lunes se publicar\u00e1 los diferentes trabajos del reto en las redes sociales del museo para <strong>recopilar en un \u00e1lbum los poemas enviados <\/strong>durante el fin de semana por el p\u00fablico.<\/p>\n<p>Con esta iniciativa, <strong>por primera vez el museo ser\u00e1 la plataforma de poetas<\/strong>. El equipo del MUBAG pretende unir el arte y la literatura, dos manifestaciones art\u00edsticas que siempre se han influenciado mutuamente como se demuestra en algunas obras que forman parte de la exposici\u00f3n permanente \u2018El siglo XIX en el MUBAG. De la formaci\u00f3n a la plenitud de un artista\u2019 que cuentan historias novelescas. Entre ellas, \u2018El Halconero\u2019 de Lorenzo Casanova, hechos hist\u00f3ricos y dramas sociales inspirados en la novela social o alegor\u00edas como la de Emilio Sala dedicada a las letras.<\/p>\n<p><strong>Iniciativas del MARQ<\/strong><\/p>\n<p>Desde el MARQ se har\u00e1 especial menci\u00f3n de las publicaciones realizadas desde esta instituci\u00f3n, que se compartir\u00e1n con el p\u00fablico a trav\u00e9s de la campa\u00f1a cultural virtual desarrollada en sus redes sociales. Todas ellas se pueden consultar desde la web <a href=\"http:\/\/marqalicante-classic-admin.qwair.com\/\"><span style=\"color:#2980b9\">marqalicante-classic-admin.qwair.com\/<\/span><\/a> o en el enlace:<span style=\"color:#2980b9\">\u00a0<\/span><a href=\"https:\/\/bit.ly\/2XS6xT3\" target=\"_blank\"><span style=\"color:#2980b9\">https:\/\/bit.ly\/2XS6xT<\/span>3<\/a>.<\/p>\n<p><strong>Propuestas del Gil-Albert<\/strong><\/p>\n<p>El IAC Juan Gil Albert celebra el D\u00eda Internacional del Libro con una propuesta virtual que re\u00fane varias publicaciones sobre La Santa Faz, coincidiendo ambas celebraciones este a\u00f1o. Una vez m\u00e1s, el objetivo es <strong>fomentar la lectura<\/strong>, poniendo en relevancia la labor del Departamento de Publicaciones y revistas como figura principal de <strong>gesti\u00f3n editorial propia<\/strong>, as\u00ed como la colecci\u00f3n de la biblioteca especializada, sobre todo en tem\u00e1tica de la Comunidad Valenciana, local y provincial, que alcanza m\u00e1s de 18.000 vol\u00famenes integrados por sus fondos editoriales y de intercambios con centros de estudios y universidades, prestando un servicio al p\u00fablico de consulta y pr\u00e9stamo.\u00a0<\/p>\n<p>Dado que este a\u00f1o el D\u00eda del Internacional del libro, adem\u00e1s coincide con la tradicional <strong>Romer\u00eda de la Santa Faz<\/strong>, se difundir\u00e1n a trav\u00e9s de las redes publicaciones que centran su investigaci\u00f3n, historia y tradici\u00f3n tan arraigada a los alicantinos, que se remonta al siglo XV.\u00a0<\/p>\n<\/div>\n<p><a href=\"https:\/\/www.marqalicante.com\/2025\/01\/22\/la-diputacion-conmemora-el-dia-del-libro-y-de-la-santa-faz-con-propuestas-culturales-online-que-invitan-a-la-participacion-3\/\">source<\/a><\/p>\n","protected":false},"excerpt":{"rendered":"<p>\u00a0 La Diputaci\u00f3n de Alicante, a trav\u00e9s del \u00e1rea de Cultura, se suma desde hoy a los actos de conmemoraci\u00f3n del D\u00eda del Libro y la festividad de Santa<span class=\"excerpt-hellip\"> [\u2026]<\/span><\/p>\n","protected":false},"author":2,"featured_media":2952,"comment_status":"","ping_status":"","sticky":false,"template":"","format":"standard","meta":{"_price":"","_stock":"","_tribe_ticket_header":"","_tribe_default_ticket_provider":"","_tribe_ticket_capacity":"0","_ticket_start_date":"","_ticket_end_date":"","_tribe_ticket_show_description":"","_tribe_ticket_show_not_going":false,"_tribe_ticket_use_global_stock":"","_tribe_ticket_global_stock_level":"","_global_stock_mode":"","_global_stock_cap":"","_tribe_rsvp_for_event":"","_tribe_ticket_going_count":"","_tribe_ticket_not_going_count":"","_tribe_tickets_list":"[]","_tribe_ticket_has_attendee_info_fields":false,"footnotes":""},"categories":[11],"tags":[],"class_list":["post-2951","post","type-post","status-publish","format-standard","has-post-thumbnail","hentry","category-marq"],"yoast_head":"<!-- This site is optimized with the Yoast SEO plugin v27.3 - https:\/\/yoast.com\/product\/yoast-seo-wordpress\/ -->\n<title>La Diputaci\u00f3n conmemora el D\u00eda del Libro y de la Santa Faz con propuestas culturales online que invitan a la participaci\u00f3n - MUSEA | Museos de Alicante<\/title>\n<meta name=\"robots\" content=\"index, follow, max-snippet:-1, max-image-preview:large, max-video-preview:-1\" \/>\n<link rel=\"canonical\" href=\"https:\/\/museosdealicante.com\/va\/la-diputacion-conmemora-el-dia-del-libro-y-de-la-santa-faz-con-propuestas-culturales-online-que-invitan-a-la-participacion\/\" \/>\n<meta property=\"og:locale\" content=\"ca_ES\" \/>\n<meta property=\"og:type\" content=\"article\" \/>\n<meta property=\"og:title\" content=\"La Diputaci\u00f3n conmemora el D\u00eda del Libro y de la Santa Faz con propuestas culturales online que invitan a la participaci\u00f3n - MUSEA | Museos de Alicante\" \/>\n<meta property=\"og:description\" content=\"\u00a0 La Diputaci\u00f3n de Alicante, a trav\u00e9s del \u00e1rea de Cultura, se suma desde hoy a los actos de conmemoraci\u00f3n del D\u00eda del Libro y la festividad de Santa [\u2026]\" \/>\n<meta property=\"og:url\" content=\"https:\/\/museosdealicante.com\/va\/la-diputacion-conmemora-el-dia-del-libro-y-de-la-santa-faz-con-propuestas-culturales-online-que-invitan-a-la-participacion\/\" \/>\n<meta property=\"og:site_name\" content=\"MUSEA | Museos de Alicante\" \/>\n<meta property=\"article:published_time\" content=\"2025-01-23T22:23:38+00:00\" \/>\n<meta name=\"author\" content=\"Rub\u00e9n Mar\u00edn\" \/>\n<meta name=\"twitter:card\" content=\"summary_large_image\" \/>\n<meta name=\"twitter:label1\" content=\"Escrit per\" \/>\n\t<meta name=\"twitter:data1\" content=\"Rub\u00e9n Mar\u00edn\" \/>\n\t<meta name=\"twitter:label2\" content=\"Temps estimat de lectura\" \/>\n\t<meta name=\"twitter:data2\" content=\"3 minuts\" \/>\n<script type=\"application\/ld+json\" class=\"yoast-schema-graph\">{\"@context\":\"https:\\\/\\\/schema.org\",\"@graph\":[{\"@type\":\"Article\",\"@id\":\"https:\\\/\\\/museosdealicante.com\\\/la-diputacion-conmemora-el-dia-del-libro-y-de-la-santa-faz-con-propuestas-culturales-online-que-invitan-a-la-participacion\\\/#article\",\"isPartOf\":{\"@id\":\"https:\\\/\\\/museosdealicante.com\\\/la-diputacion-conmemora-el-dia-del-libro-y-de-la-santa-faz-con-propuestas-culturales-online-que-invitan-a-la-participacion\\\/\"},\"author\":{\"name\":\"Rub\u00e9n Mar\u00edn\",\"@id\":\"https:\\\/\\\/museosdealicante.com\\\/#\\\/schema\\\/person\\\/78e7fba1070263542396ef581fd4353d\"},\"headline\":\"La Diputaci\u00f3n conmemora el D\u00eda del Libro y de la Santa Faz con propuestas culturales online que invitan a la participaci\u00f3n\",\"datePublished\":\"2025-01-23T22:23:38+00:00\",\"mainEntityOfPage\":{\"@id\":\"https:\\\/\\\/museosdealicante.com\\\/la-diputacion-conmemora-el-dia-del-libro-y-de-la-santa-faz-con-propuestas-culturales-online-que-invitan-a-la-participacion\\\/\"},\"wordCount\":642,\"image\":{\"@id\":\"https:\\\/\\\/museosdealicante.com\\\/la-diputacion-conmemora-el-dia-del-libro-y-de-la-santa-faz-con-propuestas-culturales-online-que-invitan-a-la-participacion\\\/#primaryimage\"},\"thumbnailUrl\":\"https:\\\/\\\/museosdealicante.com\\\/wp-content\\\/uploads\\\/2025\\\/01\\\/wp-header-logo-20.png\",\"articleSection\":[\"MARQ\"],\"inLanguage\":\"ca\"},{\"@type\":\"WebPage\",\"@id\":\"https:\\\/\\\/museosdealicante.com\\\/la-diputacion-conmemora-el-dia-del-libro-y-de-la-santa-faz-con-propuestas-culturales-online-que-invitan-a-la-participacion\\\/\",\"url\":\"https:\\\/\\\/museosdealicante.com\\\/la-diputacion-conmemora-el-dia-del-libro-y-de-la-santa-faz-con-propuestas-culturales-online-que-invitan-a-la-participacion\\\/\",\"name\":\"La Diputaci\u00f3n conmemora el D\u00eda del Libro y de la Santa Faz con propuestas culturales online que invitan a la participaci\u00f3n - MUSEA | Museos de Alicante\",\"isPartOf\":{\"@id\":\"https:\\\/\\\/museosdealicante.com\\\/#website\"},\"primaryImageOfPage\":{\"@id\":\"https:\\\/\\\/museosdealicante.com\\\/la-diputacion-conmemora-el-dia-del-libro-y-de-la-santa-faz-con-propuestas-culturales-online-que-invitan-a-la-participacion\\\/#primaryimage\"},\"image\":{\"@id\":\"https:\\\/\\\/museosdealicante.com\\\/la-diputacion-conmemora-el-dia-del-libro-y-de-la-santa-faz-con-propuestas-culturales-online-que-invitan-a-la-participacion\\\/#primaryimage\"},\"thumbnailUrl\":\"https:\\\/\\\/museosdealicante.com\\\/wp-content\\\/uploads\\\/2025\\\/01\\\/wp-header-logo-20.png\",\"datePublished\":\"2025-01-23T22:23:38+00:00\",\"author\":{\"@id\":\"https:\\\/\\\/museosdealicante.com\\\/#\\\/schema\\\/person\\\/78e7fba1070263542396ef581fd4353d\"},\"breadcrumb\":{\"@id\":\"https:\\\/\\\/museosdealicante.com\\\/la-diputacion-conmemora-el-dia-del-libro-y-de-la-santa-faz-con-propuestas-culturales-online-que-invitan-a-la-participacion\\\/#breadcrumb\"},\"inLanguage\":\"ca\",\"potentialAction\":[{\"@type\":\"ReadAction\",\"target\":[\"https:\\\/\\\/museosdealicante.com\\\/la-diputacion-conmemora-el-dia-del-libro-y-de-la-santa-faz-con-propuestas-culturales-online-que-invitan-a-la-participacion\\\/\"]}]},{\"@type\":\"ImageObject\",\"inLanguage\":\"ca\",\"@id\":\"https:\\\/\\\/museosdealicante.com\\\/la-diputacion-conmemora-el-dia-del-libro-y-de-la-santa-faz-con-propuestas-culturales-online-que-invitan-a-la-participacion\\\/#primaryimage\",\"url\":\"https:\\\/\\\/museosdealicante.com\\\/wp-content\\\/uploads\\\/2025\\\/01\\\/wp-header-logo-20.png\",\"contentUrl\":\"https:\\\/\\\/museosdealicante.com\\\/wp-content\\\/uploads\\\/2025\\\/01\\\/wp-header-logo-20.png\"},{\"@type\":\"BreadcrumbList\",\"@id\":\"https:\\\/\\\/museosdealicante.com\\\/la-diputacion-conmemora-el-dia-del-libro-y-de-la-santa-faz-con-propuestas-culturales-online-que-invitan-a-la-participacion\\\/#breadcrumb\",\"itemListElement\":[{\"@type\":\"ListItem\",\"position\":1,\"name\":\"Portada\",\"item\":\"https:\\\/\\\/museosdealicante.com\\\/\"},{\"@type\":\"ListItem\",\"position\":2,\"name\":\"La Diputaci\u00f3n conmemora el D\u00eda del Libro y de la Santa Faz con propuestas culturales online que invitan a la participaci\u00f3n\"}]},{\"@type\":\"WebSite\",\"@id\":\"https:\\\/\\\/museosdealicante.com\\\/#website\",\"url\":\"https:\\\/\\\/museosdealicante.com\\\/\",\"name\":\"MUSEA | Museos de Alicante\",\"description\":\"Toda la oferta sobre arte, cultura y patrimonio de la ciudad, toda la actualidad de los museos de Alicante\",\"potentialAction\":[{\"@type\":\"SearchAction\",\"target\":{\"@type\":\"EntryPoint\",\"urlTemplate\":\"https:\\\/\\\/museosdealicante.com\\\/?s={search_term_string}\"},\"query-input\":{\"@type\":\"PropertyValueSpecification\",\"valueRequired\":true,\"valueName\":\"search_term_string\"}}],\"inLanguage\":\"ca\"},{\"@type\":\"Person\",\"@id\":\"https:\\\/\\\/museosdealicante.com\\\/#\\\/schema\\\/person\\\/78e7fba1070263542396ef581fd4353d\",\"name\":\"Rub\u00e9n Mar\u00edn\",\"image\":{\"@type\":\"ImageObject\",\"inLanguage\":\"ca\",\"@id\":\"https:\\\/\\\/secure.gravatar.com\\\/avatar\\\/a084df6ed7102aee5b321c805d4def1f98c4b742edeb24e3cc7271d50f2c565b?s=96&d=mm&r=g\",\"url\":\"https:\\\/\\\/secure.gravatar.com\\\/avatar\\\/a084df6ed7102aee5b321c805d4def1f98c4b742edeb24e3cc7271d50f2c565b?s=96&d=mm&r=g\",\"contentUrl\":\"https:\\\/\\\/secure.gravatar.com\\\/avatar\\\/a084df6ed7102aee5b321c805d4def1f98c4b742edeb24e3cc7271d50f2c565b?s=96&d=mm&r=g\",\"caption\":\"Rub\u00e9n Mar\u00edn\"},\"url\":\"https:\\\/\\\/museosdealicante.com\\\/va\\\/author\\\/gloria-navarro\\\/\"}]}<\/script>\n<!-- \/ Yoast SEO plugin. -->","yoast_head_json":{"title":"La Diputaci\u00f3n conmemora el D\u00eda del Libro y de la Santa Faz con propuestas culturales online que invitan a la participaci\u00f3n - MUSEA | Museos de Alicante","robots":{"index":"index","follow":"follow","max-snippet":"max-snippet:-1","max-image-preview":"max-image-preview:large","max-video-preview":"max-video-preview:-1"},"canonical":"https:\/\/museosdealicante.com\/va\/la-diputacion-conmemora-el-dia-del-libro-y-de-la-santa-faz-con-propuestas-culturales-online-que-invitan-a-la-participacion\/","og_locale":"ca_ES","og_type":"article","og_title":"La Diputaci\u00f3n conmemora el D\u00eda del Libro y de la Santa Faz con propuestas culturales online que invitan a la participaci\u00f3n - MUSEA | Museos de Alicante","og_description":"\u00a0 La Diputaci\u00f3n de Alicante, a trav\u00e9s del \u00e1rea de Cultura, se suma desde hoy a los actos de conmemoraci\u00f3n del D\u00eda del Libro y la festividad de Santa [\u2026]","og_url":"https:\/\/museosdealicante.com\/va\/la-diputacion-conmemora-el-dia-del-libro-y-de-la-santa-faz-con-propuestas-culturales-online-que-invitan-a-la-participacion\/","og_site_name":"MUSEA | Museos de Alicante","article_published_time":"2025-01-23T22:23:38+00:00","author":"Rub\u00e9n Mar\u00edn","twitter_card":"summary_large_image","twitter_misc":{"Escrit per":"Rub\u00e9n Mar\u00edn","Temps estimat de lectura":"3 minuts"},"schema":{"@context":"https:\/\/schema.org","@graph":[{"@type":"Article","@id":"https:\/\/museosdealicante.com\/la-diputacion-conmemora-el-dia-del-libro-y-de-la-santa-faz-con-propuestas-culturales-online-que-invitan-a-la-participacion\/#article","isPartOf":{"@id":"https:\/\/museosdealicante.com\/la-diputacion-conmemora-el-dia-del-libro-y-de-la-santa-faz-con-propuestas-culturales-online-que-invitan-a-la-participacion\/"},"author":{"name":"Rub\u00e9n Mar\u00edn","@id":"https:\/\/museosdealicante.com\/#\/schema\/person\/78e7fba1070263542396ef581fd4353d"},"headline":"La Diputaci\u00f3n conmemora el D\u00eda del Libro y de la Santa Faz con propuestas culturales online que invitan a la participaci\u00f3n","datePublished":"2025-01-23T22:23:38+00:00","mainEntityOfPage":{"@id":"https:\/\/museosdealicante.com\/la-diputacion-conmemora-el-dia-del-libro-y-de-la-santa-faz-con-propuestas-culturales-online-que-invitan-a-la-participacion\/"},"wordCount":642,"image":{"@id":"https:\/\/museosdealicante.com\/la-diputacion-conmemora-el-dia-del-libro-y-de-la-santa-faz-con-propuestas-culturales-online-que-invitan-a-la-participacion\/#primaryimage"},"thumbnailUrl":"https:\/\/museosdealicante.com\/wp-content\/uploads\/2025\/01\/wp-header-logo-20.png","articleSection":["MARQ"],"inLanguage":"ca"},{"@type":"WebPage","@id":"https:\/\/museosdealicante.com\/la-diputacion-conmemora-el-dia-del-libro-y-de-la-santa-faz-con-propuestas-culturales-online-que-invitan-a-la-participacion\/","url":"https:\/\/museosdealicante.com\/la-diputacion-conmemora-el-dia-del-libro-y-de-la-santa-faz-con-propuestas-culturales-online-que-invitan-a-la-participacion\/","name":"La Diputaci\u00f3n conmemora el D\u00eda del Libro y de la Santa Faz con propuestas culturales online que invitan a la participaci\u00f3n - MUSEA | Museos de Alicante","isPartOf":{"@id":"https:\/\/museosdealicante.com\/#website"},"primaryImageOfPage":{"@id":"https:\/\/museosdealicante.com\/la-diputacion-conmemora-el-dia-del-libro-y-de-la-santa-faz-con-propuestas-culturales-online-que-invitan-a-la-participacion\/#primaryimage"},"image":{"@id":"https:\/\/museosdealicante.com\/la-diputacion-conmemora-el-dia-del-libro-y-de-la-santa-faz-con-propuestas-culturales-online-que-invitan-a-la-participacion\/#primaryimage"},"thumbnailUrl":"https:\/\/museosdealicante.com\/wp-content\/uploads\/2025\/01\/wp-header-logo-20.png","datePublished":"2025-01-23T22:23:38+00:00","author":{"@id":"https:\/\/museosdealicante.com\/#\/schema\/person\/78e7fba1070263542396ef581fd4353d"},"breadcrumb":{"@id":"https:\/\/museosdealicante.com\/la-diputacion-conmemora-el-dia-del-libro-y-de-la-santa-faz-con-propuestas-culturales-online-que-invitan-a-la-participacion\/#breadcrumb"},"inLanguage":"ca","potentialAction":[{"@type":"ReadAction","target":["https:\/\/museosdealicante.com\/la-diputacion-conmemora-el-dia-del-libro-y-de-la-santa-faz-con-propuestas-culturales-online-que-invitan-a-la-participacion\/"]}]},{"@type":"ImageObject","inLanguage":"ca","@id":"https:\/\/museosdealicante.com\/la-diputacion-conmemora-el-dia-del-libro-y-de-la-santa-faz-con-propuestas-culturales-online-que-invitan-a-la-participacion\/#primaryimage","url":"https:\/\/museosdealicante.com\/wp-content\/uploads\/2025\/01\/wp-header-logo-20.png","contentUrl":"https:\/\/museosdealicante.com\/wp-content\/uploads\/2025\/01\/wp-header-logo-20.png"},{"@type":"BreadcrumbList","@id":"https:\/\/museosdealicante.com\/la-diputacion-conmemora-el-dia-del-libro-y-de-la-santa-faz-con-propuestas-culturales-online-que-invitan-a-la-participacion\/#breadcrumb","itemListElement":[{"@type":"ListItem","position":1,"name":"Portada","item":"https:\/\/museosdealicante.com\/"},{"@type":"ListItem","position":2,"name":"La Diputaci\u00f3n conmemora el D\u00eda del Libro y de la Santa Faz con propuestas culturales online que invitan a la participaci\u00f3n"}]},{"@type":"WebSite","@id":"https:\/\/museosdealicante.com\/#website","url":"https:\/\/museosdealicante.com\/","name":"MUSEA | Museos de Alicante","description":"Toda la oferta sobre arte, cultura y patrimonio de la ciudad, toda la actualidad de los museos de Alicante","potentialAction":[{"@type":"SearchAction","target":{"@type":"EntryPoint","urlTemplate":"https:\/\/museosdealicante.com\/?s={search_term_string}"},"query-input":{"@type":"PropertyValueSpecification","valueRequired":true,"valueName":"search_term_string"}}],"inLanguage":"ca"},{"@type":"Person","@id":"https:\/\/museosdealicante.com\/#\/schema\/person\/78e7fba1070263542396ef581fd4353d","name":"Rub\u00e9n Mar\u00edn","image":{"@type":"ImageObject","inLanguage":"ca","@id":"https:\/\/secure.gravatar.com\/avatar\/a084df6ed7102aee5b321c805d4def1f98c4b742edeb24e3cc7271d50f2c565b?s=96&d=mm&r=g","url":"https:\/\/secure.gravatar.com\/avatar\/a084df6ed7102aee5b321c805d4def1f98c4b742edeb24e3cc7271d50f2c565b?s=96&d=mm&r=g","contentUrl":"https:\/\/secure.gravatar.com\/avatar\/a084df6ed7102aee5b321c805d4def1f98c4b742edeb24e3cc7271d50f2c565b?s=96&d=mm&r=g","caption":"Rub\u00e9n Mar\u00edn"},"url":"https:\/\/museosdealicante.com\/va\/author\/gloria-navarro\/"}]}},"_links":{"self":[{"href":"https:\/\/museosdealicante.com\/va\/wp-json\/wp\/v2\/posts\/2951","targetHints":{"allow":["GET"]}}],"collection":[{"href":"https:\/\/museosdealicante.com\/va\/wp-json\/wp\/v2\/posts"}],"about":[{"href":"https:\/\/museosdealicante.com\/va\/wp-json\/wp\/v2\/types\/post"}],"author":[{"embeddable":true,"href":"https:\/\/museosdealicante.com\/va\/wp-json\/wp\/v2\/users\/2"}],"replies":[{"embeddable":true,"href":"https:\/\/museosdealicante.com\/va\/wp-json\/wp\/v2\/comments?post=2951"}],"version-history":[{"count":0,"href":"https:\/\/museosdealicante.com\/va\/wp-json\/wp\/v2\/posts\/2951\/revisions"}],"wp:featuredmedia":[{"embeddable":true,"href":"https:\/\/museosdealicante.com\/va\/wp-json\/wp\/v2\/media\/2952"}],"wp:attachment":[{"href":"https:\/\/museosdealicante.com\/va\/wp-json\/wp\/v2\/media?parent=2951"}],"wp:term":[{"taxonomy":"category","embeddable":true,"href":"https:\/\/museosdealicante.com\/va\/wp-json\/wp\/v2\/categories?post=2951"},{"taxonomy":"post_tag","embeddable":true,"href":"https:\/\/museosdealicante.com\/va\/wp-json\/wp\/v2\/tags?post=2951"}],"curies":[{"name":"wp","href":"https:\/\/api.w.org\/{rel}","templated":true}]}}