{"id":3009,"date":"2025-03-06T23:05:52","date_gmt":"2025-03-06T23:05:52","guid":{"rendered":"https:\/\/museosdealicante.com\/contexto-vanguardia-5\/"},"modified":"2025-03-06T23:05:52","modified_gmt":"2025-03-06T23:05:52","slug":"contexto-vanguardia-5","status":"publish","type":"post","link":"https:\/\/museosdealicante.com\/va\/contexto-vanguardia-5\/","title":{"rendered":"Contexto vanguardia 5."},"content":{"rendered":"<div>\n<p>El MACA, expone una obra de la artista Sophie Taeuber-Arp y otra pieza de Jean Arp pertenecientes a los fondos del Instituto Valenciano de Arte Moderno (IVAM), dentro del di\u00e1logo entre colecciones que se entabla desde 2021 en el programa \u201cContexto Vanguardia\u201d. Las obras se podr\u00e1n contemplar hasta junio de 2025.<\/p>\n<p>Esta es la quinta exposici\u00f3n dentro de \u201cContexto Vanguardia\u201d que busca mantener un di\u00e1logo permanente entre las obras de la colecci\u00f3n del IVAM pertenecientes a las vanguardias de las primeras d\u00e9cadas del siglo XX y las obras de la Colecci\u00f3n Arte Siglo XX del MACA, de forma que se establezcan lecturas complementarias, apoyo y contexto para algunas piezas que, en comunicaci\u00f3n con otras, fortalecen su lenguaje, permitiendo as\u00ed que el visitante pueda disfrutar de artistas no representados en el MACA al tiempo que se completa la visi\u00f3n de las vanguardias. El objetivo es crear contenido y compartir conocimiento.<\/p>\n<p>Composition Aubette, 1927 de Sophie Taeuber-Arp y\u00a0Coquille Nuage I, 1932 de Jean Arp, son las dos obras que se podr\u00e1n visitar en el museo.<\/p>\n<p>Jean Arp y Sophie Taeuber-Arp son artistas esenciales en las vanguardias europeas del primer tercio del siglo XX: dada\u00edsmo, neoplasticismo, constructivismo\u2026 siempre en torno a la abstracci\u00f3n.<\/p>\n<p>Jean Arp adapta libremente formas extra\u00eddas de la naturaleza convertidas en po\u00e9tica elemental en un reconocimiento constante de la naturaleza como el ideal del arte.\u00a0Concha nube\u00a0es una obra que echa ra\u00edces en el agua, el sol, las nubes, o la piedra, e introduce la idea de metamorfosis, de movimiento continuo, en el tiempo ancestral de un origen.<\/p>\n<p>Sophie Taeuber-Arp es una artista polifac\u00e9tica muy desconocida, convencida activista de la modernidad, que basa su lenguaje formal en las formas geom\u00e9tricas. En esta pieza que fue creada para la rehabilitaci\u00f3n del Caf\u00e9 Aubette de Estrasburgo utiliza los colores primarios que hab\u00eda experimentado en su obra textil, sintetizando la est\u00e9tica neoplasticista.<\/p>\n<p><a href=\"https:\/\/maca-alicante.es\/wp-content\/uploads\/2025\/03\/DSC00070.jpg\"><img fetchpriority=\"high\" decoding=\"async\" class=\"aligncenter size-medium wp-image-42177\" src=\"https:\/\/maca-alicante.es\/wp-content\/uploads\/2025\/03\/DSC00070-600x400.jpg\" alt=\"\" width=\"600\" height=\"400\" srcset=\"https:\/\/maca-alicante.es\/wp-content\/uploads\/2025\/03\/DSC00070-600x400.jpg 600w, https:\/\/maca-alicante.es\/wp-content\/uploads\/2025\/03\/DSC00070-1200x800.jpg 1200w, https:\/\/maca-alicante.es\/wp-content\/uploads\/2025\/03\/DSC00070-768x512.jpg 768w, https:\/\/maca-alicante.es\/wp-content\/uploads\/2025\/03\/DSC00070-391x260.jpg 391w, https:\/\/maca-alicante.es\/wp-content\/uploads\/2025\/03\/DSC00070-1536x1024.jpg 1536w, https:\/\/maca-alicante.es\/wp-content\/uploads\/2025\/03\/DSC00070-2048x1365.jpg 2048w\" sizes=\"(max-width: 600px) 100vw, 600px\"\/><\/a><\/p>\n<\/p><\/div>\n<p><script>(function(d, s, id) {\n            var js, fjs = d.getElementsByTagName(s)[0];\n            if (d.getElementById(id)) return;\n            js = d.createElement(s); js.id = id;\n            js.src = \"\/\/connect.facebook.net\/es_ES\/sdk.js#xfbml=1&version=v2.10\";\n            fjs.parentNode.insertBefore(js, fjs);\n          }(document, \"script\", \"facebook-jssdk\"));<\/script><br \/><a href=\"https:\/\/maca-alicante.es\/contexto-vanguardia-5\/\">source<\/a><\/p>\n","protected":false},"excerpt":{"rendered":"<p>El MACA, expone una obra de la artista Sophie Taeuber-Arp y otra pieza de Jean Arp pertenecientes a los fondos del Instituto Valenciano de Arte Moderno (IVAM), dentro del<span class=\"excerpt-hellip\"> [\u2026]<\/span><\/p>\n","protected":false},"author":4,"featured_media":3010,"comment_status":"","ping_status":"","sticky":false,"template":"","format":"standard","meta":{"_price":"","_stock":"","_tribe_ticket_header":"","_tribe_default_ticket_provider":"","_tribe_ticket_capacity":"0","_ticket_start_date":"","_ticket_end_date":"","_tribe_ticket_show_description":"","_tribe_ticket_show_not_going":false,"_tribe_ticket_use_global_stock":"","_tribe_ticket_global_stock_level":"","_global_stock_mode":"","_global_stock_cap":"","_tribe_rsvp_for_event":"","_tribe_ticket_going_count":"","_tribe_ticket_not_going_count":"","_tribe_tickets_list":"[]","_tribe_ticket_has_attendee_info_fields":false,"footnotes":""},"categories":[10],"tags":[],"class_list":["post-3009","post","type-post","status-publish","format-standard","has-post-thumbnail","hentry","category-maca"],"yoast_head":"<!-- This site is optimized with the Yoast SEO plugin v27.3 - https:\/\/yoast.com\/product\/yoast-seo-wordpress\/ -->\n<title>Contexto vanguardia 5. - MUSEA | Museos de Alicante<\/title>\n<meta name=\"robots\" content=\"index, follow, max-snippet:-1, max-image-preview:large, max-video-preview:-1\" \/>\n<link rel=\"canonical\" href=\"https:\/\/museosdealicante.com\/va\/contexto-vanguardia-5\/\" \/>\n<meta property=\"og:locale\" content=\"ca_ES\" \/>\n<meta property=\"og:type\" content=\"article\" \/>\n<meta property=\"og:title\" content=\"Contexto vanguardia 5. - MUSEA | Museos de Alicante\" \/>\n<meta property=\"og:description\" content=\"El MACA, expone una obra de la artista Sophie Taeuber-Arp y otra pieza de Jean Arp pertenecientes a los fondos del Instituto Valenciano de Arte Moderno (IVAM), dentro del [\u2026]\" \/>\n<meta property=\"og:url\" content=\"https:\/\/museosdealicante.com\/va\/contexto-vanguardia-5\/\" \/>\n<meta property=\"og:site_name\" content=\"MUSEA | Museos de Alicante\" \/>\n<meta property=\"article:published_time\" content=\"2025-03-06T23:05:52+00:00\" \/>\n<meta property=\"og:image\" content=\"https:\/\/maca-alicante.es\/wp-content\/uploads\/2025\/03\/DSC00070-600x400.jpg\" \/>\n<meta name=\"author\" content=\"Rosa Mar\u00eda Castells\" \/>\n<meta name=\"twitter:card\" content=\"summary_large_image\" \/>\n<meta name=\"twitter:label1\" content=\"Escrit per\" \/>\n\t<meta name=\"twitter:data1\" content=\"Rosa Mar\u00eda Castells\" \/>\n\t<meta name=\"twitter:label2\" content=\"Temps estimat de lectura\" \/>\n\t<meta name=\"twitter:data2\" content=\"2 minuts\" \/>\n<script type=\"application\/ld+json\" class=\"yoast-schema-graph\">{\"@context\":\"https:\\\/\\\/schema.org\",\"@graph\":[{\"@type\":\"Article\",\"@id\":\"https:\\\/\\\/museosdealicante.com\\\/contexto-vanguardia-5\\\/#article\",\"isPartOf\":{\"@id\":\"https:\\\/\\\/museosdealicante.com\\\/contexto-vanguardia-5\\\/\"},\"author\":{\"name\":\"Rosa Mar\u00eda Castells\",\"@id\":\"https:\\\/\\\/museosdealicante.com\\\/#\\\/schema\\\/person\\\/0568f63519b86d8127abb9dca617ddd0\"},\"headline\":\"Contexto vanguardia 5.\",\"datePublished\":\"2025-03-06T23:05:52+00:00\",\"mainEntityOfPage\":{\"@id\":\"https:\\\/\\\/museosdealicante.com\\\/contexto-vanguardia-5\\\/\"},\"wordCount\":330,\"image\":{\"@id\":\"https:\\\/\\\/museosdealicante.com\\\/contexto-vanguardia-5\\\/#primaryimage\"},\"thumbnailUrl\":\"https:\\\/\\\/museosdealicante.com\\\/wp-content\\\/uploads\\\/2025\\\/03\\\/wp-header-logo-4.png\",\"articleSection\":[\"MACA\"],\"inLanguage\":\"ca\"},{\"@type\":\"WebPage\",\"@id\":\"https:\\\/\\\/museosdealicante.com\\\/contexto-vanguardia-5\\\/\",\"url\":\"https:\\\/\\\/museosdealicante.com\\\/contexto-vanguardia-5\\\/\",\"name\":\"Contexto vanguardia 5. - MUSEA | Museos de Alicante\",\"isPartOf\":{\"@id\":\"https:\\\/\\\/museosdealicante.com\\\/#website\"},\"primaryImageOfPage\":{\"@id\":\"https:\\\/\\\/museosdealicante.com\\\/contexto-vanguardia-5\\\/#primaryimage\"},\"image\":{\"@id\":\"https:\\\/\\\/museosdealicante.com\\\/contexto-vanguardia-5\\\/#primaryimage\"},\"thumbnailUrl\":\"https:\\\/\\\/museosdealicante.com\\\/wp-content\\\/uploads\\\/2025\\\/03\\\/wp-header-logo-4.png\",\"datePublished\":\"2025-03-06T23:05:52+00:00\",\"author\":{\"@id\":\"https:\\\/\\\/museosdealicante.com\\\/#\\\/schema\\\/person\\\/0568f63519b86d8127abb9dca617ddd0\"},\"breadcrumb\":{\"@id\":\"https:\\\/\\\/museosdealicante.com\\\/contexto-vanguardia-5\\\/#breadcrumb\"},\"inLanguage\":\"ca\",\"potentialAction\":[{\"@type\":\"ReadAction\",\"target\":[\"https:\\\/\\\/museosdealicante.com\\\/contexto-vanguardia-5\\\/\"]}]},{\"@type\":\"ImageObject\",\"inLanguage\":\"ca\",\"@id\":\"https:\\\/\\\/museosdealicante.com\\\/contexto-vanguardia-5\\\/#primaryimage\",\"url\":\"https:\\\/\\\/museosdealicante.com\\\/wp-content\\\/uploads\\\/2025\\\/03\\\/wp-header-logo-4.png\",\"contentUrl\":\"https:\\\/\\\/museosdealicante.com\\\/wp-content\\\/uploads\\\/2025\\\/03\\\/wp-header-logo-4.png\",\"width\":600,\"height\":400},{\"@type\":\"BreadcrumbList\",\"@id\":\"https:\\\/\\\/museosdealicante.com\\\/contexto-vanguardia-5\\\/#breadcrumb\",\"itemListElement\":[{\"@type\":\"ListItem\",\"position\":1,\"name\":\"Portada\",\"item\":\"https:\\\/\\\/museosdealicante.com\\\/\"},{\"@type\":\"ListItem\",\"position\":2,\"name\":\"Contexto vanguardia 5.\"}]},{\"@type\":\"WebSite\",\"@id\":\"https:\\\/\\\/museosdealicante.com\\\/#website\",\"url\":\"https:\\\/\\\/museosdealicante.com\\\/\",\"name\":\"MUSEA | Museos de Alicante\",\"description\":\"Toda la oferta sobre arte, cultura y patrimonio de la ciudad, toda la actualidad de los museos de Alicante\",\"potentialAction\":[{\"@type\":\"SearchAction\",\"target\":{\"@type\":\"EntryPoint\",\"urlTemplate\":\"https:\\\/\\\/museosdealicante.com\\\/?s={search_term_string}\"},\"query-input\":{\"@type\":\"PropertyValueSpecification\",\"valueRequired\":true,\"valueName\":\"search_term_string\"}}],\"inLanguage\":\"ca\"},{\"@type\":\"Person\",\"@id\":\"https:\\\/\\\/museosdealicante.com\\\/#\\\/schema\\\/person\\\/0568f63519b86d8127abb9dca617ddd0\",\"name\":\"Rosa Mar\u00eda Castells\",\"image\":{\"@type\":\"ImageObject\",\"inLanguage\":\"ca\",\"@id\":\"https:\\\/\\\/secure.gravatar.com\\\/avatar\\\/782cc4dc634b1918299ba6f478389cd0b3e92a03c95d1fa5203bfad7090b694e?s=96&d=mm&r=g\",\"url\":\"https:\\\/\\\/secure.gravatar.com\\\/avatar\\\/782cc4dc634b1918299ba6f478389cd0b3e92a03c95d1fa5203bfad7090b694e?s=96&d=mm&r=g\",\"contentUrl\":\"https:\\\/\\\/secure.gravatar.com\\\/avatar\\\/782cc4dc634b1918299ba6f478389cd0b3e92a03c95d1fa5203bfad7090b694e?s=96&d=mm&r=g\",\"caption\":\"Rosa Mar\u00eda Castells\"},\"url\":\"https:\\\/\\\/museosdealicante.com\\\/va\\\/author\\\/rosa-maria-castells\\\/\"}]}<\/script>\n<!-- \/ Yoast SEO plugin. -->","yoast_head_json":{"title":"Contexto vanguardia 5. - MUSEA | Museos de Alicante","robots":{"index":"index","follow":"follow","max-snippet":"max-snippet:-1","max-image-preview":"max-image-preview:large","max-video-preview":"max-video-preview:-1"},"canonical":"https:\/\/museosdealicante.com\/va\/contexto-vanguardia-5\/","og_locale":"ca_ES","og_type":"article","og_title":"Contexto vanguardia 5. - MUSEA | Museos de Alicante","og_description":"El MACA, expone una obra de la artista Sophie Taeuber-Arp y otra pieza de Jean Arp pertenecientes a los fondos del Instituto Valenciano de Arte Moderno (IVAM), dentro del [\u2026]","og_url":"https:\/\/museosdealicante.com\/va\/contexto-vanguardia-5\/","og_site_name":"MUSEA | Museos de Alicante","article_published_time":"2025-03-06T23:05:52+00:00","og_image":[{"url":"https:\/\/maca-alicante.es\/wp-content\/uploads\/2025\/03\/DSC00070-600x400.jpg","type":"","width":"","height":""}],"author":"Rosa Mar\u00eda Castells","twitter_card":"summary_large_image","twitter_misc":{"Escrit per":"Rosa Mar\u00eda Castells","Temps estimat de lectura":"2 minuts"},"schema":{"@context":"https:\/\/schema.org","@graph":[{"@type":"Article","@id":"https:\/\/museosdealicante.com\/contexto-vanguardia-5\/#article","isPartOf":{"@id":"https:\/\/museosdealicante.com\/contexto-vanguardia-5\/"},"author":{"name":"Rosa Mar\u00eda Castells","@id":"https:\/\/museosdealicante.com\/#\/schema\/person\/0568f63519b86d8127abb9dca617ddd0"},"headline":"Contexto vanguardia 5.","datePublished":"2025-03-06T23:05:52+00:00","mainEntityOfPage":{"@id":"https:\/\/museosdealicante.com\/contexto-vanguardia-5\/"},"wordCount":330,"image":{"@id":"https:\/\/museosdealicante.com\/contexto-vanguardia-5\/#primaryimage"},"thumbnailUrl":"https:\/\/museosdealicante.com\/wp-content\/uploads\/2025\/03\/wp-header-logo-4.png","articleSection":["MACA"],"inLanguage":"ca"},{"@type":"WebPage","@id":"https:\/\/museosdealicante.com\/contexto-vanguardia-5\/","url":"https:\/\/museosdealicante.com\/contexto-vanguardia-5\/","name":"Contexto vanguardia 5. - MUSEA | Museos de Alicante","isPartOf":{"@id":"https:\/\/museosdealicante.com\/#website"},"primaryImageOfPage":{"@id":"https:\/\/museosdealicante.com\/contexto-vanguardia-5\/#primaryimage"},"image":{"@id":"https:\/\/museosdealicante.com\/contexto-vanguardia-5\/#primaryimage"},"thumbnailUrl":"https:\/\/museosdealicante.com\/wp-content\/uploads\/2025\/03\/wp-header-logo-4.png","datePublished":"2025-03-06T23:05:52+00:00","author":{"@id":"https:\/\/museosdealicante.com\/#\/schema\/person\/0568f63519b86d8127abb9dca617ddd0"},"breadcrumb":{"@id":"https:\/\/museosdealicante.com\/contexto-vanguardia-5\/#breadcrumb"},"inLanguage":"ca","potentialAction":[{"@type":"ReadAction","target":["https:\/\/museosdealicante.com\/contexto-vanguardia-5\/"]}]},{"@type":"ImageObject","inLanguage":"ca","@id":"https:\/\/museosdealicante.com\/contexto-vanguardia-5\/#primaryimage","url":"https:\/\/museosdealicante.com\/wp-content\/uploads\/2025\/03\/wp-header-logo-4.png","contentUrl":"https:\/\/museosdealicante.com\/wp-content\/uploads\/2025\/03\/wp-header-logo-4.png","width":600,"height":400},{"@type":"BreadcrumbList","@id":"https:\/\/museosdealicante.com\/contexto-vanguardia-5\/#breadcrumb","itemListElement":[{"@type":"ListItem","position":1,"name":"Portada","item":"https:\/\/museosdealicante.com\/"},{"@type":"ListItem","position":2,"name":"Contexto vanguardia 5."}]},{"@type":"WebSite","@id":"https:\/\/museosdealicante.com\/#website","url":"https:\/\/museosdealicante.com\/","name":"MUSEA | Museos de Alicante","description":"Toda la oferta sobre arte, cultura y patrimonio de la ciudad, toda la actualidad de los museos de Alicante","potentialAction":[{"@type":"SearchAction","target":{"@type":"EntryPoint","urlTemplate":"https:\/\/museosdealicante.com\/?s={search_term_string}"},"query-input":{"@type":"PropertyValueSpecification","valueRequired":true,"valueName":"search_term_string"}}],"inLanguage":"ca"},{"@type":"Person","@id":"https:\/\/museosdealicante.com\/#\/schema\/person\/0568f63519b86d8127abb9dca617ddd0","name":"Rosa Mar\u00eda Castells","image":{"@type":"ImageObject","inLanguage":"ca","@id":"https:\/\/secure.gravatar.com\/avatar\/782cc4dc634b1918299ba6f478389cd0b3e92a03c95d1fa5203bfad7090b694e?s=96&d=mm&r=g","url":"https:\/\/secure.gravatar.com\/avatar\/782cc4dc634b1918299ba6f478389cd0b3e92a03c95d1fa5203bfad7090b694e?s=96&d=mm&r=g","contentUrl":"https:\/\/secure.gravatar.com\/avatar\/782cc4dc634b1918299ba6f478389cd0b3e92a03c95d1fa5203bfad7090b694e?s=96&d=mm&r=g","caption":"Rosa Mar\u00eda Castells"},"url":"https:\/\/museosdealicante.com\/va\/author\/rosa-maria-castells\/"}]}},"_links":{"self":[{"href":"https:\/\/museosdealicante.com\/va\/wp-json\/wp\/v2\/posts\/3009","targetHints":{"allow":["GET"]}}],"collection":[{"href":"https:\/\/museosdealicante.com\/va\/wp-json\/wp\/v2\/posts"}],"about":[{"href":"https:\/\/museosdealicante.com\/va\/wp-json\/wp\/v2\/types\/post"}],"author":[{"embeddable":true,"href":"https:\/\/museosdealicante.com\/va\/wp-json\/wp\/v2\/users\/4"}],"replies":[{"embeddable":true,"href":"https:\/\/museosdealicante.com\/va\/wp-json\/wp\/v2\/comments?post=3009"}],"version-history":[{"count":0,"href":"https:\/\/museosdealicante.com\/va\/wp-json\/wp\/v2\/posts\/3009\/revisions"}],"wp:featuredmedia":[{"embeddable":true,"href":"https:\/\/museosdealicante.com\/va\/wp-json\/wp\/v2\/media\/3010"}],"wp:attachment":[{"href":"https:\/\/museosdealicante.com\/va\/wp-json\/wp\/v2\/media?parent=3009"}],"wp:term":[{"taxonomy":"category","embeddable":true,"href":"https:\/\/museosdealicante.com\/va\/wp-json\/wp\/v2\/categories?post=3009"},{"taxonomy":"post_tag","embeddable":true,"href":"https:\/\/museosdealicante.com\/va\/wp-json\/wp\/v2\/tags?post=3009"}],"curies":[{"name":"wp","href":"https:\/\/api.w.org\/{rel}","templated":true}]}}