{"id":3015,"date":"2025-03-10T22:18:26","date_gmt":"2025-03-10T22:18:26","guid":{"rendered":"https:\/\/museosdealicante.com\/el-yacimiento-arqueologico-y-el-centro-de-interpretacion-de-la-cova-de-lor-reabren-sus-visitas-al-publico-el-15-de-marzo\/"},"modified":"2025-03-10T22:18:26","modified_gmt":"2025-03-10T22:18:26","slug":"el-yacimiento-arqueologico-y-el-centro-de-interpretacion-de-la-cova-de-lor-reabren-sus-visitas-al-publico-el-15-de-marzo","status":"publish","type":"post","link":"https:\/\/museosdealicante.com\/va\/el-yacimiento-arqueologico-y-el-centro-de-interpretacion-de-la-cova-de-lor-reabren-sus-visitas-al-publico-el-15-de-marzo\/","title":{"rendered":"El yacimiento arqueol\u00f3gico y el centro de interpretaci\u00f3n de la Cova de L\u00b4Or reabren sus visitas al p\u00fablico el 15 de marzo"},"content":{"rendered":"<div>\n<p>La Cova de L\u00b4Or y el centro de interpretaci\u00f3n de este yacimiento arqueol\u00f3gico ubicado en Beniarr\u00e9s reabren sus visitas al p\u00fablico el pr\u00f3ximo 15 de marzo, seg\u00fan acuerdo adoptado por la comisi\u00f3n mixta de seguimiento de este Bien de Inter\u00e9s Cultural que forman la Fundaci\u00f3n CV MARQ y el ayuntamiento de Beniarr\u00e9s.<\/p>\n<p>Propuesta que ofrece al visitante un completo recorrido tanto por el Centro de Interpretaci\u00f3n como por el propio enclave arqueol\u00f3gico que abrir\u00e1 de nuevo sus visitas al p\u00fablico desde el 15 de marzo hasta el domingo 13 de julio.<\/p>\n<p>La Cova de L\u2019Or es uno de los yacimientos arqueol\u00f3gicos m\u00e1s relevantes del neol\u00edtico peninsular, declarado\u00a0<strong>Bien de Inter\u00e9s Cultural<\/strong>. Desde junio de 2021 recibe grupos organizados de visitas guiadas que culminan en la cueva un interesante recorrido de inter\u00e9s cultural y paisaj\u00edstico que se inicia en el centro de interpretaci\u00f3n, ubicado en el n\u00facleo urbano de Beniarr\u00e9s.<\/p>\n<p>Elevada a 675 metros sobre el nivel del mar, la Cova de l\u2019Or de Beniarr\u00e9s se encuentra en la vertiente meridional del conjunto de relieves que conforman la\u00a0<strong>Sierra del Benicadell<\/strong>. Recoge en su interior un yacimiento arqueol\u00f3gico de enorme importancia para el conocimiento y la investigaci\u00f3n del\u00a0<strong>Neol\u00edtico de la fachada mediterr\u00e1nea de la Pen\u00ednsula Ib\u00e9rica<\/strong>. La calidad y significaci\u00f3n del material arqueol\u00f3gico hallado en las excavaciones planteadas desde los a\u00f1os treinta del siglo XX hacen ver que la cavidad constituir\u00eda un lugar de referencia social para los pobladores de origen mediterr\u00e1neo que, a\u00a0<strong>mediados del VI milenio a.C.<\/strong>, introdujeron en estos valles la pr\u00e1ctica de la\u00a0<strong>agricultura y la ganader\u00eda<\/strong>.<\/p>\n<p>En la Cova de l\u2019Or se han hallado elementos materiales que testimonian la importancia de la ocupaci\u00f3n en el\u00a0<strong>Neol\u00edtico Antiguo (5500-5000 a.C.)<\/strong>, cuando el enclave constituy\u00f3 un lugar id\u00f3neo para la habitaci\u00f3n. A esa \u00e9poca hist\u00f3rica corresponden las\u00a0<strong>acumulaciones de semillas de trigo y cebada<\/strong>, propias de antiguos cultivos, localizadas en su interior, as\u00ed como las cer\u00e1micas impresas con concha, destacando aquellas que presentan en su decoraci\u00f3n figuras humanas con los brazos alzados, solas en posici\u00f3n de orante o en grupo evocando una danza.<\/p>\n<p>El simbolismo de esa alfarer\u00eda se define dentro de la vertiente mueble del\u00a0<strong>Arte Macroesquem\u00e1tico<\/strong>, lo que vincula la cavidad con los santuarios de Arte Rupestre de esa cronolog\u00eda, como la Sarga (Alcoy) o el Pla de Petracos (Castell de Castells), pudiendo haber participado la Cova de l\u2019Or de alg\u00fan tipo de ciclo ritual vinculado a esos enclaves de reuni\u00f3n y encuentro.<\/p>\n<p>Como continuaci\u00f3n del convenio de colaboraci\u00f3n suscrito en 2016 entre la Diputaci\u00f3n Provincial de Alicante y el Ayuntamiento de Beniarr\u00e9s para la puesta en valor de la Cova de L\u2019Or, en 2024, se acometieron y finalizaron los trabajos de adecuaci\u00f3n y mejora de los recursos museogr\u00e1ficos del interior de la cavidad, desarrollados dentro del <em>Proyecto de puesta en valor de la Cova de l\u2019Or \u201cMusealizaci\u00f3n de la sala de las columnas\u201d Beniarr\u00e9s (Alicante)<\/em>.<\/p>\n<p>Actuaciones que forman parte de la <strong>primera fase<\/strong> del <strong><em>Plan General de Investigaci\u00f3n<\/em><\/strong><em> 2023-2025 en la Cova de l\u2019Or (Proyecto de Musealizaci\u00f3n de la Cova de l\u2019Or),<\/em> presentado el 13 de julio de 2023 por registro a la Conselleria de Cultura y autorizado favorablemente con n\u00fam. de referencia 2023\/0555-A (A-2011-274). Dicho Plan conten\u00eda las actuaciones necesarias para la finalizaci\u00f3n de los trabajos arqueol\u00f3gicos y museol\u00f3gicos comenzados en intervenciones anteriores, buscando la perduraci\u00f3n del BIC, su mayor conocimiento y su disfrute para el visitante.<\/p>\n<p>La <strong>segunda fase<\/strong> del Plan que ha sido presentada a la Comisi\u00f3n, contempla unas actuaciones arqueol\u00f3gicas encaminadas a la finalizaci\u00f3n de los trabajos de <strong>excavaci\u00f3n arqueol\u00f3gica de unos perfiles estratigr\u00e1ficos<\/strong> ubicados en la galer\u00eda oriental de la cueva<a href=\"#_ftn1\" name=\"_ftnref1\">[1]<\/a>. Esos perfiles comenzaron a excavarse en 2021, pero quedaron por finalizar los trabajos de campo. Su completa excavaci\u00f3n permitir\u00e1, adem\u00e1s de la obtenci\u00f3n de datos cient\u00edficos e informaci\u00f3n sobre los distintos niveles de habitaci\u00f3n de la cavidad, formar parte de los recursos museogr\u00e1ficos que la cueva ofrecer\u00e1 al visitante. Precisamente, la instalaci\u00f3n en la primera fase de la senda empedrada, que recorre el interior de la cavidad, finaliza justo delante de las dos \u00e1reas de excavaci\u00f3n de los perfiles estratigr\u00e1ficos, con el fin de que el visitante los pueda observar in situ.<\/p>\n<p>En esta segunda fase, que se ha previsto iniciar en verano de este 2025, se contempla tambi\u00e9n la <strong>mejora del cerramiento del \u00f3culo<\/strong> cenital de la cavidad, que permitir\u00e1 a su vez conocer su morfolog\u00eda geol\u00f3gica original, as\u00ed como dirimir si pudo sufrir alguna modificaci\u00f3n antr\u00f3pica durante la prehistoria. Tanto como la <strong>grabaci\u00f3n del interior<\/strong> de la cavidad mediante una filmaci\u00f3n con vuelo dron, as\u00ed como del recorrido que hace el haz de luz solar por el interior de la cueva en el solsticio de invierno mediante una filmaci\u00f3n Time Lapse, como recurso museogr\u00e1fico para mostrarla al p\u00fablico que no pueda acceder f\u00edsicamente al enclave y como reclamo para los que todav\u00eda no la conozcan.<\/p>\n<p>Como mejora en el itinerario de visita del interior de la cavidad, que actualmente dispone del recorrido por la pasarela inicialmente instalada en el nivel de la \u201csala del \u00f3culo\u201d, y el recientemente abierto a trav\u00e9s de la senda empedrada, que conduce hasta la denominada \u201csala de las columnas\u201d, se plantea en esta segunda fase la uni\u00f3n de ambos, que permitir\u00e1 a los visitantes un tr\u00e1nsito en anillo, evitando cruces inc\u00f3modos entre ellos.<\/p>\n<p>Igualmente se contempla el estudio de <strong>adecuaci\u00f3n de una senda peatonal secundaria<\/strong> de acceso a la cavidad, que parte desde la pista que discurre por la vertiente norte de la sierra de Benicadell, una vez superado el puerto de Salem, para finalmente acceder al yacimiento mediante una ruta m\u00e1s corta y accesible, optimizando as\u00ed la accesibilidad de los visitantes a la cueva.<\/p>\n<p>La realizaci\u00f3n de esta actuaci\u00f3n permitir\u00eda una experiencia mayor de senderismo a los visitantes al remontar la sierra y hallar ante sus ojos el maravilloso paisaje abierto a la cuenca del r\u00edo Serpis y sus valles.<\/p>\n<p><a href=\"#_ftnref1\" name=\"_ftn1\">[1]<\/a> Trabajos descritos en el anteproyecto \u201cObras de adecuaci\u00f3n del acceso y excavaci\u00f3n para la mejora de la musealizaci\u00f3n de la Cova de l\u2019Or (Beniarr\u00e9s, Alicante)\u201d presentado por el Ayuntamiento de Beniarr\u00e9s en la convocatoria del <em>Plan Provincial para la rehabilitaci\u00f3n y puesta en valor del patrimonio arquitect\u00f3nico de car\u00e1cter hist\u00f3rico municipal, a ejecutar para Ayuntamientos, con destino a municipios de menos de dos mil habitantes de la provincia de Alicante. Anualidad 2024<\/em>.<\/p>\n<\/div>\n<p><a href=\"https:\/\/www.marqalicante.com\/2025\/03\/10\/el-yacimiento-arqueologico-y-el-centro-de-interpretacion-de-la-cova-de-lor-reabren-sus-visitas-al-publico-el-15-de-marzo\/\">source<\/a><\/p>\n","protected":false},"excerpt":{"rendered":"<p>La Cova de L\u00b4Or y el centro de interpretaci\u00f3n de este yacimiento arqueol\u00f3gico ubicado en Beniarr\u00e9s reabren sus visitas al p\u00fablico el pr\u00f3ximo 15 de marzo, seg\u00fan acuerdo adoptado<span class=\"excerpt-hellip\"> [\u2026]<\/span><\/p>\n","protected":false},"author":2,"featured_media":3016,"comment_status":"","ping_status":"","sticky":false,"template":"","format":"standard","meta":{"_price":"","_stock":"","_tribe_ticket_header":"","_tribe_default_ticket_provider":"","_tribe_ticket_capacity":"0","_ticket_start_date":"","_ticket_end_date":"","_tribe_ticket_show_description":"","_tribe_ticket_show_not_going":false,"_tribe_ticket_use_global_stock":"","_tribe_ticket_global_stock_level":"","_global_stock_mode":"","_global_stock_cap":"","_tribe_rsvp_for_event":"","_tribe_ticket_going_count":"","_tribe_ticket_not_going_count":"","_tribe_tickets_list":"[]","_tribe_ticket_has_attendee_info_fields":false,"footnotes":""},"categories":[11],"tags":[],"class_list":["post-3015","post","type-post","status-publish","format-standard","has-post-thumbnail","hentry","category-marq"],"yoast_head":"<!-- This site is optimized with the Yoast SEO plugin v27.3 - https:\/\/yoast.com\/product\/yoast-seo-wordpress\/ -->\n<title>El yacimiento arqueol\u00f3gico y el centro de interpretaci\u00f3n de la Cova de L\u00b4Or reabren sus visitas al p\u00fablico el 15 de marzo - MUSEA | Museos de Alicante<\/title>\n<meta name=\"robots\" content=\"index, follow, max-snippet:-1, max-image-preview:large, max-video-preview:-1\" \/>\n<link rel=\"canonical\" href=\"https:\/\/museosdealicante.com\/va\/el-yacimiento-arqueologico-y-el-centro-de-interpretacion-de-la-cova-de-lor-reabren-sus-visitas-al-publico-el-15-de-marzo\/\" \/>\n<meta property=\"og:locale\" content=\"ca_ES\" \/>\n<meta property=\"og:type\" content=\"article\" \/>\n<meta property=\"og:title\" content=\"El yacimiento arqueol\u00f3gico y el centro de interpretaci\u00f3n de la Cova de L\u00b4Or reabren sus visitas al p\u00fablico el 15 de marzo - MUSEA | Museos de Alicante\" \/>\n<meta property=\"og:description\" content=\"La Cova de L\u00b4Or y el centro de interpretaci\u00f3n de este yacimiento arqueol\u00f3gico ubicado en Beniarr\u00e9s reabren sus visitas al p\u00fablico el pr\u00f3ximo 15 de marzo, seg\u00fan acuerdo adoptado [\u2026]\" \/>\n<meta property=\"og:url\" content=\"https:\/\/museosdealicante.com\/va\/el-yacimiento-arqueologico-y-el-centro-de-interpretacion-de-la-cova-de-lor-reabren-sus-visitas-al-publico-el-15-de-marzo\/\" \/>\n<meta property=\"og:site_name\" content=\"MUSEA | Museos de Alicante\" \/>\n<meta property=\"article:published_time\" content=\"2025-03-10T22:18:26+00:00\" \/>\n<meta name=\"author\" content=\"Rub\u00e9n Mar\u00edn\" \/>\n<meta name=\"twitter:card\" content=\"summary_large_image\" \/>\n<meta name=\"twitter:label1\" content=\"Escrit per\" \/>\n\t<meta name=\"twitter:data1\" content=\"Rub\u00e9n Mar\u00edn\" \/>\n\t<meta name=\"twitter:label2\" content=\"Temps estimat de lectura\" \/>\n\t<meta name=\"twitter:data2\" content=\"6 minuts\" \/>\n<script type=\"application\/ld+json\" class=\"yoast-schema-graph\">{\"@context\":\"https:\\\/\\\/schema.org\",\"@graph\":[{\"@type\":\"Article\",\"@id\":\"https:\\\/\\\/museosdealicante.com\\\/el-yacimiento-arqueologico-y-el-centro-de-interpretacion-de-la-cova-de-lor-reabren-sus-visitas-al-publico-el-15-de-marzo\\\/#article\",\"isPartOf\":{\"@id\":\"https:\\\/\\\/museosdealicante.com\\\/el-yacimiento-arqueologico-y-el-centro-de-interpretacion-de-la-cova-de-lor-reabren-sus-visitas-al-publico-el-15-de-marzo\\\/\"},\"author\":{\"name\":\"Rub\u00e9n Mar\u00edn\",\"@id\":\"https:\\\/\\\/museosdealicante.com\\\/#\\\/schema\\\/person\\\/78e7fba1070263542396ef581fd4353d\"},\"headline\":\"El yacimiento arqueol\u00f3gico y el centro de interpretaci\u00f3n de la Cova de L\u00b4Or reabren sus visitas al p\u00fablico el 15 de marzo\",\"datePublished\":\"2025-03-10T22:18:26+00:00\",\"mainEntityOfPage\":{\"@id\":\"https:\\\/\\\/museosdealicante.com\\\/el-yacimiento-arqueologico-y-el-centro-de-interpretacion-de-la-cova-de-lor-reabren-sus-visitas-al-publico-el-15-de-marzo\\\/\"},\"wordCount\":1192,\"image\":{\"@id\":\"https:\\\/\\\/museosdealicante.com\\\/el-yacimiento-arqueologico-y-el-centro-de-interpretacion-de-la-cova-de-lor-reabren-sus-visitas-al-publico-el-15-de-marzo\\\/#primaryimage\"},\"thumbnailUrl\":\"https:\\\/\\\/museosdealicante.com\\\/wp-content\\\/uploads\\\/2025\\\/03\\\/wp-header-logo-7.png\",\"articleSection\":[\"MARQ\"],\"inLanguage\":\"ca\"},{\"@type\":\"WebPage\",\"@id\":\"https:\\\/\\\/museosdealicante.com\\\/el-yacimiento-arqueologico-y-el-centro-de-interpretacion-de-la-cova-de-lor-reabren-sus-visitas-al-publico-el-15-de-marzo\\\/\",\"url\":\"https:\\\/\\\/museosdealicante.com\\\/el-yacimiento-arqueologico-y-el-centro-de-interpretacion-de-la-cova-de-lor-reabren-sus-visitas-al-publico-el-15-de-marzo\\\/\",\"name\":\"El yacimiento arqueol\u00f3gico y el centro de interpretaci\u00f3n de la Cova de L\u00b4Or reabren sus visitas al p\u00fablico el 15 de marzo - MUSEA | Museos de Alicante\",\"isPartOf\":{\"@id\":\"https:\\\/\\\/museosdealicante.com\\\/#website\"},\"primaryImageOfPage\":{\"@id\":\"https:\\\/\\\/museosdealicante.com\\\/el-yacimiento-arqueologico-y-el-centro-de-interpretacion-de-la-cova-de-lor-reabren-sus-visitas-al-publico-el-15-de-marzo\\\/#primaryimage\"},\"image\":{\"@id\":\"https:\\\/\\\/museosdealicante.com\\\/el-yacimiento-arqueologico-y-el-centro-de-interpretacion-de-la-cova-de-lor-reabren-sus-visitas-al-publico-el-15-de-marzo\\\/#primaryimage\"},\"thumbnailUrl\":\"https:\\\/\\\/museosdealicante.com\\\/wp-content\\\/uploads\\\/2025\\\/03\\\/wp-header-logo-7.png\",\"datePublished\":\"2025-03-10T22:18:26+00:00\",\"author\":{\"@id\":\"https:\\\/\\\/museosdealicante.com\\\/#\\\/schema\\\/person\\\/78e7fba1070263542396ef581fd4353d\"},\"breadcrumb\":{\"@id\":\"https:\\\/\\\/museosdealicante.com\\\/el-yacimiento-arqueologico-y-el-centro-de-interpretacion-de-la-cova-de-lor-reabren-sus-visitas-al-publico-el-15-de-marzo\\\/#breadcrumb\"},\"inLanguage\":\"ca\",\"potentialAction\":[{\"@type\":\"ReadAction\",\"target\":[\"https:\\\/\\\/museosdealicante.com\\\/el-yacimiento-arqueologico-y-el-centro-de-interpretacion-de-la-cova-de-lor-reabren-sus-visitas-al-publico-el-15-de-marzo\\\/\"]}]},{\"@type\":\"ImageObject\",\"inLanguage\":\"ca\",\"@id\":\"https:\\\/\\\/museosdealicante.com\\\/el-yacimiento-arqueologico-y-el-centro-de-interpretacion-de-la-cova-de-lor-reabren-sus-visitas-al-publico-el-15-de-marzo\\\/#primaryimage\",\"url\":\"https:\\\/\\\/museosdealicante.com\\\/wp-content\\\/uploads\\\/2025\\\/03\\\/wp-header-logo-7.png\",\"contentUrl\":\"https:\\\/\\\/museosdealicante.com\\\/wp-content\\\/uploads\\\/2025\\\/03\\\/wp-header-logo-7.png\"},{\"@type\":\"BreadcrumbList\",\"@id\":\"https:\\\/\\\/museosdealicante.com\\\/el-yacimiento-arqueologico-y-el-centro-de-interpretacion-de-la-cova-de-lor-reabren-sus-visitas-al-publico-el-15-de-marzo\\\/#breadcrumb\",\"itemListElement\":[{\"@type\":\"ListItem\",\"position\":1,\"name\":\"Portada\",\"item\":\"https:\\\/\\\/museosdealicante.com\\\/\"},{\"@type\":\"ListItem\",\"position\":2,\"name\":\"El yacimiento arqueol\u00f3gico y el centro de interpretaci\u00f3n de la Cova de L\u00b4Or reabren sus visitas al p\u00fablico el 15 de marzo\"}]},{\"@type\":\"WebSite\",\"@id\":\"https:\\\/\\\/museosdealicante.com\\\/#website\",\"url\":\"https:\\\/\\\/museosdealicante.com\\\/\",\"name\":\"MUSEA | Museos de Alicante\",\"description\":\"Toda la oferta sobre arte, cultura y patrimonio de la ciudad, toda la actualidad de los museos de Alicante\",\"potentialAction\":[{\"@type\":\"SearchAction\",\"target\":{\"@type\":\"EntryPoint\",\"urlTemplate\":\"https:\\\/\\\/museosdealicante.com\\\/?s={search_term_string}\"},\"query-input\":{\"@type\":\"PropertyValueSpecification\",\"valueRequired\":true,\"valueName\":\"search_term_string\"}}],\"inLanguage\":\"ca\"},{\"@type\":\"Person\",\"@id\":\"https:\\\/\\\/museosdealicante.com\\\/#\\\/schema\\\/person\\\/78e7fba1070263542396ef581fd4353d\",\"name\":\"Rub\u00e9n Mar\u00edn\",\"image\":{\"@type\":\"ImageObject\",\"inLanguage\":\"ca\",\"@id\":\"https:\\\/\\\/secure.gravatar.com\\\/avatar\\\/a084df6ed7102aee5b321c805d4def1f98c4b742edeb24e3cc7271d50f2c565b?s=96&d=mm&r=g\",\"url\":\"https:\\\/\\\/secure.gravatar.com\\\/avatar\\\/a084df6ed7102aee5b321c805d4def1f98c4b742edeb24e3cc7271d50f2c565b?s=96&d=mm&r=g\",\"contentUrl\":\"https:\\\/\\\/secure.gravatar.com\\\/avatar\\\/a084df6ed7102aee5b321c805d4def1f98c4b742edeb24e3cc7271d50f2c565b?s=96&d=mm&r=g\",\"caption\":\"Rub\u00e9n Mar\u00edn\"},\"url\":\"https:\\\/\\\/museosdealicante.com\\\/va\\\/author\\\/gloria-navarro\\\/\"}]}<\/script>\n<!-- \/ Yoast SEO plugin. -->","yoast_head_json":{"title":"El yacimiento arqueol\u00f3gico y el centro de interpretaci\u00f3n de la Cova de L\u00b4Or reabren sus visitas al p\u00fablico el 15 de marzo - MUSEA | Museos de Alicante","robots":{"index":"index","follow":"follow","max-snippet":"max-snippet:-1","max-image-preview":"max-image-preview:large","max-video-preview":"max-video-preview:-1"},"canonical":"https:\/\/museosdealicante.com\/va\/el-yacimiento-arqueologico-y-el-centro-de-interpretacion-de-la-cova-de-lor-reabren-sus-visitas-al-publico-el-15-de-marzo\/","og_locale":"ca_ES","og_type":"article","og_title":"El yacimiento arqueol\u00f3gico y el centro de interpretaci\u00f3n de la Cova de L\u00b4Or reabren sus visitas al p\u00fablico el 15 de marzo - MUSEA | Museos de Alicante","og_description":"La Cova de L\u00b4Or y el centro de interpretaci\u00f3n de este yacimiento arqueol\u00f3gico ubicado en Beniarr\u00e9s reabren sus visitas al p\u00fablico el pr\u00f3ximo 15 de marzo, seg\u00fan acuerdo adoptado [\u2026]","og_url":"https:\/\/museosdealicante.com\/va\/el-yacimiento-arqueologico-y-el-centro-de-interpretacion-de-la-cova-de-lor-reabren-sus-visitas-al-publico-el-15-de-marzo\/","og_site_name":"MUSEA | Museos de Alicante","article_published_time":"2025-03-10T22:18:26+00:00","author":"Rub\u00e9n Mar\u00edn","twitter_card":"summary_large_image","twitter_misc":{"Escrit per":"Rub\u00e9n Mar\u00edn","Temps estimat de lectura":"6 minuts"},"schema":{"@context":"https:\/\/schema.org","@graph":[{"@type":"Article","@id":"https:\/\/museosdealicante.com\/el-yacimiento-arqueologico-y-el-centro-de-interpretacion-de-la-cova-de-lor-reabren-sus-visitas-al-publico-el-15-de-marzo\/#article","isPartOf":{"@id":"https:\/\/museosdealicante.com\/el-yacimiento-arqueologico-y-el-centro-de-interpretacion-de-la-cova-de-lor-reabren-sus-visitas-al-publico-el-15-de-marzo\/"},"author":{"name":"Rub\u00e9n Mar\u00edn","@id":"https:\/\/museosdealicante.com\/#\/schema\/person\/78e7fba1070263542396ef581fd4353d"},"headline":"El yacimiento arqueol\u00f3gico y el centro de interpretaci\u00f3n de la Cova de L\u00b4Or reabren sus visitas al p\u00fablico el 15 de marzo","datePublished":"2025-03-10T22:18:26+00:00","mainEntityOfPage":{"@id":"https:\/\/museosdealicante.com\/el-yacimiento-arqueologico-y-el-centro-de-interpretacion-de-la-cova-de-lor-reabren-sus-visitas-al-publico-el-15-de-marzo\/"},"wordCount":1192,"image":{"@id":"https:\/\/museosdealicante.com\/el-yacimiento-arqueologico-y-el-centro-de-interpretacion-de-la-cova-de-lor-reabren-sus-visitas-al-publico-el-15-de-marzo\/#primaryimage"},"thumbnailUrl":"https:\/\/museosdealicante.com\/wp-content\/uploads\/2025\/03\/wp-header-logo-7.png","articleSection":["MARQ"],"inLanguage":"ca"},{"@type":"WebPage","@id":"https:\/\/museosdealicante.com\/el-yacimiento-arqueologico-y-el-centro-de-interpretacion-de-la-cova-de-lor-reabren-sus-visitas-al-publico-el-15-de-marzo\/","url":"https:\/\/museosdealicante.com\/el-yacimiento-arqueologico-y-el-centro-de-interpretacion-de-la-cova-de-lor-reabren-sus-visitas-al-publico-el-15-de-marzo\/","name":"El yacimiento arqueol\u00f3gico y el centro de interpretaci\u00f3n de la Cova de L\u00b4Or reabren sus visitas al p\u00fablico el 15 de marzo - MUSEA | Museos de Alicante","isPartOf":{"@id":"https:\/\/museosdealicante.com\/#website"},"primaryImageOfPage":{"@id":"https:\/\/museosdealicante.com\/el-yacimiento-arqueologico-y-el-centro-de-interpretacion-de-la-cova-de-lor-reabren-sus-visitas-al-publico-el-15-de-marzo\/#primaryimage"},"image":{"@id":"https:\/\/museosdealicante.com\/el-yacimiento-arqueologico-y-el-centro-de-interpretacion-de-la-cova-de-lor-reabren-sus-visitas-al-publico-el-15-de-marzo\/#primaryimage"},"thumbnailUrl":"https:\/\/museosdealicante.com\/wp-content\/uploads\/2025\/03\/wp-header-logo-7.png","datePublished":"2025-03-10T22:18:26+00:00","author":{"@id":"https:\/\/museosdealicante.com\/#\/schema\/person\/78e7fba1070263542396ef581fd4353d"},"breadcrumb":{"@id":"https:\/\/museosdealicante.com\/el-yacimiento-arqueologico-y-el-centro-de-interpretacion-de-la-cova-de-lor-reabren-sus-visitas-al-publico-el-15-de-marzo\/#breadcrumb"},"inLanguage":"ca","potentialAction":[{"@type":"ReadAction","target":["https:\/\/museosdealicante.com\/el-yacimiento-arqueologico-y-el-centro-de-interpretacion-de-la-cova-de-lor-reabren-sus-visitas-al-publico-el-15-de-marzo\/"]}]},{"@type":"ImageObject","inLanguage":"ca","@id":"https:\/\/museosdealicante.com\/el-yacimiento-arqueologico-y-el-centro-de-interpretacion-de-la-cova-de-lor-reabren-sus-visitas-al-publico-el-15-de-marzo\/#primaryimage","url":"https:\/\/museosdealicante.com\/wp-content\/uploads\/2025\/03\/wp-header-logo-7.png","contentUrl":"https:\/\/museosdealicante.com\/wp-content\/uploads\/2025\/03\/wp-header-logo-7.png"},{"@type":"BreadcrumbList","@id":"https:\/\/museosdealicante.com\/el-yacimiento-arqueologico-y-el-centro-de-interpretacion-de-la-cova-de-lor-reabren-sus-visitas-al-publico-el-15-de-marzo\/#breadcrumb","itemListElement":[{"@type":"ListItem","position":1,"name":"Portada","item":"https:\/\/museosdealicante.com\/"},{"@type":"ListItem","position":2,"name":"El yacimiento arqueol\u00f3gico y el centro de interpretaci\u00f3n de la Cova de L\u00b4Or reabren sus visitas al p\u00fablico el 15 de marzo"}]},{"@type":"WebSite","@id":"https:\/\/museosdealicante.com\/#website","url":"https:\/\/museosdealicante.com\/","name":"MUSEA | Museos de Alicante","description":"Toda la oferta sobre arte, cultura y patrimonio de la ciudad, toda la actualidad de los museos de Alicante","potentialAction":[{"@type":"SearchAction","target":{"@type":"EntryPoint","urlTemplate":"https:\/\/museosdealicante.com\/?s={search_term_string}"},"query-input":{"@type":"PropertyValueSpecification","valueRequired":true,"valueName":"search_term_string"}}],"inLanguage":"ca"},{"@type":"Person","@id":"https:\/\/museosdealicante.com\/#\/schema\/person\/78e7fba1070263542396ef581fd4353d","name":"Rub\u00e9n Mar\u00edn","image":{"@type":"ImageObject","inLanguage":"ca","@id":"https:\/\/secure.gravatar.com\/avatar\/a084df6ed7102aee5b321c805d4def1f98c4b742edeb24e3cc7271d50f2c565b?s=96&d=mm&r=g","url":"https:\/\/secure.gravatar.com\/avatar\/a084df6ed7102aee5b321c805d4def1f98c4b742edeb24e3cc7271d50f2c565b?s=96&d=mm&r=g","contentUrl":"https:\/\/secure.gravatar.com\/avatar\/a084df6ed7102aee5b321c805d4def1f98c4b742edeb24e3cc7271d50f2c565b?s=96&d=mm&r=g","caption":"Rub\u00e9n Mar\u00edn"},"url":"https:\/\/museosdealicante.com\/va\/author\/gloria-navarro\/"}]}},"_links":{"self":[{"href":"https:\/\/museosdealicante.com\/va\/wp-json\/wp\/v2\/posts\/3015","targetHints":{"allow":["GET"]}}],"collection":[{"href":"https:\/\/museosdealicante.com\/va\/wp-json\/wp\/v2\/posts"}],"about":[{"href":"https:\/\/museosdealicante.com\/va\/wp-json\/wp\/v2\/types\/post"}],"author":[{"embeddable":true,"href":"https:\/\/museosdealicante.com\/va\/wp-json\/wp\/v2\/users\/2"}],"replies":[{"embeddable":true,"href":"https:\/\/museosdealicante.com\/va\/wp-json\/wp\/v2\/comments?post=3015"}],"version-history":[{"count":0,"href":"https:\/\/museosdealicante.com\/va\/wp-json\/wp\/v2\/posts\/3015\/revisions"}],"wp:featuredmedia":[{"embeddable":true,"href":"https:\/\/museosdealicante.com\/va\/wp-json\/wp\/v2\/media\/3016"}],"wp:attachment":[{"href":"https:\/\/museosdealicante.com\/va\/wp-json\/wp\/v2\/media?parent=3015"}],"wp:term":[{"taxonomy":"category","embeddable":true,"href":"https:\/\/museosdealicante.com\/va\/wp-json\/wp\/v2\/categories?post=3015"},{"taxonomy":"post_tag","embeddable":true,"href":"https:\/\/museosdealicante.com\/va\/wp-json\/wp\/v2\/tags?post=3015"}],"curies":[{"name":"wp","href":"https:\/\/api.w.org\/{rel}","templated":true}]}}