{"id":3069,"date":"2025-03-31T21:49:06","date_gmt":"2025-03-31T21:49:06","guid":{"rendered":"https:\/\/museosdealicante.com\/se-abre-el-telon-de-la-duodecima-trobada-de-teatre-jove\/"},"modified":"2025-03-31T21:49:06","modified_gmt":"2025-03-31T21:49:06","slug":"se-abre-el-telon-de-la-duodecima-trobada-de-teatre-jove","status":"publish","type":"post","link":"https:\/\/museosdealicante.com\/va\/se-abre-el-telon-de-la-duodecima-trobada-de-teatre-jove\/","title":{"rendered":"Se abre el tel\u00f3n de la duod\u00e9cima Trobada de Teatre Jove"},"content":{"rendered":"<div>\n<p>\nEn Alicante tendr\u00e1 lugar en Las Cigarreras del\u00a031 de marzo al 4 de abril.<\/p>\n<p>Se abre el tel\u00f3n de la duod\u00e9cima edici\u00f3n de la Trobada de Teatre Jove, una iniciativa de Inestable y Carnet Jove-IVAJ que se desarrollar\u00e1 en Valencia, Alicante y Castell\u00f3n hasta el 9 de abril, y que llegar\u00e1 a m\u00e1s de 1600 j\u00f3venes de la Comunidad Valenciana.<\/p>\n<p>La Trobada de Teatre Jove es un proyecto que, desde hace doce a\u00f1os, ofrece experiencias teatrales a la adolescencia y la juventud para que se consoliden como fuente de conocimiento y enriquecimiento personal, as\u00ed como veh\u00edculo de aproximaci\u00f3n a las artes esc\u00e9nicas para fomentar la creaci\u00f3n de nuevos espectadores y usuarios de la cultura. Con este esp\u00edritu, un a\u00f1o m\u00e1s, la Trobada convoca en Espai Inestable a los primeros grupos de j\u00f3venes que disfrutar\u00e1n de una jornada de convivencia alrededor de las artes esc\u00e9nicas, a diario hasta el viernes 28 de marzo. Posteriormente, desde el 31 de marzo hasta el 4 de abril el proyecto tendr\u00e1 lugar en el Centro Cultural Las Cigarreras de Alicante; y, finalmente, ser\u00e1 Castell\u00f3n, en el Teatre Raval, la sede del proyecto los d\u00edas 2,3,7 y 9 de abril.<\/p>\n<p>\u201cEstamos muy felices por volver a arrancar nuestra Trobada. El curso no est\u00e1 siendo f\u00e1cil para muchos de los centros de la Comunidad por las razones que bien conocemos todos, sin embargo, la ilusi\u00f3n del alumnado, la fuerza de la juventud y la profesionalidad de los docentes participantes han permitido a todos, pero de manera especial a diversos centros afectados directamente por la dana, continuar con su compromiso de exhibici\u00f3n y asistencia a la 12\u00aa Trobada\u201d, comentan Maribel Bayona y Rafa Palomares, dos de los coordinadores del proyecto que, junto con Marc Escrig y Ernesto Mart\u00edn, organizan cada una de estas catorce jornadas de convivencia y celebraci\u00f3n de la educaci\u00f3n art\u00edstica.<\/p>\n<p>\u201cNos consta que algunos de los trabajos que podremos ver han tomado como punto de partida lo acontecido a partir del 29 de octubre, evidentemente, en la provincia de Valencia. En Alicante y Castell\u00f3n, por su parte, podremos asistir, entre otros, a trabajos de institutos muy c\u00f3mplices con la Trobada, pues nos acompa\u00f1an desde el inicio en esas sedes, al frente de los cuales hay docentes muy comprometidos con la educaci\u00f3n art\u00edstica y el teatro en la educaci\u00f3n: IES Santa Pola, IES 8 de marzo, IES Mar\u00eda Blasco o el Colegio Nuestra Se\u00f1ora del Carmen, en Alicante, o IES Bovalar e IES Sos Baynat, en Castell\u00f3n, son ejemplos perfectos de esta apuesta por las artes esc\u00e9nicas en la educaci\u00f3n\u201d, explica la coordinaci\u00f3n del proyecto.<\/p>\n<p>Cada una de las jornadas est\u00e1 dividida en exhibici\u00f3n, talleres y una din\u00e1mica grupal: una planificaci\u00f3n diaria que favorece la convivencia entre j\u00f3venes interesados en su formaci\u00f3n art\u00edstica. \u201cLa convivencia de los j\u00f3venes al calor del teatro es la raz\u00f3n por la que existe desde su inicio la Trobada de Teatre Jove\u201d, aseveran los coordinadores.<\/p>\n<p>En n\u00fameros, la duod\u00e9cima edici\u00f3n se concreta en: 1662 j\u00f3venes participantes inscritos, 43 grupos que representan, otros 33 que asisten como p\u00fablico, 70 talleres did\u00e1cticos (5 por jornada), 14 din\u00e1micas de fin de fiesta y m\u00e1s de 30 profesionales de las artes esc\u00e9nicas implicados.<\/p>\n<p>Las tres semanas de la Trobada se complementan con una jornada de formaci\u00f3n en did\u00e1ctica de las artes esc\u00e9nicas para docentes, el s\u00e1bado 5 de abril en Valencia, en Espai Inestable. Esta jornada est\u00e1 organizada por el M\u00e1ster en Teatro Aplicado (UV) e Inestable en colaboraci\u00f3n con Escalante y CEFIRE Valencia, y mantiene como objetivo reunir al colectivo de profesorado m\u00e1s implicado con las artes esc\u00e9nicas en la educaci\u00f3n, para compartir ideas y recursos, continuando su pr\u00e1ctica docente en este \u00e1mbito.<\/p>\n<\/div>\n<p><a href=\"https:\/\/www.alicante.es\/es\/node\/45007\">source<\/a><\/p>","protected":false},"excerpt":{"rendered":"<p>En Alicante tendr\u00e1 lugar en Las Cigarreras del\u00a031 de marzo al 4 de abril. Se abre el tel\u00f3n de la duod\u00e9cima edici\u00f3n de la Trobada de Teatre Jove, una<span class=\"excerpt-hellip\"> [\u2026]<\/span><\/p>\n","protected":false},"author":8,"featured_media":3070,"comment_status":"","ping_status":"","sticky":false,"template":"","format":"standard","meta":{"_price":"","_stock":"","_tribe_ticket_header":"","_tribe_default_ticket_provider":"","_tribe_ticket_capacity":"0","_ticket_start_date":"","_ticket_end_date":"","_tribe_ticket_show_description":"","_tribe_ticket_show_not_going":false,"_tribe_ticket_use_global_stock":"","_tribe_ticket_global_stock_level":"","_global_stock_mode":"","_global_stock_cap":"","_tribe_rsvp_for_event":"","_tribe_ticket_going_count":"","_tribe_ticket_not_going_count":"","_tribe_tickets_list":"[]","_tribe_ticket_has_attendee_info_fields":false,"footnotes":""},"categories":[14],"tags":[],"class_list":["post-3069","post","type-post","status-publish","format-standard","has-post-thumbnail","hentry","category-cigarreras"],"yoast_head":"<!-- This site is optimized with the Yoast SEO plugin v27.3 - https:\/\/yoast.com\/product\/yoast-seo-wordpress\/ -->\n<title>Se abre el tel\u00f3n de la duod\u00e9cima Trobada de Teatre Jove - MUSEA | Museos de Alicante<\/title>\n<meta name=\"robots\" content=\"index, follow, max-snippet:-1, max-image-preview:large, max-video-preview:-1\" \/>\n<link rel=\"canonical\" href=\"https:\/\/museosdealicante.com\/va\/se-abre-el-telon-de-la-duodecima-trobada-de-teatre-jove\/\" \/>\n<meta property=\"og:locale\" content=\"ca_ES\" \/>\n<meta property=\"og:type\" content=\"article\" \/>\n<meta property=\"og:title\" content=\"Se abre el tel\u00f3n de la duod\u00e9cima Trobada de Teatre Jove - MUSEA | Museos de Alicante\" \/>\n<meta property=\"og:description\" content=\"En Alicante tendr\u00e1 lugar en Las Cigarreras del\u00a031 de marzo al 4 de abril. Se abre el tel\u00f3n de la duod\u00e9cima edici\u00f3n de la Trobada de Teatre Jove, una [\u2026]\" \/>\n<meta property=\"og:url\" content=\"https:\/\/museosdealicante.com\/va\/se-abre-el-telon-de-la-duodecima-trobada-de-teatre-jove\/\" \/>\n<meta property=\"og:site_name\" content=\"MUSEA | Museos de Alicante\" \/>\n<meta property=\"article:published_time\" content=\"2025-03-31T21:49:06+00:00\" \/>\n<meta name=\"author\" content=\"Carolina Fuentes\" \/>\n<meta name=\"twitter:card\" content=\"summary_large_image\" \/>\n<meta name=\"twitter:label1\" content=\"Escrit per\" \/>\n\t<meta name=\"twitter:data1\" content=\"Carolina Fuentes\" \/>\n\t<meta name=\"twitter:label2\" content=\"Temps estimat de lectura\" \/>\n\t<meta name=\"twitter:data2\" content=\"3 minuts\" \/>\n<script type=\"application\/ld+json\" class=\"yoast-schema-graph\">{\"@context\":\"https:\\\/\\\/schema.org\",\"@graph\":[{\"@type\":\"Article\",\"@id\":\"https:\\\/\\\/museosdealicante.com\\\/se-abre-el-telon-de-la-duodecima-trobada-de-teatre-jove\\\/#article\",\"isPartOf\":{\"@id\":\"https:\\\/\\\/museosdealicante.com\\\/se-abre-el-telon-de-la-duodecima-trobada-de-teatre-jove\\\/\"},\"author\":{\"name\":\"Carolina Fuentes\",\"@id\":\"https:\\\/\\\/museosdealicante.com\\\/#\\\/schema\\\/person\\\/b8e21892e9b6af60e856f31f0dce8cbd\"},\"headline\":\"Se abre el tel\u00f3n de la duod\u00e9cima Trobada de Teatre Jove\",\"datePublished\":\"2025-03-31T21:49:06+00:00\",\"mainEntityOfPage\":{\"@id\":\"https:\\\/\\\/museosdealicante.com\\\/se-abre-el-telon-de-la-duodecima-trobada-de-teatre-jove\\\/\"},\"wordCount\":669,\"image\":{\"@id\":\"https:\\\/\\\/museosdealicante.com\\\/se-abre-el-telon-de-la-duodecima-trobada-de-teatre-jove\\\/#primaryimage\"},\"thumbnailUrl\":\"https:\\\/\\\/museosdealicante.com\\\/wp-content\\\/uploads\\\/2025\\\/03\\\/wp-header-logo-34.png\",\"articleSection\":[\"CIGARRERAS\"],\"inLanguage\":\"ca\"},{\"@type\":\"WebPage\",\"@id\":\"https:\\\/\\\/museosdealicante.com\\\/se-abre-el-telon-de-la-duodecima-trobada-de-teatre-jove\\\/\",\"url\":\"https:\\\/\\\/museosdealicante.com\\\/se-abre-el-telon-de-la-duodecima-trobada-de-teatre-jove\\\/\",\"name\":\"Se abre el tel\u00f3n de la duod\u00e9cima Trobada de Teatre Jove - MUSEA | Museos de Alicante\",\"isPartOf\":{\"@id\":\"https:\\\/\\\/museosdealicante.com\\\/#website\"},\"primaryImageOfPage\":{\"@id\":\"https:\\\/\\\/museosdealicante.com\\\/se-abre-el-telon-de-la-duodecima-trobada-de-teatre-jove\\\/#primaryimage\"},\"image\":{\"@id\":\"https:\\\/\\\/museosdealicante.com\\\/se-abre-el-telon-de-la-duodecima-trobada-de-teatre-jove\\\/#primaryimage\"},\"thumbnailUrl\":\"https:\\\/\\\/museosdealicante.com\\\/wp-content\\\/uploads\\\/2025\\\/03\\\/wp-header-logo-34.png\",\"datePublished\":\"2025-03-31T21:49:06+00:00\",\"author\":{\"@id\":\"https:\\\/\\\/museosdealicante.com\\\/#\\\/schema\\\/person\\\/b8e21892e9b6af60e856f31f0dce8cbd\"},\"breadcrumb\":{\"@id\":\"https:\\\/\\\/museosdealicante.com\\\/se-abre-el-telon-de-la-duodecima-trobada-de-teatre-jove\\\/#breadcrumb\"},\"inLanguage\":\"ca\",\"potentialAction\":[{\"@type\":\"ReadAction\",\"target\":[\"https:\\\/\\\/museosdealicante.com\\\/se-abre-el-telon-de-la-duodecima-trobada-de-teatre-jove\\\/\"]}]},{\"@type\":\"ImageObject\",\"inLanguage\":\"ca\",\"@id\":\"https:\\\/\\\/museosdealicante.com\\\/se-abre-el-telon-de-la-duodecima-trobada-de-teatre-jove\\\/#primaryimage\",\"url\":\"https:\\\/\\\/museosdealicante.com\\\/wp-content\\\/uploads\\\/2025\\\/03\\\/wp-header-logo-34.png\",\"contentUrl\":\"https:\\\/\\\/museosdealicante.com\\\/wp-content\\\/uploads\\\/2025\\\/03\\\/wp-header-logo-34.png\",\"width\":1066,\"height\":1600},{\"@type\":\"BreadcrumbList\",\"@id\":\"https:\\\/\\\/museosdealicante.com\\\/se-abre-el-telon-de-la-duodecima-trobada-de-teatre-jove\\\/#breadcrumb\",\"itemListElement\":[{\"@type\":\"ListItem\",\"position\":1,\"name\":\"Portada\",\"item\":\"https:\\\/\\\/museosdealicante.com\\\/\"},{\"@type\":\"ListItem\",\"position\":2,\"name\":\"Se abre el tel\u00f3n de la duod\u00e9cima Trobada de Teatre Jove\"}]},{\"@type\":\"WebSite\",\"@id\":\"https:\\\/\\\/museosdealicante.com\\\/#website\",\"url\":\"https:\\\/\\\/museosdealicante.com\\\/\",\"name\":\"MUSEA | Museos de Alicante\",\"description\":\"Toda la oferta sobre arte, cultura y patrimonio de la ciudad, toda la actualidad de los museos de Alicante\",\"potentialAction\":[{\"@type\":\"SearchAction\",\"target\":{\"@type\":\"EntryPoint\",\"urlTemplate\":\"https:\\\/\\\/museosdealicante.com\\\/?s={search_term_string}\"},\"query-input\":{\"@type\":\"PropertyValueSpecification\",\"valueRequired\":true,\"valueName\":\"search_term_string\"}}],\"inLanguage\":\"ca\"},{\"@type\":\"Person\",\"@id\":\"https:\\\/\\\/museosdealicante.com\\\/#\\\/schema\\\/person\\\/b8e21892e9b6af60e856f31f0dce8cbd\",\"name\":\"Carolina Fuentes\",\"image\":{\"@type\":\"ImageObject\",\"inLanguage\":\"ca\",\"@id\":\"https:\\\/\\\/secure.gravatar.com\\\/avatar\\\/01f78e22536b5ffd26064d48b4b5761365a20d8fcf22b8fa03a63f307abc9dc6?s=96&d=mm&r=g\",\"url\":\"https:\\\/\\\/secure.gravatar.com\\\/avatar\\\/01f78e22536b5ffd26064d48b4b5761365a20d8fcf22b8fa03a63f307abc9dc6?s=96&d=mm&r=g\",\"contentUrl\":\"https:\\\/\\\/secure.gravatar.com\\\/avatar\\\/01f78e22536b5ffd26064d48b4b5761365a20d8fcf22b8fa03a63f307abc9dc6?s=96&d=mm&r=g\",\"caption\":\"Carolina Fuentes\"},\"url\":\"https:\\\/\\\/museosdealicante.com\\\/va\\\/author\\\/carolina-fuentes\\\/\"}]}<\/script>\n<!-- \/ Yoast SEO plugin. -->","yoast_head_json":{"title":"Se abre el tel\u00f3n de la duod\u00e9cima Trobada de Teatre Jove - MUSEA | Museos de Alicante","robots":{"index":"index","follow":"follow","max-snippet":"max-snippet:-1","max-image-preview":"max-image-preview:large","max-video-preview":"max-video-preview:-1"},"canonical":"https:\/\/museosdealicante.com\/va\/se-abre-el-telon-de-la-duodecima-trobada-de-teatre-jove\/","og_locale":"ca_ES","og_type":"article","og_title":"Se abre el tel\u00f3n de la duod\u00e9cima Trobada de Teatre Jove - MUSEA | Museos de Alicante","og_description":"En Alicante tendr\u00e1 lugar en Las Cigarreras del\u00a031 de marzo al 4 de abril. Se abre el tel\u00f3n de la duod\u00e9cima edici\u00f3n de la Trobada de Teatre Jove, una [\u2026]","og_url":"https:\/\/museosdealicante.com\/va\/se-abre-el-telon-de-la-duodecima-trobada-de-teatre-jove\/","og_site_name":"MUSEA | Museos de Alicante","article_published_time":"2025-03-31T21:49:06+00:00","author":"Carolina Fuentes","twitter_card":"summary_large_image","twitter_misc":{"Escrit per":"Carolina Fuentes","Temps estimat de lectura":"3 minuts"},"schema":{"@context":"https:\/\/schema.org","@graph":[{"@type":"Article","@id":"https:\/\/museosdealicante.com\/se-abre-el-telon-de-la-duodecima-trobada-de-teatre-jove\/#article","isPartOf":{"@id":"https:\/\/museosdealicante.com\/se-abre-el-telon-de-la-duodecima-trobada-de-teatre-jove\/"},"author":{"name":"Carolina Fuentes","@id":"https:\/\/museosdealicante.com\/#\/schema\/person\/b8e21892e9b6af60e856f31f0dce8cbd"},"headline":"Se abre el tel\u00f3n de la duod\u00e9cima Trobada de Teatre Jove","datePublished":"2025-03-31T21:49:06+00:00","mainEntityOfPage":{"@id":"https:\/\/museosdealicante.com\/se-abre-el-telon-de-la-duodecima-trobada-de-teatre-jove\/"},"wordCount":669,"image":{"@id":"https:\/\/museosdealicante.com\/se-abre-el-telon-de-la-duodecima-trobada-de-teatre-jove\/#primaryimage"},"thumbnailUrl":"https:\/\/museosdealicante.com\/wp-content\/uploads\/2025\/03\/wp-header-logo-34.png","articleSection":["CIGARRERAS"],"inLanguage":"ca"},{"@type":"WebPage","@id":"https:\/\/museosdealicante.com\/se-abre-el-telon-de-la-duodecima-trobada-de-teatre-jove\/","url":"https:\/\/museosdealicante.com\/se-abre-el-telon-de-la-duodecima-trobada-de-teatre-jove\/","name":"Se abre el tel\u00f3n de la duod\u00e9cima Trobada de Teatre Jove - MUSEA | Museos de Alicante","isPartOf":{"@id":"https:\/\/museosdealicante.com\/#website"},"primaryImageOfPage":{"@id":"https:\/\/museosdealicante.com\/se-abre-el-telon-de-la-duodecima-trobada-de-teatre-jove\/#primaryimage"},"image":{"@id":"https:\/\/museosdealicante.com\/se-abre-el-telon-de-la-duodecima-trobada-de-teatre-jove\/#primaryimage"},"thumbnailUrl":"https:\/\/museosdealicante.com\/wp-content\/uploads\/2025\/03\/wp-header-logo-34.png","datePublished":"2025-03-31T21:49:06+00:00","author":{"@id":"https:\/\/museosdealicante.com\/#\/schema\/person\/b8e21892e9b6af60e856f31f0dce8cbd"},"breadcrumb":{"@id":"https:\/\/museosdealicante.com\/se-abre-el-telon-de-la-duodecima-trobada-de-teatre-jove\/#breadcrumb"},"inLanguage":"ca","potentialAction":[{"@type":"ReadAction","target":["https:\/\/museosdealicante.com\/se-abre-el-telon-de-la-duodecima-trobada-de-teatre-jove\/"]}]},{"@type":"ImageObject","inLanguage":"ca","@id":"https:\/\/museosdealicante.com\/se-abre-el-telon-de-la-duodecima-trobada-de-teatre-jove\/#primaryimage","url":"https:\/\/museosdealicante.com\/wp-content\/uploads\/2025\/03\/wp-header-logo-34.png","contentUrl":"https:\/\/museosdealicante.com\/wp-content\/uploads\/2025\/03\/wp-header-logo-34.png","width":1066,"height":1600},{"@type":"BreadcrumbList","@id":"https:\/\/museosdealicante.com\/se-abre-el-telon-de-la-duodecima-trobada-de-teatre-jove\/#breadcrumb","itemListElement":[{"@type":"ListItem","position":1,"name":"Portada","item":"https:\/\/museosdealicante.com\/"},{"@type":"ListItem","position":2,"name":"Se abre el tel\u00f3n de la duod\u00e9cima Trobada de Teatre Jove"}]},{"@type":"WebSite","@id":"https:\/\/museosdealicante.com\/#website","url":"https:\/\/museosdealicante.com\/","name":"MUSEA | Museos de Alicante","description":"Toda la oferta sobre arte, cultura y patrimonio de la ciudad, toda la actualidad de los museos de Alicante","potentialAction":[{"@type":"SearchAction","target":{"@type":"EntryPoint","urlTemplate":"https:\/\/museosdealicante.com\/?s={search_term_string}"},"query-input":{"@type":"PropertyValueSpecification","valueRequired":true,"valueName":"search_term_string"}}],"inLanguage":"ca"},{"@type":"Person","@id":"https:\/\/museosdealicante.com\/#\/schema\/person\/b8e21892e9b6af60e856f31f0dce8cbd","name":"Carolina Fuentes","image":{"@type":"ImageObject","inLanguage":"ca","@id":"https:\/\/secure.gravatar.com\/avatar\/01f78e22536b5ffd26064d48b4b5761365a20d8fcf22b8fa03a63f307abc9dc6?s=96&d=mm&r=g","url":"https:\/\/secure.gravatar.com\/avatar\/01f78e22536b5ffd26064d48b4b5761365a20d8fcf22b8fa03a63f307abc9dc6?s=96&d=mm&r=g","contentUrl":"https:\/\/secure.gravatar.com\/avatar\/01f78e22536b5ffd26064d48b4b5761365a20d8fcf22b8fa03a63f307abc9dc6?s=96&d=mm&r=g","caption":"Carolina Fuentes"},"url":"https:\/\/museosdealicante.com\/va\/author\/carolina-fuentes\/"}]}},"_links":{"self":[{"href":"https:\/\/museosdealicante.com\/va\/wp-json\/wp\/v2\/posts\/3069","targetHints":{"allow":["GET"]}}],"collection":[{"href":"https:\/\/museosdealicante.com\/va\/wp-json\/wp\/v2\/posts"}],"about":[{"href":"https:\/\/museosdealicante.com\/va\/wp-json\/wp\/v2\/types\/post"}],"author":[{"embeddable":true,"href":"https:\/\/museosdealicante.com\/va\/wp-json\/wp\/v2\/users\/8"}],"replies":[{"embeddable":true,"href":"https:\/\/museosdealicante.com\/va\/wp-json\/wp\/v2\/comments?post=3069"}],"version-history":[{"count":0,"href":"https:\/\/museosdealicante.com\/va\/wp-json\/wp\/v2\/posts\/3069\/revisions"}],"wp:featuredmedia":[{"embeddable":true,"href":"https:\/\/museosdealicante.com\/va\/wp-json\/wp\/v2\/media\/3070"}],"wp:attachment":[{"href":"https:\/\/museosdealicante.com\/va\/wp-json\/wp\/v2\/media?parent=3069"}],"wp:term":[{"taxonomy":"category","embeddable":true,"href":"https:\/\/museosdealicante.com\/va\/wp-json\/wp\/v2\/categories?post=3069"},{"taxonomy":"post_tag","embeddable":true,"href":"https:\/\/museosdealicante.com\/va\/wp-json\/wp\/v2\/tags?post=3069"}],"curies":[{"name":"wp","href":"https:\/\/api.w.org\/{rel}","templated":true}]}}