{"id":3474,"date":"2025-06-26T15:42:25","date_gmt":"2025-06-26T15:42:25","guid":{"rendered":"https:\/\/museosdealicante.com\/el-museo-arqueologico-de-alicante-pone-en-marcha-una-nueva-edicion-de-la-escuela-de-verano-del-marq\/"},"modified":"2025-06-26T15:42:25","modified_gmt":"2025-06-26T15:42:25","slug":"el-museo-arqueologico-de-alicante-pone-en-marcha-una-nueva-edicion-de-la-escuela-de-verano-del-marq","status":"publish","type":"post","link":"https:\/\/museosdealicante.com\/va\/el-museo-arqueologico-de-alicante-pone-en-marcha-una-nueva-edicion-de-la-escuela-de-verano-del-marq\/","title":{"rendered":"El Museo Arqueol\u00f3gico de Alicante pone en marcha una nueva edici\u00f3n de la Escuela de Verano del MARQ"},"content":{"rendered":"<div>\n<p style=\"text-align: center\"><img fetchpriority=\"high\" decoding=\"async\" class=\"alignnone size-medium wp-image-45943\" src=\"https:\/\/www.marqalicante.com\/wp-content\/uploads\/2025\/06\/IMG_2173-375x500.jpg\" alt=\"\" width=\"375\" height=\"500\" srcset=\"https:\/\/www.marqalicante.com\/wp-content\/uploads\/2025\/06\/IMG_2173-375x500.jpg 375w, https:\/\/www.marqalicante.com\/wp-content\/uploads\/2025\/06\/IMG_2173-768x1024.jpg 768w, https:\/\/www.marqalicante.com\/wp-content\/uploads\/2025\/06\/IMG_2173-225x300.jpg 225w, https:\/\/www.marqalicante.com\/wp-content\/uploads\/2025\/06\/IMG_2173-1152x1536.jpg 1152w, https:\/\/www.marqalicante.com\/wp-content\/uploads\/2025\/06\/IMG_2173-1536x2048.jpg 1536w, https:\/\/www.marqalicante.com\/wp-content\/uploads\/2025\/06\/IMG_2173-9x12.jpg 9w, https:\/\/www.marqalicante.com\/wp-content\/uploads\/2025\/06\/IMG_2173-56x75.jpg 56w, https:\/\/www.marqalicante.com\/wp-content\/uploads\/2025\/06\/IMG_2173-563x750.jpg 563w, https:\/\/www.marqalicante.com\/wp-content\/uploads\/2025\/06\/IMG_2173-480x640.jpg 480w, https:\/\/www.marqalicante.com\/wp-content\/uploads\/2025\/06\/IMG_2173-800x1067.jpg 800w, https:\/\/www.marqalicante.com\/wp-content\/uploads\/2025\/06\/IMG_2173-scaled.jpg 1920w\" sizes=\"(max-width:767px) 375px, 375px\"\/><\/p>\n<p style=\"text-align: justify\">La campa\u00f1a de actividades estivales en el <strong>Museo Arqueol\u00f3gico de Alicante<\/strong> arrancar\u00e1 el pr\u00f3ximo 30 de junio con la 21 edici\u00f3n de \u2018Veranea\u2019, la Escuela de Verano del MARQ.<\/p>\n<p style=\"text-align: justify\">Como ha explicado el diputado de Cultura, <strong>Juan de Dios Navarro<\/strong>, la propuesta comprende un total de <strong>veinticinco horas semanales<\/strong>, de lunes a viernes, y est\u00e1 dirigida a ni\u00f1os y ni\u00f1as de edades comprendidas entre los 6 y los 12 a\u00f1os. Los participantes visitar\u00e1n todas las salas del museo, acompa\u00f1ados por los <strong>gu\u00edas y monitores del Club Llumiq<\/strong> de la Fundaci\u00f3n CV MARQ, para realizar talleres did\u00e1cticos -reproducciones de piezas o trabajos de arqueolog\u00eda- y elaborar los cuadernos did\u00e1cticos adaptados a la campa\u00f1a de verano; adem\u00e1s de juegos tem\u00e1ticos, yincanas y concursos. \u201c<u>Actividades organizadas de manera divertida y adaptada a las edades de los alumnos, para que tengan un acceso a la cultura sin dejar de disfrutar de sus vacaciones de verano<\/u>\u201d, ha manifestado Navarro.<\/p>\n<p style=\"text-align: justify\">En esta edici\u00f3n de \u2018Veranea\u2019 <strong>la tem\u00e1tica girar\u00e1 fundamentalmente en torno a la actual exposici\u00f3n<\/strong> que acogen las salas temporales del MARQ, <strong>\u2018Ciudades de Luz\u2019<\/strong>, as\u00ed como las salas permanentes y las tem\u00e1ticas que ser\u00e1n tambi\u00e9n un recurso interesante para complementar las actividades y contenidos a desarrollar.<\/p>\n<p style=\"text-align: justify\">\u2018Veranea\u2019 surge con el objetivo de descubrir la historia de la ciudad de Alicante, desde su pasado m\u00e1s remoto hasta los or\u00edgenes medievales, y reconocer la <strong>funci\u00f3n de la arqueolog\u00eda como veh\u00edculo de conocimiento hist\u00f3rico<\/strong>, adem\u00e1s de valorar y proteger nuestro patrimonio hist\u00f3rico, cultural, medioambiental y arqueol\u00f3gico.<\/p>\n<p style=\"text-align: justify\">La escuela de verano, que finalizar\u00e1 el viernes 22 de agosto, cuenta con <strong>45 plazas disponibles por semana<\/strong> y las actividades tendr\u00e1n lugar en los jardines del MARQ y en el interior del museo (visita a salas y biblioteca), aulas did\u00e1cticas y sal\u00f3n de actos. El precio por alumno es de 40 euros semanales y la reserva de plazas se puede realizar en las taquillas del museo, en horario de apertura al p\u00fablico, o en <a href=\"http:\/\/www.marqalicante.com\" target=\"_blank\" rel=\"noopener\">www.marqalicante.com<\/a><\/p>\n<\/div>\n<p><a href=\"https:\/\/www.marqalicante.com\/es\/el-museo-arqueologico-de-alicante-pone-en-marcha-una-nueva-edicion-de-la-escuela-de-verano-del-marq\/\">source<\/a><\/p>","protected":false},"excerpt":{"rendered":"<p>La campa\u00f1a de actividades estivales en el Museo Arqueol\u00f3gico de Alicante arrancar\u00e1 el pr\u00f3ximo 30 de junio con la 21 edici\u00f3n de \u2018Veranea\u2019, la Escuela de Verano del MARQ.<span class=\"excerpt-hellip\"> [\u2026]<\/span><\/p>\n","protected":false},"author":2,"featured_media":3475,"comment_status":"","ping_status":"","sticky":false,"template":"","format":"standard","meta":{"_price":"","_stock":"","_tribe_ticket_header":"","_tribe_default_ticket_provider":"","_tribe_ticket_capacity":"0","_ticket_start_date":"","_ticket_end_date":"","_tribe_ticket_show_description":"","_tribe_ticket_show_not_going":false,"_tribe_ticket_use_global_stock":"","_tribe_ticket_global_stock_level":"","_global_stock_mode":"","_global_stock_cap":"","_tribe_rsvp_for_event":"","_tribe_ticket_going_count":"","_tribe_ticket_not_going_count":"","_tribe_tickets_list":"[]","_tribe_ticket_has_attendee_info_fields":false,"footnotes":""},"categories":[11],"tags":[],"class_list":["post-3474","post","type-post","status-publish","format-standard","has-post-thumbnail","hentry","category-marq"],"yoast_head":"<!-- This site is optimized with the Yoast SEO plugin v27.3 - https:\/\/yoast.com\/product\/yoast-seo-wordpress\/ -->\n<title>El Museo Arqueol\u00f3gico de Alicante pone en marcha una nueva edici\u00f3n de la Escuela de Verano del MARQ - MUSEA | Museos de Alicante<\/title>\n<meta name=\"robots\" content=\"index, follow, max-snippet:-1, max-image-preview:large, max-video-preview:-1\" \/>\n<link rel=\"canonical\" href=\"https:\/\/museosdealicante.com\/va\/el-museo-arqueologico-de-alicante-pone-en-marcha-una-nueva-edicion-de-la-escuela-de-verano-del-marq\/\" \/>\n<meta property=\"og:locale\" content=\"ca_ES\" \/>\n<meta property=\"og:type\" content=\"article\" \/>\n<meta property=\"og:title\" content=\"El Museo Arqueol\u00f3gico de Alicante pone en marcha una nueva edici\u00f3n de la Escuela de Verano del MARQ - MUSEA | Museos de Alicante\" \/>\n<meta property=\"og:description\" content=\"La campa\u00f1a de actividades estivales en el Museo Arqueol\u00f3gico de Alicante arrancar\u00e1 el pr\u00f3ximo 30 de junio con la 21 edici\u00f3n de \u2018Veranea\u2019, la Escuela de Verano del MARQ. [\u2026]\" \/>\n<meta property=\"og:url\" content=\"https:\/\/museosdealicante.com\/va\/el-museo-arqueologico-de-alicante-pone-en-marcha-una-nueva-edicion-de-la-escuela-de-verano-del-marq\/\" \/>\n<meta property=\"og:site_name\" content=\"MUSEA | Museos de Alicante\" \/>\n<meta property=\"article:published_time\" content=\"2025-06-26T15:42:25+00:00\" \/>\n<meta property=\"og:image\" content=\"https:\/\/www.marqalicante.com\/wp-content\/uploads\/2025\/06\/IMG_2173-375x500.jpg\" \/>\n<meta name=\"author\" content=\"Rub\u00e9n Mar\u00edn\" \/>\n<meta name=\"twitter:card\" content=\"summary_large_image\" \/>\n<meta name=\"twitter:label1\" content=\"Escrit per\" \/>\n\t<meta name=\"twitter:data1\" content=\"Rub\u00e9n Mar\u00edn\" \/>\n\t<meta name=\"twitter:label2\" content=\"Temps estimat de lectura\" \/>\n\t<meta name=\"twitter:data2\" content=\"2 minuts\" \/>\n<script type=\"application\/ld+json\" class=\"yoast-schema-graph\">{\"@context\":\"https:\\\/\\\/schema.org\",\"@graph\":[{\"@type\":\"Article\",\"@id\":\"https:\\\/\\\/museosdealicante.com\\\/el-museo-arqueologico-de-alicante-pone-en-marcha-una-nueva-edicion-de-la-escuela-de-verano-del-marq\\\/#article\",\"isPartOf\":{\"@id\":\"https:\\\/\\\/museosdealicante.com\\\/el-museo-arqueologico-de-alicante-pone-en-marcha-una-nueva-edicion-de-la-escuela-de-verano-del-marq\\\/\"},\"author\":{\"name\":\"Rub\u00e9n Mar\u00edn\",\"@id\":\"https:\\\/\\\/museosdealicante.com\\\/#\\\/schema\\\/person\\\/78e7fba1070263542396ef581fd4353d\"},\"headline\":\"El Museo Arqueol\u00f3gico de Alicante pone en marcha una nueva edici\u00f3n de la Escuela de Verano del MARQ\",\"datePublished\":\"2025-06-26T15:42:25+00:00\",\"mainEntityOfPage\":{\"@id\":\"https:\\\/\\\/museosdealicante.com\\\/el-museo-arqueologico-de-alicante-pone-en-marcha-una-nueva-edicion-de-la-escuela-de-verano-del-marq\\\/\"},\"wordCount\":376,\"image\":{\"@id\":\"https:\\\/\\\/museosdealicante.com\\\/el-museo-arqueologico-de-alicante-pone-en-marcha-una-nueva-edicion-de-la-escuela-de-verano-del-marq\\\/#primaryimage\"},\"thumbnailUrl\":\"https:\\\/\\\/museosdealicante.com\\\/wp-content\\\/uploads\\\/2025\\\/06\\\/wp-header-logo-21.png\",\"articleSection\":[\"MARQ\"],\"inLanguage\":\"ca\"},{\"@type\":\"WebPage\",\"@id\":\"https:\\\/\\\/museosdealicante.com\\\/el-museo-arqueologico-de-alicante-pone-en-marcha-una-nueva-edicion-de-la-escuela-de-verano-del-marq\\\/\",\"url\":\"https:\\\/\\\/museosdealicante.com\\\/el-museo-arqueologico-de-alicante-pone-en-marcha-una-nueva-edicion-de-la-escuela-de-verano-del-marq\\\/\",\"name\":\"El Museo Arqueol\u00f3gico de Alicante pone en marcha una nueva edici\u00f3n de la Escuela de Verano del MARQ - MUSEA | Museos de Alicante\",\"isPartOf\":{\"@id\":\"https:\\\/\\\/museosdealicante.com\\\/#website\"},\"primaryImageOfPage\":{\"@id\":\"https:\\\/\\\/museosdealicante.com\\\/el-museo-arqueologico-de-alicante-pone-en-marcha-una-nueva-edicion-de-la-escuela-de-verano-del-marq\\\/#primaryimage\"},\"image\":{\"@id\":\"https:\\\/\\\/museosdealicante.com\\\/el-museo-arqueologico-de-alicante-pone-en-marcha-una-nueva-edicion-de-la-escuela-de-verano-del-marq\\\/#primaryimage\"},\"thumbnailUrl\":\"https:\\\/\\\/museosdealicante.com\\\/wp-content\\\/uploads\\\/2025\\\/06\\\/wp-header-logo-21.png\",\"datePublished\":\"2025-06-26T15:42:25+00:00\",\"author\":{\"@id\":\"https:\\\/\\\/museosdealicante.com\\\/#\\\/schema\\\/person\\\/78e7fba1070263542396ef581fd4353d\"},\"breadcrumb\":{\"@id\":\"https:\\\/\\\/museosdealicante.com\\\/el-museo-arqueologico-de-alicante-pone-en-marcha-una-nueva-edicion-de-la-escuela-de-verano-del-marq\\\/#breadcrumb\"},\"inLanguage\":\"ca\",\"potentialAction\":[{\"@type\":\"ReadAction\",\"target\":[\"https:\\\/\\\/museosdealicante.com\\\/el-museo-arqueologico-de-alicante-pone-en-marcha-una-nueva-edicion-de-la-escuela-de-verano-del-marq\\\/\"]}]},{\"@type\":\"ImageObject\",\"inLanguage\":\"ca\",\"@id\":\"https:\\\/\\\/museosdealicante.com\\\/el-museo-arqueologico-de-alicante-pone-en-marcha-una-nueva-edicion-de-la-escuela-de-verano-del-marq\\\/#primaryimage\",\"url\":\"https:\\\/\\\/museosdealicante.com\\\/wp-content\\\/uploads\\\/2025\\\/06\\\/wp-header-logo-21.png\",\"contentUrl\":\"https:\\\/\\\/museosdealicante.com\\\/wp-content\\\/uploads\\\/2025\\\/06\\\/wp-header-logo-21.png\",\"width\":375,\"height\":500},{\"@type\":\"BreadcrumbList\",\"@id\":\"https:\\\/\\\/museosdealicante.com\\\/el-museo-arqueologico-de-alicante-pone-en-marcha-una-nueva-edicion-de-la-escuela-de-verano-del-marq\\\/#breadcrumb\",\"itemListElement\":[{\"@type\":\"ListItem\",\"position\":1,\"name\":\"Portada\",\"item\":\"https:\\\/\\\/museosdealicante.com\\\/\"},{\"@type\":\"ListItem\",\"position\":2,\"name\":\"El Museo Arqueol\u00f3gico de Alicante pone en marcha una nueva edici\u00f3n de la Escuela de Verano del MARQ\"}]},{\"@type\":\"WebSite\",\"@id\":\"https:\\\/\\\/museosdealicante.com\\\/#website\",\"url\":\"https:\\\/\\\/museosdealicante.com\\\/\",\"name\":\"MUSEA | Museos de Alicante\",\"description\":\"Toda la oferta sobre arte, cultura y patrimonio de la ciudad, toda la actualidad de los museos de Alicante\",\"potentialAction\":[{\"@type\":\"SearchAction\",\"target\":{\"@type\":\"EntryPoint\",\"urlTemplate\":\"https:\\\/\\\/museosdealicante.com\\\/?s={search_term_string}\"},\"query-input\":{\"@type\":\"PropertyValueSpecification\",\"valueRequired\":true,\"valueName\":\"search_term_string\"}}],\"inLanguage\":\"ca\"},{\"@type\":\"Person\",\"@id\":\"https:\\\/\\\/museosdealicante.com\\\/#\\\/schema\\\/person\\\/78e7fba1070263542396ef581fd4353d\",\"name\":\"Rub\u00e9n Mar\u00edn\",\"image\":{\"@type\":\"ImageObject\",\"inLanguage\":\"ca\",\"@id\":\"https:\\\/\\\/secure.gravatar.com\\\/avatar\\\/a084df6ed7102aee5b321c805d4def1f98c4b742edeb24e3cc7271d50f2c565b?s=96&d=mm&r=g\",\"url\":\"https:\\\/\\\/secure.gravatar.com\\\/avatar\\\/a084df6ed7102aee5b321c805d4def1f98c4b742edeb24e3cc7271d50f2c565b?s=96&d=mm&r=g\",\"contentUrl\":\"https:\\\/\\\/secure.gravatar.com\\\/avatar\\\/a084df6ed7102aee5b321c805d4def1f98c4b742edeb24e3cc7271d50f2c565b?s=96&d=mm&r=g\",\"caption\":\"Rub\u00e9n Mar\u00edn\"},\"url\":\"https:\\\/\\\/museosdealicante.com\\\/va\\\/author\\\/gloria-navarro\\\/\"}]}<\/script>\n<!-- \/ Yoast SEO plugin. -->","yoast_head_json":{"title":"El Museo Arqueol\u00f3gico de Alicante pone en marcha una nueva edici\u00f3n de la Escuela de Verano del MARQ - MUSEA | Museos de Alicante","robots":{"index":"index","follow":"follow","max-snippet":"max-snippet:-1","max-image-preview":"max-image-preview:large","max-video-preview":"max-video-preview:-1"},"canonical":"https:\/\/museosdealicante.com\/va\/el-museo-arqueologico-de-alicante-pone-en-marcha-una-nueva-edicion-de-la-escuela-de-verano-del-marq\/","og_locale":"ca_ES","og_type":"article","og_title":"El Museo Arqueol\u00f3gico de Alicante pone en marcha una nueva edici\u00f3n de la Escuela de Verano del MARQ - MUSEA | Museos de Alicante","og_description":"La campa\u00f1a de actividades estivales en el Museo Arqueol\u00f3gico de Alicante arrancar\u00e1 el pr\u00f3ximo 30 de junio con la 21 edici\u00f3n de \u2018Veranea\u2019, la Escuela de Verano del MARQ. [\u2026]","og_url":"https:\/\/museosdealicante.com\/va\/el-museo-arqueologico-de-alicante-pone-en-marcha-una-nueva-edicion-de-la-escuela-de-verano-del-marq\/","og_site_name":"MUSEA | Museos de Alicante","article_published_time":"2025-06-26T15:42:25+00:00","og_image":[{"url":"https:\/\/www.marqalicante.com\/wp-content\/uploads\/2025\/06\/IMG_2173-375x500.jpg","type":"","width":"","height":""}],"author":"Rub\u00e9n Mar\u00edn","twitter_card":"summary_large_image","twitter_misc":{"Escrit per":"Rub\u00e9n Mar\u00edn","Temps estimat de lectura":"2 minuts"},"schema":{"@context":"https:\/\/schema.org","@graph":[{"@type":"Article","@id":"https:\/\/museosdealicante.com\/el-museo-arqueologico-de-alicante-pone-en-marcha-una-nueva-edicion-de-la-escuela-de-verano-del-marq\/#article","isPartOf":{"@id":"https:\/\/museosdealicante.com\/el-museo-arqueologico-de-alicante-pone-en-marcha-una-nueva-edicion-de-la-escuela-de-verano-del-marq\/"},"author":{"name":"Rub\u00e9n Mar\u00edn","@id":"https:\/\/museosdealicante.com\/#\/schema\/person\/78e7fba1070263542396ef581fd4353d"},"headline":"El Museo Arqueol\u00f3gico de Alicante pone en marcha una nueva edici\u00f3n de la Escuela de Verano del MARQ","datePublished":"2025-06-26T15:42:25+00:00","mainEntityOfPage":{"@id":"https:\/\/museosdealicante.com\/el-museo-arqueologico-de-alicante-pone-en-marcha-una-nueva-edicion-de-la-escuela-de-verano-del-marq\/"},"wordCount":376,"image":{"@id":"https:\/\/museosdealicante.com\/el-museo-arqueologico-de-alicante-pone-en-marcha-una-nueva-edicion-de-la-escuela-de-verano-del-marq\/#primaryimage"},"thumbnailUrl":"https:\/\/museosdealicante.com\/wp-content\/uploads\/2025\/06\/wp-header-logo-21.png","articleSection":["MARQ"],"inLanguage":"ca"},{"@type":"WebPage","@id":"https:\/\/museosdealicante.com\/el-museo-arqueologico-de-alicante-pone-en-marcha-una-nueva-edicion-de-la-escuela-de-verano-del-marq\/","url":"https:\/\/museosdealicante.com\/el-museo-arqueologico-de-alicante-pone-en-marcha-una-nueva-edicion-de-la-escuela-de-verano-del-marq\/","name":"El Museo Arqueol\u00f3gico de Alicante pone en marcha una nueva edici\u00f3n de la Escuela de Verano del MARQ - MUSEA | Museos de Alicante","isPartOf":{"@id":"https:\/\/museosdealicante.com\/#website"},"primaryImageOfPage":{"@id":"https:\/\/museosdealicante.com\/el-museo-arqueologico-de-alicante-pone-en-marcha-una-nueva-edicion-de-la-escuela-de-verano-del-marq\/#primaryimage"},"image":{"@id":"https:\/\/museosdealicante.com\/el-museo-arqueologico-de-alicante-pone-en-marcha-una-nueva-edicion-de-la-escuela-de-verano-del-marq\/#primaryimage"},"thumbnailUrl":"https:\/\/museosdealicante.com\/wp-content\/uploads\/2025\/06\/wp-header-logo-21.png","datePublished":"2025-06-26T15:42:25+00:00","author":{"@id":"https:\/\/museosdealicante.com\/#\/schema\/person\/78e7fba1070263542396ef581fd4353d"},"breadcrumb":{"@id":"https:\/\/museosdealicante.com\/el-museo-arqueologico-de-alicante-pone-en-marcha-una-nueva-edicion-de-la-escuela-de-verano-del-marq\/#breadcrumb"},"inLanguage":"ca","potentialAction":[{"@type":"ReadAction","target":["https:\/\/museosdealicante.com\/el-museo-arqueologico-de-alicante-pone-en-marcha-una-nueva-edicion-de-la-escuela-de-verano-del-marq\/"]}]},{"@type":"ImageObject","inLanguage":"ca","@id":"https:\/\/museosdealicante.com\/el-museo-arqueologico-de-alicante-pone-en-marcha-una-nueva-edicion-de-la-escuela-de-verano-del-marq\/#primaryimage","url":"https:\/\/museosdealicante.com\/wp-content\/uploads\/2025\/06\/wp-header-logo-21.png","contentUrl":"https:\/\/museosdealicante.com\/wp-content\/uploads\/2025\/06\/wp-header-logo-21.png","width":375,"height":500},{"@type":"BreadcrumbList","@id":"https:\/\/museosdealicante.com\/el-museo-arqueologico-de-alicante-pone-en-marcha-una-nueva-edicion-de-la-escuela-de-verano-del-marq\/#breadcrumb","itemListElement":[{"@type":"ListItem","position":1,"name":"Portada","item":"https:\/\/museosdealicante.com\/"},{"@type":"ListItem","position":2,"name":"El Museo Arqueol\u00f3gico de Alicante pone en marcha una nueva edici\u00f3n de la Escuela de Verano del MARQ"}]},{"@type":"WebSite","@id":"https:\/\/museosdealicante.com\/#website","url":"https:\/\/museosdealicante.com\/","name":"MUSEA | Museos de Alicante","description":"Toda la oferta sobre arte, cultura y patrimonio de la ciudad, toda la actualidad de los museos de Alicante","potentialAction":[{"@type":"SearchAction","target":{"@type":"EntryPoint","urlTemplate":"https:\/\/museosdealicante.com\/?s={search_term_string}"},"query-input":{"@type":"PropertyValueSpecification","valueRequired":true,"valueName":"search_term_string"}}],"inLanguage":"ca"},{"@type":"Person","@id":"https:\/\/museosdealicante.com\/#\/schema\/person\/78e7fba1070263542396ef581fd4353d","name":"Rub\u00e9n Mar\u00edn","image":{"@type":"ImageObject","inLanguage":"ca","@id":"https:\/\/secure.gravatar.com\/avatar\/a084df6ed7102aee5b321c805d4def1f98c4b742edeb24e3cc7271d50f2c565b?s=96&d=mm&r=g","url":"https:\/\/secure.gravatar.com\/avatar\/a084df6ed7102aee5b321c805d4def1f98c4b742edeb24e3cc7271d50f2c565b?s=96&d=mm&r=g","contentUrl":"https:\/\/secure.gravatar.com\/avatar\/a084df6ed7102aee5b321c805d4def1f98c4b742edeb24e3cc7271d50f2c565b?s=96&d=mm&r=g","caption":"Rub\u00e9n Mar\u00edn"},"url":"https:\/\/museosdealicante.com\/va\/author\/gloria-navarro\/"}]}},"_links":{"self":[{"href":"https:\/\/museosdealicante.com\/va\/wp-json\/wp\/v2\/posts\/3474","targetHints":{"allow":["GET"]}}],"collection":[{"href":"https:\/\/museosdealicante.com\/va\/wp-json\/wp\/v2\/posts"}],"about":[{"href":"https:\/\/museosdealicante.com\/va\/wp-json\/wp\/v2\/types\/post"}],"author":[{"embeddable":true,"href":"https:\/\/museosdealicante.com\/va\/wp-json\/wp\/v2\/users\/2"}],"replies":[{"embeddable":true,"href":"https:\/\/museosdealicante.com\/va\/wp-json\/wp\/v2\/comments?post=3474"}],"version-history":[{"count":0,"href":"https:\/\/museosdealicante.com\/va\/wp-json\/wp\/v2\/posts\/3474\/revisions"}],"wp:featuredmedia":[{"embeddable":true,"href":"https:\/\/museosdealicante.com\/va\/wp-json\/wp\/v2\/media\/3475"}],"wp:attachment":[{"href":"https:\/\/museosdealicante.com\/va\/wp-json\/wp\/v2\/media?parent=3474"}],"wp:term":[{"taxonomy":"category","embeddable":true,"href":"https:\/\/museosdealicante.com\/va\/wp-json\/wp\/v2\/categories?post=3474"},{"taxonomy":"post_tag","embeddable":true,"href":"https:\/\/museosdealicante.com\/va\/wp-json\/wp\/v2\/tags?post=3474"}],"curies":[{"name":"wp","href":"https:\/\/api.w.org\/{rel}","templated":true}]}}