{"id":3582,"date":"2025-08-29T11:02:09","date_gmt":"2025-08-29T11:02:09","guid":{"rendered":"https:\/\/museosdealicante.com\/las-excavaciones-del-marq-en-la-pobla-difac-sacan-a-la-luz-restos-de-dos-viviendas-medievales-del-siglo-xiv\/"},"modified":"2025-08-29T11:02:09","modified_gmt":"2025-08-29T11:02:09","slug":"las-excavaciones-del-marq-en-la-pobla-difac-sacan-a-la-luz-restos-de-dos-viviendas-medievales-del-siglo-xiv","status":"publish","type":"post","link":"https:\/\/museosdealicante.com\/va\/las-excavaciones-del-marq-en-la-pobla-difac-sacan-a-la-luz-restos-de-dos-viviendas-medievales-del-siglo-xiv\/","title":{"rendered":"Las excavaciones del MARQ en la Pobla d\u2019Ifac sacan a la luz restos de dos viviendas medievales del siglo XIV"},"content":{"rendered":"<div>\n<p style=\"text-align: center\"><img loading=\"lazy\" decoding=\"async\" class=\"alignnone size-medium wp-image-46097\" src=\"https:\/\/www.marqalicante.com\/wp-content\/uploads\/2025\/08\/082925-MARQ-Pobla-Ifac-4-500x375.jpeg\" alt=\"\" width=\"500\" height=\"375\" srcset=\"https:\/\/www.marqalicante.com\/wp-content\/uploads\/2025\/08\/082925-MARQ-Pobla-Ifac-4-500x375.jpeg 500w, https:\/\/www.marqalicante.com\/wp-content\/uploads\/2025\/08\/082925-MARQ-Pobla-Ifac-4-300x225.jpeg 300w, https:\/\/www.marqalicante.com\/wp-content\/uploads\/2025\/08\/082925-MARQ-Pobla-Ifac-4-16x12.jpeg 16w, https:\/\/www.marqalicante.com\/wp-content\/uploads\/2025\/08\/082925-MARQ-Pobla-Ifac-4-100x75.jpeg 100w, https:\/\/www.marqalicante.com\/wp-content\/uploads\/2025\/08\/082925-MARQ-Pobla-Ifac-4-480x360.jpeg 480w\" sizes=\"auto, (max-width:767px) 480px, 500px\"\/> <img loading=\"lazy\" decoding=\"async\" class=\"alignnone size-medium wp-image-46098\" src=\"https:\/\/www.marqalicante.com\/wp-content\/uploads\/2025\/08\/082925-MARQ-Pobla-Ifac-500x375.jpeg\" alt=\"\" width=\"500\" height=\"375\" srcset=\"https:\/\/www.marqalicante.com\/wp-content\/uploads\/2025\/08\/082925-MARQ-Pobla-Ifac-500x375.jpeg 500w, https:\/\/www.marqalicante.com\/wp-content\/uploads\/2025\/08\/082925-MARQ-Pobla-Ifac-300x225.jpeg 300w, https:\/\/www.marqalicante.com\/wp-content\/uploads\/2025\/08\/082925-MARQ-Pobla-Ifac-16x12.jpeg 16w, https:\/\/www.marqalicante.com\/wp-content\/uploads\/2025\/08\/082925-MARQ-Pobla-Ifac-100x75.jpeg 100w, https:\/\/www.marqalicante.com\/wp-content\/uploads\/2025\/08\/082925-MARQ-Pobla-Ifac-480x360.jpeg 480w\" sizes=\"auto, (max-width:767px) 480px, 500px\"\/><\/p>\n<ul>\n<li>El diputado de Cultura visita el enclave para conocer con detalle el descubrimiento de la primera prueba de existencia de edificios de uso dom\u00e9stico en la zona<\/li>\n<\/ul>\n<p style=\"text-align: justify\">Los trabajos realizados en la Pobla d\u2019Ifac este verano con motivo de <strong>la XX Campa\u00f1a de Excavaciones del<\/strong> <strong>Museo Arqueol\u00f3gico de Alicante<\/strong> han identificado <strong>restos de dos edificios de gran tama\u00f1o<\/strong>, que suponen la <strong>primera prueba de existencia de viviendas<\/strong> de los pobladores de Ifach durante el siglo XIV.<\/p>\n<p style=\"text-align: justify\">El diputado de Cultura, <strong>Juan de Dios Navarro<\/strong>, ha visitado esta ma\u00f1ana el enclave arqueol\u00f3gico, situado en las laderas del Parque Natural del Pe\u00f1\u00f3n de Ifach, para conocer de primera mano el hallazgo. \u201c<u>Estamos ante un gran descubrimiento que reafirma la categor\u00eda de este recinto arqueol\u00f3gico como referente en la investigaci\u00f3n medieval y para la Diputaci\u00f3n es una gran satisfacci\u00f3n respaldar esta campa\u00f1a, en este caso a trav\u00e9s de un proyecto en el que se ha invertido ya m\u00e1s de un mill\u00f3n de euros a lo largo de dos d\u00e9cadas de colaboraci\u00f3n con el ayuntamiento calpino<\/u>\u201d, ha matizado el diputado.<\/p>\n<p style=\"text-align: justify\">Durante estos veinte a\u00f1os y con el apoyo de m\u00e1s de 350 voluntarios procedentes de universidades valencianas, nacionales y europeas, el equipo ha ido descubriendo un importante recinto amurallado, dotado de <strong>dos puertas monumentales, y<\/strong> <strong>la <em>domus domini<\/em><\/strong>, donde ejerc\u00eda el poder la Casa de Ll\u00faria, familia feudal que controlaba el territorio castral de Calp en el siglo XIV. Asimismo, se ha localizado la <strong>iglesia Beata Santa Mar\u00eda de Ifach<\/strong>, una construcci\u00f3n promovida por <strong>Margarita de Ll\u00faria y Entenza<\/strong>, hija del almirante <strong>Roger de Ll\u00faria<\/strong> y de <strong>Saurina de Entenza<\/strong>.<\/p>\n<p style=\"text-align: justify\">Acompa\u00f1ado por el secretario auton\u00f3mico de Medio Ambiente y Territorio, <strong>Ra\u00fal M\u00e9rida<\/strong>, el primer teniente de alcalde de Calpe, <strong>Juan Manuel del Pino<\/strong>, el diputado provincial <strong>Arturo Poquet<\/strong> y por el director del MARQ y coordinador de la Campa\u00f1a, <strong>Manuel Olcina<\/strong>, Navarro ha recorrido el enclave en el que desde hace cuatro semanas trabaja un equipo de profesionales y voluntarios bajo la direcci\u00f3n de <strong>Jos\u00e9 Luis Men\u00e9ndez<\/strong>, especialista en arqueolog\u00eda medieval y t\u00e9cnico de exposiciones del museo alicantino.<\/p>\n<p style=\"text-align: justify\">\u201c<u>La preservaci\u00f3n y puesta en valor de este enclave es una de las prioridades de esta instituci\u00f3n, que trabaja para conseguir su futura musealizaci\u00f3n y completar as\u00ed la oferta ambiental y cultural que ofrece el Pe\u00f1\u00f3n de Ifach<\/u>\u201d, ha apuntado el diputado quien, al igual que del Pino ha agradecido la labor de los voluntarios.<\/p>\n<p style=\"text-align: justify\">Adem\u00e1s del importante hallazgo de las viviendas, de planta rectangular y construidos en tapial de mamposter\u00eda con siller\u00eda encadenada en las esquinas, el equipo del MARQ ha continuado con los <strong>trabajos de excavaci\u00f3n del cobertizo situado a extramuros de la ciudad<\/strong> y cuya planta sigue aumentando, con m\u00e1s de 18 metros de longitud. Por otra parte, en el programa de conservaci\u00f3n preventiva que se lleva a cabo en el yacimiento, se ha procedido a la <strong>eliminaci\u00f3n de una gran parte de los escombros generados durante la voladura del Hotel Palace Ifach.<\/strong><\/p>\n<\/div>\n<p><a href=\"https:\/\/www.marqalicante.com\/es\/las-excavaciones-del-marq-en-la-pobla-difac-sacan-a-la-luz-restos-de-dos-viviendas-medievales-del-siglo-xiv\/\">source<\/a><\/p>","protected":false},"excerpt":{"rendered":"<p>El diputado de Cultura visita el enclave para conocer con detalle el descubrimiento de la primera prueba de existencia de edificios de uso dom\u00e9stico en la zona Los trabajos<span class=\"excerpt-hellip\"> [\u2026]<\/span><\/p>\n","protected":false},"author":2,"featured_media":3583,"comment_status":"","ping_status":"","sticky":false,"template":"","format":"standard","meta":{"_price":"","_stock":"","_tribe_ticket_header":"","_tribe_default_ticket_provider":"","_tribe_ticket_capacity":"0","_ticket_start_date":"","_ticket_end_date":"","_tribe_ticket_show_description":"","_tribe_ticket_show_not_going":false,"_tribe_ticket_use_global_stock":"","_tribe_ticket_global_stock_level":"","_global_stock_mode":"","_global_stock_cap":"","_tribe_rsvp_for_event":"","_tribe_ticket_going_count":"","_tribe_ticket_not_going_count":"","_tribe_tickets_list":"[]","_tribe_ticket_has_attendee_info_fields":false,"footnotes":""},"categories":[11],"tags":[],"class_list":["post-3582","post","type-post","status-publish","format-standard","has-post-thumbnail","hentry","category-marq"],"yoast_head":"<!-- This site is optimized with the Yoast SEO plugin v27.3 - https:\/\/yoast.com\/product\/yoast-seo-wordpress\/ -->\n<title>Las excavaciones del MARQ en la Pobla d\u2019Ifac sacan a la luz restos de dos viviendas medievales del siglo XIV - MUSEA | Museos de Alicante<\/title>\n<meta name=\"robots\" content=\"index, follow, max-snippet:-1, max-image-preview:large, max-video-preview:-1\" \/>\n<link rel=\"canonical\" href=\"https:\/\/museosdealicante.com\/va\/las-excavaciones-del-marq-en-la-pobla-difac-sacan-a-la-luz-restos-de-dos-viviendas-medievales-del-siglo-xiv\/\" \/>\n<meta property=\"og:locale\" content=\"ca_ES\" \/>\n<meta property=\"og:type\" content=\"article\" \/>\n<meta property=\"og:title\" content=\"Las excavaciones del MARQ en la Pobla d\u2019Ifac sacan a la luz restos de dos viviendas medievales del siglo XIV - MUSEA | Museos de Alicante\" \/>\n<meta property=\"og:description\" content=\"El diputado de Cultura visita el enclave para conocer con detalle el descubrimiento de la primera prueba de existencia de edificios de uso dom\u00e9stico en la zona Los trabajos [\u2026]\" \/>\n<meta property=\"og:url\" content=\"https:\/\/museosdealicante.com\/va\/las-excavaciones-del-marq-en-la-pobla-difac-sacan-a-la-luz-restos-de-dos-viviendas-medievales-del-siglo-xiv\/\" \/>\n<meta property=\"og:site_name\" content=\"MUSEA | Museos de Alicante\" \/>\n<meta property=\"article:published_time\" content=\"2025-08-29T11:02:09+00:00\" \/>\n<meta property=\"og:image\" content=\"https:\/\/www.marqalicante.com\/wp-content\/uploads\/2025\/08\/082925-MARQ-Pobla-Ifac-4-500x375.jpeg\" \/>\n<meta name=\"author\" content=\"Rub\u00e9n Mar\u00edn\" \/>\n<meta name=\"twitter:card\" content=\"summary_large_image\" \/>\n<meta name=\"twitter:label1\" content=\"Escrit per\" \/>\n\t<meta name=\"twitter:data1\" content=\"Rub\u00e9n Mar\u00edn\" \/>\n\t<meta name=\"twitter:label2\" content=\"Temps estimat de lectura\" \/>\n\t<meta name=\"twitter:data2\" content=\"3 minuts\" \/>\n<script type=\"application\/ld+json\" class=\"yoast-schema-graph\">{\"@context\":\"https:\\\/\\\/schema.org\",\"@graph\":[{\"@type\":\"Article\",\"@id\":\"https:\\\/\\\/museosdealicante.com\\\/las-excavaciones-del-marq-en-la-pobla-difac-sacan-a-la-luz-restos-de-dos-viviendas-medievales-del-siglo-xiv\\\/#article\",\"isPartOf\":{\"@id\":\"https:\\\/\\\/museosdealicante.com\\\/las-excavaciones-del-marq-en-la-pobla-difac-sacan-a-la-luz-restos-de-dos-viviendas-medievales-del-siglo-xiv\\\/\"},\"author\":{\"name\":\"Rub\u00e9n Mar\u00edn\",\"@id\":\"https:\\\/\\\/museosdealicante.com\\\/#\\\/schema\\\/person\\\/78e7fba1070263542396ef581fd4353d\"},\"headline\":\"Las excavaciones del MARQ en la Pobla d\u2019Ifac sacan a la luz restos de dos viviendas medievales del siglo XIV\",\"datePublished\":\"2025-08-29T11:02:09+00:00\",\"mainEntityOfPage\":{\"@id\":\"https:\\\/\\\/museosdealicante.com\\\/las-excavaciones-del-marq-en-la-pobla-difac-sacan-a-la-luz-restos-de-dos-viviendas-medievales-del-siglo-xiv\\\/\"},\"wordCount\":557,\"image\":{\"@id\":\"https:\\\/\\\/museosdealicante.com\\\/las-excavaciones-del-marq-en-la-pobla-difac-sacan-a-la-luz-restos-de-dos-viviendas-medievales-del-siglo-xiv\\\/#primaryimage\"},\"thumbnailUrl\":\"https:\\\/\\\/museosdealicante.com\\\/wp-content\\\/uploads\\\/2025\\\/08\\\/wp-header-logo-9.png\",\"articleSection\":[\"MARQ\"],\"inLanguage\":\"ca\"},{\"@type\":\"WebPage\",\"@id\":\"https:\\\/\\\/museosdealicante.com\\\/las-excavaciones-del-marq-en-la-pobla-difac-sacan-a-la-luz-restos-de-dos-viviendas-medievales-del-siglo-xiv\\\/\",\"url\":\"https:\\\/\\\/museosdealicante.com\\\/las-excavaciones-del-marq-en-la-pobla-difac-sacan-a-la-luz-restos-de-dos-viviendas-medievales-del-siglo-xiv\\\/\",\"name\":\"Las excavaciones del MARQ en la Pobla d\u2019Ifac sacan a la luz restos de dos viviendas medievales del siglo XIV - MUSEA | Museos de Alicante\",\"isPartOf\":{\"@id\":\"https:\\\/\\\/museosdealicante.com\\\/#website\"},\"primaryImageOfPage\":{\"@id\":\"https:\\\/\\\/museosdealicante.com\\\/las-excavaciones-del-marq-en-la-pobla-difac-sacan-a-la-luz-restos-de-dos-viviendas-medievales-del-siglo-xiv\\\/#primaryimage\"},\"image\":{\"@id\":\"https:\\\/\\\/museosdealicante.com\\\/las-excavaciones-del-marq-en-la-pobla-difac-sacan-a-la-luz-restos-de-dos-viviendas-medievales-del-siglo-xiv\\\/#primaryimage\"},\"thumbnailUrl\":\"https:\\\/\\\/museosdealicante.com\\\/wp-content\\\/uploads\\\/2025\\\/08\\\/wp-header-logo-9.png\",\"datePublished\":\"2025-08-29T11:02:09+00:00\",\"author\":{\"@id\":\"https:\\\/\\\/museosdealicante.com\\\/#\\\/schema\\\/person\\\/78e7fba1070263542396ef581fd4353d\"},\"breadcrumb\":{\"@id\":\"https:\\\/\\\/museosdealicante.com\\\/las-excavaciones-del-marq-en-la-pobla-difac-sacan-a-la-luz-restos-de-dos-viviendas-medievales-del-siglo-xiv\\\/#breadcrumb\"},\"inLanguage\":\"ca\",\"potentialAction\":[{\"@type\":\"ReadAction\",\"target\":[\"https:\\\/\\\/museosdealicante.com\\\/las-excavaciones-del-marq-en-la-pobla-difac-sacan-a-la-luz-restos-de-dos-viviendas-medievales-del-siglo-xiv\\\/\"]}]},{\"@type\":\"ImageObject\",\"inLanguage\":\"ca\",\"@id\":\"https:\\\/\\\/museosdealicante.com\\\/las-excavaciones-del-marq-en-la-pobla-difac-sacan-a-la-luz-restos-de-dos-viviendas-medievales-del-siglo-xiv\\\/#primaryimage\",\"url\":\"https:\\\/\\\/museosdealicante.com\\\/wp-content\\\/uploads\\\/2025\\\/08\\\/wp-header-logo-9.png\",\"contentUrl\":\"https:\\\/\\\/museosdealicante.com\\\/wp-content\\\/uploads\\\/2025\\\/08\\\/wp-header-logo-9.png\",\"width\":500,\"height\":375},{\"@type\":\"BreadcrumbList\",\"@id\":\"https:\\\/\\\/museosdealicante.com\\\/las-excavaciones-del-marq-en-la-pobla-difac-sacan-a-la-luz-restos-de-dos-viviendas-medievales-del-siglo-xiv\\\/#breadcrumb\",\"itemListElement\":[{\"@type\":\"ListItem\",\"position\":1,\"name\":\"Portada\",\"item\":\"https:\\\/\\\/museosdealicante.com\\\/\"},{\"@type\":\"ListItem\",\"position\":2,\"name\":\"Las excavaciones del MARQ en la Pobla d\u2019Ifac sacan a la luz restos de dos viviendas medievales del siglo XIV\"}]},{\"@type\":\"WebSite\",\"@id\":\"https:\\\/\\\/museosdealicante.com\\\/#website\",\"url\":\"https:\\\/\\\/museosdealicante.com\\\/\",\"name\":\"MUSEA | Museos de Alicante\",\"description\":\"Toda la oferta sobre arte, cultura y patrimonio de la ciudad, toda la actualidad de los museos de Alicante\",\"potentialAction\":[{\"@type\":\"SearchAction\",\"target\":{\"@type\":\"EntryPoint\",\"urlTemplate\":\"https:\\\/\\\/museosdealicante.com\\\/?s={search_term_string}\"},\"query-input\":{\"@type\":\"PropertyValueSpecification\",\"valueRequired\":true,\"valueName\":\"search_term_string\"}}],\"inLanguage\":\"ca\"},{\"@type\":\"Person\",\"@id\":\"https:\\\/\\\/museosdealicante.com\\\/#\\\/schema\\\/person\\\/78e7fba1070263542396ef581fd4353d\",\"name\":\"Rub\u00e9n Mar\u00edn\",\"image\":{\"@type\":\"ImageObject\",\"inLanguage\":\"ca\",\"@id\":\"https:\\\/\\\/secure.gravatar.com\\\/avatar\\\/a084df6ed7102aee5b321c805d4def1f98c4b742edeb24e3cc7271d50f2c565b?s=96&d=mm&r=g\",\"url\":\"https:\\\/\\\/secure.gravatar.com\\\/avatar\\\/a084df6ed7102aee5b321c805d4def1f98c4b742edeb24e3cc7271d50f2c565b?s=96&d=mm&r=g\",\"contentUrl\":\"https:\\\/\\\/secure.gravatar.com\\\/avatar\\\/a084df6ed7102aee5b321c805d4def1f98c4b742edeb24e3cc7271d50f2c565b?s=96&d=mm&r=g\",\"caption\":\"Rub\u00e9n Mar\u00edn\"},\"url\":\"https:\\\/\\\/museosdealicante.com\\\/va\\\/author\\\/gloria-navarro\\\/\"}]}<\/script>\n<!-- \/ Yoast SEO plugin. -->","yoast_head_json":{"title":"Las excavaciones del MARQ en la Pobla d\u2019Ifac sacan a la luz restos de dos viviendas medievales del siglo XIV - MUSEA | Museos de Alicante","robots":{"index":"index","follow":"follow","max-snippet":"max-snippet:-1","max-image-preview":"max-image-preview:large","max-video-preview":"max-video-preview:-1"},"canonical":"https:\/\/museosdealicante.com\/va\/las-excavaciones-del-marq-en-la-pobla-difac-sacan-a-la-luz-restos-de-dos-viviendas-medievales-del-siglo-xiv\/","og_locale":"ca_ES","og_type":"article","og_title":"Las excavaciones del MARQ en la Pobla d\u2019Ifac sacan a la luz restos de dos viviendas medievales del siglo XIV - MUSEA | Museos de Alicante","og_description":"El diputado de Cultura visita el enclave para conocer con detalle el descubrimiento de la primera prueba de existencia de edificios de uso dom\u00e9stico en la zona Los trabajos [\u2026]","og_url":"https:\/\/museosdealicante.com\/va\/las-excavaciones-del-marq-en-la-pobla-difac-sacan-a-la-luz-restos-de-dos-viviendas-medievales-del-siglo-xiv\/","og_site_name":"MUSEA | Museos de Alicante","article_published_time":"2025-08-29T11:02:09+00:00","og_image":[{"url":"https:\/\/www.marqalicante.com\/wp-content\/uploads\/2025\/08\/082925-MARQ-Pobla-Ifac-4-500x375.jpeg","type":"","width":"","height":""}],"author":"Rub\u00e9n Mar\u00edn","twitter_card":"summary_large_image","twitter_misc":{"Escrit per":"Rub\u00e9n Mar\u00edn","Temps estimat de lectura":"3 minuts"},"schema":{"@context":"https:\/\/schema.org","@graph":[{"@type":"Article","@id":"https:\/\/museosdealicante.com\/las-excavaciones-del-marq-en-la-pobla-difac-sacan-a-la-luz-restos-de-dos-viviendas-medievales-del-siglo-xiv\/#article","isPartOf":{"@id":"https:\/\/museosdealicante.com\/las-excavaciones-del-marq-en-la-pobla-difac-sacan-a-la-luz-restos-de-dos-viviendas-medievales-del-siglo-xiv\/"},"author":{"name":"Rub\u00e9n Mar\u00edn","@id":"https:\/\/museosdealicante.com\/#\/schema\/person\/78e7fba1070263542396ef581fd4353d"},"headline":"Las excavaciones del MARQ en la Pobla d\u2019Ifac sacan a la luz restos de dos viviendas medievales del siglo XIV","datePublished":"2025-08-29T11:02:09+00:00","mainEntityOfPage":{"@id":"https:\/\/museosdealicante.com\/las-excavaciones-del-marq-en-la-pobla-difac-sacan-a-la-luz-restos-de-dos-viviendas-medievales-del-siglo-xiv\/"},"wordCount":557,"image":{"@id":"https:\/\/museosdealicante.com\/las-excavaciones-del-marq-en-la-pobla-difac-sacan-a-la-luz-restos-de-dos-viviendas-medievales-del-siglo-xiv\/#primaryimage"},"thumbnailUrl":"https:\/\/museosdealicante.com\/wp-content\/uploads\/2025\/08\/wp-header-logo-9.png","articleSection":["MARQ"],"inLanguage":"ca"},{"@type":"WebPage","@id":"https:\/\/museosdealicante.com\/las-excavaciones-del-marq-en-la-pobla-difac-sacan-a-la-luz-restos-de-dos-viviendas-medievales-del-siglo-xiv\/","url":"https:\/\/museosdealicante.com\/las-excavaciones-del-marq-en-la-pobla-difac-sacan-a-la-luz-restos-de-dos-viviendas-medievales-del-siglo-xiv\/","name":"Las excavaciones del MARQ en la Pobla d\u2019Ifac sacan a la luz restos de dos viviendas medievales del siglo XIV - MUSEA | Museos de Alicante","isPartOf":{"@id":"https:\/\/museosdealicante.com\/#website"},"primaryImageOfPage":{"@id":"https:\/\/museosdealicante.com\/las-excavaciones-del-marq-en-la-pobla-difac-sacan-a-la-luz-restos-de-dos-viviendas-medievales-del-siglo-xiv\/#primaryimage"},"image":{"@id":"https:\/\/museosdealicante.com\/las-excavaciones-del-marq-en-la-pobla-difac-sacan-a-la-luz-restos-de-dos-viviendas-medievales-del-siglo-xiv\/#primaryimage"},"thumbnailUrl":"https:\/\/museosdealicante.com\/wp-content\/uploads\/2025\/08\/wp-header-logo-9.png","datePublished":"2025-08-29T11:02:09+00:00","author":{"@id":"https:\/\/museosdealicante.com\/#\/schema\/person\/78e7fba1070263542396ef581fd4353d"},"breadcrumb":{"@id":"https:\/\/museosdealicante.com\/las-excavaciones-del-marq-en-la-pobla-difac-sacan-a-la-luz-restos-de-dos-viviendas-medievales-del-siglo-xiv\/#breadcrumb"},"inLanguage":"ca","potentialAction":[{"@type":"ReadAction","target":["https:\/\/museosdealicante.com\/las-excavaciones-del-marq-en-la-pobla-difac-sacan-a-la-luz-restos-de-dos-viviendas-medievales-del-siglo-xiv\/"]}]},{"@type":"ImageObject","inLanguage":"ca","@id":"https:\/\/museosdealicante.com\/las-excavaciones-del-marq-en-la-pobla-difac-sacan-a-la-luz-restos-de-dos-viviendas-medievales-del-siglo-xiv\/#primaryimage","url":"https:\/\/museosdealicante.com\/wp-content\/uploads\/2025\/08\/wp-header-logo-9.png","contentUrl":"https:\/\/museosdealicante.com\/wp-content\/uploads\/2025\/08\/wp-header-logo-9.png","width":500,"height":375},{"@type":"BreadcrumbList","@id":"https:\/\/museosdealicante.com\/las-excavaciones-del-marq-en-la-pobla-difac-sacan-a-la-luz-restos-de-dos-viviendas-medievales-del-siglo-xiv\/#breadcrumb","itemListElement":[{"@type":"ListItem","position":1,"name":"Portada","item":"https:\/\/museosdealicante.com\/"},{"@type":"ListItem","position":2,"name":"Las excavaciones del MARQ en la Pobla d\u2019Ifac sacan a la luz restos de dos viviendas medievales del siglo XIV"}]},{"@type":"WebSite","@id":"https:\/\/museosdealicante.com\/#website","url":"https:\/\/museosdealicante.com\/","name":"MUSEA | Museos de Alicante","description":"Toda la oferta sobre arte, cultura y patrimonio de la ciudad, toda la actualidad de los museos de Alicante","potentialAction":[{"@type":"SearchAction","target":{"@type":"EntryPoint","urlTemplate":"https:\/\/museosdealicante.com\/?s={search_term_string}"},"query-input":{"@type":"PropertyValueSpecification","valueRequired":true,"valueName":"search_term_string"}}],"inLanguage":"ca"},{"@type":"Person","@id":"https:\/\/museosdealicante.com\/#\/schema\/person\/78e7fba1070263542396ef581fd4353d","name":"Rub\u00e9n Mar\u00edn","image":{"@type":"ImageObject","inLanguage":"ca","@id":"https:\/\/secure.gravatar.com\/avatar\/a084df6ed7102aee5b321c805d4def1f98c4b742edeb24e3cc7271d50f2c565b?s=96&d=mm&r=g","url":"https:\/\/secure.gravatar.com\/avatar\/a084df6ed7102aee5b321c805d4def1f98c4b742edeb24e3cc7271d50f2c565b?s=96&d=mm&r=g","contentUrl":"https:\/\/secure.gravatar.com\/avatar\/a084df6ed7102aee5b321c805d4def1f98c4b742edeb24e3cc7271d50f2c565b?s=96&d=mm&r=g","caption":"Rub\u00e9n Mar\u00edn"},"url":"https:\/\/museosdealicante.com\/va\/author\/gloria-navarro\/"}]}},"_links":{"self":[{"href":"https:\/\/museosdealicante.com\/va\/wp-json\/wp\/v2\/posts\/3582","targetHints":{"allow":["GET"]}}],"collection":[{"href":"https:\/\/museosdealicante.com\/va\/wp-json\/wp\/v2\/posts"}],"about":[{"href":"https:\/\/museosdealicante.com\/va\/wp-json\/wp\/v2\/types\/post"}],"author":[{"embeddable":true,"href":"https:\/\/museosdealicante.com\/va\/wp-json\/wp\/v2\/users\/2"}],"replies":[{"embeddable":true,"href":"https:\/\/museosdealicante.com\/va\/wp-json\/wp\/v2\/comments?post=3582"}],"version-history":[{"count":0,"href":"https:\/\/museosdealicante.com\/va\/wp-json\/wp\/v2\/posts\/3582\/revisions"}],"wp:featuredmedia":[{"embeddable":true,"href":"https:\/\/museosdealicante.com\/va\/wp-json\/wp\/v2\/media\/3583"}],"wp:attachment":[{"href":"https:\/\/museosdealicante.com\/va\/wp-json\/wp\/v2\/media?parent=3582"}],"wp:term":[{"taxonomy":"category","embeddable":true,"href":"https:\/\/museosdealicante.com\/va\/wp-json\/wp\/v2\/categories?post=3582"},{"taxonomy":"post_tag","embeddable":true,"href":"https:\/\/museosdealicante.com\/va\/wp-json\/wp\/v2\/tags?post=3582"}],"curies":[{"name":"wp","href":"https:\/\/api.w.org\/{rel}","templated":true}]}}