{"id":3592,"date":"2025-09-02T09:52:54","date_gmt":"2025-09-02T09:52:54","guid":{"rendered":"https:\/\/museosdealicante.com\/simposio-arte-y-diseno-en-la-transicion-ecologica\/"},"modified":"2025-09-02T09:52:54","modified_gmt":"2025-09-02T09:52:54","slug":"simposio-arte-y-diseno-en-la-transicion-ecologica","status":"publish","type":"post","link":"https:\/\/museosdealicante.com\/va\/simposio-arte-y-diseno-en-la-transicion-ecologica\/","title":{"rendered":"Simposio: \u00abArte y Dise\u00f1o en la Transici\u00f3n Ecol\u00f3gica\u00bb."},"content":{"rendered":"<div>\n<p><strong>16 de septiembre de 17 a 20 horas.<\/strong><\/p>\n<p><strong>Organiza<\/strong>: Departamento de Dise\u00f1o de Producto de la EASDA, Escuela de Arte y Superior de Dise\u00f1o de Alicante y MACA<\/p>\n<p>En un momento hist\u00f3rico marcado por el colapso clim\u00e1tico, la p\u00e9rdida de biodiversidad y una econom\u00eda lineal sist\u00e9mica, este simposio insta al an\u00e1lisis cr\u00edtico, \u00e9tico y ecol\u00f3gico de la era antropoc\u00e9ntrica. Una era arraigada a la concepci\u00f3n del mundo natural como un recurso ilimitado destinado a ser explotado, consumido y desechado.<br \/>Las cinco voces proponen una visi\u00f3n entrelazada de la transici\u00f3n ecol\u00f3gica a trav\u00e9s la investigaci\u00f3n en dise\u00f1o, la pr\u00e1ctica art\u00edstica y una colaboraci\u00f3n academia e industria, abordando desde distintas miradas los desaf\u00edos contempor\u00e1neos y el activismo medioambiental.<\/p>\n<p>El simposio pone en valor el papel del arte y el dise\u00f1o como agentes transformadores, capaces de imaginar otros futuros y de cuestionar, desde el presente, la huella de objetos cuya escala excede la experiencia humana del tiempo y las implicaciones de habitar en un planeta finito.<\/p>\n<ul>\n<li><strong>Panel de Expertos y Ponencias:<\/strong><br \/>Irene Brot\u00f3ns Brot\u00f3ns. \u00abDise\u00f1ando la transici\u00f3n ecol\u00f3gica. M\u00e1s all\u00e1 del extraccionismo\u00bb<br \/>Ana Mart\u00ednez Gorostiza. \u00abFotograf\u00eda medioambiental contempor\u00e1nea . De la conciencia a la evidencia\u00bb<br \/>Inma Pe\u00f1ate Cerro. \u00abArte y dise\u00f1o para una industria sostenible\u00bb<br \/>David Villalba D\u00edaz. \u00abApuntes para una forma. De los l\u00edmites de lo visual a la arqueolog\u00eda especulativa\u00bb<\/li>\n<li><strong>Modera<\/strong><br \/>Mar\u00eda Navarro. Gerente de ADCV y directora de ENCIRCULAR<\/li>\n<\/ul>\n<p><a href=\"https:\/\/maca-alicante.es\/wp-content\/uploads\/2025\/08\/POST-EXPOSICION6.jpg\"><img fetchpriority=\"high\" decoding=\"async\" class=\"aligncenter size-medium wp-image-43548\" src=\"https:\/\/maca-alicante.es\/wp-content\/uploads\/2025\/08\/POST-EXPOSICION6-320x400.jpg\" alt=\"\" width=\"320\" height=\"400\" srcset=\"https:\/\/maca-alicante.es\/wp-content\/uploads\/2025\/08\/POST-EXPOSICION6-320x400.jpg 320w, https:\/\/maca-alicante.es\/wp-content\/uploads\/2025\/08\/POST-EXPOSICION6-640x800.jpg 640w, https:\/\/maca-alicante.es\/wp-content\/uploads\/2025\/08\/POST-EXPOSICION6-768x960.jpg 768w, https:\/\/maca-alicante.es\/wp-content\/uploads\/2025\/08\/POST-EXPOSICION6.jpg 1080w\" sizes=\"(max-width: 320px) 100vw, 320px\"\/><\/a><\/p>\n<p>\u00a0<\/p>\n<\/p><\/div>\n<p><script>(function(d, s, id) {\n            var js, fjs = d.getElementsByTagName(s)[0];\n            if (d.getElementById(id)) return;\n            js = d.createElement(s); js.id = id;\n            js.src = \"\/\/connect.facebook.net\/es_ES\/sdk.js#xfbml=1&version=v2.10\";\n            fjs.parentNode.insertBefore(js, fjs);\n          }(document, \"script\", \"facebook-jssdk\"));<\/script><br \/><a href=\"https:\/\/maca-alicante.es\/arte-y-diseno-en-la-transicion-ecologica\/\">source<\/a><\/p>\n","protected":false},"excerpt":{"rendered":"<p>16 de septiembre de 17 a 20 horas. Organiza: Departamento de Dise\u00f1o de Producto de la EASDA, Escuela de Arte y Superior de Dise\u00f1o de Alicante y MACA En<span class=\"excerpt-hellip\"> [\u2026]<\/span><\/p>\n","protected":false},"author":4,"featured_media":3593,"comment_status":"","ping_status":"","sticky":false,"template":"","format":"standard","meta":{"_price":"","_stock":"","_tribe_ticket_header":"","_tribe_default_ticket_provider":"","_tribe_ticket_capacity":"0","_ticket_start_date":"","_ticket_end_date":"","_tribe_ticket_show_description":"","_tribe_ticket_show_not_going":false,"_tribe_ticket_use_global_stock":"","_tribe_ticket_global_stock_level":"","_global_stock_mode":"","_global_stock_cap":"","_tribe_rsvp_for_event":"","_tribe_ticket_going_count":"","_tribe_ticket_not_going_count":"","_tribe_tickets_list":"[]","_tribe_ticket_has_attendee_info_fields":false,"footnotes":""},"categories":[10],"tags":[],"class_list":["post-3592","post","type-post","status-publish","format-standard","has-post-thumbnail","hentry","category-maca"],"yoast_head":"<!-- This site is optimized with the Yoast SEO plugin v27.3 - https:\/\/yoast.com\/product\/yoast-seo-wordpress\/ -->\n<title>Simposio: \u00abArte y Dise\u00f1o en la Transici\u00f3n Ecol\u00f3gica\u00bb. - MUSEA | Museos de Alicante<\/title>\n<meta name=\"robots\" content=\"index, follow, max-snippet:-1, max-image-preview:large, max-video-preview:-1\" \/>\n<link rel=\"canonical\" href=\"https:\/\/museosdealicante.com\/va\/simposio-arte-y-diseno-en-la-transicion-ecologica\/\" \/>\n<meta property=\"og:locale\" content=\"ca_ES\" \/>\n<meta property=\"og:type\" content=\"article\" \/>\n<meta property=\"og:title\" content=\"Simposio: \u00abArte y Dise\u00f1o en la Transici\u00f3n Ecol\u00f3gica\u00bb. - MUSEA | Museos de Alicante\" \/>\n<meta property=\"og:description\" content=\"16 de septiembre de 17 a 20 horas. Organiza: Departamento de Dise\u00f1o de Producto de la EASDA, Escuela de Arte y Superior de Dise\u00f1o de Alicante y MACA En [\u2026]\" \/>\n<meta property=\"og:url\" content=\"https:\/\/museosdealicante.com\/va\/simposio-arte-y-diseno-en-la-transicion-ecologica\/\" \/>\n<meta property=\"og:site_name\" content=\"MUSEA | Museos de Alicante\" \/>\n<meta property=\"article:published_time\" content=\"2025-09-02T09:52:54+00:00\" \/>\n<meta property=\"og:image\" content=\"https:\/\/maca-alicante.es\/wp-content\/uploads\/2025\/08\/POST-EXPOSICION6-320x400.jpg\" \/>\n<meta name=\"author\" content=\"Rosa Mar\u00eda Castells\" \/>\n<meta name=\"twitter:card\" content=\"summary_large_image\" \/>\n<meta name=\"twitter:label1\" content=\"Escrit per\" \/>\n\t<meta name=\"twitter:data1\" content=\"Rosa Mar\u00eda Castells\" \/>\n\t<meta name=\"twitter:label2\" content=\"Temps estimat de lectura\" \/>\n\t<meta name=\"twitter:data2\" content=\"1 minut\" \/>\n<script type=\"application\/ld+json\" class=\"yoast-schema-graph\">{\"@context\":\"https:\\\/\\\/schema.org\",\"@graph\":[{\"@type\":\"Article\",\"@id\":\"https:\\\/\\\/museosdealicante.com\\\/simposio-arte-y-diseno-en-la-transicion-ecologica\\\/#article\",\"isPartOf\":{\"@id\":\"https:\\\/\\\/museosdealicante.com\\\/simposio-arte-y-diseno-en-la-transicion-ecologica\\\/\"},\"author\":{\"name\":\"Rosa Mar\u00eda Castells\",\"@id\":\"https:\\\/\\\/museosdealicante.com\\\/#\\\/schema\\\/person\\\/0568f63519b86d8127abb9dca617ddd0\"},\"headline\":\"Simposio: \u00abArte y Dise\u00f1o en la Transici\u00f3n Ecol\u00f3gica\u00bb.\",\"datePublished\":\"2025-09-02T09:52:54+00:00\",\"mainEntityOfPage\":{\"@id\":\"https:\\\/\\\/museosdealicante.com\\\/simposio-arte-y-diseno-en-la-transicion-ecologica\\\/\"},\"wordCount\":276,\"image\":{\"@id\":\"https:\\\/\\\/museosdealicante.com\\\/simposio-arte-y-diseno-en-la-transicion-ecologica\\\/#primaryimage\"},\"thumbnailUrl\":\"https:\\\/\\\/museosdealicante.com\\\/wp-content\\\/uploads\\\/2025\\\/09\\\/wp-header-logo-4.png\",\"articleSection\":[\"MACA\"],\"inLanguage\":\"ca\"},{\"@type\":\"WebPage\",\"@id\":\"https:\\\/\\\/museosdealicante.com\\\/simposio-arte-y-diseno-en-la-transicion-ecologica\\\/\",\"url\":\"https:\\\/\\\/museosdealicante.com\\\/simposio-arte-y-diseno-en-la-transicion-ecologica\\\/\",\"name\":\"Simposio: \u00abArte y Dise\u00f1o en la Transici\u00f3n Ecol\u00f3gica\u00bb. - MUSEA | Museos de Alicante\",\"isPartOf\":{\"@id\":\"https:\\\/\\\/museosdealicante.com\\\/#website\"},\"primaryImageOfPage\":{\"@id\":\"https:\\\/\\\/museosdealicante.com\\\/simposio-arte-y-diseno-en-la-transicion-ecologica\\\/#primaryimage\"},\"image\":{\"@id\":\"https:\\\/\\\/museosdealicante.com\\\/simposio-arte-y-diseno-en-la-transicion-ecologica\\\/#primaryimage\"},\"thumbnailUrl\":\"https:\\\/\\\/museosdealicante.com\\\/wp-content\\\/uploads\\\/2025\\\/09\\\/wp-header-logo-4.png\",\"datePublished\":\"2025-09-02T09:52:54+00:00\",\"author\":{\"@id\":\"https:\\\/\\\/museosdealicante.com\\\/#\\\/schema\\\/person\\\/0568f63519b86d8127abb9dca617ddd0\"},\"breadcrumb\":{\"@id\":\"https:\\\/\\\/museosdealicante.com\\\/simposio-arte-y-diseno-en-la-transicion-ecologica\\\/#breadcrumb\"},\"inLanguage\":\"ca\",\"potentialAction\":[{\"@type\":\"ReadAction\",\"target\":[\"https:\\\/\\\/museosdealicante.com\\\/simposio-arte-y-diseno-en-la-transicion-ecologica\\\/\"]}]},{\"@type\":\"ImageObject\",\"inLanguage\":\"ca\",\"@id\":\"https:\\\/\\\/museosdealicante.com\\\/simposio-arte-y-diseno-en-la-transicion-ecologica\\\/#primaryimage\",\"url\":\"https:\\\/\\\/museosdealicante.com\\\/wp-content\\\/uploads\\\/2025\\\/09\\\/wp-header-logo-4.png\",\"contentUrl\":\"https:\\\/\\\/museosdealicante.com\\\/wp-content\\\/uploads\\\/2025\\\/09\\\/wp-header-logo-4.png\",\"width\":320,\"height\":400},{\"@type\":\"BreadcrumbList\",\"@id\":\"https:\\\/\\\/museosdealicante.com\\\/simposio-arte-y-diseno-en-la-transicion-ecologica\\\/#breadcrumb\",\"itemListElement\":[{\"@type\":\"ListItem\",\"position\":1,\"name\":\"Portada\",\"item\":\"https:\\\/\\\/museosdealicante.com\\\/\"},{\"@type\":\"ListItem\",\"position\":2,\"name\":\"Simposio: \u00abArte y Dise\u00f1o en la Transici\u00f3n Ecol\u00f3gica\u00bb.\"}]},{\"@type\":\"WebSite\",\"@id\":\"https:\\\/\\\/museosdealicante.com\\\/#website\",\"url\":\"https:\\\/\\\/museosdealicante.com\\\/\",\"name\":\"MUSEA | Museos de Alicante\",\"description\":\"Toda la oferta sobre arte, cultura y patrimonio de la ciudad, toda la actualidad de los museos de Alicante\",\"potentialAction\":[{\"@type\":\"SearchAction\",\"target\":{\"@type\":\"EntryPoint\",\"urlTemplate\":\"https:\\\/\\\/museosdealicante.com\\\/?s={search_term_string}\"},\"query-input\":{\"@type\":\"PropertyValueSpecification\",\"valueRequired\":true,\"valueName\":\"search_term_string\"}}],\"inLanguage\":\"ca\"},{\"@type\":\"Person\",\"@id\":\"https:\\\/\\\/museosdealicante.com\\\/#\\\/schema\\\/person\\\/0568f63519b86d8127abb9dca617ddd0\",\"name\":\"Rosa Mar\u00eda Castells\",\"image\":{\"@type\":\"ImageObject\",\"inLanguage\":\"ca\",\"@id\":\"https:\\\/\\\/secure.gravatar.com\\\/avatar\\\/782cc4dc634b1918299ba6f478389cd0b3e92a03c95d1fa5203bfad7090b694e?s=96&d=mm&r=g\",\"url\":\"https:\\\/\\\/secure.gravatar.com\\\/avatar\\\/782cc4dc634b1918299ba6f478389cd0b3e92a03c95d1fa5203bfad7090b694e?s=96&d=mm&r=g\",\"contentUrl\":\"https:\\\/\\\/secure.gravatar.com\\\/avatar\\\/782cc4dc634b1918299ba6f478389cd0b3e92a03c95d1fa5203bfad7090b694e?s=96&d=mm&r=g\",\"caption\":\"Rosa Mar\u00eda Castells\"},\"url\":\"https:\\\/\\\/museosdealicante.com\\\/va\\\/author\\\/rosa-maria-castells\\\/\"}]}<\/script>\n<!-- \/ Yoast SEO plugin. -->","yoast_head_json":{"title":"Simposio: \u00abArte y Dise\u00f1o en la Transici\u00f3n Ecol\u00f3gica\u00bb. - MUSEA | Museos de Alicante","robots":{"index":"index","follow":"follow","max-snippet":"max-snippet:-1","max-image-preview":"max-image-preview:large","max-video-preview":"max-video-preview:-1"},"canonical":"https:\/\/museosdealicante.com\/va\/simposio-arte-y-diseno-en-la-transicion-ecologica\/","og_locale":"ca_ES","og_type":"article","og_title":"Simposio: \u00abArte y Dise\u00f1o en la Transici\u00f3n Ecol\u00f3gica\u00bb. - MUSEA | Museos de Alicante","og_description":"16 de septiembre de 17 a 20 horas. Organiza: Departamento de Dise\u00f1o de Producto de la EASDA, Escuela de Arte y Superior de Dise\u00f1o de Alicante y MACA En [\u2026]","og_url":"https:\/\/museosdealicante.com\/va\/simposio-arte-y-diseno-en-la-transicion-ecologica\/","og_site_name":"MUSEA | Museos de Alicante","article_published_time":"2025-09-02T09:52:54+00:00","og_image":[{"url":"https:\/\/maca-alicante.es\/wp-content\/uploads\/2025\/08\/POST-EXPOSICION6-320x400.jpg","type":"","width":"","height":""}],"author":"Rosa Mar\u00eda Castells","twitter_card":"summary_large_image","twitter_misc":{"Escrit per":"Rosa Mar\u00eda Castells","Temps estimat de lectura":"1 minut"},"schema":{"@context":"https:\/\/schema.org","@graph":[{"@type":"Article","@id":"https:\/\/museosdealicante.com\/simposio-arte-y-diseno-en-la-transicion-ecologica\/#article","isPartOf":{"@id":"https:\/\/museosdealicante.com\/simposio-arte-y-diseno-en-la-transicion-ecologica\/"},"author":{"name":"Rosa Mar\u00eda Castells","@id":"https:\/\/museosdealicante.com\/#\/schema\/person\/0568f63519b86d8127abb9dca617ddd0"},"headline":"Simposio: \u00abArte y Dise\u00f1o en la Transici\u00f3n Ecol\u00f3gica\u00bb.","datePublished":"2025-09-02T09:52:54+00:00","mainEntityOfPage":{"@id":"https:\/\/museosdealicante.com\/simposio-arte-y-diseno-en-la-transicion-ecologica\/"},"wordCount":276,"image":{"@id":"https:\/\/museosdealicante.com\/simposio-arte-y-diseno-en-la-transicion-ecologica\/#primaryimage"},"thumbnailUrl":"https:\/\/museosdealicante.com\/wp-content\/uploads\/2025\/09\/wp-header-logo-4.png","articleSection":["MACA"],"inLanguage":"ca"},{"@type":"WebPage","@id":"https:\/\/museosdealicante.com\/simposio-arte-y-diseno-en-la-transicion-ecologica\/","url":"https:\/\/museosdealicante.com\/simposio-arte-y-diseno-en-la-transicion-ecologica\/","name":"Simposio: \u00abArte y Dise\u00f1o en la Transici\u00f3n Ecol\u00f3gica\u00bb. - MUSEA | Museos de Alicante","isPartOf":{"@id":"https:\/\/museosdealicante.com\/#website"},"primaryImageOfPage":{"@id":"https:\/\/museosdealicante.com\/simposio-arte-y-diseno-en-la-transicion-ecologica\/#primaryimage"},"image":{"@id":"https:\/\/museosdealicante.com\/simposio-arte-y-diseno-en-la-transicion-ecologica\/#primaryimage"},"thumbnailUrl":"https:\/\/museosdealicante.com\/wp-content\/uploads\/2025\/09\/wp-header-logo-4.png","datePublished":"2025-09-02T09:52:54+00:00","author":{"@id":"https:\/\/museosdealicante.com\/#\/schema\/person\/0568f63519b86d8127abb9dca617ddd0"},"breadcrumb":{"@id":"https:\/\/museosdealicante.com\/simposio-arte-y-diseno-en-la-transicion-ecologica\/#breadcrumb"},"inLanguage":"ca","potentialAction":[{"@type":"ReadAction","target":["https:\/\/museosdealicante.com\/simposio-arte-y-diseno-en-la-transicion-ecologica\/"]}]},{"@type":"ImageObject","inLanguage":"ca","@id":"https:\/\/museosdealicante.com\/simposio-arte-y-diseno-en-la-transicion-ecologica\/#primaryimage","url":"https:\/\/museosdealicante.com\/wp-content\/uploads\/2025\/09\/wp-header-logo-4.png","contentUrl":"https:\/\/museosdealicante.com\/wp-content\/uploads\/2025\/09\/wp-header-logo-4.png","width":320,"height":400},{"@type":"BreadcrumbList","@id":"https:\/\/museosdealicante.com\/simposio-arte-y-diseno-en-la-transicion-ecologica\/#breadcrumb","itemListElement":[{"@type":"ListItem","position":1,"name":"Portada","item":"https:\/\/museosdealicante.com\/"},{"@type":"ListItem","position":2,"name":"Simposio: \u00abArte y Dise\u00f1o en la Transici\u00f3n Ecol\u00f3gica\u00bb."}]},{"@type":"WebSite","@id":"https:\/\/museosdealicante.com\/#website","url":"https:\/\/museosdealicante.com\/","name":"MUSEA | Museos de Alicante","description":"Toda la oferta sobre arte, cultura y patrimonio de la ciudad, toda la actualidad de los museos de Alicante","potentialAction":[{"@type":"SearchAction","target":{"@type":"EntryPoint","urlTemplate":"https:\/\/museosdealicante.com\/?s={search_term_string}"},"query-input":{"@type":"PropertyValueSpecification","valueRequired":true,"valueName":"search_term_string"}}],"inLanguage":"ca"},{"@type":"Person","@id":"https:\/\/museosdealicante.com\/#\/schema\/person\/0568f63519b86d8127abb9dca617ddd0","name":"Rosa Mar\u00eda Castells","image":{"@type":"ImageObject","inLanguage":"ca","@id":"https:\/\/secure.gravatar.com\/avatar\/782cc4dc634b1918299ba6f478389cd0b3e92a03c95d1fa5203bfad7090b694e?s=96&d=mm&r=g","url":"https:\/\/secure.gravatar.com\/avatar\/782cc4dc634b1918299ba6f478389cd0b3e92a03c95d1fa5203bfad7090b694e?s=96&d=mm&r=g","contentUrl":"https:\/\/secure.gravatar.com\/avatar\/782cc4dc634b1918299ba6f478389cd0b3e92a03c95d1fa5203bfad7090b694e?s=96&d=mm&r=g","caption":"Rosa Mar\u00eda Castells"},"url":"https:\/\/museosdealicante.com\/va\/author\/rosa-maria-castells\/"}]}},"_links":{"self":[{"href":"https:\/\/museosdealicante.com\/va\/wp-json\/wp\/v2\/posts\/3592","targetHints":{"allow":["GET"]}}],"collection":[{"href":"https:\/\/museosdealicante.com\/va\/wp-json\/wp\/v2\/posts"}],"about":[{"href":"https:\/\/museosdealicante.com\/va\/wp-json\/wp\/v2\/types\/post"}],"author":[{"embeddable":true,"href":"https:\/\/museosdealicante.com\/va\/wp-json\/wp\/v2\/users\/4"}],"replies":[{"embeddable":true,"href":"https:\/\/museosdealicante.com\/va\/wp-json\/wp\/v2\/comments?post=3592"}],"version-history":[{"count":0,"href":"https:\/\/museosdealicante.com\/va\/wp-json\/wp\/v2\/posts\/3592\/revisions"}],"wp:featuredmedia":[{"embeddable":true,"href":"https:\/\/museosdealicante.com\/va\/wp-json\/wp\/v2\/media\/3593"}],"wp:attachment":[{"href":"https:\/\/museosdealicante.com\/va\/wp-json\/wp\/v2\/media?parent=3592"}],"wp:term":[{"taxonomy":"category","embeddable":true,"href":"https:\/\/museosdealicante.com\/va\/wp-json\/wp\/v2\/categories?post=3592"},{"taxonomy":"post_tag","embeddable":true,"href":"https:\/\/museosdealicante.com\/va\/wp-json\/wp\/v2\/tags?post=3592"}],"curies":[{"name":"wp","href":"https:\/\/api.w.org\/{rel}","templated":true}]}}