{"id":3762,"date":"2025-11-27T14:45:01","date_gmt":"2025-11-27T14:45:01","guid":{"rendered":"https:\/\/museosdealicante.com\/corner-juana-frances\/"},"modified":"2025-11-27T14:45:01","modified_gmt":"2025-11-27T14:45:01","slug":"corner-juana-frances","status":"publish","type":"post","link":"https:\/\/museosdealicante.com\/va\/corner-juana-frances\/","title":{"rendered":"Corner Juana Franc\u00e9s"},"content":{"rendered":"<div>\n<p><strong>Despu\u00e9s de todo, dejar\u00e9 abiertas las ventanas. Espacio de reflexi\u00f3n a trav\u00e9s de la mirada de Juana Franc\u00e9s.<\/strong> En este espacio\/ habitaci\u00f3n, la ventana no solo abre un espacio: se descompone, flota, se fragmenta, y cada fragmento guarda recuerdos, emociones y deseos que no caben en palabras.<\/p>\n<p>Queremos agradecer al dise\u00f1ador e ilustrador alicantino Ricardo Tom\u00e1s por su colaboraci\u00f3n.<\/p>\n<ul>\n<li><strong>Ventanas que se abren al exterior, al pensamiento, a la memoria, a lo invisible\u2026.<\/strong><\/li>\n<\/ul>\n<p>Juana Franc\u00e9s usaba la imagen de la ventana no solo como un elemento arquitect\u00f3nico, sino como un s\u00edmbolo po\u00e9tico, como espacio fronterizo entre los recuerdos y la imaginaci\u00f3n, los ruidos y los silencios. Sus ventanas no solo se abren al mundo exterior, sino al pensamiento, a la memoria, a lo invisible. Juana luch\u00f3 por conquistar su espacio en un entorno hostil, normativo y r\u00edgido. La artista busca definirse y diferenciarse en el panorama art\u00edstico nacional.<\/p>\n<p>Te invitamos a abrir tu propia ventana: escribe o dibuja lo que habita en tu memoria, lo que se oculta en tu imaginaci\u00f3n o lo que susurra tu intuici\u00f3n. No hay reglas ni l\u00edmites; lo que nazca ser\u00e1 tuyo y, al mismo tiempo, parte de algo que se extiende m\u00e1s all\u00e1.<\/p>\n<ul>\n<li><strong><span style=\"color: #555555;\">Retazos de una realidad inc\u00f3moda. <\/span><span style=\"color: #555555;\">Lo que s\u00ed y lo que no pod\u00eda \/ deb\u00eda hacer una mujer<\/span><\/strong><\/li>\n<\/ul>\n<p>1. No pod\u00eda disponer libremente de su dinero (sin permiso del padre o marido). En la pr\u00e1ctica, la licencia marital exig\u00eda autorizaci\u00f3n para administrar bienes, aceptar herencias o abrir cuentas.<\/p>\n<p>2. No pod\u00eda trabajar o mantener el empleo si su marido lo imped\u00edan. El despido por matrimonio y la necesidad de consentimiento eran pr\u00e1cticas reales en muchas empresas y reglamentos.<\/p>\n<p>3. Debian tener una educaci\u00f3n diferenciada por \u00abrazones de orden moral y eficacia pedag\u00f3gica\u00bb cuyo prop\u00f3sito principal era formar buenas esposas y madres, recibiendo asignaturas especificas, como Hogar o Econom\u00eda Dom\u00e9stica.<\/p>\n<p>4. Ten\u00eda acceso restringido a profesiones y cargos mientras que se promov\u00edan otras como enfermera o maestra. El acceso a la carrera judicial y otras plazas tuvo prohibiciones.<\/p>\n<p>5. Pod\u00eda verse forzada a un \u00abservicio social\u00bb femenino que modelaba la obediencia y la funci\u00f3n asistencial. El Decreto que instaur\u00f3 el Servicio Social de la mujer articul\u00f3 una suerte de servicio civil obligatorio con fines asistenciales y de control.<\/p>\n<p>6. No pod\u00eda salir del pa\u00eds sin los tr\u00e1mites y permisos que el sistema exig\u00eda. Obtener pasaporte con frecuencia requer\u00eda licencia marital; a las solteras se les ped\u00edan servicio social cumplido.<\/p>\n<p>7. No pod\u00eda interrumpir legalmente un embarazo: el aborto era delito. La legislaci\u00f3n franquista (y sucesivas normas) penaliz\u00f3 el aborto y limit\u00f3 la difusi\u00f3n de anticoncepci\u00f3n.<\/p>\n<p>8. No pod\u00eda separarse legalmente (divorcio hasta 1981). El r\u00e9gimen suprimi\u00f3 las garant\u00edas republicanas y el divorcio solo se restableci\u00f3 con la Ley de 1981.<\/p>\n<p>9. Sufr\u00eda el silencio p\u00fablico: sus voces fueron minimizadas, censuradas o apropiadas por la memoria oficial. La escolarizaci\u00f3n, la prensa y la censura contribuyeron a naturalizar la sumisi\u00f3n y a ocultar las violencias espec\u00edficas contra las mujeres.<\/p>\n<p>10. Pod\u00eda ser internada o \u00abreeducada\u00bb si era considerada moralmente desviada. Centros dependientes del Patronato y \u00f3rdenes religiosas funcionaron como reformatorios donde muchas sufrieron malos tratos; algunas v\u00edctimas denuncian robos de beb\u00e9s y abusos<\/p>\n<ul>\n<li><strong>Fragmentos de un paisaje compartido<\/strong><\/li>\n<\/ul>\n<p>Juana Franc\u00e9s sembraba el lienzo de peque\u00f1as formas geom\u00e9tricas que parecen flotar, fragmentos que se dispersan como restos de un paisaje en transformaci\u00f3n. Cada pieza que aportas se mueve, se reordena y dialoga con los fragmentos de otros, transformando la habitaci\u00f3n en un paisaje vivo, siempre cambiante.<\/p>\n<\/p><\/div>\n<p><a href=\"https:\/\/maca-alicante.es\/corner-juana-frances\/\">source<\/a><\/p>","protected":false},"excerpt":{"rendered":"<p>Despu\u00e9s de todo, dejar\u00e9 abiertas las ventanas. Espacio de reflexi\u00f3n a trav\u00e9s de la mirada de Juana Franc\u00e9s. En este espacio\/ habitaci\u00f3n, la ventana no solo abre un espacio:<span class=\"excerpt-hellip\"> [\u2026]<\/span><\/p>\n","protected":false},"author":4,"featured_media":3763,"comment_status":"","ping_status":"","sticky":false,"template":"","format":"standard","meta":{"_price":"","_stock":"","_tribe_ticket_header":"","_tribe_default_ticket_provider":"","_tribe_ticket_capacity":"0","_ticket_start_date":"","_ticket_end_date":"","_tribe_ticket_show_description":"","_tribe_ticket_show_not_going":false,"_tribe_ticket_use_global_stock":"","_tribe_ticket_global_stock_level":"","_global_stock_mode":"","_global_stock_cap":"","_tribe_rsvp_for_event":"","_tribe_ticket_going_count":"","_tribe_ticket_not_going_count":"","_tribe_tickets_list":"[]","_tribe_ticket_has_attendee_info_fields":false,"footnotes":""},"categories":[10],"tags":[],"class_list":["post-3762","post","type-post","status-publish","format-standard","has-post-thumbnail","hentry","category-maca"],"yoast_head":"<!-- This site is optimized with the Yoast SEO plugin v27.3 - https:\/\/yoast.com\/product\/yoast-seo-wordpress\/ -->\n<title>Corner Juana Franc\u00e9s - MUSEA | Museos de Alicante<\/title>\n<meta name=\"robots\" content=\"index, follow, max-snippet:-1, max-image-preview:large, max-video-preview:-1\" \/>\n<link rel=\"canonical\" href=\"https:\/\/museosdealicante.com\/va\/corner-juana-frances\/\" \/>\n<meta property=\"og:locale\" content=\"ca_ES\" \/>\n<meta property=\"og:type\" content=\"article\" \/>\n<meta property=\"og:title\" content=\"Corner Juana Franc\u00e9s - MUSEA | Museos de Alicante\" \/>\n<meta property=\"og:description\" content=\"Despu\u00e9s de todo, dejar\u00e9 abiertas las ventanas. Espacio de reflexi\u00f3n a trav\u00e9s de la mirada de Juana Franc\u00e9s. En este espacio\/ habitaci\u00f3n, la ventana no solo abre un espacio: [\u2026]\" \/>\n<meta property=\"og:url\" content=\"https:\/\/museosdealicante.com\/va\/corner-juana-frances\/\" \/>\n<meta property=\"og:site_name\" content=\"MUSEA | Museos de Alicante\" \/>\n<meta property=\"article:published_time\" content=\"2025-11-27T14:45:01+00:00\" \/>\n<meta name=\"author\" content=\"Rosa Mar\u00eda Castells\" \/>\n<meta name=\"twitter:card\" content=\"summary_large_image\" \/>\n<meta name=\"twitter:label1\" content=\"Escrit per\" \/>\n\t<meta name=\"twitter:data1\" content=\"Rosa Mar\u00eda Castells\" \/>\n\t<meta name=\"twitter:label2\" content=\"Temps estimat de lectura\" \/>\n\t<meta name=\"twitter:data2\" content=\"3 minuts\" \/>\n<script type=\"application\/ld+json\" class=\"yoast-schema-graph\">{\"@context\":\"https:\\\/\\\/schema.org\",\"@graph\":[{\"@type\":\"Article\",\"@id\":\"https:\\\/\\\/museosdealicante.com\\\/corner-juana-frances\\\/#article\",\"isPartOf\":{\"@id\":\"https:\\\/\\\/museosdealicante.com\\\/corner-juana-frances\\\/\"},\"author\":{\"name\":\"Rosa Mar\u00eda Castells\",\"@id\":\"https:\\\/\\\/museosdealicante.com\\\/#\\\/schema\\\/person\\\/0568f63519b86d8127abb9dca617ddd0\"},\"headline\":\"Corner Juana Franc\u00e9s\",\"datePublished\":\"2025-11-27T14:45:01+00:00\",\"mainEntityOfPage\":{\"@id\":\"https:\\\/\\\/museosdealicante.com\\\/corner-juana-frances\\\/\"},\"wordCount\":637,\"image\":{\"@id\":\"https:\\\/\\\/museosdealicante.com\\\/corner-juana-frances\\\/#primaryimage\"},\"thumbnailUrl\":\"https:\\\/\\\/museosdealicante.com\\\/wp-content\\\/uploads\\\/2025\\\/11\\\/wp-header-logo-26.png\",\"articleSection\":[\"MACA\"],\"inLanguage\":\"ca\"},{\"@type\":\"WebPage\",\"@id\":\"https:\\\/\\\/museosdealicante.com\\\/corner-juana-frances\\\/\",\"url\":\"https:\\\/\\\/museosdealicante.com\\\/corner-juana-frances\\\/\",\"name\":\"Corner Juana Franc\u00e9s - MUSEA | Museos de Alicante\",\"isPartOf\":{\"@id\":\"https:\\\/\\\/museosdealicante.com\\\/#website\"},\"primaryImageOfPage\":{\"@id\":\"https:\\\/\\\/museosdealicante.com\\\/corner-juana-frances\\\/#primaryimage\"},\"image\":{\"@id\":\"https:\\\/\\\/museosdealicante.com\\\/corner-juana-frances\\\/#primaryimage\"},\"thumbnailUrl\":\"https:\\\/\\\/museosdealicante.com\\\/wp-content\\\/uploads\\\/2025\\\/11\\\/wp-header-logo-26.png\",\"datePublished\":\"2025-11-27T14:45:01+00:00\",\"author\":{\"@id\":\"https:\\\/\\\/museosdealicante.com\\\/#\\\/schema\\\/person\\\/0568f63519b86d8127abb9dca617ddd0\"},\"breadcrumb\":{\"@id\":\"https:\\\/\\\/museosdealicante.com\\\/corner-juana-frances\\\/#breadcrumb\"},\"inLanguage\":\"ca\",\"potentialAction\":[{\"@type\":\"ReadAction\",\"target\":[\"https:\\\/\\\/museosdealicante.com\\\/corner-juana-frances\\\/\"]}]},{\"@type\":\"ImageObject\",\"inLanguage\":\"ca\",\"@id\":\"https:\\\/\\\/museosdealicante.com\\\/corner-juana-frances\\\/#primaryimage\",\"url\":\"https:\\\/\\\/museosdealicante.com\\\/wp-content\\\/uploads\\\/2025\\\/11\\\/wp-header-logo-26.png\",\"contentUrl\":\"https:\\\/\\\/museosdealicante.com\\\/wp-content\\\/uploads\\\/2025\\\/11\\\/wp-header-logo-26.png\"},{\"@type\":\"BreadcrumbList\",\"@id\":\"https:\\\/\\\/museosdealicante.com\\\/corner-juana-frances\\\/#breadcrumb\",\"itemListElement\":[{\"@type\":\"ListItem\",\"position\":1,\"name\":\"Portada\",\"item\":\"https:\\\/\\\/museosdealicante.com\\\/\"},{\"@type\":\"ListItem\",\"position\":2,\"name\":\"Corner Juana Franc\u00e9s\"}]},{\"@type\":\"WebSite\",\"@id\":\"https:\\\/\\\/museosdealicante.com\\\/#website\",\"url\":\"https:\\\/\\\/museosdealicante.com\\\/\",\"name\":\"MUSEA | Museos de Alicante\",\"description\":\"Toda la oferta sobre arte, cultura y patrimonio de la ciudad, toda la actualidad de los museos de Alicante\",\"potentialAction\":[{\"@type\":\"SearchAction\",\"target\":{\"@type\":\"EntryPoint\",\"urlTemplate\":\"https:\\\/\\\/museosdealicante.com\\\/?s={search_term_string}\"},\"query-input\":{\"@type\":\"PropertyValueSpecification\",\"valueRequired\":true,\"valueName\":\"search_term_string\"}}],\"inLanguage\":\"ca\"},{\"@type\":\"Person\",\"@id\":\"https:\\\/\\\/museosdealicante.com\\\/#\\\/schema\\\/person\\\/0568f63519b86d8127abb9dca617ddd0\",\"name\":\"Rosa Mar\u00eda Castells\",\"image\":{\"@type\":\"ImageObject\",\"inLanguage\":\"ca\",\"@id\":\"https:\\\/\\\/secure.gravatar.com\\\/avatar\\\/782cc4dc634b1918299ba6f478389cd0b3e92a03c95d1fa5203bfad7090b694e?s=96&d=mm&r=g\",\"url\":\"https:\\\/\\\/secure.gravatar.com\\\/avatar\\\/782cc4dc634b1918299ba6f478389cd0b3e92a03c95d1fa5203bfad7090b694e?s=96&d=mm&r=g\",\"contentUrl\":\"https:\\\/\\\/secure.gravatar.com\\\/avatar\\\/782cc4dc634b1918299ba6f478389cd0b3e92a03c95d1fa5203bfad7090b694e?s=96&d=mm&r=g\",\"caption\":\"Rosa Mar\u00eda Castells\"},\"url\":\"https:\\\/\\\/museosdealicante.com\\\/va\\\/author\\\/rosa-maria-castells\\\/\"}]}<\/script>\n<!-- \/ Yoast SEO plugin. -->","yoast_head_json":{"title":"Corner Juana Franc\u00e9s - MUSEA | Museos de Alicante","robots":{"index":"index","follow":"follow","max-snippet":"max-snippet:-1","max-image-preview":"max-image-preview:large","max-video-preview":"max-video-preview:-1"},"canonical":"https:\/\/museosdealicante.com\/va\/corner-juana-frances\/","og_locale":"ca_ES","og_type":"article","og_title":"Corner Juana Franc\u00e9s - MUSEA | Museos de Alicante","og_description":"Despu\u00e9s de todo, dejar\u00e9 abiertas las ventanas. Espacio de reflexi\u00f3n a trav\u00e9s de la mirada de Juana Franc\u00e9s. En este espacio\/ habitaci\u00f3n, la ventana no solo abre un espacio: [\u2026]","og_url":"https:\/\/museosdealicante.com\/va\/corner-juana-frances\/","og_site_name":"MUSEA | Museos de Alicante","article_published_time":"2025-11-27T14:45:01+00:00","author":"Rosa Mar\u00eda Castells","twitter_card":"summary_large_image","twitter_misc":{"Escrit per":"Rosa Mar\u00eda Castells","Temps estimat de lectura":"3 minuts"},"schema":{"@context":"https:\/\/schema.org","@graph":[{"@type":"Article","@id":"https:\/\/museosdealicante.com\/corner-juana-frances\/#article","isPartOf":{"@id":"https:\/\/museosdealicante.com\/corner-juana-frances\/"},"author":{"name":"Rosa Mar\u00eda Castells","@id":"https:\/\/museosdealicante.com\/#\/schema\/person\/0568f63519b86d8127abb9dca617ddd0"},"headline":"Corner Juana Franc\u00e9s","datePublished":"2025-11-27T14:45:01+00:00","mainEntityOfPage":{"@id":"https:\/\/museosdealicante.com\/corner-juana-frances\/"},"wordCount":637,"image":{"@id":"https:\/\/museosdealicante.com\/corner-juana-frances\/#primaryimage"},"thumbnailUrl":"https:\/\/museosdealicante.com\/wp-content\/uploads\/2025\/11\/wp-header-logo-26.png","articleSection":["MACA"],"inLanguage":"ca"},{"@type":"WebPage","@id":"https:\/\/museosdealicante.com\/corner-juana-frances\/","url":"https:\/\/museosdealicante.com\/corner-juana-frances\/","name":"Corner Juana Franc\u00e9s - MUSEA | Museos de Alicante","isPartOf":{"@id":"https:\/\/museosdealicante.com\/#website"},"primaryImageOfPage":{"@id":"https:\/\/museosdealicante.com\/corner-juana-frances\/#primaryimage"},"image":{"@id":"https:\/\/museosdealicante.com\/corner-juana-frances\/#primaryimage"},"thumbnailUrl":"https:\/\/museosdealicante.com\/wp-content\/uploads\/2025\/11\/wp-header-logo-26.png","datePublished":"2025-11-27T14:45:01+00:00","author":{"@id":"https:\/\/museosdealicante.com\/#\/schema\/person\/0568f63519b86d8127abb9dca617ddd0"},"breadcrumb":{"@id":"https:\/\/museosdealicante.com\/corner-juana-frances\/#breadcrumb"},"inLanguage":"ca","potentialAction":[{"@type":"ReadAction","target":["https:\/\/museosdealicante.com\/corner-juana-frances\/"]}]},{"@type":"ImageObject","inLanguage":"ca","@id":"https:\/\/museosdealicante.com\/corner-juana-frances\/#primaryimage","url":"https:\/\/museosdealicante.com\/wp-content\/uploads\/2025\/11\/wp-header-logo-26.png","contentUrl":"https:\/\/museosdealicante.com\/wp-content\/uploads\/2025\/11\/wp-header-logo-26.png"},{"@type":"BreadcrumbList","@id":"https:\/\/museosdealicante.com\/corner-juana-frances\/#breadcrumb","itemListElement":[{"@type":"ListItem","position":1,"name":"Portada","item":"https:\/\/museosdealicante.com\/"},{"@type":"ListItem","position":2,"name":"Corner Juana Franc\u00e9s"}]},{"@type":"WebSite","@id":"https:\/\/museosdealicante.com\/#website","url":"https:\/\/museosdealicante.com\/","name":"MUSEA | Museos de Alicante","description":"Toda la oferta sobre arte, cultura y patrimonio de la ciudad, toda la actualidad de los museos de Alicante","potentialAction":[{"@type":"SearchAction","target":{"@type":"EntryPoint","urlTemplate":"https:\/\/museosdealicante.com\/?s={search_term_string}"},"query-input":{"@type":"PropertyValueSpecification","valueRequired":true,"valueName":"search_term_string"}}],"inLanguage":"ca"},{"@type":"Person","@id":"https:\/\/museosdealicante.com\/#\/schema\/person\/0568f63519b86d8127abb9dca617ddd0","name":"Rosa Mar\u00eda Castells","image":{"@type":"ImageObject","inLanguage":"ca","@id":"https:\/\/secure.gravatar.com\/avatar\/782cc4dc634b1918299ba6f478389cd0b3e92a03c95d1fa5203bfad7090b694e?s=96&d=mm&r=g","url":"https:\/\/secure.gravatar.com\/avatar\/782cc4dc634b1918299ba6f478389cd0b3e92a03c95d1fa5203bfad7090b694e?s=96&d=mm&r=g","contentUrl":"https:\/\/secure.gravatar.com\/avatar\/782cc4dc634b1918299ba6f478389cd0b3e92a03c95d1fa5203bfad7090b694e?s=96&d=mm&r=g","caption":"Rosa Mar\u00eda Castells"},"url":"https:\/\/museosdealicante.com\/va\/author\/rosa-maria-castells\/"}]}},"_links":{"self":[{"href":"https:\/\/museosdealicante.com\/va\/wp-json\/wp\/v2\/posts\/3762","targetHints":{"allow":["GET"]}}],"collection":[{"href":"https:\/\/museosdealicante.com\/va\/wp-json\/wp\/v2\/posts"}],"about":[{"href":"https:\/\/museosdealicante.com\/va\/wp-json\/wp\/v2\/types\/post"}],"author":[{"embeddable":true,"href":"https:\/\/museosdealicante.com\/va\/wp-json\/wp\/v2\/users\/4"}],"replies":[{"embeddable":true,"href":"https:\/\/museosdealicante.com\/va\/wp-json\/wp\/v2\/comments?post=3762"}],"version-history":[{"count":0,"href":"https:\/\/museosdealicante.com\/va\/wp-json\/wp\/v2\/posts\/3762\/revisions"}],"wp:featuredmedia":[{"embeddable":true,"href":"https:\/\/museosdealicante.com\/va\/wp-json\/wp\/v2\/media\/3763"}],"wp:attachment":[{"href":"https:\/\/museosdealicante.com\/va\/wp-json\/wp\/v2\/media?parent=3762"}],"wp:term":[{"taxonomy":"category","embeddable":true,"href":"https:\/\/museosdealicante.com\/va\/wp-json\/wp\/v2\/categories?post=3762"},{"taxonomy":"post_tag","embeddable":true,"href":"https:\/\/museosdealicante.com\/va\/wp-json\/wp\/v2\/tags?post=3762"}],"curies":[{"name":"wp","href":"https:\/\/api.w.org\/{rel}","templated":true}]}}