{"id":3768,"date":"2025-12-01T10:59:59","date_gmt":"2025-12-01T10:59:59","guid":{"rendered":"https:\/\/museosdealicante.com\/maca-en-vivo-alicia-verdu\/"},"modified":"2025-12-01T10:59:59","modified_gmt":"2025-12-01T10:59:59","slug":"maca-en-vivo-alicia-verdu","status":"publish","type":"post","link":"https:\/\/museosdealicante.com\/va\/maca-en-vivo-alicia-verdu\/","title":{"rendered":"MACA en vivo. Alicia Verd\u00fa"},"content":{"rendered":"<div>\n<p><strong>S\u00e1bado 13 de diciembre a las 19 horas. Entrada libre.<\/strong><\/p>\n<p>El trabajo de Alicia Verd\u00fa implica la creaci\u00f3n de atm\u00f3sferas inmersivas que acercan al p\u00fablico al mundo emocional y sensorial. Su inter\u00e9s por creaciones multidisciplinares la ha llevado a trabajar con visuales, estructuras y pinturas en producciones m\u00e1s amplias. Eso le lleva a querer realizar trabajos de video danza, ya sea como bailarina, core\u00f3grafa o co-directora. Paralelamente, investiga el uso de la audio descripci\u00f3n en danza, bas\u00e1ndose en sus estudios como traductora, para que la danza sea accesible a personas ciegas y con discapacidad visual.<\/p>\n<p><strong>MINERVA<\/strong><\/p>\n<p>Minerva nace por la necesidad de experimentar el estado emocional alternando distintos estados f\u00edsicos referentes a historias de personas anteriores a nosotros en un mismo cuerpo. Minerva se convierte en la c\u00e1psula del tiempo centr\u00e1ndose en lo hereditario. Cuestiona la relaci\u00f3n que se tiene con nuestros antepasados y la conexi\u00f3n que se tiene con el pasado desde el presente. Trata de entender el poder que se transmite y se hereda de mujer a mujer; qui\u00e9nes han sido y qu\u00e9 nos han dejado. Encarna a una mujer del presente que est\u00e1 llena de historias de un pasado que desconoce pero intuye. Viaja a trav\u00e9s de un t\u00fanel de historias donde la noci\u00f3n del tiempo va desapareciendo, por lo tanto, sufre una esquizofrenia f\u00edsica y mental.<\/p>\n<p>Creaci\u00f3n e interpretaci\u00f3n: Alicia Verd\u00fa Maci\u00e1n<br \/>M\u00fasica: Margarita \u2013 Franz Liszt<br \/>Dramaturgia: Alexander Ambite y Rakesh Sukesh<br \/>Agradecimientos: Sporting Club Russafa y Descalzinha<\/p>\n<p><a href=\"https:\/\/maca-alicante.es\/wp-content\/uploads\/2025\/12\/MINERVA_Chuchi_Guerra.jpeg\"><img fetchpriority=\"high\" decoding=\"async\" class=\"aligncenter size-large wp-image-49471\" src=\"https:\/\/maca-alicante.es\/wp-content\/uploads\/2025\/12\/MINERVA_Chuchi_Guerra-1189x800.jpeg\" alt=\"\" width=\"1020\" height=\"686\" srcset=\"https:\/\/maca-alicante.es\/wp-content\/uploads\/2025\/12\/MINERVA_Chuchi_Guerra-1189x800.jpeg 1189w, https:\/\/maca-alicante.es\/wp-content\/uploads\/2025\/12\/MINERVA_Chuchi_Guerra-594x400.jpeg 594w, https:\/\/maca-alicante.es\/wp-content\/uploads\/2025\/12\/MINERVA_Chuchi_Guerra-768x517.jpeg 768w, https:\/\/maca-alicante.es\/wp-content\/uploads\/2025\/12\/MINERVA_Chuchi_Guerra-1536x1034.jpeg 1536w, https:\/\/maca-alicante.es\/wp-content\/uploads\/2025\/12\/MINERVA_Chuchi_Guerra.jpeg 2048w\" sizes=\"(max-width: 1020px) 100vw, 1020px\"\/><\/a><\/p>\n<\/p><\/div>\n<p><a href=\"https:\/\/maca-alicante.es\/maca-en-vivo-alicia-verdu\/\">source<\/a><\/p>","protected":false},"excerpt":{"rendered":"<p>S\u00e1bado 13 de diciembre a las 19 horas. Entrada libre. El trabajo de Alicia Verd\u00fa implica la creaci\u00f3n de atm\u00f3sferas inmersivas que acercan al p\u00fablico al mundo emocional y<span class=\"excerpt-hellip\"> [\u2026]<\/span><\/p>\n","protected":false},"author":4,"featured_media":3769,"comment_status":"","ping_status":"","sticky":false,"template":"","format":"standard","meta":{"_price":"","_stock":"","_tribe_ticket_header":"","_tribe_default_ticket_provider":"","_tribe_ticket_capacity":"0","_ticket_start_date":"","_ticket_end_date":"","_tribe_ticket_show_description":"","_tribe_ticket_show_not_going":false,"_tribe_ticket_use_global_stock":"","_tribe_ticket_global_stock_level":"","_global_stock_mode":"","_global_stock_cap":"","_tribe_rsvp_for_event":"","_tribe_ticket_going_count":"","_tribe_ticket_not_going_count":"","_tribe_tickets_list":"[]","_tribe_ticket_has_attendee_info_fields":false,"footnotes":""},"categories":[10],"tags":[],"class_list":["post-3768","post","type-post","status-publish","format-standard","has-post-thumbnail","hentry","category-maca"],"yoast_head":"<!-- This site is optimized with the Yoast SEO plugin v27.3 - https:\/\/yoast.com\/product\/yoast-seo-wordpress\/ -->\n<title>MACA en vivo. Alicia Verd\u00fa - MUSEA | Museos de Alicante<\/title>\n<meta name=\"robots\" content=\"index, follow, max-snippet:-1, max-image-preview:large, max-video-preview:-1\" \/>\n<link rel=\"canonical\" href=\"https:\/\/museosdealicante.com\/va\/maca-en-vivo-alicia-verdu\/\" \/>\n<meta property=\"og:locale\" content=\"ca_ES\" \/>\n<meta property=\"og:type\" content=\"article\" \/>\n<meta property=\"og:title\" content=\"MACA en vivo. Alicia Verd\u00fa - MUSEA | Museos de Alicante\" \/>\n<meta property=\"og:description\" content=\"S\u00e1bado 13 de diciembre a las 19 horas. Entrada libre. El trabajo de Alicia Verd\u00fa implica la creaci\u00f3n de atm\u00f3sferas inmersivas que acercan al p\u00fablico al mundo emocional y [\u2026]\" \/>\n<meta property=\"og:url\" content=\"https:\/\/museosdealicante.com\/va\/maca-en-vivo-alicia-verdu\/\" \/>\n<meta property=\"og:site_name\" content=\"MUSEA | Museos de Alicante\" \/>\n<meta property=\"article:published_time\" content=\"2025-12-01T10:59:59+00:00\" \/>\n<meta property=\"og:image\" content=\"https:\/\/maca-alicante.es\/wp-content\/uploads\/2025\/12\/MINERVA_Chuchi_Guerra-1189x800.jpeg\" \/>\n<meta name=\"author\" content=\"Rosa Mar\u00eda Castells\" \/>\n<meta name=\"twitter:card\" content=\"summary_large_image\" \/>\n<meta name=\"twitter:label1\" content=\"Escrit per\" \/>\n\t<meta name=\"twitter:data1\" content=\"Rosa Mar\u00eda Castells\" \/>\n\t<meta name=\"twitter:label2\" content=\"Temps estimat de lectura\" \/>\n\t<meta name=\"twitter:data2\" content=\"1 minut\" \/>\n<script type=\"application\/ld+json\" class=\"yoast-schema-graph\">{\"@context\":\"https:\\\/\\\/schema.org\",\"@graph\":[{\"@type\":\"Article\",\"@id\":\"https:\\\/\\\/museosdealicante.com\\\/maca-en-vivo-alicia-verdu\\\/#article\",\"isPartOf\":{\"@id\":\"https:\\\/\\\/museosdealicante.com\\\/maca-en-vivo-alicia-verdu\\\/\"},\"author\":{\"name\":\"Rosa Mar\u00eda Castells\",\"@id\":\"https:\\\/\\\/museosdealicante.com\\\/#\\\/schema\\\/person\\\/0568f63519b86d8127abb9dca617ddd0\"},\"headline\":\"MACA en vivo. Alicia Verd\u00fa\",\"datePublished\":\"2025-12-01T10:59:59+00:00\",\"mainEntityOfPage\":{\"@id\":\"https:\\\/\\\/museosdealicante.com\\\/maca-en-vivo-alicia-verdu\\\/\"},\"wordCount\":266,\"image\":{\"@id\":\"https:\\\/\\\/museosdealicante.com\\\/maca-en-vivo-alicia-verdu\\\/#primaryimage\"},\"thumbnailUrl\":\"https:\\\/\\\/museosdealicante.com\\\/wp-content\\\/uploads\\\/2025\\\/12\\\/wp-header-logo-1.png\",\"articleSection\":[\"MACA\"],\"inLanguage\":\"ca\"},{\"@type\":\"WebPage\",\"@id\":\"https:\\\/\\\/museosdealicante.com\\\/maca-en-vivo-alicia-verdu\\\/\",\"url\":\"https:\\\/\\\/museosdealicante.com\\\/maca-en-vivo-alicia-verdu\\\/\",\"name\":\"MACA en vivo. Alicia Verd\u00fa - MUSEA | Museos de Alicante\",\"isPartOf\":{\"@id\":\"https:\\\/\\\/museosdealicante.com\\\/#website\"},\"primaryImageOfPage\":{\"@id\":\"https:\\\/\\\/museosdealicante.com\\\/maca-en-vivo-alicia-verdu\\\/#primaryimage\"},\"image\":{\"@id\":\"https:\\\/\\\/museosdealicante.com\\\/maca-en-vivo-alicia-verdu\\\/#primaryimage\"},\"thumbnailUrl\":\"https:\\\/\\\/museosdealicante.com\\\/wp-content\\\/uploads\\\/2025\\\/12\\\/wp-header-logo-1.png\",\"datePublished\":\"2025-12-01T10:59:59+00:00\",\"author\":{\"@id\":\"https:\\\/\\\/museosdealicante.com\\\/#\\\/schema\\\/person\\\/0568f63519b86d8127abb9dca617ddd0\"},\"breadcrumb\":{\"@id\":\"https:\\\/\\\/museosdealicante.com\\\/maca-en-vivo-alicia-verdu\\\/#breadcrumb\"},\"inLanguage\":\"ca\",\"potentialAction\":[{\"@type\":\"ReadAction\",\"target\":[\"https:\\\/\\\/museosdealicante.com\\\/maca-en-vivo-alicia-verdu\\\/\"]}]},{\"@type\":\"ImageObject\",\"inLanguage\":\"ca\",\"@id\":\"https:\\\/\\\/museosdealicante.com\\\/maca-en-vivo-alicia-verdu\\\/#primaryimage\",\"url\":\"https:\\\/\\\/museosdealicante.com\\\/wp-content\\\/uploads\\\/2025\\\/12\\\/wp-header-logo-1.png\",\"contentUrl\":\"https:\\\/\\\/museosdealicante.com\\\/wp-content\\\/uploads\\\/2025\\\/12\\\/wp-header-logo-1.png\",\"width\":1189,\"height\":800},{\"@type\":\"BreadcrumbList\",\"@id\":\"https:\\\/\\\/museosdealicante.com\\\/maca-en-vivo-alicia-verdu\\\/#breadcrumb\",\"itemListElement\":[{\"@type\":\"ListItem\",\"position\":1,\"name\":\"Portada\",\"item\":\"https:\\\/\\\/museosdealicante.com\\\/\"},{\"@type\":\"ListItem\",\"position\":2,\"name\":\"MACA en vivo. Alicia Verd\u00fa\"}]},{\"@type\":\"WebSite\",\"@id\":\"https:\\\/\\\/museosdealicante.com\\\/#website\",\"url\":\"https:\\\/\\\/museosdealicante.com\\\/\",\"name\":\"MUSEA | Museos de Alicante\",\"description\":\"Toda la oferta sobre arte, cultura y patrimonio de la ciudad, toda la actualidad de los museos de Alicante\",\"potentialAction\":[{\"@type\":\"SearchAction\",\"target\":{\"@type\":\"EntryPoint\",\"urlTemplate\":\"https:\\\/\\\/museosdealicante.com\\\/?s={search_term_string}\"},\"query-input\":{\"@type\":\"PropertyValueSpecification\",\"valueRequired\":true,\"valueName\":\"search_term_string\"}}],\"inLanguage\":\"ca\"},{\"@type\":\"Person\",\"@id\":\"https:\\\/\\\/museosdealicante.com\\\/#\\\/schema\\\/person\\\/0568f63519b86d8127abb9dca617ddd0\",\"name\":\"Rosa Mar\u00eda Castells\",\"image\":{\"@type\":\"ImageObject\",\"inLanguage\":\"ca\",\"@id\":\"https:\\\/\\\/secure.gravatar.com\\\/avatar\\\/782cc4dc634b1918299ba6f478389cd0b3e92a03c95d1fa5203bfad7090b694e?s=96&d=mm&r=g\",\"url\":\"https:\\\/\\\/secure.gravatar.com\\\/avatar\\\/782cc4dc634b1918299ba6f478389cd0b3e92a03c95d1fa5203bfad7090b694e?s=96&d=mm&r=g\",\"contentUrl\":\"https:\\\/\\\/secure.gravatar.com\\\/avatar\\\/782cc4dc634b1918299ba6f478389cd0b3e92a03c95d1fa5203bfad7090b694e?s=96&d=mm&r=g\",\"caption\":\"Rosa Mar\u00eda Castells\"},\"url\":\"https:\\\/\\\/museosdealicante.com\\\/va\\\/author\\\/rosa-maria-castells\\\/\"}]}<\/script>\n<!-- \/ Yoast SEO plugin. -->","yoast_head_json":{"title":"MACA en vivo. Alicia Verd\u00fa - MUSEA | Museos de Alicante","robots":{"index":"index","follow":"follow","max-snippet":"max-snippet:-1","max-image-preview":"max-image-preview:large","max-video-preview":"max-video-preview:-1"},"canonical":"https:\/\/museosdealicante.com\/va\/maca-en-vivo-alicia-verdu\/","og_locale":"ca_ES","og_type":"article","og_title":"MACA en vivo. Alicia Verd\u00fa - MUSEA | Museos de Alicante","og_description":"S\u00e1bado 13 de diciembre a las 19 horas. Entrada libre. El trabajo de Alicia Verd\u00fa implica la creaci\u00f3n de atm\u00f3sferas inmersivas que acercan al p\u00fablico al mundo emocional y [\u2026]","og_url":"https:\/\/museosdealicante.com\/va\/maca-en-vivo-alicia-verdu\/","og_site_name":"MUSEA | Museos de Alicante","article_published_time":"2025-12-01T10:59:59+00:00","og_image":[{"url":"https:\/\/maca-alicante.es\/wp-content\/uploads\/2025\/12\/MINERVA_Chuchi_Guerra-1189x800.jpeg","type":"","width":"","height":""}],"author":"Rosa Mar\u00eda Castells","twitter_card":"summary_large_image","twitter_misc":{"Escrit per":"Rosa Mar\u00eda Castells","Temps estimat de lectura":"1 minut"},"schema":{"@context":"https:\/\/schema.org","@graph":[{"@type":"Article","@id":"https:\/\/museosdealicante.com\/maca-en-vivo-alicia-verdu\/#article","isPartOf":{"@id":"https:\/\/museosdealicante.com\/maca-en-vivo-alicia-verdu\/"},"author":{"name":"Rosa Mar\u00eda Castells","@id":"https:\/\/museosdealicante.com\/#\/schema\/person\/0568f63519b86d8127abb9dca617ddd0"},"headline":"MACA en vivo. Alicia Verd\u00fa","datePublished":"2025-12-01T10:59:59+00:00","mainEntityOfPage":{"@id":"https:\/\/museosdealicante.com\/maca-en-vivo-alicia-verdu\/"},"wordCount":266,"image":{"@id":"https:\/\/museosdealicante.com\/maca-en-vivo-alicia-verdu\/#primaryimage"},"thumbnailUrl":"https:\/\/museosdealicante.com\/wp-content\/uploads\/2025\/12\/wp-header-logo-1.png","articleSection":["MACA"],"inLanguage":"ca"},{"@type":"WebPage","@id":"https:\/\/museosdealicante.com\/maca-en-vivo-alicia-verdu\/","url":"https:\/\/museosdealicante.com\/maca-en-vivo-alicia-verdu\/","name":"MACA en vivo. Alicia Verd\u00fa - MUSEA | Museos de Alicante","isPartOf":{"@id":"https:\/\/museosdealicante.com\/#website"},"primaryImageOfPage":{"@id":"https:\/\/museosdealicante.com\/maca-en-vivo-alicia-verdu\/#primaryimage"},"image":{"@id":"https:\/\/museosdealicante.com\/maca-en-vivo-alicia-verdu\/#primaryimage"},"thumbnailUrl":"https:\/\/museosdealicante.com\/wp-content\/uploads\/2025\/12\/wp-header-logo-1.png","datePublished":"2025-12-01T10:59:59+00:00","author":{"@id":"https:\/\/museosdealicante.com\/#\/schema\/person\/0568f63519b86d8127abb9dca617ddd0"},"breadcrumb":{"@id":"https:\/\/museosdealicante.com\/maca-en-vivo-alicia-verdu\/#breadcrumb"},"inLanguage":"ca","potentialAction":[{"@type":"ReadAction","target":["https:\/\/museosdealicante.com\/maca-en-vivo-alicia-verdu\/"]}]},{"@type":"ImageObject","inLanguage":"ca","@id":"https:\/\/museosdealicante.com\/maca-en-vivo-alicia-verdu\/#primaryimage","url":"https:\/\/museosdealicante.com\/wp-content\/uploads\/2025\/12\/wp-header-logo-1.png","contentUrl":"https:\/\/museosdealicante.com\/wp-content\/uploads\/2025\/12\/wp-header-logo-1.png","width":1189,"height":800},{"@type":"BreadcrumbList","@id":"https:\/\/museosdealicante.com\/maca-en-vivo-alicia-verdu\/#breadcrumb","itemListElement":[{"@type":"ListItem","position":1,"name":"Portada","item":"https:\/\/museosdealicante.com\/"},{"@type":"ListItem","position":2,"name":"MACA en vivo. Alicia Verd\u00fa"}]},{"@type":"WebSite","@id":"https:\/\/museosdealicante.com\/#website","url":"https:\/\/museosdealicante.com\/","name":"MUSEA | Museos de Alicante","description":"Toda la oferta sobre arte, cultura y patrimonio de la ciudad, toda la actualidad de los museos de Alicante","potentialAction":[{"@type":"SearchAction","target":{"@type":"EntryPoint","urlTemplate":"https:\/\/museosdealicante.com\/?s={search_term_string}"},"query-input":{"@type":"PropertyValueSpecification","valueRequired":true,"valueName":"search_term_string"}}],"inLanguage":"ca"},{"@type":"Person","@id":"https:\/\/museosdealicante.com\/#\/schema\/person\/0568f63519b86d8127abb9dca617ddd0","name":"Rosa Mar\u00eda Castells","image":{"@type":"ImageObject","inLanguage":"ca","@id":"https:\/\/secure.gravatar.com\/avatar\/782cc4dc634b1918299ba6f478389cd0b3e92a03c95d1fa5203bfad7090b694e?s=96&d=mm&r=g","url":"https:\/\/secure.gravatar.com\/avatar\/782cc4dc634b1918299ba6f478389cd0b3e92a03c95d1fa5203bfad7090b694e?s=96&d=mm&r=g","contentUrl":"https:\/\/secure.gravatar.com\/avatar\/782cc4dc634b1918299ba6f478389cd0b3e92a03c95d1fa5203bfad7090b694e?s=96&d=mm&r=g","caption":"Rosa Mar\u00eda Castells"},"url":"https:\/\/museosdealicante.com\/va\/author\/rosa-maria-castells\/"}]}},"_links":{"self":[{"href":"https:\/\/museosdealicante.com\/va\/wp-json\/wp\/v2\/posts\/3768","targetHints":{"allow":["GET"]}}],"collection":[{"href":"https:\/\/museosdealicante.com\/va\/wp-json\/wp\/v2\/posts"}],"about":[{"href":"https:\/\/museosdealicante.com\/va\/wp-json\/wp\/v2\/types\/post"}],"author":[{"embeddable":true,"href":"https:\/\/museosdealicante.com\/va\/wp-json\/wp\/v2\/users\/4"}],"replies":[{"embeddable":true,"href":"https:\/\/museosdealicante.com\/va\/wp-json\/wp\/v2\/comments?post=3768"}],"version-history":[{"count":0,"href":"https:\/\/museosdealicante.com\/va\/wp-json\/wp\/v2\/posts\/3768\/revisions"}],"wp:featuredmedia":[{"embeddable":true,"href":"https:\/\/museosdealicante.com\/va\/wp-json\/wp\/v2\/media\/3769"}],"wp:attachment":[{"href":"https:\/\/museosdealicante.com\/va\/wp-json\/wp\/v2\/media?parent=3768"}],"wp:term":[{"taxonomy":"category","embeddable":true,"href":"https:\/\/museosdealicante.com\/va\/wp-json\/wp\/v2\/categories?post=3768"},{"taxonomy":"post_tag","embeddable":true,"href":"https:\/\/museosdealicante.com\/va\/wp-json\/wp\/v2\/tags?post=3768"}],"curies":[{"name":"wp","href":"https:\/\/api.w.org\/{rel}","templated":true}]}}