{"id":3794,"date":"2025-12-18T22:53:04","date_gmt":"2025-12-18T22:53:04","guid":{"rendered":"https:\/\/museosdealicante.com\/rigor-lirico-el-hilo-no-es-lo-mismo-que-la-linea-abstraccion-geometrica-en-las-colecciones-del-maca\/"},"modified":"2025-12-18T22:53:04","modified_gmt":"2025-12-18T22:53:04","slug":"rigor-lirico-el-hilo-no-es-lo-mismo-que-la-linea-abstraccion-geometrica-en-las-colecciones-del-maca","status":"publish","type":"post","link":"https:\/\/museosdealicante.com\/va\/rigor-lirico-el-hilo-no-es-lo-mismo-que-la-linea-abstraccion-geometrica-en-las-colecciones-del-maca\/","title":{"rendered":"Rigor l\u00edrico: el hilo no es lo mismo que la l\u00ednea. Abstracci\u00f3n geom\u00e9trica en las colecciones del MACA"},"content":{"rendered":"<div>\n<p><strong>Exposici\u00f3n: Rigor l\u00edrico: el hilo no es lo mismo que la l\u00ednea. Abstracci\u00f3n geom\u00e9trica en las colecciones del MACA<\/strong><\/p>\n<p>Esta es una selecci\u00f3n de obra gr\u00e1fica que investiga la composici\u00f3n geom\u00e9trica. Desde lo cin\u00e9tico a lo constructivo. Desde el rigor de la l\u00ednea a la investigaci\u00f3n de la forma. Artistas imprescindibles, recorriendo los sugerentes territorios del entramado art\u00edstico del siglo XX. Las primeras obras se sit\u00faan en el Par\u00eds de los a\u00f1os 50 donde las formas geom\u00e9tricas se convierten en protagonistas de un arte con apariencia industrial preocupado por la investigaci\u00f3n sobre la luz, los efectos \u00f3pticos y el movimiento: es el op art o el arte cin\u00e9tico. Obras de arte abiertas, ni \u00fanicas ni definitivas, que implican de forma novedosa al espectador.<\/p>\n<p>Del mismo modo, dentro de una tendencia racionalista, concreta y normativa, una serie de artistas tanto en Espa\u00f1a como en Europa y Am\u00e9rica experimentan en torno al constructivismo. Profundamente reflexivas, sus obras siempre construidas con formas y vol\u00famenes esenciales dialogan una y otra vez sobre el espacio, el movimiento y el equilibrio. Atendiendo a la interacci\u00f3n del color o a su ausencia. La geometr\u00eda es una actitud ante la vida: el an\u00e1lisis riguroso de la forma y la b\u00fasqueda de la esencia en las composiciones permiten construir una imagen objetiva del mundo que, sin embargo, nunca est\u00e1 exenta de poes\u00eda.<\/p>\n<p>Las obras pertenecen fundamentalmente a la Colecci\u00f3n Arte Siglo XX en di\u00e1logo con obras de la Colecci\u00f3n Michael Jenkins y Javier Romero tambi\u00e9n del MACA as\u00ed como otras obras en dep\u00f3sito en este museo, profundizando as\u00ed en la tendencia racionalista del propio Sempere siempre con el rigor de su obra como prop\u00f3sito y como l\u00ednea de investigaci\u00f3n esencial.<\/p>\n<p>\u00a0<\/p>\n<\/p><\/div>\n<p><a href=\"https:\/\/maca-alicante.es\/rigor-lirico-el-hilo-no-es-lo-mismo-que-la-linea-abstraccion-geometrica-en-las-colecciones-del-maca\/\">source<\/a><\/p>","protected":false},"excerpt":{"rendered":"<p>Exposici\u00f3n: Rigor l\u00edrico: el hilo no es lo mismo que la l\u00ednea. Abstracci\u00f3n geom\u00e9trica en las colecciones del MACA Esta es una selecci\u00f3n de obra gr\u00e1fica que investiga la<span class=\"excerpt-hellip\"> [\u2026]<\/span><\/p>\n","protected":false},"author":4,"featured_media":3795,"comment_status":"","ping_status":"","sticky":false,"template":"","format":"standard","meta":{"_price":"","_stock":"","_tribe_ticket_header":"","_tribe_default_ticket_provider":"","_tribe_ticket_capacity":"0","_ticket_start_date":"","_ticket_end_date":"","_tribe_ticket_show_description":"","_tribe_ticket_show_not_going":false,"_tribe_ticket_use_global_stock":"","_tribe_ticket_global_stock_level":"","_global_stock_mode":"","_global_stock_cap":"","_tribe_rsvp_for_event":"","_tribe_ticket_going_count":"","_tribe_ticket_not_going_count":"","_tribe_tickets_list":"[]","_tribe_ticket_has_attendee_info_fields":false,"footnotes":""},"categories":[10],"tags":[],"class_list":["post-3794","post","type-post","status-publish","format-standard","has-post-thumbnail","hentry","category-maca"],"yoast_head":"<!-- This site is optimized with the Yoast SEO plugin v27.3 - https:\/\/yoast.com\/product\/yoast-seo-wordpress\/ -->\n<title>Rigor l\u00edrico: el hilo no es lo mismo que la l\u00ednea. Abstracci\u00f3n geom\u00e9trica en las colecciones del MACA - MUSEA | Museos de Alicante<\/title>\n<meta name=\"robots\" content=\"index, follow, max-snippet:-1, max-image-preview:large, max-video-preview:-1\" \/>\n<link rel=\"canonical\" href=\"https:\/\/museosdealicante.com\/va\/rigor-lirico-el-hilo-no-es-lo-mismo-que-la-linea-abstraccion-geometrica-en-las-colecciones-del-maca\/\" \/>\n<meta property=\"og:locale\" content=\"ca_ES\" \/>\n<meta property=\"og:type\" content=\"article\" \/>\n<meta property=\"og:title\" content=\"Rigor l\u00edrico: el hilo no es lo mismo que la l\u00ednea. Abstracci\u00f3n geom\u00e9trica en las colecciones del MACA - MUSEA | Museos de Alicante\" \/>\n<meta property=\"og:description\" content=\"Exposici\u00f3n: Rigor l\u00edrico: el hilo no es lo mismo que la l\u00ednea. Abstracci\u00f3n geom\u00e9trica en las colecciones del MACA Esta es una selecci\u00f3n de obra gr\u00e1fica que investiga la [\u2026]\" \/>\n<meta property=\"og:url\" content=\"https:\/\/museosdealicante.com\/va\/rigor-lirico-el-hilo-no-es-lo-mismo-que-la-linea-abstraccion-geometrica-en-las-colecciones-del-maca\/\" \/>\n<meta property=\"og:site_name\" content=\"MUSEA | Museos de Alicante\" \/>\n<meta property=\"article:published_time\" content=\"2025-12-18T22:53:04+00:00\" \/>\n<meta name=\"author\" content=\"Rosa Mar\u00eda Castells\" \/>\n<meta name=\"twitter:card\" content=\"summary_large_image\" \/>\n<meta name=\"twitter:label1\" content=\"Escrit per\" \/>\n\t<meta name=\"twitter:data1\" content=\"Rosa Mar\u00eda Castells\" \/>\n\t<meta name=\"twitter:label2\" content=\"Temps estimat de lectura\" \/>\n\t<meta name=\"twitter:data2\" content=\"2 minuts\" \/>\n<script type=\"application\/ld+json\" class=\"yoast-schema-graph\">{\"@context\":\"https:\\\/\\\/schema.org\",\"@graph\":[{\"@type\":\"Article\",\"@id\":\"https:\\\/\\\/museosdealicante.com\\\/rigor-lirico-el-hilo-no-es-lo-mismo-que-la-linea-abstraccion-geometrica-en-las-colecciones-del-maca\\\/#article\",\"isPartOf\":{\"@id\":\"https:\\\/\\\/museosdealicante.com\\\/rigor-lirico-el-hilo-no-es-lo-mismo-que-la-linea-abstraccion-geometrica-en-las-colecciones-del-maca\\\/\"},\"author\":{\"name\":\"Rosa Mar\u00eda Castells\",\"@id\":\"https:\\\/\\\/museosdealicante.com\\\/#\\\/schema\\\/person\\\/0568f63519b86d8127abb9dca617ddd0\"},\"headline\":\"Rigor l\u00edrico: el hilo no es lo mismo que la l\u00ednea. Abstracci\u00f3n geom\u00e9trica en las colecciones del MACA\",\"datePublished\":\"2025-12-18T22:53:04+00:00\",\"mainEntityOfPage\":{\"@id\":\"https:\\\/\\\/museosdealicante.com\\\/rigor-lirico-el-hilo-no-es-lo-mismo-que-la-linea-abstraccion-geometrica-en-las-colecciones-del-maca\\\/\"},\"wordCount\":338,\"image\":{\"@id\":\"https:\\\/\\\/museosdealicante.com\\\/rigor-lirico-el-hilo-no-es-lo-mismo-que-la-linea-abstraccion-geometrica-en-las-colecciones-del-maca\\\/#primaryimage\"},\"thumbnailUrl\":\"https:\\\/\\\/museosdealicante.com\\\/wp-content\\\/uploads\\\/2025\\\/12\\\/wp-header-logo-14.png\",\"articleSection\":[\"MACA\"],\"inLanguage\":\"ca\"},{\"@type\":\"WebPage\",\"@id\":\"https:\\\/\\\/museosdealicante.com\\\/rigor-lirico-el-hilo-no-es-lo-mismo-que-la-linea-abstraccion-geometrica-en-las-colecciones-del-maca\\\/\",\"url\":\"https:\\\/\\\/museosdealicante.com\\\/rigor-lirico-el-hilo-no-es-lo-mismo-que-la-linea-abstraccion-geometrica-en-las-colecciones-del-maca\\\/\",\"name\":\"Rigor l\u00edrico: el hilo no es lo mismo que la l\u00ednea. Abstracci\u00f3n geom\u00e9trica en las colecciones del MACA - MUSEA | Museos de Alicante\",\"isPartOf\":{\"@id\":\"https:\\\/\\\/museosdealicante.com\\\/#website\"},\"primaryImageOfPage\":{\"@id\":\"https:\\\/\\\/museosdealicante.com\\\/rigor-lirico-el-hilo-no-es-lo-mismo-que-la-linea-abstraccion-geometrica-en-las-colecciones-del-maca\\\/#primaryimage\"},\"image\":{\"@id\":\"https:\\\/\\\/museosdealicante.com\\\/rigor-lirico-el-hilo-no-es-lo-mismo-que-la-linea-abstraccion-geometrica-en-las-colecciones-del-maca\\\/#primaryimage\"},\"thumbnailUrl\":\"https:\\\/\\\/museosdealicante.com\\\/wp-content\\\/uploads\\\/2025\\\/12\\\/wp-header-logo-14.png\",\"datePublished\":\"2025-12-18T22:53:04+00:00\",\"author\":{\"@id\":\"https:\\\/\\\/museosdealicante.com\\\/#\\\/schema\\\/person\\\/0568f63519b86d8127abb9dca617ddd0\"},\"breadcrumb\":{\"@id\":\"https:\\\/\\\/museosdealicante.com\\\/rigor-lirico-el-hilo-no-es-lo-mismo-que-la-linea-abstraccion-geometrica-en-las-colecciones-del-maca\\\/#breadcrumb\"},\"inLanguage\":\"ca\",\"potentialAction\":[{\"@type\":\"ReadAction\",\"target\":[\"https:\\\/\\\/museosdealicante.com\\\/rigor-lirico-el-hilo-no-es-lo-mismo-que-la-linea-abstraccion-geometrica-en-las-colecciones-del-maca\\\/\"]}]},{\"@type\":\"ImageObject\",\"inLanguage\":\"ca\",\"@id\":\"https:\\\/\\\/museosdealicante.com\\\/rigor-lirico-el-hilo-no-es-lo-mismo-que-la-linea-abstraccion-geometrica-en-las-colecciones-del-maca\\\/#primaryimage\",\"url\":\"https:\\\/\\\/museosdealicante.com\\\/wp-content\\\/uploads\\\/2025\\\/12\\\/wp-header-logo-14.png\",\"contentUrl\":\"https:\\\/\\\/museosdealicante.com\\\/wp-content\\\/uploads\\\/2025\\\/12\\\/wp-header-logo-14.png\"},{\"@type\":\"BreadcrumbList\",\"@id\":\"https:\\\/\\\/museosdealicante.com\\\/rigor-lirico-el-hilo-no-es-lo-mismo-que-la-linea-abstraccion-geometrica-en-las-colecciones-del-maca\\\/#breadcrumb\",\"itemListElement\":[{\"@type\":\"ListItem\",\"position\":1,\"name\":\"Portada\",\"item\":\"https:\\\/\\\/museosdealicante.com\\\/\"},{\"@type\":\"ListItem\",\"position\":2,\"name\":\"Rigor l\u00edrico: el hilo no es lo mismo que la l\u00ednea. Abstracci\u00f3n geom\u00e9trica en las colecciones del MACA\"}]},{\"@type\":\"WebSite\",\"@id\":\"https:\\\/\\\/museosdealicante.com\\\/#website\",\"url\":\"https:\\\/\\\/museosdealicante.com\\\/\",\"name\":\"MUSEA | Museos de Alicante\",\"description\":\"Toda la oferta sobre arte, cultura y patrimonio de la ciudad, toda la actualidad de los museos de Alicante\",\"potentialAction\":[{\"@type\":\"SearchAction\",\"target\":{\"@type\":\"EntryPoint\",\"urlTemplate\":\"https:\\\/\\\/museosdealicante.com\\\/?s={search_term_string}\"},\"query-input\":{\"@type\":\"PropertyValueSpecification\",\"valueRequired\":true,\"valueName\":\"search_term_string\"}}],\"inLanguage\":\"ca\"},{\"@type\":\"Person\",\"@id\":\"https:\\\/\\\/museosdealicante.com\\\/#\\\/schema\\\/person\\\/0568f63519b86d8127abb9dca617ddd0\",\"name\":\"Rosa Mar\u00eda Castells\",\"image\":{\"@type\":\"ImageObject\",\"inLanguage\":\"ca\",\"@id\":\"https:\\\/\\\/secure.gravatar.com\\\/avatar\\\/782cc4dc634b1918299ba6f478389cd0b3e92a03c95d1fa5203bfad7090b694e?s=96&d=mm&r=g\",\"url\":\"https:\\\/\\\/secure.gravatar.com\\\/avatar\\\/782cc4dc634b1918299ba6f478389cd0b3e92a03c95d1fa5203bfad7090b694e?s=96&d=mm&r=g\",\"contentUrl\":\"https:\\\/\\\/secure.gravatar.com\\\/avatar\\\/782cc4dc634b1918299ba6f478389cd0b3e92a03c95d1fa5203bfad7090b694e?s=96&d=mm&r=g\",\"caption\":\"Rosa Mar\u00eda Castells\"},\"url\":\"https:\\\/\\\/museosdealicante.com\\\/va\\\/author\\\/rosa-maria-castells\\\/\"}]}<\/script>\n<!-- \/ Yoast SEO plugin. -->","yoast_head_json":{"title":"Rigor l\u00edrico: el hilo no es lo mismo que la l\u00ednea. Abstracci\u00f3n geom\u00e9trica en las colecciones del MACA - MUSEA | Museos de Alicante","robots":{"index":"index","follow":"follow","max-snippet":"max-snippet:-1","max-image-preview":"max-image-preview:large","max-video-preview":"max-video-preview:-1"},"canonical":"https:\/\/museosdealicante.com\/va\/rigor-lirico-el-hilo-no-es-lo-mismo-que-la-linea-abstraccion-geometrica-en-las-colecciones-del-maca\/","og_locale":"ca_ES","og_type":"article","og_title":"Rigor l\u00edrico: el hilo no es lo mismo que la l\u00ednea. Abstracci\u00f3n geom\u00e9trica en las colecciones del MACA - MUSEA | Museos de Alicante","og_description":"Exposici\u00f3n: Rigor l\u00edrico: el hilo no es lo mismo que la l\u00ednea. Abstracci\u00f3n geom\u00e9trica en las colecciones del MACA Esta es una selecci\u00f3n de obra gr\u00e1fica que investiga la [\u2026]","og_url":"https:\/\/museosdealicante.com\/va\/rigor-lirico-el-hilo-no-es-lo-mismo-que-la-linea-abstraccion-geometrica-en-las-colecciones-del-maca\/","og_site_name":"MUSEA | Museos de Alicante","article_published_time":"2025-12-18T22:53:04+00:00","author":"Rosa Mar\u00eda Castells","twitter_card":"summary_large_image","twitter_misc":{"Escrit per":"Rosa Mar\u00eda Castells","Temps estimat de lectura":"2 minuts"},"schema":{"@context":"https:\/\/schema.org","@graph":[{"@type":"Article","@id":"https:\/\/museosdealicante.com\/rigor-lirico-el-hilo-no-es-lo-mismo-que-la-linea-abstraccion-geometrica-en-las-colecciones-del-maca\/#article","isPartOf":{"@id":"https:\/\/museosdealicante.com\/rigor-lirico-el-hilo-no-es-lo-mismo-que-la-linea-abstraccion-geometrica-en-las-colecciones-del-maca\/"},"author":{"name":"Rosa Mar\u00eda Castells","@id":"https:\/\/museosdealicante.com\/#\/schema\/person\/0568f63519b86d8127abb9dca617ddd0"},"headline":"Rigor l\u00edrico: el hilo no es lo mismo que la l\u00ednea. Abstracci\u00f3n geom\u00e9trica en las colecciones del MACA","datePublished":"2025-12-18T22:53:04+00:00","mainEntityOfPage":{"@id":"https:\/\/museosdealicante.com\/rigor-lirico-el-hilo-no-es-lo-mismo-que-la-linea-abstraccion-geometrica-en-las-colecciones-del-maca\/"},"wordCount":338,"image":{"@id":"https:\/\/museosdealicante.com\/rigor-lirico-el-hilo-no-es-lo-mismo-que-la-linea-abstraccion-geometrica-en-las-colecciones-del-maca\/#primaryimage"},"thumbnailUrl":"https:\/\/museosdealicante.com\/wp-content\/uploads\/2025\/12\/wp-header-logo-14.png","articleSection":["MACA"],"inLanguage":"ca"},{"@type":"WebPage","@id":"https:\/\/museosdealicante.com\/rigor-lirico-el-hilo-no-es-lo-mismo-que-la-linea-abstraccion-geometrica-en-las-colecciones-del-maca\/","url":"https:\/\/museosdealicante.com\/rigor-lirico-el-hilo-no-es-lo-mismo-que-la-linea-abstraccion-geometrica-en-las-colecciones-del-maca\/","name":"Rigor l\u00edrico: el hilo no es lo mismo que la l\u00ednea. Abstracci\u00f3n geom\u00e9trica en las colecciones del MACA - MUSEA | Museos de Alicante","isPartOf":{"@id":"https:\/\/museosdealicante.com\/#website"},"primaryImageOfPage":{"@id":"https:\/\/museosdealicante.com\/rigor-lirico-el-hilo-no-es-lo-mismo-que-la-linea-abstraccion-geometrica-en-las-colecciones-del-maca\/#primaryimage"},"image":{"@id":"https:\/\/museosdealicante.com\/rigor-lirico-el-hilo-no-es-lo-mismo-que-la-linea-abstraccion-geometrica-en-las-colecciones-del-maca\/#primaryimage"},"thumbnailUrl":"https:\/\/museosdealicante.com\/wp-content\/uploads\/2025\/12\/wp-header-logo-14.png","datePublished":"2025-12-18T22:53:04+00:00","author":{"@id":"https:\/\/museosdealicante.com\/#\/schema\/person\/0568f63519b86d8127abb9dca617ddd0"},"breadcrumb":{"@id":"https:\/\/museosdealicante.com\/rigor-lirico-el-hilo-no-es-lo-mismo-que-la-linea-abstraccion-geometrica-en-las-colecciones-del-maca\/#breadcrumb"},"inLanguage":"ca","potentialAction":[{"@type":"ReadAction","target":["https:\/\/museosdealicante.com\/rigor-lirico-el-hilo-no-es-lo-mismo-que-la-linea-abstraccion-geometrica-en-las-colecciones-del-maca\/"]}]},{"@type":"ImageObject","inLanguage":"ca","@id":"https:\/\/museosdealicante.com\/rigor-lirico-el-hilo-no-es-lo-mismo-que-la-linea-abstraccion-geometrica-en-las-colecciones-del-maca\/#primaryimage","url":"https:\/\/museosdealicante.com\/wp-content\/uploads\/2025\/12\/wp-header-logo-14.png","contentUrl":"https:\/\/museosdealicante.com\/wp-content\/uploads\/2025\/12\/wp-header-logo-14.png"},{"@type":"BreadcrumbList","@id":"https:\/\/museosdealicante.com\/rigor-lirico-el-hilo-no-es-lo-mismo-que-la-linea-abstraccion-geometrica-en-las-colecciones-del-maca\/#breadcrumb","itemListElement":[{"@type":"ListItem","position":1,"name":"Portada","item":"https:\/\/museosdealicante.com\/"},{"@type":"ListItem","position":2,"name":"Rigor l\u00edrico: el hilo no es lo mismo que la l\u00ednea. Abstracci\u00f3n geom\u00e9trica en las colecciones del MACA"}]},{"@type":"WebSite","@id":"https:\/\/museosdealicante.com\/#website","url":"https:\/\/museosdealicante.com\/","name":"MUSEA | Museos de Alicante","description":"Toda la oferta sobre arte, cultura y patrimonio de la ciudad, toda la actualidad de los museos de Alicante","potentialAction":[{"@type":"SearchAction","target":{"@type":"EntryPoint","urlTemplate":"https:\/\/museosdealicante.com\/?s={search_term_string}"},"query-input":{"@type":"PropertyValueSpecification","valueRequired":true,"valueName":"search_term_string"}}],"inLanguage":"ca"},{"@type":"Person","@id":"https:\/\/museosdealicante.com\/#\/schema\/person\/0568f63519b86d8127abb9dca617ddd0","name":"Rosa Mar\u00eda Castells","image":{"@type":"ImageObject","inLanguage":"ca","@id":"https:\/\/secure.gravatar.com\/avatar\/782cc4dc634b1918299ba6f478389cd0b3e92a03c95d1fa5203bfad7090b694e?s=96&d=mm&r=g","url":"https:\/\/secure.gravatar.com\/avatar\/782cc4dc634b1918299ba6f478389cd0b3e92a03c95d1fa5203bfad7090b694e?s=96&d=mm&r=g","contentUrl":"https:\/\/secure.gravatar.com\/avatar\/782cc4dc634b1918299ba6f478389cd0b3e92a03c95d1fa5203bfad7090b694e?s=96&d=mm&r=g","caption":"Rosa Mar\u00eda Castells"},"url":"https:\/\/museosdealicante.com\/va\/author\/rosa-maria-castells\/"}]}},"_links":{"self":[{"href":"https:\/\/museosdealicante.com\/va\/wp-json\/wp\/v2\/posts\/3794","targetHints":{"allow":["GET"]}}],"collection":[{"href":"https:\/\/museosdealicante.com\/va\/wp-json\/wp\/v2\/posts"}],"about":[{"href":"https:\/\/museosdealicante.com\/va\/wp-json\/wp\/v2\/types\/post"}],"author":[{"embeddable":true,"href":"https:\/\/museosdealicante.com\/va\/wp-json\/wp\/v2\/users\/4"}],"replies":[{"embeddable":true,"href":"https:\/\/museosdealicante.com\/va\/wp-json\/wp\/v2\/comments?post=3794"}],"version-history":[{"count":0,"href":"https:\/\/museosdealicante.com\/va\/wp-json\/wp\/v2\/posts\/3794\/revisions"}],"wp:featuredmedia":[{"embeddable":true,"href":"https:\/\/museosdealicante.com\/va\/wp-json\/wp\/v2\/media\/3795"}],"wp:attachment":[{"href":"https:\/\/museosdealicante.com\/va\/wp-json\/wp\/v2\/media?parent=3794"}],"wp:term":[{"taxonomy":"category","embeddable":true,"href":"https:\/\/museosdealicante.com\/va\/wp-json\/wp\/v2\/categories?post=3794"},{"taxonomy":"post_tag","embeddable":true,"href":"https:\/\/museosdealicante.com\/va\/wp-json\/wp\/v2\/tags?post=3794"}],"curies":[{"name":"wp","href":"https:\/\/api.w.org\/{rel}","templated":true}]}}