{"id":3810,"date":"2026-01-08T19:48:34","date_gmt":"2026-01-08T19:48:34","guid":{"rendered":"https:\/\/museosdealicante.com\/grandes-artistas-a-secas-juana-frances-2\/"},"modified":"2026-01-08T19:48:34","modified_gmt":"2026-01-08T19:48:34","slug":"grandes-artistas-a-secas-juana-frances-2","status":"publish","type":"post","link":"https:\/\/museosdealicante.com\/va\/grandes-artistas-a-secas-juana-frances-2\/","title":{"rendered":"Grandes artistas a secas: Juana Franc\u00e9s"},"content":{"rendered":"<div>\n<p><strong>S\u00e1bado 17 de enero a las 12 horas.\u00a0 Inscripci\u00f3n <a href=\"https:\/\/www.eventbrite.es\/e\/entradas-grandes-artistas-a-secas-1980069266478?aff=oddtdtcreator\">AQU\u00cd<\/a><\/strong><\/p>\n<p>Visita con verm\u00fa guiada por Explicarte.<\/p>\n<p>Tradicionalmente, se ha considerado a la mujer como un ciudadano de segunda clase en el mundo de la cultura. Esta posici\u00f3n se basaba en una estad\u00edstica apoyada en un n\u00famero, muy limitado, de mujeres que hab\u00edan destacado en el \u00e1mbito de la literatura, el pensamiento y en la artes pl\u00e1sticas. Esta idea se desmorona ante una simple consideraci\u00f3n, y es las reducidas oportunidades de poder desarrollar sus talentos personales que ten\u00edan.<\/p>\n<p>En esta ocasi\u00f3n, nos centraremos en la figura de Juana Franc\u00e9s, protagonista de nuestra exposici\u00f3n temporal.<\/p>\n<p><strong>Colabora<\/strong>: Consorci de Museus de Comunitat Valenciana y Conselleria d\u2019Educaci\u00f3, Cultura, Universitats i Ocupaci\u00f3<a href=\"https:\/\/maca-alicante.es\/wp-content\/uploads\/2026\/01\/Grandes-artistas-a-secas_Juana-Frances_1.jpg\"><img fetchpriority=\"high\" decoding=\"async\" class=\"aligncenter size-large wp-image-49718\" src=\"https:\/\/maca-alicante.es\/wp-content\/uploads\/2026\/01\/Grandes-artistas-a-secas_Juana-Frances_1-800x800.jpg\" alt=\"\" width=\"800\" height=\"800\" srcset=\"https:\/\/maca-alicante.es\/wp-content\/uploads\/2026\/01\/Grandes-artistas-a-secas_Juana-Frances_1-800x800.jpg 800w, https:\/\/maca-alicante.es\/wp-content\/uploads\/2026\/01\/Grandes-artistas-a-secas_Juana-Frances_1-400x400.jpg 400w, https:\/\/maca-alicante.es\/wp-content\/uploads\/2026\/01\/Grandes-artistas-a-secas_Juana-Frances_1-280x280.jpg 280w, https:\/\/maca-alicante.es\/wp-content\/uploads\/2026\/01\/Grandes-artistas-a-secas_Juana-Frances_1-768x768.jpg 768w, https:\/\/maca-alicante.es\/wp-content\/uploads\/2026\/01\/Grandes-artistas-a-secas_Juana-Frances_1-1536x1536.jpg 1536w, https:\/\/maca-alicante.es\/wp-content\/uploads\/2026\/01\/Grandes-artistas-a-secas_Juana-Frances_1-2048x2048.jpg 2048w\" sizes=\"(max-width: 800px) 100vw, 800px\"\/><\/a> Conselleria de Educaci\u00f3n, Cultura, Universidades y Empleo de la Generalitat Valenciana.<\/p>\n<\/p><\/div>\n<p><a href=\"https:\/\/maca-alicante.es\/grandes-artistas-a-secas-juana-frances-2\/\">source<\/a><\/p>","protected":false},"excerpt":{"rendered":"<p>S\u00e1bado 17 de enero a las 12 horas.\u00a0 Inscripci\u00f3n AQU\u00cd Visita con verm\u00fa guiada por Explicarte. Tradicionalmente, se ha considerado a la mujer como un ciudadano de segunda clase<span class=\"excerpt-hellip\"> [\u2026]<\/span><\/p>\n","protected":false},"author":4,"featured_media":3811,"comment_status":"","ping_status":"","sticky":false,"template":"","format":"standard","meta":{"_price":"","_stock":"","_tribe_ticket_header":"","_tribe_default_ticket_provider":"","_tribe_ticket_capacity":"","_ticket_start_date":"","_ticket_end_date":"","_tribe_ticket_show_description":"","_tribe_ticket_show_not_going":false,"_tribe_ticket_use_global_stock":"","_tribe_ticket_global_stock_level":"","_global_stock_mode":"","_global_stock_cap":"","_tribe_rsvp_for_event":"","_tribe_ticket_going_count":"","_tribe_ticket_not_going_count":"","_tribe_tickets_list":"[]","_tribe_ticket_has_attendee_info_fields":false,"footnotes":""},"categories":[10],"tags":[],"class_list":["post-3810","post","type-post","status-publish","format-standard","has-post-thumbnail","hentry","category-maca"],"yoast_head":"<!-- This site is optimized with the Yoast SEO plugin v27.3 - https:\/\/yoast.com\/product\/yoast-seo-wordpress\/ -->\n<title>Grandes artistas a secas: Juana Franc\u00e9s - MUSEA | Museos de Alicante<\/title>\n<meta name=\"robots\" content=\"index, follow, max-snippet:-1, max-image-preview:large, max-video-preview:-1\" \/>\n<link rel=\"canonical\" href=\"https:\/\/museosdealicante.com\/va\/grandes-artistas-a-secas-juana-frances-2\/\" \/>\n<meta property=\"og:locale\" content=\"ca_ES\" \/>\n<meta property=\"og:type\" content=\"article\" \/>\n<meta property=\"og:title\" content=\"Grandes artistas a secas: Juana Franc\u00e9s - MUSEA | Museos de Alicante\" \/>\n<meta property=\"og:description\" content=\"S\u00e1bado 17 de enero a las 12 horas.\u00a0 Inscripci\u00f3n AQU\u00cd Visita con verm\u00fa guiada por Explicarte. Tradicionalmente, se ha considerado a la mujer como un ciudadano de segunda clase [\u2026]\" \/>\n<meta property=\"og:url\" content=\"https:\/\/museosdealicante.com\/va\/grandes-artistas-a-secas-juana-frances-2\/\" \/>\n<meta property=\"og:site_name\" content=\"MUSEA | Museos de Alicante\" \/>\n<meta property=\"article:published_time\" content=\"2026-01-08T19:48:34+00:00\" \/>\n<meta name=\"author\" content=\"Rosa Mar\u00eda Castells\" \/>\n<meta name=\"twitter:card\" content=\"summary_large_image\" \/>\n<meta name=\"twitter:label1\" content=\"Escrit per\" \/>\n\t<meta name=\"twitter:data1\" content=\"Rosa Mar\u00eda Castells\" \/>\n\t<meta name=\"twitter:label2\" content=\"Temps estimat de lectura\" \/>\n\t<meta name=\"twitter:data2\" content=\"1 minut\" \/>\n<script type=\"application\/ld+json\" class=\"yoast-schema-graph\">{\"@context\":\"https:\\\/\\\/schema.org\",\"@graph\":[{\"@type\":\"Article\",\"@id\":\"https:\\\/\\\/museosdealicante.com\\\/grandes-artistas-a-secas-juana-frances-2\\\/#article\",\"isPartOf\":{\"@id\":\"https:\\\/\\\/museosdealicante.com\\\/grandes-artistas-a-secas-juana-frances-2\\\/\"},\"author\":{\"name\":\"Rosa Mar\u00eda Castells\",\"@id\":\"https:\\\/\\\/museosdealicante.com\\\/#\\\/schema\\\/person\\\/0568f63519b86d8127abb9dca617ddd0\"},\"headline\":\"Grandes artistas a secas: Juana Franc\u00e9s\",\"datePublished\":\"2026-01-08T19:48:34+00:00\",\"mainEntityOfPage\":{\"@id\":\"https:\\\/\\\/museosdealicante.com\\\/grandes-artistas-a-secas-juana-frances-2\\\/\"},\"wordCount\":148,\"image\":{\"@id\":\"https:\\\/\\\/museosdealicante.com\\\/grandes-artistas-a-secas-juana-frances-2\\\/#primaryimage\"},\"thumbnailUrl\":\"https:\\\/\\\/museosdealicante.com\\\/wp-content\\\/uploads\\\/2026\\\/01\\\/wp-header-logo-2.png\",\"articleSection\":[\"MACA\"],\"inLanguage\":\"ca\"},{\"@type\":\"WebPage\",\"@id\":\"https:\\\/\\\/museosdealicante.com\\\/grandes-artistas-a-secas-juana-frances-2\\\/\",\"url\":\"https:\\\/\\\/museosdealicante.com\\\/grandes-artistas-a-secas-juana-frances-2\\\/\",\"name\":\"Grandes artistas a secas: Juana Franc\u00e9s - MUSEA | Museos de Alicante\",\"isPartOf\":{\"@id\":\"https:\\\/\\\/museosdealicante.com\\\/#website\"},\"primaryImageOfPage\":{\"@id\":\"https:\\\/\\\/museosdealicante.com\\\/grandes-artistas-a-secas-juana-frances-2\\\/#primaryimage\"},\"image\":{\"@id\":\"https:\\\/\\\/museosdealicante.com\\\/grandes-artistas-a-secas-juana-frances-2\\\/#primaryimage\"},\"thumbnailUrl\":\"https:\\\/\\\/museosdealicante.com\\\/wp-content\\\/uploads\\\/2026\\\/01\\\/wp-header-logo-2.png\",\"datePublished\":\"2026-01-08T19:48:34+00:00\",\"author\":{\"@id\":\"https:\\\/\\\/museosdealicante.com\\\/#\\\/schema\\\/person\\\/0568f63519b86d8127abb9dca617ddd0\"},\"breadcrumb\":{\"@id\":\"https:\\\/\\\/museosdealicante.com\\\/grandes-artistas-a-secas-juana-frances-2\\\/#breadcrumb\"},\"inLanguage\":\"ca\",\"potentialAction\":[{\"@type\":\"ReadAction\",\"target\":[\"https:\\\/\\\/museosdealicante.com\\\/grandes-artistas-a-secas-juana-frances-2\\\/\"]}]},{\"@type\":\"ImageObject\",\"inLanguage\":\"ca\",\"@id\":\"https:\\\/\\\/museosdealicante.com\\\/grandes-artistas-a-secas-juana-frances-2\\\/#primaryimage\",\"url\":\"https:\\\/\\\/museosdealicante.com\\\/wp-content\\\/uploads\\\/2026\\\/01\\\/wp-header-logo-2.png\",\"contentUrl\":\"https:\\\/\\\/museosdealicante.com\\\/wp-content\\\/uploads\\\/2026\\\/01\\\/wp-header-logo-2.png\",\"width\":800,\"height\":800},{\"@type\":\"BreadcrumbList\",\"@id\":\"https:\\\/\\\/museosdealicante.com\\\/grandes-artistas-a-secas-juana-frances-2\\\/#breadcrumb\",\"itemListElement\":[{\"@type\":\"ListItem\",\"position\":1,\"name\":\"Portada\",\"item\":\"https:\\\/\\\/museosdealicante.com\\\/\"},{\"@type\":\"ListItem\",\"position\":2,\"name\":\"Grandes artistas a secas: Juana Franc\u00e9s\"}]},{\"@type\":\"WebSite\",\"@id\":\"https:\\\/\\\/museosdealicante.com\\\/#website\",\"url\":\"https:\\\/\\\/museosdealicante.com\\\/\",\"name\":\"MUSEA | Museos de Alicante\",\"description\":\"Toda la oferta sobre arte, cultura y patrimonio de la ciudad, toda la actualidad de los museos de Alicante\",\"potentialAction\":[{\"@type\":\"SearchAction\",\"target\":{\"@type\":\"EntryPoint\",\"urlTemplate\":\"https:\\\/\\\/museosdealicante.com\\\/?s={search_term_string}\"},\"query-input\":{\"@type\":\"PropertyValueSpecification\",\"valueRequired\":true,\"valueName\":\"search_term_string\"}}],\"inLanguage\":\"ca\"},{\"@type\":\"Person\",\"@id\":\"https:\\\/\\\/museosdealicante.com\\\/#\\\/schema\\\/person\\\/0568f63519b86d8127abb9dca617ddd0\",\"name\":\"Rosa Mar\u00eda Castells\",\"image\":{\"@type\":\"ImageObject\",\"inLanguage\":\"ca\",\"@id\":\"https:\\\/\\\/secure.gravatar.com\\\/avatar\\\/782cc4dc634b1918299ba6f478389cd0b3e92a03c95d1fa5203bfad7090b694e?s=96&d=mm&r=g\",\"url\":\"https:\\\/\\\/secure.gravatar.com\\\/avatar\\\/782cc4dc634b1918299ba6f478389cd0b3e92a03c95d1fa5203bfad7090b694e?s=96&d=mm&r=g\",\"contentUrl\":\"https:\\\/\\\/secure.gravatar.com\\\/avatar\\\/782cc4dc634b1918299ba6f478389cd0b3e92a03c95d1fa5203bfad7090b694e?s=96&d=mm&r=g\",\"caption\":\"Rosa Mar\u00eda Castells\"},\"url\":\"https:\\\/\\\/museosdealicante.com\\\/va\\\/author\\\/rosa-maria-castells\\\/\"}]}<\/script>\n<!-- \/ Yoast SEO plugin. -->","yoast_head_json":{"title":"Grandes artistas a secas: Juana Franc\u00e9s - MUSEA | Museos de Alicante","robots":{"index":"index","follow":"follow","max-snippet":"max-snippet:-1","max-image-preview":"max-image-preview:large","max-video-preview":"max-video-preview:-1"},"canonical":"https:\/\/museosdealicante.com\/va\/grandes-artistas-a-secas-juana-frances-2\/","og_locale":"ca_ES","og_type":"article","og_title":"Grandes artistas a secas: Juana Franc\u00e9s - MUSEA | Museos de Alicante","og_description":"S\u00e1bado 17 de enero a las 12 horas.\u00a0 Inscripci\u00f3n AQU\u00cd Visita con verm\u00fa guiada por Explicarte. Tradicionalmente, se ha considerado a la mujer como un ciudadano de segunda clase [\u2026]","og_url":"https:\/\/museosdealicante.com\/va\/grandes-artistas-a-secas-juana-frances-2\/","og_site_name":"MUSEA | Museos de Alicante","article_published_time":"2026-01-08T19:48:34+00:00","author":"Rosa Mar\u00eda Castells","twitter_card":"summary_large_image","twitter_misc":{"Escrit per":"Rosa Mar\u00eda Castells","Temps estimat de lectura":"1 minut"},"schema":{"@context":"https:\/\/schema.org","@graph":[{"@type":"Article","@id":"https:\/\/museosdealicante.com\/grandes-artistas-a-secas-juana-frances-2\/#article","isPartOf":{"@id":"https:\/\/museosdealicante.com\/grandes-artistas-a-secas-juana-frances-2\/"},"author":{"name":"Rosa Mar\u00eda Castells","@id":"https:\/\/museosdealicante.com\/#\/schema\/person\/0568f63519b86d8127abb9dca617ddd0"},"headline":"Grandes artistas a secas: Juana Franc\u00e9s","datePublished":"2026-01-08T19:48:34+00:00","mainEntityOfPage":{"@id":"https:\/\/museosdealicante.com\/grandes-artistas-a-secas-juana-frances-2\/"},"wordCount":148,"image":{"@id":"https:\/\/museosdealicante.com\/grandes-artistas-a-secas-juana-frances-2\/#primaryimage"},"thumbnailUrl":"https:\/\/museosdealicante.com\/wp-content\/uploads\/2026\/01\/wp-header-logo-2.png","articleSection":["MACA"],"inLanguage":"ca"},{"@type":"WebPage","@id":"https:\/\/museosdealicante.com\/grandes-artistas-a-secas-juana-frances-2\/","url":"https:\/\/museosdealicante.com\/grandes-artistas-a-secas-juana-frances-2\/","name":"Grandes artistas a secas: Juana Franc\u00e9s - MUSEA | Museos de Alicante","isPartOf":{"@id":"https:\/\/museosdealicante.com\/#website"},"primaryImageOfPage":{"@id":"https:\/\/museosdealicante.com\/grandes-artistas-a-secas-juana-frances-2\/#primaryimage"},"image":{"@id":"https:\/\/museosdealicante.com\/grandes-artistas-a-secas-juana-frances-2\/#primaryimage"},"thumbnailUrl":"https:\/\/museosdealicante.com\/wp-content\/uploads\/2026\/01\/wp-header-logo-2.png","datePublished":"2026-01-08T19:48:34+00:00","author":{"@id":"https:\/\/museosdealicante.com\/#\/schema\/person\/0568f63519b86d8127abb9dca617ddd0"},"breadcrumb":{"@id":"https:\/\/museosdealicante.com\/grandes-artistas-a-secas-juana-frances-2\/#breadcrumb"},"inLanguage":"ca","potentialAction":[{"@type":"ReadAction","target":["https:\/\/museosdealicante.com\/grandes-artistas-a-secas-juana-frances-2\/"]}]},{"@type":"ImageObject","inLanguage":"ca","@id":"https:\/\/museosdealicante.com\/grandes-artistas-a-secas-juana-frances-2\/#primaryimage","url":"https:\/\/museosdealicante.com\/wp-content\/uploads\/2026\/01\/wp-header-logo-2.png","contentUrl":"https:\/\/museosdealicante.com\/wp-content\/uploads\/2026\/01\/wp-header-logo-2.png","width":800,"height":800},{"@type":"BreadcrumbList","@id":"https:\/\/museosdealicante.com\/grandes-artistas-a-secas-juana-frances-2\/#breadcrumb","itemListElement":[{"@type":"ListItem","position":1,"name":"Portada","item":"https:\/\/museosdealicante.com\/"},{"@type":"ListItem","position":2,"name":"Grandes artistas a secas: Juana Franc\u00e9s"}]},{"@type":"WebSite","@id":"https:\/\/museosdealicante.com\/#website","url":"https:\/\/museosdealicante.com\/","name":"MUSEA | Museos de Alicante","description":"Toda la oferta sobre arte, cultura y patrimonio de la ciudad, toda la actualidad de los museos de Alicante","potentialAction":[{"@type":"SearchAction","target":{"@type":"EntryPoint","urlTemplate":"https:\/\/museosdealicante.com\/?s={search_term_string}"},"query-input":{"@type":"PropertyValueSpecification","valueRequired":true,"valueName":"search_term_string"}}],"inLanguage":"ca"},{"@type":"Person","@id":"https:\/\/museosdealicante.com\/#\/schema\/person\/0568f63519b86d8127abb9dca617ddd0","name":"Rosa Mar\u00eda Castells","image":{"@type":"ImageObject","inLanguage":"ca","@id":"https:\/\/secure.gravatar.com\/avatar\/782cc4dc634b1918299ba6f478389cd0b3e92a03c95d1fa5203bfad7090b694e?s=96&d=mm&r=g","url":"https:\/\/secure.gravatar.com\/avatar\/782cc4dc634b1918299ba6f478389cd0b3e92a03c95d1fa5203bfad7090b694e?s=96&d=mm&r=g","contentUrl":"https:\/\/secure.gravatar.com\/avatar\/782cc4dc634b1918299ba6f478389cd0b3e92a03c95d1fa5203bfad7090b694e?s=96&d=mm&r=g","caption":"Rosa Mar\u00eda Castells"},"url":"https:\/\/museosdealicante.com\/va\/author\/rosa-maria-castells\/"}]}},"_links":{"self":[{"href":"https:\/\/museosdealicante.com\/va\/wp-json\/wp\/v2\/posts\/3810","targetHints":{"allow":["GET"]}}],"collection":[{"href":"https:\/\/museosdealicante.com\/va\/wp-json\/wp\/v2\/posts"}],"about":[{"href":"https:\/\/museosdealicante.com\/va\/wp-json\/wp\/v2\/types\/post"}],"author":[{"embeddable":true,"href":"https:\/\/museosdealicante.com\/va\/wp-json\/wp\/v2\/users\/4"}],"replies":[{"embeddable":true,"href":"https:\/\/museosdealicante.com\/va\/wp-json\/wp\/v2\/comments?post=3810"}],"version-history":[{"count":0,"href":"https:\/\/museosdealicante.com\/va\/wp-json\/wp\/v2\/posts\/3810\/revisions"}],"wp:featuredmedia":[{"embeddable":true,"href":"https:\/\/museosdealicante.com\/va\/wp-json\/wp\/v2\/media\/3811"}],"wp:attachment":[{"href":"https:\/\/museosdealicante.com\/va\/wp-json\/wp\/v2\/media?parent=3810"}],"wp:term":[{"taxonomy":"category","embeddable":true,"href":"https:\/\/museosdealicante.com\/va\/wp-json\/wp\/v2\/categories?post=3810"},{"taxonomy":"post_tag","embeddable":true,"href":"https:\/\/museosdealicante.com\/va\/wp-json\/wp\/v2\/tags?post=3810"}],"curies":[{"name":"wp","href":"https:\/\/api.w.org\/{rel}","templated":true}]}}