{"id":3818,"date":"2026-01-12T12:40:32","date_gmt":"2026-01-12T12:40:32","guid":{"rendered":"https:\/\/museosdealicante.com\/audicion-de-alumnos-del-conservatorio-oscar-espla\/"},"modified":"2026-01-12T12:40:32","modified_gmt":"2026-01-12T12:40:32","slug":"audicion-de-alumnos-del-conservatorio-oscar-espla","status":"publish","type":"post","link":"https:\/\/museosdealicante.com\/va\/audicion-de-alumnos-del-conservatorio-oscar-espla\/","title":{"rendered":"Audici\u00f3n de alumnos del Conservatorio \u00d3scar Espl\u00e1"},"content":{"rendered":"<p>Audici\u00f3n de alumnos del Conservatorio \u00d3scar Espl\u00e1<\/p>\n<p>30 de enero a las 18.30 horas en la Casa de la M\u00fasica de Cigarreras, recital de canto<\/p>\n<p>Acceso libre hasta completar el afotro<\/p>\n<p>Fechas de realizaci\u00f3n: <span class=\"date-display-single\">30\/01\/2026<\/span><br \/>\n<img loading=\"lazy\" decoding=\"async\" src=\"https:\/\/www.alicante.es\/sites\/default\/files\/styles\/img_general_ampliada\/public\/imagenes\/202601\/cartel-csma.jpg?itok=BjQao1Eu\" width=\"724\" height=\"1024\" alt=\"Concierto\" title=\"\" \/><br \/><a href=\"https:\/\/www.alicante.es\/es\/node\/47533\">source<\/a><\/p>","protected":false},"excerpt":{"rendered":"<p>Audici\u00f3n de alumnos del Conservatorio \u00d3scar Espl\u00e1 30 de enero a las 18.30 horas en la Casa de la M\u00fasica de Cigarreras, recital de canto Acceso libre hasta completar<span class=\"excerpt-hellip\"> [\u2026]<\/span><\/p>\n","protected":false},"author":8,"featured_media":3819,"comment_status":"","ping_status":"","sticky":false,"template":"","format":"standard","meta":{"_price":"","_stock":"","_tribe_ticket_header":"","_tribe_default_ticket_provider":"","_tribe_ticket_capacity":"","_ticket_start_date":"","_ticket_end_date":"","_tribe_ticket_show_description":"","_tribe_ticket_show_not_going":false,"_tribe_ticket_use_global_stock":"","_tribe_ticket_global_stock_level":"","_global_stock_mode":"","_global_stock_cap":"","_tribe_rsvp_for_event":"","_tribe_ticket_going_count":"","_tribe_ticket_not_going_count":"","_tribe_tickets_list":"[]","_tribe_ticket_has_attendee_info_fields":false,"footnotes":""},"categories":[14],"tags":[],"class_list":["post-3818","post","type-post","status-publish","format-standard","has-post-thumbnail","hentry","category-cigarreras"],"yoast_head":"<!-- This site is optimized with the Yoast SEO plugin v27.3 - https:\/\/yoast.com\/product\/yoast-seo-wordpress\/ -->\n<title>Audici\u00f3n de alumnos del Conservatorio \u00d3scar Espl\u00e1 - MUSEA | Museos de Alicante<\/title>\n<meta name=\"robots\" content=\"index, follow, max-snippet:-1, max-image-preview:large, max-video-preview:-1\" \/>\n<link rel=\"canonical\" href=\"https:\/\/museosdealicante.com\/va\/audicion-de-alumnos-del-conservatorio-oscar-espla\/\" \/>\n<meta property=\"og:locale\" content=\"ca_ES\" \/>\n<meta property=\"og:type\" content=\"article\" \/>\n<meta property=\"og:title\" content=\"Audici\u00f3n de alumnos del Conservatorio \u00d3scar Espl\u00e1 - MUSEA | Museos de Alicante\" \/>\n<meta property=\"og:description\" content=\"Audici\u00f3n de alumnos del Conservatorio \u00d3scar Espl\u00e1 30 de enero a las 18.30 horas en la Casa de la M\u00fasica de Cigarreras, recital de canto Acceso libre hasta completar [\u2026]\" \/>\n<meta property=\"og:url\" content=\"https:\/\/museosdealicante.com\/va\/audicion-de-alumnos-del-conservatorio-oscar-espla\/\" \/>\n<meta property=\"og:site_name\" content=\"MUSEA | Museos de Alicante\" \/>\n<meta property=\"article:published_time\" content=\"2026-01-12T12:40:32+00:00\" \/>\n<meta property=\"og:image\" content=\"https:\/\/www.alicante.es\/sites\/default\/files\/styles\/img_general_ampliada\/public\/imagenes\/202601\/cartel-csma.jpg?itok=BjQao1Eu\" \/>\n<meta name=\"author\" content=\"Carolina Fuentes\" \/>\n<meta name=\"twitter:card\" content=\"summary_large_image\" \/>\n<meta name=\"twitter:label1\" content=\"Escrit per\" \/>\n\t<meta name=\"twitter:data1\" content=\"Carolina Fuentes\" \/>\n<script type=\"application\/ld+json\" class=\"yoast-schema-graph\">{\"@context\":\"https:\\\/\\\/schema.org\",\"@graph\":[{\"@type\":\"Article\",\"@id\":\"https:\\\/\\\/museosdealicante.com\\\/audicion-de-alumnos-del-conservatorio-oscar-espla\\\/#article\",\"isPartOf\":{\"@id\":\"https:\\\/\\\/museosdealicante.com\\\/audicion-de-alumnos-del-conservatorio-oscar-espla\\\/\"},\"author\":{\"name\":\"Carolina Fuentes\",\"@id\":\"https:\\\/\\\/museosdealicante.com\\\/#\\\/schema\\\/person\\\/b8e21892e9b6af60e856f31f0dce8cbd\"},\"headline\":\"Audici\u00f3n de alumnos del Conservatorio \u00d3scar Espl\u00e1\",\"datePublished\":\"2026-01-12T12:40:32+00:00\",\"mainEntityOfPage\":{\"@id\":\"https:\\\/\\\/museosdealicante.com\\\/audicion-de-alumnos-del-conservatorio-oscar-espla\\\/\"},\"wordCount\":44,\"image\":{\"@id\":\"https:\\\/\\\/museosdealicante.com\\\/audicion-de-alumnos-del-conservatorio-oscar-espla\\\/#primaryimage\"},\"thumbnailUrl\":\"https:\\\/\\\/museosdealicante.com\\\/wp-content\\\/uploads\\\/2026\\\/01\\\/wp-header-logo-6.png\",\"articleSection\":[\"CIGARRERAS\"],\"inLanguage\":\"ca\"},{\"@type\":\"WebPage\",\"@id\":\"https:\\\/\\\/museosdealicante.com\\\/audicion-de-alumnos-del-conservatorio-oscar-espla\\\/\",\"url\":\"https:\\\/\\\/museosdealicante.com\\\/audicion-de-alumnos-del-conservatorio-oscar-espla\\\/\",\"name\":\"Audici\u00f3n de alumnos del Conservatorio \u00d3scar Espl\u00e1 - MUSEA | Museos de Alicante\",\"isPartOf\":{\"@id\":\"https:\\\/\\\/museosdealicante.com\\\/#website\"},\"primaryImageOfPage\":{\"@id\":\"https:\\\/\\\/museosdealicante.com\\\/audicion-de-alumnos-del-conservatorio-oscar-espla\\\/#primaryimage\"},\"image\":{\"@id\":\"https:\\\/\\\/museosdealicante.com\\\/audicion-de-alumnos-del-conservatorio-oscar-espla\\\/#primaryimage\"},\"thumbnailUrl\":\"https:\\\/\\\/museosdealicante.com\\\/wp-content\\\/uploads\\\/2026\\\/01\\\/wp-header-logo-6.png\",\"datePublished\":\"2026-01-12T12:40:32+00:00\",\"author\":{\"@id\":\"https:\\\/\\\/museosdealicante.com\\\/#\\\/schema\\\/person\\\/b8e21892e9b6af60e856f31f0dce8cbd\"},\"breadcrumb\":{\"@id\":\"https:\\\/\\\/museosdealicante.com\\\/audicion-de-alumnos-del-conservatorio-oscar-espla\\\/#breadcrumb\"},\"inLanguage\":\"ca\",\"potentialAction\":[{\"@type\":\"ReadAction\",\"target\":[\"https:\\\/\\\/museosdealicante.com\\\/audicion-de-alumnos-del-conservatorio-oscar-espla\\\/\"]}]},{\"@type\":\"ImageObject\",\"inLanguage\":\"ca\",\"@id\":\"https:\\\/\\\/museosdealicante.com\\\/audicion-de-alumnos-del-conservatorio-oscar-espla\\\/#primaryimage\",\"url\":\"https:\\\/\\\/museosdealicante.com\\\/wp-content\\\/uploads\\\/2026\\\/01\\\/wp-header-logo-6.png\",\"contentUrl\":\"https:\\\/\\\/museosdealicante.com\\\/wp-content\\\/uploads\\\/2026\\\/01\\\/wp-header-logo-6.png\",\"width\":1414,\"height\":2000},{\"@type\":\"BreadcrumbList\",\"@id\":\"https:\\\/\\\/museosdealicante.com\\\/audicion-de-alumnos-del-conservatorio-oscar-espla\\\/#breadcrumb\",\"itemListElement\":[{\"@type\":\"ListItem\",\"position\":1,\"name\":\"Portada\",\"item\":\"https:\\\/\\\/museosdealicante.com\\\/\"},{\"@type\":\"ListItem\",\"position\":2,\"name\":\"Audici\u00f3n de alumnos del Conservatorio \u00d3scar Espl\u00e1\"}]},{\"@type\":\"WebSite\",\"@id\":\"https:\\\/\\\/museosdealicante.com\\\/#website\",\"url\":\"https:\\\/\\\/museosdealicante.com\\\/\",\"name\":\"MUSEA | Museos de Alicante\",\"description\":\"Toda la oferta sobre arte, cultura y patrimonio de la ciudad, toda la actualidad de los museos de Alicante\",\"potentialAction\":[{\"@type\":\"SearchAction\",\"target\":{\"@type\":\"EntryPoint\",\"urlTemplate\":\"https:\\\/\\\/museosdealicante.com\\\/?s={search_term_string}\"},\"query-input\":{\"@type\":\"PropertyValueSpecification\",\"valueRequired\":true,\"valueName\":\"search_term_string\"}}],\"inLanguage\":\"ca\"},{\"@type\":\"Person\",\"@id\":\"https:\\\/\\\/museosdealicante.com\\\/#\\\/schema\\\/person\\\/b8e21892e9b6af60e856f31f0dce8cbd\",\"name\":\"Carolina Fuentes\",\"image\":{\"@type\":\"ImageObject\",\"inLanguage\":\"ca\",\"@id\":\"https:\\\/\\\/secure.gravatar.com\\\/avatar\\\/01f78e22536b5ffd26064d48b4b5761365a20d8fcf22b8fa03a63f307abc9dc6?s=96&d=mm&r=g\",\"url\":\"https:\\\/\\\/secure.gravatar.com\\\/avatar\\\/01f78e22536b5ffd26064d48b4b5761365a20d8fcf22b8fa03a63f307abc9dc6?s=96&d=mm&r=g\",\"contentUrl\":\"https:\\\/\\\/secure.gravatar.com\\\/avatar\\\/01f78e22536b5ffd26064d48b4b5761365a20d8fcf22b8fa03a63f307abc9dc6?s=96&d=mm&r=g\",\"caption\":\"Carolina Fuentes\"},\"url\":\"https:\\\/\\\/museosdealicante.com\\\/va\\\/author\\\/carolina-fuentes\\\/\"}]}<\/script>\n<!-- \/ Yoast SEO plugin. -->","yoast_head_json":{"title":"Audici\u00f3n de alumnos del Conservatorio \u00d3scar Espl\u00e1 - MUSEA | Museos de Alicante","robots":{"index":"index","follow":"follow","max-snippet":"max-snippet:-1","max-image-preview":"max-image-preview:large","max-video-preview":"max-video-preview:-1"},"canonical":"https:\/\/museosdealicante.com\/va\/audicion-de-alumnos-del-conservatorio-oscar-espla\/","og_locale":"ca_ES","og_type":"article","og_title":"Audici\u00f3n de alumnos del Conservatorio \u00d3scar Espl\u00e1 - MUSEA | Museos de Alicante","og_description":"Audici\u00f3n de alumnos del Conservatorio \u00d3scar Espl\u00e1 30 de enero a las 18.30 horas en la Casa de la M\u00fasica de Cigarreras, recital de canto Acceso libre hasta completar [\u2026]","og_url":"https:\/\/museosdealicante.com\/va\/audicion-de-alumnos-del-conservatorio-oscar-espla\/","og_site_name":"MUSEA | Museos de Alicante","article_published_time":"2026-01-12T12:40:32+00:00","og_image":[{"url":"https:\/\/www.alicante.es\/sites\/default\/files\/styles\/img_general_ampliada\/public\/imagenes\/202601\/cartel-csma.jpg?itok=BjQao1Eu","type":"","width":"","height":""}],"author":"Carolina Fuentes","twitter_card":"summary_large_image","twitter_misc":{"Escrit per":"Carolina Fuentes"},"schema":{"@context":"https:\/\/schema.org","@graph":[{"@type":"Article","@id":"https:\/\/museosdealicante.com\/audicion-de-alumnos-del-conservatorio-oscar-espla\/#article","isPartOf":{"@id":"https:\/\/museosdealicante.com\/audicion-de-alumnos-del-conservatorio-oscar-espla\/"},"author":{"name":"Carolina Fuentes","@id":"https:\/\/museosdealicante.com\/#\/schema\/person\/b8e21892e9b6af60e856f31f0dce8cbd"},"headline":"Audici\u00f3n de alumnos del Conservatorio \u00d3scar Espl\u00e1","datePublished":"2026-01-12T12:40:32+00:00","mainEntityOfPage":{"@id":"https:\/\/museosdealicante.com\/audicion-de-alumnos-del-conservatorio-oscar-espla\/"},"wordCount":44,"image":{"@id":"https:\/\/museosdealicante.com\/audicion-de-alumnos-del-conservatorio-oscar-espla\/#primaryimage"},"thumbnailUrl":"https:\/\/museosdealicante.com\/wp-content\/uploads\/2026\/01\/wp-header-logo-6.png","articleSection":["CIGARRERAS"],"inLanguage":"ca"},{"@type":"WebPage","@id":"https:\/\/museosdealicante.com\/audicion-de-alumnos-del-conservatorio-oscar-espla\/","url":"https:\/\/museosdealicante.com\/audicion-de-alumnos-del-conservatorio-oscar-espla\/","name":"Audici\u00f3n de alumnos del Conservatorio \u00d3scar Espl\u00e1 - MUSEA | Museos de Alicante","isPartOf":{"@id":"https:\/\/museosdealicante.com\/#website"},"primaryImageOfPage":{"@id":"https:\/\/museosdealicante.com\/audicion-de-alumnos-del-conservatorio-oscar-espla\/#primaryimage"},"image":{"@id":"https:\/\/museosdealicante.com\/audicion-de-alumnos-del-conservatorio-oscar-espla\/#primaryimage"},"thumbnailUrl":"https:\/\/museosdealicante.com\/wp-content\/uploads\/2026\/01\/wp-header-logo-6.png","datePublished":"2026-01-12T12:40:32+00:00","author":{"@id":"https:\/\/museosdealicante.com\/#\/schema\/person\/b8e21892e9b6af60e856f31f0dce8cbd"},"breadcrumb":{"@id":"https:\/\/museosdealicante.com\/audicion-de-alumnos-del-conservatorio-oscar-espla\/#breadcrumb"},"inLanguage":"ca","potentialAction":[{"@type":"ReadAction","target":["https:\/\/museosdealicante.com\/audicion-de-alumnos-del-conservatorio-oscar-espla\/"]}]},{"@type":"ImageObject","inLanguage":"ca","@id":"https:\/\/museosdealicante.com\/audicion-de-alumnos-del-conservatorio-oscar-espla\/#primaryimage","url":"https:\/\/museosdealicante.com\/wp-content\/uploads\/2026\/01\/wp-header-logo-6.png","contentUrl":"https:\/\/museosdealicante.com\/wp-content\/uploads\/2026\/01\/wp-header-logo-6.png","width":1414,"height":2000},{"@type":"BreadcrumbList","@id":"https:\/\/museosdealicante.com\/audicion-de-alumnos-del-conservatorio-oscar-espla\/#breadcrumb","itemListElement":[{"@type":"ListItem","position":1,"name":"Portada","item":"https:\/\/museosdealicante.com\/"},{"@type":"ListItem","position":2,"name":"Audici\u00f3n de alumnos del Conservatorio \u00d3scar Espl\u00e1"}]},{"@type":"WebSite","@id":"https:\/\/museosdealicante.com\/#website","url":"https:\/\/museosdealicante.com\/","name":"MUSEA | Museos de Alicante","description":"Toda la oferta sobre arte, cultura y patrimonio de la ciudad, toda la actualidad de los museos de Alicante","potentialAction":[{"@type":"SearchAction","target":{"@type":"EntryPoint","urlTemplate":"https:\/\/museosdealicante.com\/?s={search_term_string}"},"query-input":{"@type":"PropertyValueSpecification","valueRequired":true,"valueName":"search_term_string"}}],"inLanguage":"ca"},{"@type":"Person","@id":"https:\/\/museosdealicante.com\/#\/schema\/person\/b8e21892e9b6af60e856f31f0dce8cbd","name":"Carolina Fuentes","image":{"@type":"ImageObject","inLanguage":"ca","@id":"https:\/\/secure.gravatar.com\/avatar\/01f78e22536b5ffd26064d48b4b5761365a20d8fcf22b8fa03a63f307abc9dc6?s=96&d=mm&r=g","url":"https:\/\/secure.gravatar.com\/avatar\/01f78e22536b5ffd26064d48b4b5761365a20d8fcf22b8fa03a63f307abc9dc6?s=96&d=mm&r=g","contentUrl":"https:\/\/secure.gravatar.com\/avatar\/01f78e22536b5ffd26064d48b4b5761365a20d8fcf22b8fa03a63f307abc9dc6?s=96&d=mm&r=g","caption":"Carolina Fuentes"},"url":"https:\/\/museosdealicante.com\/va\/author\/carolina-fuentes\/"}]}},"_links":{"self":[{"href":"https:\/\/museosdealicante.com\/va\/wp-json\/wp\/v2\/posts\/3818","targetHints":{"allow":["GET"]}}],"collection":[{"href":"https:\/\/museosdealicante.com\/va\/wp-json\/wp\/v2\/posts"}],"about":[{"href":"https:\/\/museosdealicante.com\/va\/wp-json\/wp\/v2\/types\/post"}],"author":[{"embeddable":true,"href":"https:\/\/museosdealicante.com\/va\/wp-json\/wp\/v2\/users\/8"}],"replies":[{"embeddable":true,"href":"https:\/\/museosdealicante.com\/va\/wp-json\/wp\/v2\/comments?post=3818"}],"version-history":[{"count":0,"href":"https:\/\/museosdealicante.com\/va\/wp-json\/wp\/v2\/posts\/3818\/revisions"}],"wp:featuredmedia":[{"embeddable":true,"href":"https:\/\/museosdealicante.com\/va\/wp-json\/wp\/v2\/media\/3819"}],"wp:attachment":[{"href":"https:\/\/museosdealicante.com\/va\/wp-json\/wp\/v2\/media?parent=3818"}],"wp:term":[{"taxonomy":"category","embeddable":true,"href":"https:\/\/museosdealicante.com\/va\/wp-json\/wp\/v2\/categories?post=3818"},{"taxonomy":"post_tag","embeddable":true,"href":"https:\/\/museosdealicante.com\/va\/wp-json\/wp\/v2\/tags?post=3818"}],"curies":[{"name":"wp","href":"https:\/\/api.w.org\/{rel}","templated":true}]}}