{"id":4005,"date":"2026-04-24T16:19:36","date_gmt":"2026-04-24T16:19:36","guid":{"rendered":"https:\/\/museosdealicante.com\/enric-gonzalez-y-dario-adanti-abren-el-ciclo-la-mirada-oblicua\/"},"modified":"2026-04-24T16:19:36","modified_gmt":"2026-04-24T16:19:36","slug":"enric-gonzalez-y-dario-adanti-abren-el-ciclo-la-mirada-oblicua","status":"publish","type":"post","link":"https:\/\/museosdealicante.com\/va\/enric-gonzalez-y-dario-adanti-abren-el-ciclo-la-mirada-oblicua\/","title":{"rendered":"Enric Gonz\u00e1lez y Dar\u00edo Adanti abren el ciclo \u00abLa mirada oblicua\u00bb \u00a0"},"content":{"rendered":"<div itemprop=\"text\">\n<p>El nuevo ciclo del Instituto Alicantino de Cultura Juan Gil-Albert est\u00e1 dedicado a la conversaci\u00f3n y consta de siete encuentros con intelectuales, profesionales y expertos de diferentes sectores que buscar\u00e1n la verdad para poner sobre la mesa una de las cuestiones que m\u00e1s preocupa a la sociedad actual.<\/p>\n<p>Las sesiones de \u201cLa mirada oblicua\u201d, coordinadas por Joaqu\u00edn Manresa, ser\u00e1n complementarias, tanto por su contenido como por los perfiles de los intervinientes: periodistas especializados, analistas, ensayistas, escritores o cineastas que han demostrado durante su trayectoria que es posible encontrar y ofrecer la verdad.<\/p>\n<p>La Casa Bardin acoger\u00e1 este viernes la primera velada en la que el periodista Enric Gonz\u00e1lez y Dar\u00edo Adanti, ilustrador y animador, tratar\u00e1n cuestiones como la agenda, el rumor y el humor en los medios de comunicaci\u00f3n. Ambos orientar\u00e1n a los asistentes hacia c\u00f3mo advertir el funcionamiento del mercado de la verdad y la verdad del mercado en una sesi\u00f3n que lleva por t\u00edtulo \u201cLas buenas noticias y el mundo contempor\u00e1neo\u201d.<\/p>\n<figure class=\"wp-block-image size-large\"><img fetchpriority=\"high\" decoding=\"async\" width=\"724\" height=\"1024\" src=\"https:\/\/www.iacjuangilalbert.com\/wp-content\/uploads\/2026\/04\/Cartel-ENRIC-GONZALEZ-Y-DARIO-ADANTI-724x1024.jpg\" alt=\"\" class=\"wp-image-33174\" srcset=\"https:\/\/www.iacjuangilalbert.com\/wp-content\/uploads\/2026\/04\/Cartel-ENRIC-GONZALEZ-Y-DARIO-ADANTI-724x1024.jpg 724w, https:\/\/www.iacjuangilalbert.com\/wp-content\/uploads\/2026\/04\/Cartel-ENRIC-GONZALEZ-Y-DARIO-ADANTI-212x300.jpg 212w, https:\/\/www.iacjuangilalbert.com\/wp-content\/uploads\/2026\/04\/Cartel-ENRIC-GONZALEZ-Y-DARIO-ADANTI-768x1086.jpg 768w, https:\/\/www.iacjuangilalbert.com\/wp-content\/uploads\/2026\/04\/Cartel-ENRIC-GONZALEZ-Y-DARIO-ADANTI-1086x1536.jpg 1086w, https:\/\/www.iacjuangilalbert.com\/wp-content\/uploads\/2026\/04\/Cartel-ENRIC-GONZALEZ-Y-DARIO-ADANTI-1448x2048.jpg 1448w, https:\/\/www.iacjuangilalbert.com\/wp-content\/uploads\/2026\/04\/Cartel-ENRIC-GONZALEZ-Y-DARIO-ADANTI-scaled.jpg 1810w\" sizes=\"(max-width: 724px) 100vw, 724px\"\/><\/figure>\n<p>Enric Gonz\u00e1lez cuenta con una amplia trayectoria como colaborador de <em>El Mundo<\/em>, <em>Jot Down<\/em>, la Cadena SER y como corresponsal internacional de <em>El Pa\u00eds<\/em> en Washington, Nueva York, Par\u00eds, Londres y Buenos Aires. \u00a0Por su parte, el argentino Adanti es uno de los creadores de la revista sat\u00edrica <em>Mongolia<\/em> y ha publicado en <em>El Pa\u00eds<\/em>, <em>P\u00fablico<\/em> y <em>El Jueves<\/em>. Es creador de personajes como El Ni\u00f1os Dios o El Hombre Gato, y autor, junto a Jordi Costas, de <em>Mis problemas con Amen\u00e1bar<\/em> y <em>Vida mostrenca<\/em>.\u00a0<\/p>\n<p>Bajo el t\u00edtulo \u201cUn paseo con Azcona\u201d, la segunda sesi\u00f3n tendr\u00e1 lugar el lunes 27 de abril con V\u00edctor Garc\u00eda Le\u00f3n director y adaptador al cine de obras de Rafael Azcona y Bernardo S\u00e1nchez Salas, el guionista y experto en su figura. Este encuentro conmemorar\u00e1 el centenario del nacimiento de este inigualable escritor.<\/p>\n<figure class=\"wp-block-image size-large\"><img loading=\"lazy\" decoding=\"async\" width=\"724\" height=\"1024\" src=\"https:\/\/www.iacjuangilalbert.com\/wp-content\/uploads\/2026\/04\/Cartel_Un-paseo-con-Azcona-1-724x1024.jpg\" alt=\"\" class=\"wp-image-33179\" srcset=\"https:\/\/www.iacjuangilalbert.com\/wp-content\/uploads\/2026\/04\/Cartel_Un-paseo-con-Azcona-1-724x1024.jpg 724w, https:\/\/www.iacjuangilalbert.com\/wp-content\/uploads\/2026\/04\/Cartel_Un-paseo-con-Azcona-1-212x300.jpg 212w, https:\/\/www.iacjuangilalbert.com\/wp-content\/uploads\/2026\/04\/Cartel_Un-paseo-con-Azcona-1-768x1086.jpg 768w, https:\/\/www.iacjuangilalbert.com\/wp-content\/uploads\/2026\/04\/Cartel_Un-paseo-con-Azcona-1-1086x1536.jpg 1086w, https:\/\/www.iacjuangilalbert.com\/wp-content\/uploads\/2026\/04\/Cartel_Un-paseo-con-Azcona-1-1448x2048.jpg 1448w, https:\/\/www.iacjuangilalbert.com\/wp-content\/uploads\/2026\/04\/Cartel_Un-paseo-con-Azcona-1-scaled.jpg 1810w\" sizes=\"auto, (max-width: 724px) 100vw, 724px\"\/><\/figure>\n<p>Garc\u00eda Le\u00f3n cuenta en su haber con pel\u00edculas de la talla de <em>M\u00e1s pena que Gloria<\/em>,<em>Vete de m\u00ed<\/em>, <em>Selfie,<\/em> <em>Los europeos<\/em>, basada en la novela de Azcona, o <em>Altas capacidades<\/em>, estrenada en marzo, as\u00ed como con conocidas series como <em>Los hombres de Paco<\/em> y <em>Animal<\/em>. Profesor, ensayista y dramaturgo, S\u00e1nchez Salas es autor de <em>Rafael Azcona. Otra vuelta en El cochecito<\/em> (1991), <em>Del cinemat\u00f3grafo al cinemascope<\/em> (1991), <em>100 a\u00f1os luz. El tiempo del cinemat\u00f3grafo en La Rioja<\/em> (1r 995), el estudio\u00a0<em>Rafael Azcona. Hablar el guion<\/em>\u00a0(2006) y el ensayo\u00a0<em>El cine del vino<\/em>\u00a0(2006), entre otros.<\/p>\n<p>Remedios Zafra y Javier Echeverr\u00eda protagonizar\u00e1n la \u00faltima de las tres sesiones programadas hasta el momento, \u201cLos gigantes tecnol\u00f3gicos y los peque\u00f1os humanos\u201d, el jueves, 14 de mayo. Echeverr\u00eda trabaja en la Fundaci\u00f3n Vasca de la Ciencia. Gan\u00f3 el premio Anagrama con\u00a0<em>Tel\u00e9polis<\/em>, un libro que dar\u00eda lugar a una trilog\u00eda cuya segunda entrega es\u00a0<em>Cosmopolitas dom\u00e9sticos.\u00a0<\/em>La tercera parte,\u00a0<em>Los Se\u00f1ores del Aire: Tel\u00e9polis y el Tercer Entorno<\/em>, fue galardonada con el Premio Nacional de Ensayo. <\/p>\n<p>Recientemente se ha presentado la segunda edici\u00f3n de\u00a0<em>Tecnopersonas. C\u00f3mo nos transforman las tecnolog\u00edas. <\/em>Zafraes escritora, profesora universitaria e investigadora del Instituto de Filosof\u00eda del Consejo Superior de Investigaciones Cient\u00edficas, ganadora del Premio Nacional de Ensayo 2025 por <em>El informe. Trabajo intelectual y tristeza burocr\u00e1tica<\/em> (Anagrama).<\/p>\n<\/p><\/div>\n<p><a href=\"https:\/\/www.iacjuangilalbert.com\/enric-gonzalez-y-dario-adanti-abren-el-ciclo-la-mirada-oblicua\/\">source<\/a><\/p>","protected":false},"excerpt":{"rendered":"<p>El nuevo ciclo del Instituto Alicantino de Cultura Juan Gil-Albert est\u00e1 dedicado a la conversaci\u00f3n y consta de siete encuentros con intelectuales, profesionales y expertos de diferentes sectores que<span class=\"excerpt-hellip\"> [\u2026]<\/span><\/p>\n","protected":false},"author":9,"featured_media":4006,"comment_status":"","ping_status":"","sticky":false,"template":"","format":"standard","meta":{"_price":"","_stock":"","_tribe_ticket_header":"","_tribe_default_ticket_provider":"","_tribe_ticket_capacity":"","_ticket_start_date":"","_ticket_end_date":"","_tribe_ticket_show_description":"","_tribe_ticket_show_not_going":false,"_tribe_ticket_use_global_stock":"","_tribe_ticket_global_stock_level":"","_global_stock_mode":"","_global_stock_cap":"","_tribe_rsvp_for_event":"","_tribe_ticket_going_count":"","_tribe_ticket_not_going_count":"","_tribe_tickets_list":"[]","_tribe_ticket_has_attendee_info_fields":false,"footnotes":""},"categories":[17],"tags":[],"class_list":["post-4005","post","type-post","status-publish","format-standard","has-post-thumbnail","hentry","category-gil-albert"],"yoast_head":"<!-- This site is optimized with the Yoast SEO plugin v27.3 - https:\/\/yoast.com\/product\/yoast-seo-wordpress\/ -->\n<title>Enric Gonz\u00e1lez y Dar\u00edo Adanti abren el ciclo \u00abLa mirada oblicua\u00bb \u00a0 - MUSEA | Museos de Alicante<\/title>\n<meta name=\"robots\" content=\"index, follow, max-snippet:-1, max-image-preview:large, max-video-preview:-1\" \/>\n<link rel=\"canonical\" href=\"https:\/\/museosdealicante.com\/va\/enric-gonzalez-y-dario-adanti-abren-el-ciclo-la-mirada-oblicua\/\" \/>\n<meta property=\"og:locale\" content=\"ca_ES\" \/>\n<meta property=\"og:type\" content=\"article\" \/>\n<meta property=\"og:title\" content=\"Enric Gonz\u00e1lez y Dar\u00edo Adanti abren el ciclo \u00abLa mirada oblicua\u00bb \u00a0 - MUSEA | Museos de Alicante\" \/>\n<meta property=\"og:description\" content=\"El nuevo ciclo del Instituto Alicantino de Cultura Juan Gil-Albert est\u00e1 dedicado a la conversaci\u00f3n y consta de siete encuentros con intelectuales, profesionales y expertos de diferentes sectores que [\u2026]\" \/>\n<meta property=\"og:url\" content=\"https:\/\/museosdealicante.com\/va\/enric-gonzalez-y-dario-adanti-abren-el-ciclo-la-mirada-oblicua\/\" \/>\n<meta property=\"og:site_name\" content=\"MUSEA | Museos de Alicante\" \/>\n<meta property=\"article:published_time\" content=\"2026-04-24T16:19:36+00:00\" \/>\n<meta name=\"author\" content=\"Pilar Tebar\" \/>\n<meta name=\"twitter:card\" content=\"summary_large_image\" \/>\n<meta name=\"twitter:label1\" content=\"Escrit per\" \/>\n\t<meta name=\"twitter:data1\" content=\"Pilar Tebar\" \/>\n\t<meta name=\"twitter:label2\" content=\"Temps estimat de lectura\" \/>\n\t<meta name=\"twitter:data2\" content=\"3 minuts\" \/>\n<script type=\"application\/ld+json\" class=\"yoast-schema-graph\">{\"@context\":\"https:\\\/\\\/schema.org\",\"@graph\":[{\"@type\":\"Article\",\"@id\":\"https:\\\/\\\/museosdealicante.com\\\/enric-gonzalez-y-dario-adanti-abren-el-ciclo-la-mirada-oblicua\\\/#article\",\"isPartOf\":{\"@id\":\"https:\\\/\\\/museosdealicante.com\\\/enric-gonzalez-y-dario-adanti-abren-el-ciclo-la-mirada-oblicua\\\/\"},\"author\":{\"name\":\"Pilar Tebar\",\"@id\":\"https:\\\/\\\/museosdealicante.com\\\/#\\\/schema\\\/person\\\/3fb92bf572e2598233a6ad31f9fc2c00\"},\"headline\":\"Enric Gonz\u00e1lez y Dar\u00edo Adanti abren el ciclo \u00abLa mirada oblicua\u00bb \u00a0\",\"datePublished\":\"2026-04-24T16:19:36+00:00\",\"mainEntityOfPage\":{\"@id\":\"https:\\\/\\\/museosdealicante.com\\\/enric-gonzalez-y-dario-adanti-abren-el-ciclo-la-mirada-oblicua\\\/\"},\"wordCount\":581,\"image\":{\"@id\":\"https:\\\/\\\/museosdealicante.com\\\/enric-gonzalez-y-dario-adanti-abren-el-ciclo-la-mirada-oblicua\\\/#primaryimage\"},\"thumbnailUrl\":\"https:\\\/\\\/museosdealicante.com\\\/wp-content\\\/uploads\\\/2026\\\/04\\\/wp-header-logo-23.png\",\"articleSection\":[\"GIL ALBERT\"],\"inLanguage\":\"ca\"},{\"@type\":\"WebPage\",\"@id\":\"https:\\\/\\\/museosdealicante.com\\\/enric-gonzalez-y-dario-adanti-abren-el-ciclo-la-mirada-oblicua\\\/\",\"url\":\"https:\\\/\\\/museosdealicante.com\\\/enric-gonzalez-y-dario-adanti-abren-el-ciclo-la-mirada-oblicua\\\/\",\"name\":\"Enric Gonz\u00e1lez y Dar\u00edo Adanti abren el ciclo \u00abLa mirada oblicua\u00bb \u00a0 - MUSEA | Museos de Alicante\",\"isPartOf\":{\"@id\":\"https:\\\/\\\/museosdealicante.com\\\/#website\"},\"primaryImageOfPage\":{\"@id\":\"https:\\\/\\\/museosdealicante.com\\\/enric-gonzalez-y-dario-adanti-abren-el-ciclo-la-mirada-oblicua\\\/#primaryimage\"},\"image\":{\"@id\":\"https:\\\/\\\/museosdealicante.com\\\/enric-gonzalez-y-dario-adanti-abren-el-ciclo-la-mirada-oblicua\\\/#primaryimage\"},\"thumbnailUrl\":\"https:\\\/\\\/museosdealicante.com\\\/wp-content\\\/uploads\\\/2026\\\/04\\\/wp-header-logo-23.png\",\"datePublished\":\"2026-04-24T16:19:36+00:00\",\"author\":{\"@id\":\"https:\\\/\\\/museosdealicante.com\\\/#\\\/schema\\\/person\\\/3fb92bf572e2598233a6ad31f9fc2c00\"},\"breadcrumb\":{\"@id\":\"https:\\\/\\\/museosdealicante.com\\\/enric-gonzalez-y-dario-adanti-abren-el-ciclo-la-mirada-oblicua\\\/#breadcrumb\"},\"inLanguage\":\"ca\",\"potentialAction\":[{\"@type\":\"ReadAction\",\"target\":[\"https:\\\/\\\/museosdealicante.com\\\/enric-gonzalez-y-dario-adanti-abren-el-ciclo-la-mirada-oblicua\\\/\"]}]},{\"@type\":\"ImageObject\",\"inLanguage\":\"ca\",\"@id\":\"https:\\\/\\\/museosdealicante.com\\\/enric-gonzalez-y-dario-adanti-abren-el-ciclo-la-mirada-oblicua\\\/#primaryimage\",\"url\":\"https:\\\/\\\/museosdealicante.com\\\/wp-content\\\/uploads\\\/2026\\\/04\\\/wp-header-logo-23.png\",\"contentUrl\":\"https:\\\/\\\/museosdealicante.com\\\/wp-content\\\/uploads\\\/2026\\\/04\\\/wp-header-logo-23.png\",\"width\":724,\"height\":1024},{\"@type\":\"BreadcrumbList\",\"@id\":\"https:\\\/\\\/museosdealicante.com\\\/enric-gonzalez-y-dario-adanti-abren-el-ciclo-la-mirada-oblicua\\\/#breadcrumb\",\"itemListElement\":[{\"@type\":\"ListItem\",\"position\":1,\"name\":\"Portada\",\"item\":\"https:\\\/\\\/museosdealicante.com\\\/\"},{\"@type\":\"ListItem\",\"position\":2,\"name\":\"Enric Gonz\u00e1lez y Dar\u00edo Adanti abren el ciclo \u00abLa mirada oblicua\u00bb \u00a0\"}]},{\"@type\":\"WebSite\",\"@id\":\"https:\\\/\\\/museosdealicante.com\\\/#website\",\"url\":\"https:\\\/\\\/museosdealicante.com\\\/\",\"name\":\"MUSEA | Museos de Alicante\",\"description\":\"Toda la oferta sobre arte, cultura y patrimonio de la ciudad, toda la actualidad de los museos de Alicante\",\"potentialAction\":[{\"@type\":\"SearchAction\",\"target\":{\"@type\":\"EntryPoint\",\"urlTemplate\":\"https:\\\/\\\/museosdealicante.com\\\/?s={search_term_string}\"},\"query-input\":{\"@type\":\"PropertyValueSpecification\",\"valueRequired\":true,\"valueName\":\"search_term_string\"}}],\"inLanguage\":\"ca\"},{\"@type\":\"Person\",\"@id\":\"https:\\\/\\\/museosdealicante.com\\\/#\\\/schema\\\/person\\\/3fb92bf572e2598233a6ad31f9fc2c00\",\"name\":\"Pilar Tebar\",\"image\":{\"@type\":\"ImageObject\",\"inLanguage\":\"ca\",\"@id\":\"https:\\\/\\\/secure.gravatar.com\\\/avatar\\\/cf6c6d37d11ded37d2e5bcb1f0c5c044360a6a33d1ff72ba0f0fe8d74e7e0cc3?s=96&d=mm&r=g\",\"url\":\"https:\\\/\\\/secure.gravatar.com\\\/avatar\\\/cf6c6d37d11ded37d2e5bcb1f0c5c044360a6a33d1ff72ba0f0fe8d74e7e0cc3?s=96&d=mm&r=g\",\"contentUrl\":\"https:\\\/\\\/secure.gravatar.com\\\/avatar\\\/cf6c6d37d11ded37d2e5bcb1f0c5c044360a6a33d1ff72ba0f0fe8d74e7e0cc3?s=96&d=mm&r=g\",\"caption\":\"Pilar Tebar\"},\"url\":\"https:\\\/\\\/museosdealicante.com\\\/va\\\/author\\\/pilar-tebar\\\/\"}]}<\/script>\n<!-- \/ Yoast SEO plugin. -->","yoast_head_json":{"title":"Enric Gonz\u00e1lez y Dar\u00edo Adanti abren el ciclo \u00abLa mirada oblicua\u00bb \u00a0 - MUSEA | Museos de Alicante","robots":{"index":"index","follow":"follow","max-snippet":"max-snippet:-1","max-image-preview":"max-image-preview:large","max-video-preview":"max-video-preview:-1"},"canonical":"https:\/\/museosdealicante.com\/va\/enric-gonzalez-y-dario-adanti-abren-el-ciclo-la-mirada-oblicua\/","og_locale":"ca_ES","og_type":"article","og_title":"Enric Gonz\u00e1lez y Dar\u00edo Adanti abren el ciclo \u00abLa mirada oblicua\u00bb \u00a0 - MUSEA | Museos de Alicante","og_description":"El nuevo ciclo del Instituto Alicantino de Cultura Juan Gil-Albert est\u00e1 dedicado a la conversaci\u00f3n y consta de siete encuentros con intelectuales, profesionales y expertos de diferentes sectores que [\u2026]","og_url":"https:\/\/museosdealicante.com\/va\/enric-gonzalez-y-dario-adanti-abren-el-ciclo-la-mirada-oblicua\/","og_site_name":"MUSEA | Museos de Alicante","article_published_time":"2026-04-24T16:19:36+00:00","author":"Pilar Tebar","twitter_card":"summary_large_image","twitter_misc":{"Escrit per":"Pilar Tebar","Temps estimat de lectura":"3 minuts"},"schema":{"@context":"https:\/\/schema.org","@graph":[{"@type":"Article","@id":"https:\/\/museosdealicante.com\/enric-gonzalez-y-dario-adanti-abren-el-ciclo-la-mirada-oblicua\/#article","isPartOf":{"@id":"https:\/\/museosdealicante.com\/enric-gonzalez-y-dario-adanti-abren-el-ciclo-la-mirada-oblicua\/"},"author":{"name":"Pilar Tebar","@id":"https:\/\/museosdealicante.com\/#\/schema\/person\/3fb92bf572e2598233a6ad31f9fc2c00"},"headline":"Enric Gonz\u00e1lez y Dar\u00edo Adanti abren el ciclo \u00abLa mirada oblicua\u00bb \u00a0","datePublished":"2026-04-24T16:19:36+00:00","mainEntityOfPage":{"@id":"https:\/\/museosdealicante.com\/enric-gonzalez-y-dario-adanti-abren-el-ciclo-la-mirada-oblicua\/"},"wordCount":581,"image":{"@id":"https:\/\/museosdealicante.com\/enric-gonzalez-y-dario-adanti-abren-el-ciclo-la-mirada-oblicua\/#primaryimage"},"thumbnailUrl":"https:\/\/museosdealicante.com\/wp-content\/uploads\/2026\/04\/wp-header-logo-23.png","articleSection":["GIL ALBERT"],"inLanguage":"ca"},{"@type":"WebPage","@id":"https:\/\/museosdealicante.com\/enric-gonzalez-y-dario-adanti-abren-el-ciclo-la-mirada-oblicua\/","url":"https:\/\/museosdealicante.com\/enric-gonzalez-y-dario-adanti-abren-el-ciclo-la-mirada-oblicua\/","name":"Enric Gonz\u00e1lez y Dar\u00edo Adanti abren el ciclo \u00abLa mirada oblicua\u00bb \u00a0 - MUSEA | Museos de Alicante","isPartOf":{"@id":"https:\/\/museosdealicante.com\/#website"},"primaryImageOfPage":{"@id":"https:\/\/museosdealicante.com\/enric-gonzalez-y-dario-adanti-abren-el-ciclo-la-mirada-oblicua\/#primaryimage"},"image":{"@id":"https:\/\/museosdealicante.com\/enric-gonzalez-y-dario-adanti-abren-el-ciclo-la-mirada-oblicua\/#primaryimage"},"thumbnailUrl":"https:\/\/museosdealicante.com\/wp-content\/uploads\/2026\/04\/wp-header-logo-23.png","datePublished":"2026-04-24T16:19:36+00:00","author":{"@id":"https:\/\/museosdealicante.com\/#\/schema\/person\/3fb92bf572e2598233a6ad31f9fc2c00"},"breadcrumb":{"@id":"https:\/\/museosdealicante.com\/enric-gonzalez-y-dario-adanti-abren-el-ciclo-la-mirada-oblicua\/#breadcrumb"},"inLanguage":"ca","potentialAction":[{"@type":"ReadAction","target":["https:\/\/museosdealicante.com\/enric-gonzalez-y-dario-adanti-abren-el-ciclo-la-mirada-oblicua\/"]}]},{"@type":"ImageObject","inLanguage":"ca","@id":"https:\/\/museosdealicante.com\/enric-gonzalez-y-dario-adanti-abren-el-ciclo-la-mirada-oblicua\/#primaryimage","url":"https:\/\/museosdealicante.com\/wp-content\/uploads\/2026\/04\/wp-header-logo-23.png","contentUrl":"https:\/\/museosdealicante.com\/wp-content\/uploads\/2026\/04\/wp-header-logo-23.png","width":724,"height":1024},{"@type":"BreadcrumbList","@id":"https:\/\/museosdealicante.com\/enric-gonzalez-y-dario-adanti-abren-el-ciclo-la-mirada-oblicua\/#breadcrumb","itemListElement":[{"@type":"ListItem","position":1,"name":"Portada","item":"https:\/\/museosdealicante.com\/"},{"@type":"ListItem","position":2,"name":"Enric Gonz\u00e1lez y Dar\u00edo Adanti abren el ciclo \u00abLa mirada oblicua\u00bb \u00a0"}]},{"@type":"WebSite","@id":"https:\/\/museosdealicante.com\/#website","url":"https:\/\/museosdealicante.com\/","name":"MUSEA | Museos de Alicante","description":"Toda la oferta sobre arte, cultura y patrimonio de la ciudad, toda la actualidad de los museos de Alicante","potentialAction":[{"@type":"SearchAction","target":{"@type":"EntryPoint","urlTemplate":"https:\/\/museosdealicante.com\/?s={search_term_string}"},"query-input":{"@type":"PropertyValueSpecification","valueRequired":true,"valueName":"search_term_string"}}],"inLanguage":"ca"},{"@type":"Person","@id":"https:\/\/museosdealicante.com\/#\/schema\/person\/3fb92bf572e2598233a6ad31f9fc2c00","name":"Pilar Tebar","image":{"@type":"ImageObject","inLanguage":"ca","@id":"https:\/\/secure.gravatar.com\/avatar\/cf6c6d37d11ded37d2e5bcb1f0c5c044360a6a33d1ff72ba0f0fe8d74e7e0cc3?s=96&d=mm&r=g","url":"https:\/\/secure.gravatar.com\/avatar\/cf6c6d37d11ded37d2e5bcb1f0c5c044360a6a33d1ff72ba0f0fe8d74e7e0cc3?s=96&d=mm&r=g","contentUrl":"https:\/\/secure.gravatar.com\/avatar\/cf6c6d37d11ded37d2e5bcb1f0c5c044360a6a33d1ff72ba0f0fe8d74e7e0cc3?s=96&d=mm&r=g","caption":"Pilar Tebar"},"url":"https:\/\/museosdealicante.com\/va\/author\/pilar-tebar\/"}]}},"_links":{"self":[{"href":"https:\/\/museosdealicante.com\/va\/wp-json\/wp\/v2\/posts\/4005","targetHints":{"allow":["GET"]}}],"collection":[{"href":"https:\/\/museosdealicante.com\/va\/wp-json\/wp\/v2\/posts"}],"about":[{"href":"https:\/\/museosdealicante.com\/va\/wp-json\/wp\/v2\/types\/post"}],"author":[{"embeddable":true,"href":"https:\/\/museosdealicante.com\/va\/wp-json\/wp\/v2\/users\/9"}],"replies":[{"embeddable":true,"href":"https:\/\/museosdealicante.com\/va\/wp-json\/wp\/v2\/comments?post=4005"}],"version-history":[{"count":0,"href":"https:\/\/museosdealicante.com\/va\/wp-json\/wp\/v2\/posts\/4005\/revisions"}],"wp:featuredmedia":[{"embeddable":true,"href":"https:\/\/museosdealicante.com\/va\/wp-json\/wp\/v2\/media\/4006"}],"wp:attachment":[{"href":"https:\/\/museosdealicante.com\/va\/wp-json\/wp\/v2\/media?parent=4005"}],"wp:term":[{"taxonomy":"category","embeddable":true,"href":"https:\/\/museosdealicante.com\/va\/wp-json\/wp\/v2\/categories?post=4005"},{"taxonomy":"post_tag","embeddable":true,"href":"https:\/\/museosdealicante.com\/va\/wp-json\/wp\/v2\/tags?post=4005"}],"curies":[{"name":"wp","href":"https:\/\/api.w.org\/{rel}","templated":true}]}}