{"id":4007,"date":"2026-04-27T11:40:56","date_gmt":"2026-04-27T11:40:56","guid":{"rendered":"https:\/\/museosdealicante.com\/iii-convocatoria-de-las-residencias-de-investigacion-en-artes-escenicas-petricor-2026\/"},"modified":"2026-04-27T11:40:56","modified_gmt":"2026-04-27T11:40:56","slug":"iii-convocatoria-de-las-residencias-de-investigacion-en-artes-escenicas-petricor-2026","status":"publish","type":"post","link":"https:\/\/museosdealicante.com\/va\/iii-convocatoria-de-las-residencias-de-investigacion-en-artes-escenicas-petricor-2026\/","title":{"rendered":"III CONVOCATORIA DE LAS RESIDENCIAS DE INVESTIGACI\u00d3N EN ARTES ESC\u00c9NICAS PETRICOR 2026"},"content":{"rendered":"<div itemprop=\"text\">\n<figure class=\"wp-block-image size-large\"><img fetchpriority=\"high\" decoding=\"async\" width=\"1024\" height=\"683\" src=\"https:\/\/www.iacjuangilalbert.com\/wp-content\/uploads\/2026\/04\/ahmad-odeh-JhqhGfX_Wd8-unsplash-1024x683.jpg\" alt=\"\" class=\"wp-image-33183\" style=\"aspect-ratio:1;object-fit:cover\" srcset=\"https:\/\/www.iacjuangilalbert.com\/wp-content\/uploads\/2026\/04\/ahmad-odeh-JhqhGfX_Wd8-unsplash-1024x683.jpg 1024w, https:\/\/www.iacjuangilalbert.com\/wp-content\/uploads\/2026\/04\/ahmad-odeh-JhqhGfX_Wd8-unsplash-300x200.jpg 300w, https:\/\/www.iacjuangilalbert.com\/wp-content\/uploads\/2026\/04\/ahmad-odeh-JhqhGfX_Wd8-unsplash-768x512.jpg 768w, https:\/\/www.iacjuangilalbert.com\/wp-content\/uploads\/2026\/04\/ahmad-odeh-JhqhGfX_Wd8-unsplash-391x260.jpg 391w, https:\/\/www.iacjuangilalbert.com\/wp-content\/uploads\/2026\/04\/ahmad-odeh-JhqhGfX_Wd8-unsplash-1536x1024.jpg 1536w, https:\/\/www.iacjuangilalbert.com\/wp-content\/uploads\/2026\/04\/ahmad-odeh-JhqhGfX_Wd8-unsplash-2048x1365.jpg 2048w\" sizes=\"(max-width: 1024px) 100vw, 1024px\"\/><\/figure>\n<p class=\"has-text-align-center\"><strong><span style=\"font-size: 14pt;\">Per\u00edodo de inscripci\u00f3n abierto hasta e<\/span>l 8 junio de 2026<\/strong><\/p>\n<p>El Instituto Alicantino de Cultura Juan Gil-Albert ha lanzado la III edici\u00f3n del concurso Residencias de Investigaci\u00f3n en Artes Esc\u00e9nicas Petricor 2026, una iniciativa orientada a impulsar la investigaci\u00f3n y la creaci\u00f3n en el \u00e1mbito esc\u00e9nico dentro de la provincia de Alicante. Esta convocatoria se enmarca en los fines institucionales del organismo, entre los que destaca la promoci\u00f3n y el apoyo a trabajos de investigaci\u00f3n y actividades de car\u00e1cter art\u00edstico, gr\u00e1fico, pl\u00e1stico y de dise\u00f1o en todas sus manifestaciones. En este contexto, la subdirecci\u00f3n de Artes Esc\u00e9nicas, integrada en el departamento de Arte y Comunicaci\u00f3n Visual Eusebio Sempere, refuerza su compromiso con el desarrollo del sector.<\/p>\n<p>Los proyectos de investigaci\u00f3n se ejecutar\u00e1n exclusivamente por 2 grupos de investigadores, a trav\u00e9s de una residencia art\u00edstica de 15 d\u00edas que se desarrollar\u00e1 en esta edici\u00f3n en las instalaciones del Centro de Investigaci\u00f3n Mar\u00edtima de Santa Pola (CIMAR), sede de la Universidad de Alicante para la investigaci\u00f3n y difusi\u00f3n del medio mar\u00edtimo y litoral.<\/p>\n<p>El marco tem\u00e1tico de la convocatoria y, por tanto, de los proyectos de investigaci\u00f3n que se presenten, est\u00e1 vinculado a cuestiones relacionadas con la protecci\u00f3n y valorizaci\u00f3n del medio ambiente y del patrimonio hist\u00f3rico-art\u00edstico y antropol\u00f3gico de la provincia de Alicante, en los t\u00e9rminos y objetivos planteados en la Agenda 2030 para el desarrollo sostenible. Tambi\u00e9n se tendr\u00e1n en cuenta aquellos aspectos particulares que ahonden en la etnograf\u00eda o en los valores naturales del entorno.<\/p>\n<p><span style=\"font-size: 12pt;\">La fecha para realizar esta residencia de investigaci\u00f3n comprende el siguiente per\u00edodo: <strong>del lunes 21 de septiembre al lunes 5 de octubre.<\/strong><\/span><\/p>\n<p class=\"has-text-align-center\"><span style=\"font-size: 14pt;\"><strong><a href=\"https:\/\/iacjuangilalbert.sedelectronica.es\/info.0\">Acceso a la sede electr\u00f3nica del IAC Juan Gil-Albert<\/a><\/strong><\/span><\/p>\n<p><strong><span style=\"font-size: 14pt;\">Descargas<\/span><\/strong><\/p>\n<p class=\"has-text-align-center\"><span style=\"font-size: 14pt;\"><strong><a href=\"https:\/\/iacjuangilalbert.sedelectronica.es\/info.0\">Acceso a la sede electr\u00f3nica del IAC Juan Gil-Albert<\/a><\/strong><\/span><\/p>\n<p><span style=\"font-size: 14pt;\"><strong>Presentaci\u00f3n de solicitudes<\/strong><\/span><\/p>\n<p><span style=\"font-size: 12pt;\">Las solicitudes de participaci\u00f3n se presentar\u00e1n de forma telem\u00e1tica o presencial.<\/span><\/p>\n<p><span style=\"font-size: 12pt;\">Se aconseja el uso del navegador Google Chrome o Firefox. A tal efecto, es necesario estar registrado para el uso de sistema de identificaci\u00f3n y firma electr\u00f3nica Cl@ve o, poseer un certificado digital de firma electr\u00f3nica o DNI.<\/span><\/p>\n<p><span style=\"font-size: 12pt;\">\u00a0La presentaci\u00f3n de la <u>solicitud <\/u>deber\u00e1 realizarse a trav\u00e9s de la sede electr\u00f3nica del Instituto (<a href=\"https:\/\/iacjuangilalbert.sedeelectronica.es\">https:\/\/iacjuangilalbert.sedeelectronica.es<\/a>) utilizando el modelo normalizado de solicitud que figura en el apartado \u201ctramitaci\u00f3n electr\u00f3nica\u201d de la convocatoria de referencia, <u>que ir\u00e1 acompa\u00f1ada de la documentaci\u00f3n requerida en la Base segunda.<\/u><\/span><\/p>\n<p><span style=\"font-size: 12pt;\"><u>Presentaci\u00f3n presencial:<\/u><\/span><\/p>\n<p><span style=\"font-size: 12pt;\">En el Registro General del Instituto Alicantino de Cultura Juan Gil-Albert, C\/ San Fernando 44, 03001 de Alicante, en horario de lunes a viernes, de 9 a 14 horas, o en cualquiera de los lugares previstos en el art. 16.4 de la Ley 39\/2015, de 1 de octubre, del Procedimiento Administrativo Com\u00fan de las Administraciones P\u00fablicas, \u00a0utilizando el modelo de <u>solicitud<\/u> que figura en la direcci\u00f3n <a href=\"https:\/\/www.iacjuangilalbert.com\">www.iacjuangilalbert.com<\/a>, apartado de la convocatoria de referencia, <u>que ir\u00e1 acompa\u00f1ada de la documentaci\u00f3n requerida en la Base segunda.<\/u><\/span><\/p>\n<p class=\"has-text-align-center\"><span style=\"font-size: 14pt;\"><strong><a href=\"https:\/\/iacjuangilalbert.sedelectronica.es\/info.0\">Acceso a la sede electr\u00f3nica del IAC Juan Gil-Albert<\/a><\/strong><\/span><\/p>\n<\/p><\/div>\n<p><a href=\"https:\/\/www.iacjuangilalbert.com\/iii-convocatoria-de-las-residencias-de-investigacion-en-artes-escenicas-petricor-2026\/\">source<\/a><\/p>","protected":false},"excerpt":{"rendered":"<p>Per\u00edodo de inscripci\u00f3n abierto hasta el 8 junio de 2026 El Instituto Alicantino de Cultura Juan Gil-Albert ha lanzado la III edici\u00f3n del concurso Residencias de Investigaci\u00f3n en Artes<span class=\"excerpt-hellip\"> [\u2026]<\/span><\/p>\n","protected":false},"author":9,"featured_media":4008,"comment_status":"","ping_status":"","sticky":false,"template":"","format":"standard","meta":{"_price":"","_stock":"","_tribe_ticket_header":"","_tribe_default_ticket_provider":"","_tribe_ticket_capacity":"","_ticket_start_date":"","_ticket_end_date":"","_tribe_ticket_show_description":"","_tribe_ticket_show_not_going":false,"_tribe_ticket_use_global_stock":"","_tribe_ticket_global_stock_level":"","_global_stock_mode":"","_global_stock_cap":"","_tribe_rsvp_for_event":"","_tribe_ticket_going_count":"","_tribe_ticket_not_going_count":"","_tribe_tickets_list":"[]","_tribe_ticket_has_attendee_info_fields":false,"footnotes":""},"categories":[17],"tags":[],"class_list":["post-4007","post","type-post","status-publish","format-standard","has-post-thumbnail","hentry","category-gil-albert"],"yoast_head":"<!-- This site is optimized with the Yoast SEO plugin v27.3 - https:\/\/yoast.com\/product\/yoast-seo-wordpress\/ -->\n<title>III CONVOCATORIA DE LAS RESIDENCIAS DE INVESTIGACI\u00d3N EN ARTES ESC\u00c9NICAS PETRICOR 2026 - MUSEA | Museos de Alicante<\/title>\n<meta name=\"robots\" content=\"index, follow, max-snippet:-1, max-image-preview:large, max-video-preview:-1\" \/>\n<link rel=\"canonical\" href=\"https:\/\/museosdealicante.com\/va\/iii-convocatoria-de-las-residencias-de-investigacion-en-artes-escenicas-petricor-2026\/\" \/>\n<meta property=\"og:locale\" content=\"ca_ES\" \/>\n<meta property=\"og:type\" content=\"article\" \/>\n<meta property=\"og:title\" content=\"III CONVOCATORIA DE LAS RESIDENCIAS DE INVESTIGACI\u00d3N EN ARTES ESC\u00c9NICAS PETRICOR 2026 - MUSEA | Museos de Alicante\" \/>\n<meta property=\"og:description\" content=\"Per\u00edodo de inscripci\u00f3n abierto hasta el 8 junio de 2026 El Instituto Alicantino de Cultura Juan Gil-Albert ha lanzado la III edici\u00f3n del concurso Residencias de Investigaci\u00f3n en Artes [\u2026]\" \/>\n<meta property=\"og:url\" content=\"https:\/\/museosdealicante.com\/va\/iii-convocatoria-de-las-residencias-de-investigacion-en-artes-escenicas-petricor-2026\/\" \/>\n<meta property=\"og:site_name\" content=\"MUSEA | Museos de Alicante\" \/>\n<meta property=\"article:published_time\" content=\"2026-04-27T11:40:56+00:00\" \/>\n<meta name=\"author\" content=\"Pilar Tebar\" \/>\n<meta name=\"twitter:card\" content=\"summary_large_image\" \/>\n<meta name=\"twitter:label1\" content=\"Escrit per\" \/>\n\t<meta name=\"twitter:data1\" content=\"Pilar Tebar\" \/>\n\t<meta name=\"twitter:label2\" content=\"Temps estimat de lectura\" \/>\n\t<meta name=\"twitter:data2\" content=\"3 minuts\" \/>\n<script type=\"application\/ld+json\" class=\"yoast-schema-graph\">{\"@context\":\"https:\\\/\\\/schema.org\",\"@graph\":[{\"@type\":\"Article\",\"@id\":\"https:\\\/\\\/museosdealicante.com\\\/iii-convocatoria-de-las-residencias-de-investigacion-en-artes-escenicas-petricor-2026\\\/#article\",\"isPartOf\":{\"@id\":\"https:\\\/\\\/museosdealicante.com\\\/iii-convocatoria-de-las-residencias-de-investigacion-en-artes-escenicas-petricor-2026\\\/\"},\"author\":{\"name\":\"Pilar Tebar\",\"@id\":\"https:\\\/\\\/museosdealicante.com\\\/#\\\/schema\\\/person\\\/3fb92bf572e2598233a6ad31f9fc2c00\"},\"headline\":\"III CONVOCATORIA DE LAS RESIDENCIAS DE INVESTIGACI\u00d3N EN ARTES ESC\u00c9NICAS PETRICOR 2026\",\"datePublished\":\"2026-04-27T11:40:56+00:00\",\"mainEntityOfPage\":{\"@id\":\"https:\\\/\\\/museosdealicante.com\\\/iii-convocatoria-de-las-residencias-de-investigacion-en-artes-escenicas-petricor-2026\\\/\"},\"wordCount\":549,\"image\":{\"@id\":\"https:\\\/\\\/museosdealicante.com\\\/iii-convocatoria-de-las-residencias-de-investigacion-en-artes-escenicas-petricor-2026\\\/#primaryimage\"},\"thumbnailUrl\":\"https:\\\/\\\/museosdealicante.com\\\/wp-content\\\/uploads\\\/2026\\\/04\\\/wp-header-logo-24.png\",\"articleSection\":[\"GIL ALBERT\"],\"inLanguage\":\"ca\"},{\"@type\":\"WebPage\",\"@id\":\"https:\\\/\\\/museosdealicante.com\\\/iii-convocatoria-de-las-residencias-de-investigacion-en-artes-escenicas-petricor-2026\\\/\",\"url\":\"https:\\\/\\\/museosdealicante.com\\\/iii-convocatoria-de-las-residencias-de-investigacion-en-artes-escenicas-petricor-2026\\\/\",\"name\":\"III CONVOCATORIA DE LAS RESIDENCIAS DE INVESTIGACI\u00d3N EN ARTES ESC\u00c9NICAS PETRICOR 2026 - MUSEA | Museos de Alicante\",\"isPartOf\":{\"@id\":\"https:\\\/\\\/museosdealicante.com\\\/#website\"},\"primaryImageOfPage\":{\"@id\":\"https:\\\/\\\/museosdealicante.com\\\/iii-convocatoria-de-las-residencias-de-investigacion-en-artes-escenicas-petricor-2026\\\/#primaryimage\"},\"image\":{\"@id\":\"https:\\\/\\\/museosdealicante.com\\\/iii-convocatoria-de-las-residencias-de-investigacion-en-artes-escenicas-petricor-2026\\\/#primaryimage\"},\"thumbnailUrl\":\"https:\\\/\\\/museosdealicante.com\\\/wp-content\\\/uploads\\\/2026\\\/04\\\/wp-header-logo-24.png\",\"datePublished\":\"2026-04-27T11:40:56+00:00\",\"author\":{\"@id\":\"https:\\\/\\\/museosdealicante.com\\\/#\\\/schema\\\/person\\\/3fb92bf572e2598233a6ad31f9fc2c00\"},\"breadcrumb\":{\"@id\":\"https:\\\/\\\/museosdealicante.com\\\/iii-convocatoria-de-las-residencias-de-investigacion-en-artes-escenicas-petricor-2026\\\/#breadcrumb\"},\"inLanguage\":\"ca\",\"potentialAction\":[{\"@type\":\"ReadAction\",\"target\":[\"https:\\\/\\\/museosdealicante.com\\\/iii-convocatoria-de-las-residencias-de-investigacion-en-artes-escenicas-petricor-2026\\\/\"]}]},{\"@type\":\"ImageObject\",\"inLanguage\":\"ca\",\"@id\":\"https:\\\/\\\/museosdealicante.com\\\/iii-convocatoria-de-las-residencias-de-investigacion-en-artes-escenicas-petricor-2026\\\/#primaryimage\",\"url\":\"https:\\\/\\\/museosdealicante.com\\\/wp-content\\\/uploads\\\/2026\\\/04\\\/wp-header-logo-24.png\",\"contentUrl\":\"https:\\\/\\\/museosdealicante.com\\\/wp-content\\\/uploads\\\/2026\\\/04\\\/wp-header-logo-24.png\",\"width\":1024,\"height\":683},{\"@type\":\"BreadcrumbList\",\"@id\":\"https:\\\/\\\/museosdealicante.com\\\/iii-convocatoria-de-las-residencias-de-investigacion-en-artes-escenicas-petricor-2026\\\/#breadcrumb\",\"itemListElement\":[{\"@type\":\"ListItem\",\"position\":1,\"name\":\"Portada\",\"item\":\"https:\\\/\\\/museosdealicante.com\\\/\"},{\"@type\":\"ListItem\",\"position\":2,\"name\":\"III CONVOCATORIA DE LAS RESIDENCIAS DE INVESTIGACI\u00d3N EN ARTES ESC\u00c9NICAS PETRICOR 2026\"}]},{\"@type\":\"WebSite\",\"@id\":\"https:\\\/\\\/museosdealicante.com\\\/#website\",\"url\":\"https:\\\/\\\/museosdealicante.com\\\/\",\"name\":\"MUSEA | Museos de Alicante\",\"description\":\"Toda la oferta sobre arte, cultura y patrimonio de la ciudad, toda la actualidad de los museos de Alicante\",\"potentialAction\":[{\"@type\":\"SearchAction\",\"target\":{\"@type\":\"EntryPoint\",\"urlTemplate\":\"https:\\\/\\\/museosdealicante.com\\\/?s={search_term_string}\"},\"query-input\":{\"@type\":\"PropertyValueSpecification\",\"valueRequired\":true,\"valueName\":\"search_term_string\"}}],\"inLanguage\":\"ca\"},{\"@type\":\"Person\",\"@id\":\"https:\\\/\\\/museosdealicante.com\\\/#\\\/schema\\\/person\\\/3fb92bf572e2598233a6ad31f9fc2c00\",\"name\":\"Pilar Tebar\",\"image\":{\"@type\":\"ImageObject\",\"inLanguage\":\"ca\",\"@id\":\"https:\\\/\\\/secure.gravatar.com\\\/avatar\\\/cf6c6d37d11ded37d2e5bcb1f0c5c044360a6a33d1ff72ba0f0fe8d74e7e0cc3?s=96&d=mm&r=g\",\"url\":\"https:\\\/\\\/secure.gravatar.com\\\/avatar\\\/cf6c6d37d11ded37d2e5bcb1f0c5c044360a6a33d1ff72ba0f0fe8d74e7e0cc3?s=96&d=mm&r=g\",\"contentUrl\":\"https:\\\/\\\/secure.gravatar.com\\\/avatar\\\/cf6c6d37d11ded37d2e5bcb1f0c5c044360a6a33d1ff72ba0f0fe8d74e7e0cc3?s=96&d=mm&r=g\",\"caption\":\"Pilar Tebar\"},\"url\":\"https:\\\/\\\/museosdealicante.com\\\/va\\\/author\\\/pilar-tebar\\\/\"}]}<\/script>\n<!-- \/ Yoast SEO plugin. -->","yoast_head_json":{"title":"III CONVOCATORIA DE LAS RESIDENCIAS DE INVESTIGACI\u00d3N EN ARTES ESC\u00c9NICAS PETRICOR 2026 - MUSEA | Museos de Alicante","robots":{"index":"index","follow":"follow","max-snippet":"max-snippet:-1","max-image-preview":"max-image-preview:large","max-video-preview":"max-video-preview:-1"},"canonical":"https:\/\/museosdealicante.com\/va\/iii-convocatoria-de-las-residencias-de-investigacion-en-artes-escenicas-petricor-2026\/","og_locale":"ca_ES","og_type":"article","og_title":"III CONVOCATORIA DE LAS RESIDENCIAS DE INVESTIGACI\u00d3N EN ARTES ESC\u00c9NICAS PETRICOR 2026 - MUSEA | Museos de Alicante","og_description":"Per\u00edodo de inscripci\u00f3n abierto hasta el 8 junio de 2026 El Instituto Alicantino de Cultura Juan Gil-Albert ha lanzado la III edici\u00f3n del concurso Residencias de Investigaci\u00f3n en Artes [\u2026]","og_url":"https:\/\/museosdealicante.com\/va\/iii-convocatoria-de-las-residencias-de-investigacion-en-artes-escenicas-petricor-2026\/","og_site_name":"MUSEA | Museos de Alicante","article_published_time":"2026-04-27T11:40:56+00:00","author":"Pilar Tebar","twitter_card":"summary_large_image","twitter_misc":{"Escrit per":"Pilar Tebar","Temps estimat de lectura":"3 minuts"},"schema":{"@context":"https:\/\/schema.org","@graph":[{"@type":"Article","@id":"https:\/\/museosdealicante.com\/iii-convocatoria-de-las-residencias-de-investigacion-en-artes-escenicas-petricor-2026\/#article","isPartOf":{"@id":"https:\/\/museosdealicante.com\/iii-convocatoria-de-las-residencias-de-investigacion-en-artes-escenicas-petricor-2026\/"},"author":{"name":"Pilar Tebar","@id":"https:\/\/museosdealicante.com\/#\/schema\/person\/3fb92bf572e2598233a6ad31f9fc2c00"},"headline":"III CONVOCATORIA DE LAS RESIDENCIAS DE INVESTIGACI\u00d3N EN ARTES ESC\u00c9NICAS PETRICOR 2026","datePublished":"2026-04-27T11:40:56+00:00","mainEntityOfPage":{"@id":"https:\/\/museosdealicante.com\/iii-convocatoria-de-las-residencias-de-investigacion-en-artes-escenicas-petricor-2026\/"},"wordCount":549,"image":{"@id":"https:\/\/museosdealicante.com\/iii-convocatoria-de-las-residencias-de-investigacion-en-artes-escenicas-petricor-2026\/#primaryimage"},"thumbnailUrl":"https:\/\/museosdealicante.com\/wp-content\/uploads\/2026\/04\/wp-header-logo-24.png","articleSection":["GIL ALBERT"],"inLanguage":"ca"},{"@type":"WebPage","@id":"https:\/\/museosdealicante.com\/iii-convocatoria-de-las-residencias-de-investigacion-en-artes-escenicas-petricor-2026\/","url":"https:\/\/museosdealicante.com\/iii-convocatoria-de-las-residencias-de-investigacion-en-artes-escenicas-petricor-2026\/","name":"III CONVOCATORIA DE LAS RESIDENCIAS DE INVESTIGACI\u00d3N EN ARTES ESC\u00c9NICAS PETRICOR 2026 - MUSEA | Museos de Alicante","isPartOf":{"@id":"https:\/\/museosdealicante.com\/#website"},"primaryImageOfPage":{"@id":"https:\/\/museosdealicante.com\/iii-convocatoria-de-las-residencias-de-investigacion-en-artes-escenicas-petricor-2026\/#primaryimage"},"image":{"@id":"https:\/\/museosdealicante.com\/iii-convocatoria-de-las-residencias-de-investigacion-en-artes-escenicas-petricor-2026\/#primaryimage"},"thumbnailUrl":"https:\/\/museosdealicante.com\/wp-content\/uploads\/2026\/04\/wp-header-logo-24.png","datePublished":"2026-04-27T11:40:56+00:00","author":{"@id":"https:\/\/museosdealicante.com\/#\/schema\/person\/3fb92bf572e2598233a6ad31f9fc2c00"},"breadcrumb":{"@id":"https:\/\/museosdealicante.com\/iii-convocatoria-de-las-residencias-de-investigacion-en-artes-escenicas-petricor-2026\/#breadcrumb"},"inLanguage":"ca","potentialAction":[{"@type":"ReadAction","target":["https:\/\/museosdealicante.com\/iii-convocatoria-de-las-residencias-de-investigacion-en-artes-escenicas-petricor-2026\/"]}]},{"@type":"ImageObject","inLanguage":"ca","@id":"https:\/\/museosdealicante.com\/iii-convocatoria-de-las-residencias-de-investigacion-en-artes-escenicas-petricor-2026\/#primaryimage","url":"https:\/\/museosdealicante.com\/wp-content\/uploads\/2026\/04\/wp-header-logo-24.png","contentUrl":"https:\/\/museosdealicante.com\/wp-content\/uploads\/2026\/04\/wp-header-logo-24.png","width":1024,"height":683},{"@type":"BreadcrumbList","@id":"https:\/\/museosdealicante.com\/iii-convocatoria-de-las-residencias-de-investigacion-en-artes-escenicas-petricor-2026\/#breadcrumb","itemListElement":[{"@type":"ListItem","position":1,"name":"Portada","item":"https:\/\/museosdealicante.com\/"},{"@type":"ListItem","position":2,"name":"III CONVOCATORIA DE LAS RESIDENCIAS DE INVESTIGACI\u00d3N EN ARTES ESC\u00c9NICAS PETRICOR 2026"}]},{"@type":"WebSite","@id":"https:\/\/museosdealicante.com\/#website","url":"https:\/\/museosdealicante.com\/","name":"MUSEA | Museos de Alicante","description":"Toda la oferta sobre arte, cultura y patrimonio de la ciudad, toda la actualidad de los museos de Alicante","potentialAction":[{"@type":"SearchAction","target":{"@type":"EntryPoint","urlTemplate":"https:\/\/museosdealicante.com\/?s={search_term_string}"},"query-input":{"@type":"PropertyValueSpecification","valueRequired":true,"valueName":"search_term_string"}}],"inLanguage":"ca"},{"@type":"Person","@id":"https:\/\/museosdealicante.com\/#\/schema\/person\/3fb92bf572e2598233a6ad31f9fc2c00","name":"Pilar Tebar","image":{"@type":"ImageObject","inLanguage":"ca","@id":"https:\/\/secure.gravatar.com\/avatar\/cf6c6d37d11ded37d2e5bcb1f0c5c044360a6a33d1ff72ba0f0fe8d74e7e0cc3?s=96&d=mm&r=g","url":"https:\/\/secure.gravatar.com\/avatar\/cf6c6d37d11ded37d2e5bcb1f0c5c044360a6a33d1ff72ba0f0fe8d74e7e0cc3?s=96&d=mm&r=g","contentUrl":"https:\/\/secure.gravatar.com\/avatar\/cf6c6d37d11ded37d2e5bcb1f0c5c044360a6a33d1ff72ba0f0fe8d74e7e0cc3?s=96&d=mm&r=g","caption":"Pilar Tebar"},"url":"https:\/\/museosdealicante.com\/va\/author\/pilar-tebar\/"}]}},"_links":{"self":[{"href":"https:\/\/museosdealicante.com\/va\/wp-json\/wp\/v2\/posts\/4007","targetHints":{"allow":["GET"]}}],"collection":[{"href":"https:\/\/museosdealicante.com\/va\/wp-json\/wp\/v2\/posts"}],"about":[{"href":"https:\/\/museosdealicante.com\/va\/wp-json\/wp\/v2\/types\/post"}],"author":[{"embeddable":true,"href":"https:\/\/museosdealicante.com\/va\/wp-json\/wp\/v2\/users\/9"}],"replies":[{"embeddable":true,"href":"https:\/\/museosdealicante.com\/va\/wp-json\/wp\/v2\/comments?post=4007"}],"version-history":[{"count":0,"href":"https:\/\/museosdealicante.com\/va\/wp-json\/wp\/v2\/posts\/4007\/revisions"}],"wp:featuredmedia":[{"embeddable":true,"href":"https:\/\/museosdealicante.com\/va\/wp-json\/wp\/v2\/media\/4008"}],"wp:attachment":[{"href":"https:\/\/museosdealicante.com\/va\/wp-json\/wp\/v2\/media?parent=4007"}],"wp:term":[{"taxonomy":"category","embeddable":true,"href":"https:\/\/museosdealicante.com\/va\/wp-json\/wp\/v2\/categories?post=4007"},{"taxonomy":"post_tag","embeddable":true,"href":"https:\/\/museosdealicante.com\/va\/wp-json\/wp\/v2\/tags?post=4007"}],"curies":[{"name":"wp","href":"https:\/\/api.w.org\/{rel}","templated":true}]}}