{"id":4011,"date":"2026-04-28T11:08:05","date_gmt":"2026-04-28T11:08:05","guid":{"rendered":"https:\/\/museosdealicante.com\/a-contra-luz-muestra-de-cine-inedito\/"},"modified":"2026-04-28T11:08:05","modified_gmt":"2026-04-28T11:08:05","slug":"a-contra-luz-muestra-de-cine-inedito","status":"publish","type":"post","link":"https:\/\/museosdealicante.com\/va\/a-contra-luz-muestra-de-cine-inedito\/","title":{"rendered":"A contra luz. Muestra de cine in\u00e9dito"},"content":{"rendered":"<div property=\"content:encoded\">\n<p><strong>PROGRAMACI\u00d3N<\/strong><\/p>\n<p>Jueves, 7 de mayo<\/p>\n<p>Lugar por confirmar<\/p>\n<ul>\n<li>20:00 h. Charla<\/li>\n<li>Cine y meditaci\u00f3n. Mi proceso creativo en el cine, por David Victori.<\/li>\n<\/ul>\n<p>Viernes, 8 de mayo<\/p>\n<p>Centro Cultural Las Cigarreras<\/p>\n<ul>\n<li>18:30 h Caja Negra\n<ul>\n<li>Proyecci\u00f3n de Algo viejo, algo nuevo, algo prestado (2024), de Hern\u00e1n Rosselli.<\/li>\n<\/ul>\n<\/li>\n<li>21:00 h. caja Negra\n<ul>\n<li>Actuaci\u00f3n musical de Palmer, con audiovisuales de Pau Colomina.<\/li>\n<\/ul>\n<\/li>\n<\/ul>\n<p>S\u00e1bado, 9 de mayo<\/p>\n<p>Centro Cultural Las Cigarreras<\/p>\n<p>Durante todo el d\u00eda. Market y zona restauraci\u00f3n.<\/p>\n<ul>\n<li>11:00 h. Caja Negra\n<ul>\n<li>Proyecci\u00f3n de Armon\u00edas de Werckmeister (2000), de B\u00e9la Tarr.<\/li>\n<\/ul>\n<\/li>\n<li>12:00 h. Caja 2\n<ul>\n<li>Taller de cine anal\u00f3gico para todos los p\u00fablicos, impartido por Beatriz Freire y Rafa Bonet.<\/li>\n<\/ul>\n<\/li>\n<li>12:00 h. Jard\u00edn Vertical\n<ul>\n<li>Taller infantil Cine Rebobinado.<\/li>\n<li>Recreaci\u00f3n de escenas mediante \u201csuecadas\u201d, versiones caseras y creativas al estilo de\u00a0 \u00a0 Michel Gondry.<\/li>\n<\/ul>\n<\/li>\n<li>13:00 h. Exterior\n<ul>\n<li>Actuaci\u00f3n musical de Gilbert\u00e1stico y Antonio J. Iglesias.<\/li>\n<li>M\u00fasica de series de TV para todos los p\u00fablicos.<\/li>\n<\/ul>\n<\/li>\n<li>17:00 h. Podcast\n<ul>\n<li>Grabaci\u00f3n en directo de Frecuencia 808, dedicado a m\u00fasica y cine con entrevista a David Valero de Enemigos.<\/li>\n<\/ul>\n<\/li>\n<li>19:00 h. Caja Negra\n<ul>\n<li>Proyecci\u00f3n de Manas (2024), de Marianna Brennand Fortes.<\/li>\n<\/ul>\n<\/li>\n<li>21:00 h. Caja Negra\n<ul>\n<li>Actuaci\u00f3n de Xenia Rubio sobre un montaje alternativo de Balearic, de Ion de Sosa.<\/li>\n<\/ul>\n<\/li>\n<\/ul>\n<p>Domingo, 10 de mayo<\/p>\n<ul>\n<li>12:00 h. Pozos de Garrig\u00f3s\n<ul>\n<li>Proyecci\u00f3n de H\u00e4xan. La brujer\u00eda a trav\u00e9s de los tiempos (1922), de Benjamin Christensen, sobre la c\u00fapula del aljibe.<\/li>\n<li>M\u00fasica en directo de Arn\u00e1iz y G\u00f3mez.<\/li>\n<\/ul>\n<\/li>\n<li>18:00 h. Real Liceo Casino de Alicante\n<ul>\n<li>Proyecci\u00f3n de Oca (2025), de Karla Badillo.<\/li>\n<\/ul>\n<\/li>\n<\/ul>\n<p>&#8212;&#8212;&#8212;&#8212;&#8212;&#8212;&#8212;&#8212;&#8212;&#8212;&#8212;&#8212;&#8212;&#8212;&#8212;&#8212;&#8212;&#8212;&#8212;&#8212;&#8212;&#8212;&#8212;&#8212;&#8212;&#8212;&#8212;&#8212;&#8212;&#8212;&#8212;&#8212;&#8212;&#8212;&#8212;<\/p>\n<p>PRECIOS:<\/p>\n<p>Entradas individuales<\/p>\n<ul>\n<li>Actividades sueltas (proyecciones, conciertos y talleres): 5 \u20ac<\/li>\n<li>Proyecci\u00f3n de Armon\u00edas de Werckmeister: 2,50 \u20ac<\/li>\n<\/ul>\n<p>Actividades gratuitas (hasta completar aforo)<\/p>\n<ul>\n<li>Charla de David Victori<\/li>\n<li>Concierto de Gilbert\u00e1stico y Antonio J. Iglesias<\/li>\n<li>Proyecci\u00f3n de H\u00e4xan con m\u00fasica en directo de Arn\u00e1iz y G\u00f3mez en Pozos de Garrig\u00f3s<\/li>\n<li>Podcast en directo Frecuencia 808<\/li>\n<\/ul>\n<p>Abono completo<\/p>\n<ul>\n<li>50 abonos disponibles por 20 \u20ac (hasta agotar existencias).<\/li>\n<li>Incluye acceso a todas las actividades del festival.<\/li>\n<\/ul>\n<p>\nCompra de entradas: <strong><a href=\"https:\/\/entradium.com\/es\/organizers\/a-contraluz-muestra-de-cine\">https:\/\/entradium.com\/es\/organizers\/a-contraluz-muestra-de-cine<\/a><\/strong><\/p>\n<p>Proyecto subvencionado en la convocatoria 2025 &#8211; 2026 para el desarrollo de proyectos culturales de la concejal\u00eda de Cultura del Ayuntamiento de Alicante.<\/p>\n<\/div>\n<p><a href=\"https:\/\/www.alicante.es\/es\/node\/48495\">source<\/a><\/p>","protected":false},"excerpt":{"rendered":"<p>PROGRAMACI\u00d3N Jueves, 7 de mayo Lugar por confirmar 20:00 h. Charla Cine y meditaci\u00f3n. Mi proceso creativo en el cine, por David Victori. Viernes, 8 de mayo Centro Cultural<span class=\"excerpt-hellip\"> [\u2026]<\/span><\/p>\n","protected":false},"author":8,"featured_media":4012,"comment_status":"","ping_status":"","sticky":false,"template":"","format":"standard","meta":{"_price":"","_stock":"","_tribe_ticket_header":"","_tribe_default_ticket_provider":"","_tribe_ticket_capacity":"","_ticket_start_date":"","_ticket_end_date":"","_tribe_ticket_show_description":"","_tribe_ticket_show_not_going":false,"_tribe_ticket_use_global_stock":"","_tribe_ticket_global_stock_level":"","_global_stock_mode":"","_global_stock_cap":"","_tribe_rsvp_for_event":"","_tribe_ticket_going_count":"","_tribe_ticket_not_going_count":"","_tribe_tickets_list":"[]","_tribe_ticket_has_attendee_info_fields":false,"footnotes":""},"categories":[14],"tags":[],"class_list":["post-4011","post","type-post","status-publish","format-standard","has-post-thumbnail","hentry","category-cigarreras"],"yoast_head":"<!-- This site is optimized with the Yoast SEO plugin v27.3 - https:\/\/yoast.com\/product\/yoast-seo-wordpress\/ -->\n<title>A contra luz. Muestra de cine in\u00e9dito - MUSEA | Museos de Alicante<\/title>\n<meta name=\"robots\" content=\"index, follow, max-snippet:-1, max-image-preview:large, max-video-preview:-1\" \/>\n<link rel=\"canonical\" href=\"https:\/\/museosdealicante.com\/va\/a-contra-luz-muestra-de-cine-inedito\/\" \/>\n<meta property=\"og:locale\" content=\"ca_ES\" \/>\n<meta property=\"og:type\" content=\"article\" \/>\n<meta property=\"og:title\" content=\"A contra luz. Muestra de cine in\u00e9dito - MUSEA | Museos de Alicante\" \/>\n<meta property=\"og:description\" content=\"PROGRAMACI\u00d3N Jueves, 7 de mayo Lugar por confirmar 20:00 h. Charla Cine y meditaci\u00f3n. Mi proceso creativo en el cine, por David Victori. Viernes, 8 de mayo Centro Cultural [\u2026]\" \/>\n<meta property=\"og:url\" content=\"https:\/\/museosdealicante.com\/va\/a-contra-luz-muestra-de-cine-inedito\/\" \/>\n<meta property=\"og:site_name\" content=\"MUSEA | Museos de Alicante\" \/>\n<meta property=\"article:published_time\" content=\"2026-04-28T11:08:05+00:00\" \/>\n<meta name=\"author\" content=\"Carolina Fuentes\" \/>\n<meta name=\"twitter:card\" content=\"summary_large_image\" \/>\n<meta name=\"twitter:label1\" content=\"Escrit per\" \/>\n\t<meta name=\"twitter:data1\" content=\"Carolina Fuentes\" \/>\n\t<meta name=\"twitter:label2\" content=\"Temps estimat de lectura\" \/>\n\t<meta name=\"twitter:data2\" content=\"2 minuts\" \/>\n<script type=\"application\/ld+json\" class=\"yoast-schema-graph\">{\"@context\":\"https:\\\/\\\/schema.org\",\"@graph\":[{\"@type\":\"Article\",\"@id\":\"https:\\\/\\\/museosdealicante.com\\\/a-contra-luz-muestra-de-cine-inedito\\\/#article\",\"isPartOf\":{\"@id\":\"https:\\\/\\\/museosdealicante.com\\\/a-contra-luz-muestra-de-cine-inedito\\\/\"},\"author\":{\"name\":\"Carolina Fuentes\",\"@id\":\"https:\\\/\\\/museosdealicante.com\\\/#\\\/schema\\\/person\\\/b8e21892e9b6af60e856f31f0dce8cbd\"},\"headline\":\"A contra luz. Muestra de cine in\u00e9dito\",\"datePublished\":\"2026-04-28T11:08:05+00:00\",\"mainEntityOfPage\":{\"@id\":\"https:\\\/\\\/museosdealicante.com\\\/a-contra-luz-muestra-de-cine-inedito\\\/\"},\"wordCount\":375,\"image\":{\"@id\":\"https:\\\/\\\/museosdealicante.com\\\/a-contra-luz-muestra-de-cine-inedito\\\/#primaryimage\"},\"thumbnailUrl\":\"https:\\\/\\\/museosdealicante.com\\\/wp-content\\\/uploads\\\/2026\\\/04\\\/wp-header-logo-26.png\",\"articleSection\":[\"CIGARRERAS\"],\"inLanguage\":\"ca\"},{\"@type\":\"WebPage\",\"@id\":\"https:\\\/\\\/museosdealicante.com\\\/a-contra-luz-muestra-de-cine-inedito\\\/\",\"url\":\"https:\\\/\\\/museosdealicante.com\\\/a-contra-luz-muestra-de-cine-inedito\\\/\",\"name\":\"A contra luz. Muestra de cine in\u00e9dito - MUSEA | Museos de Alicante\",\"isPartOf\":{\"@id\":\"https:\\\/\\\/museosdealicante.com\\\/#website\"},\"primaryImageOfPage\":{\"@id\":\"https:\\\/\\\/museosdealicante.com\\\/a-contra-luz-muestra-de-cine-inedito\\\/#primaryimage\"},\"image\":{\"@id\":\"https:\\\/\\\/museosdealicante.com\\\/a-contra-luz-muestra-de-cine-inedito\\\/#primaryimage\"},\"thumbnailUrl\":\"https:\\\/\\\/museosdealicante.com\\\/wp-content\\\/uploads\\\/2026\\\/04\\\/wp-header-logo-26.png\",\"datePublished\":\"2026-04-28T11:08:05+00:00\",\"author\":{\"@id\":\"https:\\\/\\\/museosdealicante.com\\\/#\\\/schema\\\/person\\\/b8e21892e9b6af60e856f31f0dce8cbd\"},\"breadcrumb\":{\"@id\":\"https:\\\/\\\/museosdealicante.com\\\/a-contra-luz-muestra-de-cine-inedito\\\/#breadcrumb\"},\"inLanguage\":\"ca\",\"potentialAction\":[{\"@type\":\"ReadAction\",\"target\":[\"https:\\\/\\\/museosdealicante.com\\\/a-contra-luz-muestra-de-cine-inedito\\\/\"]}]},{\"@type\":\"ImageObject\",\"inLanguage\":\"ca\",\"@id\":\"https:\\\/\\\/museosdealicante.com\\\/a-contra-luz-muestra-de-cine-inedito\\\/#primaryimage\",\"url\":\"https:\\\/\\\/museosdealicante.com\\\/wp-content\\\/uploads\\\/2026\\\/04\\\/wp-header-logo-26.png\",\"contentUrl\":\"https:\\\/\\\/museosdealicante.com\\\/wp-content\\\/uploads\\\/2026\\\/04\\\/wp-header-logo-26.png\",\"width\":443,\"height\":590},{\"@type\":\"BreadcrumbList\",\"@id\":\"https:\\\/\\\/museosdealicante.com\\\/a-contra-luz-muestra-de-cine-inedito\\\/#breadcrumb\",\"itemListElement\":[{\"@type\":\"ListItem\",\"position\":1,\"name\":\"Portada\",\"item\":\"https:\\\/\\\/museosdealicante.com\\\/\"},{\"@type\":\"ListItem\",\"position\":2,\"name\":\"A contra luz. Muestra de cine in\u00e9dito\"}]},{\"@type\":\"WebSite\",\"@id\":\"https:\\\/\\\/museosdealicante.com\\\/#website\",\"url\":\"https:\\\/\\\/museosdealicante.com\\\/\",\"name\":\"MUSEA | Museos de Alicante\",\"description\":\"Toda la oferta sobre arte, cultura y patrimonio de la ciudad, toda la actualidad de los museos de Alicante\",\"potentialAction\":[{\"@type\":\"SearchAction\",\"target\":{\"@type\":\"EntryPoint\",\"urlTemplate\":\"https:\\\/\\\/museosdealicante.com\\\/?s={search_term_string}\"},\"query-input\":{\"@type\":\"PropertyValueSpecification\",\"valueRequired\":true,\"valueName\":\"search_term_string\"}}],\"inLanguage\":\"ca\"},{\"@type\":\"Person\",\"@id\":\"https:\\\/\\\/museosdealicante.com\\\/#\\\/schema\\\/person\\\/b8e21892e9b6af60e856f31f0dce8cbd\",\"name\":\"Carolina Fuentes\",\"image\":{\"@type\":\"ImageObject\",\"inLanguage\":\"ca\",\"@id\":\"https:\\\/\\\/secure.gravatar.com\\\/avatar\\\/01f78e22536b5ffd26064d48b4b5761365a20d8fcf22b8fa03a63f307abc9dc6?s=96&d=mm&r=g\",\"url\":\"https:\\\/\\\/secure.gravatar.com\\\/avatar\\\/01f78e22536b5ffd26064d48b4b5761365a20d8fcf22b8fa03a63f307abc9dc6?s=96&d=mm&r=g\",\"contentUrl\":\"https:\\\/\\\/secure.gravatar.com\\\/avatar\\\/01f78e22536b5ffd26064d48b4b5761365a20d8fcf22b8fa03a63f307abc9dc6?s=96&d=mm&r=g\",\"caption\":\"Carolina Fuentes\"},\"url\":\"https:\\\/\\\/museosdealicante.com\\\/va\\\/author\\\/carolina-fuentes\\\/\"}]}<\/script>\n<!-- \/ Yoast SEO plugin. -->","yoast_head_json":{"title":"A contra luz. Muestra de cine in\u00e9dito - MUSEA | Museos de Alicante","robots":{"index":"index","follow":"follow","max-snippet":"max-snippet:-1","max-image-preview":"max-image-preview:large","max-video-preview":"max-video-preview:-1"},"canonical":"https:\/\/museosdealicante.com\/va\/a-contra-luz-muestra-de-cine-inedito\/","og_locale":"ca_ES","og_type":"article","og_title":"A contra luz. Muestra de cine in\u00e9dito - MUSEA | Museos de Alicante","og_description":"PROGRAMACI\u00d3N Jueves, 7 de mayo Lugar por confirmar 20:00 h. Charla Cine y meditaci\u00f3n. Mi proceso creativo en el cine, por David Victori. Viernes, 8 de mayo Centro Cultural [\u2026]","og_url":"https:\/\/museosdealicante.com\/va\/a-contra-luz-muestra-de-cine-inedito\/","og_site_name":"MUSEA | Museos de Alicante","article_published_time":"2026-04-28T11:08:05+00:00","author":"Carolina Fuentes","twitter_card":"summary_large_image","twitter_misc":{"Escrit per":"Carolina Fuentes","Temps estimat de lectura":"2 minuts"},"schema":{"@context":"https:\/\/schema.org","@graph":[{"@type":"Article","@id":"https:\/\/museosdealicante.com\/a-contra-luz-muestra-de-cine-inedito\/#article","isPartOf":{"@id":"https:\/\/museosdealicante.com\/a-contra-luz-muestra-de-cine-inedito\/"},"author":{"name":"Carolina Fuentes","@id":"https:\/\/museosdealicante.com\/#\/schema\/person\/b8e21892e9b6af60e856f31f0dce8cbd"},"headline":"A contra luz. Muestra de cine in\u00e9dito","datePublished":"2026-04-28T11:08:05+00:00","mainEntityOfPage":{"@id":"https:\/\/museosdealicante.com\/a-contra-luz-muestra-de-cine-inedito\/"},"wordCount":375,"image":{"@id":"https:\/\/museosdealicante.com\/a-contra-luz-muestra-de-cine-inedito\/#primaryimage"},"thumbnailUrl":"https:\/\/museosdealicante.com\/wp-content\/uploads\/2026\/04\/wp-header-logo-26.png","articleSection":["CIGARRERAS"],"inLanguage":"ca"},{"@type":"WebPage","@id":"https:\/\/museosdealicante.com\/a-contra-luz-muestra-de-cine-inedito\/","url":"https:\/\/museosdealicante.com\/a-contra-luz-muestra-de-cine-inedito\/","name":"A contra luz. Muestra de cine in\u00e9dito - MUSEA | Museos de Alicante","isPartOf":{"@id":"https:\/\/museosdealicante.com\/#website"},"primaryImageOfPage":{"@id":"https:\/\/museosdealicante.com\/a-contra-luz-muestra-de-cine-inedito\/#primaryimage"},"image":{"@id":"https:\/\/museosdealicante.com\/a-contra-luz-muestra-de-cine-inedito\/#primaryimage"},"thumbnailUrl":"https:\/\/museosdealicante.com\/wp-content\/uploads\/2026\/04\/wp-header-logo-26.png","datePublished":"2026-04-28T11:08:05+00:00","author":{"@id":"https:\/\/museosdealicante.com\/#\/schema\/person\/b8e21892e9b6af60e856f31f0dce8cbd"},"breadcrumb":{"@id":"https:\/\/museosdealicante.com\/a-contra-luz-muestra-de-cine-inedito\/#breadcrumb"},"inLanguage":"ca","potentialAction":[{"@type":"ReadAction","target":["https:\/\/museosdealicante.com\/a-contra-luz-muestra-de-cine-inedito\/"]}]},{"@type":"ImageObject","inLanguage":"ca","@id":"https:\/\/museosdealicante.com\/a-contra-luz-muestra-de-cine-inedito\/#primaryimage","url":"https:\/\/museosdealicante.com\/wp-content\/uploads\/2026\/04\/wp-header-logo-26.png","contentUrl":"https:\/\/museosdealicante.com\/wp-content\/uploads\/2026\/04\/wp-header-logo-26.png","width":443,"height":590},{"@type":"BreadcrumbList","@id":"https:\/\/museosdealicante.com\/a-contra-luz-muestra-de-cine-inedito\/#breadcrumb","itemListElement":[{"@type":"ListItem","position":1,"name":"Portada","item":"https:\/\/museosdealicante.com\/"},{"@type":"ListItem","position":2,"name":"A contra luz. Muestra de cine in\u00e9dito"}]},{"@type":"WebSite","@id":"https:\/\/museosdealicante.com\/#website","url":"https:\/\/museosdealicante.com\/","name":"MUSEA | Museos de Alicante","description":"Toda la oferta sobre arte, cultura y patrimonio de la ciudad, toda la actualidad de los museos de Alicante","potentialAction":[{"@type":"SearchAction","target":{"@type":"EntryPoint","urlTemplate":"https:\/\/museosdealicante.com\/?s={search_term_string}"},"query-input":{"@type":"PropertyValueSpecification","valueRequired":true,"valueName":"search_term_string"}}],"inLanguage":"ca"},{"@type":"Person","@id":"https:\/\/museosdealicante.com\/#\/schema\/person\/b8e21892e9b6af60e856f31f0dce8cbd","name":"Carolina Fuentes","image":{"@type":"ImageObject","inLanguage":"ca","@id":"https:\/\/secure.gravatar.com\/avatar\/01f78e22536b5ffd26064d48b4b5761365a20d8fcf22b8fa03a63f307abc9dc6?s=96&d=mm&r=g","url":"https:\/\/secure.gravatar.com\/avatar\/01f78e22536b5ffd26064d48b4b5761365a20d8fcf22b8fa03a63f307abc9dc6?s=96&d=mm&r=g","contentUrl":"https:\/\/secure.gravatar.com\/avatar\/01f78e22536b5ffd26064d48b4b5761365a20d8fcf22b8fa03a63f307abc9dc6?s=96&d=mm&r=g","caption":"Carolina Fuentes"},"url":"https:\/\/museosdealicante.com\/va\/author\/carolina-fuentes\/"}]}},"_links":{"self":[{"href":"https:\/\/museosdealicante.com\/va\/wp-json\/wp\/v2\/posts\/4011","targetHints":{"allow":["GET"]}}],"collection":[{"href":"https:\/\/museosdealicante.com\/va\/wp-json\/wp\/v2\/posts"}],"about":[{"href":"https:\/\/museosdealicante.com\/va\/wp-json\/wp\/v2\/types\/post"}],"author":[{"embeddable":true,"href":"https:\/\/museosdealicante.com\/va\/wp-json\/wp\/v2\/users\/8"}],"replies":[{"embeddable":true,"href":"https:\/\/museosdealicante.com\/va\/wp-json\/wp\/v2\/comments?post=4011"}],"version-history":[{"count":0,"href":"https:\/\/museosdealicante.com\/va\/wp-json\/wp\/v2\/posts\/4011\/revisions"}],"wp:featuredmedia":[{"embeddable":true,"href":"https:\/\/museosdealicante.com\/va\/wp-json\/wp\/v2\/media\/4012"}],"wp:attachment":[{"href":"https:\/\/museosdealicante.com\/va\/wp-json\/wp\/v2\/media?parent=4011"}],"wp:term":[{"taxonomy":"category","embeddable":true,"href":"https:\/\/museosdealicante.com\/va\/wp-json\/wp\/v2\/categories?post=4011"},{"taxonomy":"post_tag","embeddable":true,"href":"https:\/\/museosdealicante.com\/va\/wp-json\/wp\/v2\/tags?post=4011"}],"curies":[{"name":"wp","href":"https:\/\/api.w.org\/{rel}","templated":true}]}}