{"id":4013,"date":"2026-04-28T14:29:28","date_gmt":"2026-04-28T14:29:28","guid":{"rendered":"https:\/\/museosdealicante.com\/el-centro-de-investigacion-maritima-de-santa-pola-acogera-las-residencias-petricor\/"},"modified":"2026-04-28T14:29:28","modified_gmt":"2026-04-28T14:29:28","slug":"el-centro-de-investigacion-maritima-de-santa-pola-acogera-las-residencias-petricor","status":"publish","type":"post","link":"https:\/\/museosdealicante.com\/va\/el-centro-de-investigacion-maritima-de-santa-pola-acogera-las-residencias-petricor\/","title":{"rendered":"El Centro de Investigaci\u00f3n Mar\u00edtima de Santa Pola acoger\u00e1 las Residencias Petricor"},"content":{"rendered":"<div itemprop=\"text\">\n<p>El Instituto Alicantino de Cultura Juan Gil-Albert ha lanzado la tercera convocatoria de Residencias de Investigaci\u00f3n en Artes Esc\u00e9nicas \u201cPetricor\u201d en torno al patrimonio natural de la provincia y encaminada a fomentar y promocionar proyectos que garanticen la protecci\u00f3n medioambiental. Las ayudas incluyen la estancia gratuita de quince d\u00edas en el Centro de Investigaci\u00f3n Mar\u00edtima de Santa Pola (CIMAR).<\/p>\n<p>Como ha detallado el diputado de Cultura, Juan de Dios Navarro, \u201cdesde la Diputaci\u00f3n nos complace dar la bienvenida a esta tercera edici\u00f3n de una potente propuesta orientada a impulsar la investigaci\u00f3n y la creaci\u00f3n en el \u00e1mbito esc\u00e9nico de la provincia que este a\u00f1o, adem\u00e1s, tendr\u00e1 como escenario el CIMAR, sede de la Universidad de Alicante para el estudio y difusi\u00f3n del medio mar\u00edtimo y litoral\u201d.<\/p>\n<figure class=\"wp-block-image size-full is-resized\"><img fetchpriority=\"high\" decoding=\"async\" width=\"2560\" height=\"1707\" src=\"https:\/\/www.iacjuangilalbert.com\/wp-content\/uploads\/2026\/04\/Petricor-3-scaled.jpg\" alt=\"\" class=\"wp-image-33218\" style=\"aspect-ratio:2.533363492422529;width:900px;height:auto\" srcset=\"https:\/\/www.iacjuangilalbert.com\/wp-content\/uploads\/2026\/04\/Petricor-3-scaled.jpg 2560w, https:\/\/www.iacjuangilalbert.com\/wp-content\/uploads\/2026\/04\/Petricor-3-300x200.jpg 300w, https:\/\/www.iacjuangilalbert.com\/wp-content\/uploads\/2026\/04\/Petricor-3-1024x683.jpg 1024w, https:\/\/www.iacjuangilalbert.com\/wp-content\/uploads\/2026\/04\/Petricor-3-768x512.jpg 768w, https:\/\/www.iacjuangilalbert.com\/wp-content\/uploads\/2026\/04\/Petricor-3-391x260.jpg 391w, https:\/\/www.iacjuangilalbert.com\/wp-content\/uploads\/2026\/04\/Petricor-3-1536x1024.jpg 1536w, https:\/\/www.iacjuangilalbert.com\/wp-content\/uploads\/2026\/04\/Petricor-3-2048x1365.jpg 2048w\" sizes=\"(max-width: 2560px) 100vw, 2560px\"\/><\/figure>\n<p>El marco tem\u00e1tico de la convocatoria y, por tanto, de los proyectos de investigaci\u00f3n que se presenten, est\u00e1 vinculado a cuestiones relacionadas con la protecci\u00f3n y valorizaci\u00f3n del medio ambiente y del patrimonio hist\u00f3rico-art\u00edstico y antropol\u00f3gico de la provincia de Alicante, en los t\u00e9rminos y objetivos planteados en la Agenda 2030 para el desarrollo sostenible. Tambi\u00e9n se tendr\u00e1n en cuenta aquellos aspectos particulares que ahonden en la etnograf\u00eda o en los valores naturales del entorno.<\/p>\n<p>Para el desarrollo de esta propuesta se seleccionar\u00e1n dos grupos, cada uno de ellos formado por un m\u00ednimo de cuatro y un m\u00e1ximo de seis personas: cinco relacionadas con las artes esc\u00e9nicas \u2013circo, danza, teatro- y una quinta vinculada a otra disciplina como la biolog\u00eda, la fotograf\u00eda o el cine. Cada equipo recibir\u00e1 6.000 euros para hacer frente a los gastos necesarios en la ejecuci\u00f3n del proyecto, as\u00ed como en concepto de asignaci\u00f3n de residencia por los gastos de manutenci\u00f3n y traslados.<\/p>\n<figure class=\"wp-block-image size-large is-resized\"><img loading=\"lazy\" decoding=\"async\" width=\"768\" height=\"1024\" src=\"https:\/\/www.iacjuangilalbert.com\/wp-content\/uploads\/2026\/04\/Corporaciones-murmurantes-P-Serrano-2024-768x1024.jpg\" alt=\"\" class=\"wp-image-33215\" style=\"width:888px;height:auto\" srcset=\"https:\/\/www.iacjuangilalbert.com\/wp-content\/uploads\/2026\/04\/Corporaciones-murmurantes-P-Serrano-2024-768x1024.jpg 768w, https:\/\/www.iacjuangilalbert.com\/wp-content\/uploads\/2026\/04\/Corporaciones-murmurantes-P-Serrano-2024-225x300.jpg 225w, https:\/\/www.iacjuangilalbert.com\/wp-content\/uploads\/2026\/04\/Corporaciones-murmurantes-P-Serrano-2024-300x400.jpg 300w, https:\/\/www.iacjuangilalbert.com\/wp-content\/uploads\/2026\/04\/Corporaciones-murmurantes-P-Serrano-2024-1152x1536.jpg 1152w, https:\/\/www.iacjuangilalbert.com\/wp-content\/uploads\/2026\/04\/Corporaciones-murmurantes-P-Serrano-2024-1536x2048.jpg 1536w, https:\/\/www.iacjuangilalbert.com\/wp-content\/uploads\/2026\/04\/Corporaciones-murmurantes-P-Serrano-2024-scaled.jpg 1920w\" sizes=\"auto, (max-width: 768px) 100vw, 768px\"\/><\/figure>\n<p>Las fechas para llevar a cabo esta residencia ser\u00e1n del 21 de septiembre al 15 de octubre de 2026, ambos inclusive, y el plazo para presentarlas concluye el pr\u00f3ximo d\u00eda 8 de junio. Los interesados pueden ampliar la informaci\u00f3n en la p\u00e1gina web del IAC Juan Gil-Albert.<\/p>\n<\/p><\/div>\n<p><a href=\"https:\/\/www.iacjuangilalbert.com\/el-centro-de-investigacion-maritima-de-santa-pola-acogera-las-residencias-petricor\/\">source<\/a><\/p>","protected":false},"excerpt":{"rendered":"<p>El Instituto Alicantino de Cultura Juan Gil-Albert ha lanzado la tercera convocatoria de Residencias de Investigaci\u00f3n en Artes Esc\u00e9nicas \u201cPetricor\u201d en torno al patrimonio natural de la provincia y<span class=\"excerpt-hellip\"> [\u2026]<\/span><\/p>\n","protected":false},"author":9,"featured_media":4014,"comment_status":"","ping_status":"","sticky":false,"template":"","format":"standard","meta":{"_price":"","_stock":"","_tribe_ticket_header":"","_tribe_default_ticket_provider":"","_tribe_ticket_capacity":"","_ticket_start_date":"","_ticket_end_date":"","_tribe_ticket_show_description":"","_tribe_ticket_show_not_going":false,"_tribe_ticket_use_global_stock":"","_tribe_ticket_global_stock_level":"","_global_stock_mode":"","_global_stock_cap":"","_tribe_rsvp_for_event":"","_tribe_ticket_going_count":"","_tribe_ticket_not_going_count":"","_tribe_tickets_list":"[]","_tribe_ticket_has_attendee_info_fields":false,"footnotes":""},"categories":[17],"tags":[],"class_list":["post-4013","post","type-post","status-publish","format-standard","has-post-thumbnail","hentry","category-gil-albert"],"yoast_head":"<!-- This site is optimized with the Yoast SEO plugin v27.3 - https:\/\/yoast.com\/product\/yoast-seo-wordpress\/ -->\n<title>El Centro de Investigaci\u00f3n Mar\u00edtima de Santa Pola acoger\u00e1 las Residencias Petricor - MUSEA | Museos de Alicante<\/title>\n<meta name=\"robots\" content=\"index, follow, max-snippet:-1, max-image-preview:large, max-video-preview:-1\" \/>\n<link rel=\"canonical\" href=\"https:\/\/museosdealicante.com\/va\/el-centro-de-investigacion-maritima-de-santa-pola-acogera-las-residencias-petricor\/\" \/>\n<meta property=\"og:locale\" content=\"ca_ES\" \/>\n<meta property=\"og:type\" content=\"article\" \/>\n<meta property=\"og:title\" content=\"El Centro de Investigaci\u00f3n Mar\u00edtima de Santa Pola acoger\u00e1 las Residencias Petricor - MUSEA | Museos de Alicante\" \/>\n<meta property=\"og:description\" content=\"El Instituto Alicantino de Cultura Juan Gil-Albert ha lanzado la tercera convocatoria de Residencias de Investigaci\u00f3n en Artes Esc\u00e9nicas \u201cPetricor\u201d en torno al patrimonio natural de la provincia y [\u2026]\" \/>\n<meta property=\"og:url\" content=\"https:\/\/museosdealicante.com\/va\/el-centro-de-investigacion-maritima-de-santa-pola-acogera-las-residencias-petricor\/\" \/>\n<meta property=\"og:site_name\" content=\"MUSEA | Museos de Alicante\" \/>\n<meta property=\"article:published_time\" content=\"2026-04-28T14:29:28+00:00\" \/>\n<meta name=\"author\" content=\"Pilar Tebar\" \/>\n<meta name=\"twitter:card\" content=\"summary_large_image\" \/>\n<meta name=\"twitter:label1\" content=\"Escrit per\" \/>\n\t<meta name=\"twitter:data1\" content=\"Pilar Tebar\" \/>\n\t<meta name=\"twitter:label2\" content=\"Temps estimat de lectura\" \/>\n\t<meta name=\"twitter:data2\" content=\"2 minuts\" \/>\n<script type=\"application\/ld+json\" class=\"yoast-schema-graph\">{\"@context\":\"https:\\\/\\\/schema.org\",\"@graph\":[{\"@type\":\"Article\",\"@id\":\"https:\\\/\\\/museosdealicante.com\\\/el-centro-de-investigacion-maritima-de-santa-pola-acogera-las-residencias-petricor\\\/#article\",\"isPartOf\":{\"@id\":\"https:\\\/\\\/museosdealicante.com\\\/el-centro-de-investigacion-maritima-de-santa-pola-acogera-las-residencias-petricor\\\/\"},\"author\":{\"name\":\"Pilar Tebar\",\"@id\":\"https:\\\/\\\/museosdealicante.com\\\/#\\\/schema\\\/person\\\/3fb92bf572e2598233a6ad31f9fc2c00\"},\"headline\":\"El Centro de Investigaci\u00f3n Mar\u00edtima de Santa Pola acoger\u00e1 las Residencias Petricor\",\"datePublished\":\"2026-04-28T14:29:28+00:00\",\"mainEntityOfPage\":{\"@id\":\"https:\\\/\\\/museosdealicante.com\\\/el-centro-de-investigacion-maritima-de-santa-pola-acogera-las-residencias-petricor\\\/\"},\"wordCount\":379,\"image\":{\"@id\":\"https:\\\/\\\/museosdealicante.com\\\/el-centro-de-investigacion-maritima-de-santa-pola-acogera-las-residencias-petricor\\\/#primaryimage\"},\"thumbnailUrl\":\"https:\\\/\\\/museosdealicante.com\\\/wp-content\\\/uploads\\\/2026\\\/04\\\/wp-header-logo-27.png\",\"articleSection\":[\"GIL ALBERT\"],\"inLanguage\":\"ca\"},{\"@type\":\"WebPage\",\"@id\":\"https:\\\/\\\/museosdealicante.com\\\/el-centro-de-investigacion-maritima-de-santa-pola-acogera-las-residencias-petricor\\\/\",\"url\":\"https:\\\/\\\/museosdealicante.com\\\/el-centro-de-investigacion-maritima-de-santa-pola-acogera-las-residencias-petricor\\\/\",\"name\":\"El Centro de Investigaci\u00f3n Mar\u00edtima de Santa Pola acoger\u00e1 las Residencias Petricor - MUSEA | Museos de Alicante\",\"isPartOf\":{\"@id\":\"https:\\\/\\\/museosdealicante.com\\\/#website\"},\"primaryImageOfPage\":{\"@id\":\"https:\\\/\\\/museosdealicante.com\\\/el-centro-de-investigacion-maritima-de-santa-pola-acogera-las-residencias-petricor\\\/#primaryimage\"},\"image\":{\"@id\":\"https:\\\/\\\/museosdealicante.com\\\/el-centro-de-investigacion-maritima-de-santa-pola-acogera-las-residencias-petricor\\\/#primaryimage\"},\"thumbnailUrl\":\"https:\\\/\\\/museosdealicante.com\\\/wp-content\\\/uploads\\\/2026\\\/04\\\/wp-header-logo-27.png\",\"datePublished\":\"2026-04-28T14:29:28+00:00\",\"author\":{\"@id\":\"https:\\\/\\\/museosdealicante.com\\\/#\\\/schema\\\/person\\\/3fb92bf572e2598233a6ad31f9fc2c00\"},\"breadcrumb\":{\"@id\":\"https:\\\/\\\/museosdealicante.com\\\/el-centro-de-investigacion-maritima-de-santa-pola-acogera-las-residencias-petricor\\\/#breadcrumb\"},\"inLanguage\":\"ca\",\"potentialAction\":[{\"@type\":\"ReadAction\",\"target\":[\"https:\\\/\\\/museosdealicante.com\\\/el-centro-de-investigacion-maritima-de-santa-pola-acogera-las-residencias-petricor\\\/\"]}]},{\"@type\":\"ImageObject\",\"inLanguage\":\"ca\",\"@id\":\"https:\\\/\\\/museosdealicante.com\\\/el-centro-de-investigacion-maritima-de-santa-pola-acogera-las-residencias-petricor\\\/#primaryimage\",\"url\":\"https:\\\/\\\/museosdealicante.com\\\/wp-content\\\/uploads\\\/2026\\\/04\\\/wp-header-logo-27.png\",\"contentUrl\":\"https:\\\/\\\/museosdealicante.com\\\/wp-content\\\/uploads\\\/2026\\\/04\\\/wp-header-logo-27.png\",\"width\":2560,\"height\":1707},{\"@type\":\"BreadcrumbList\",\"@id\":\"https:\\\/\\\/museosdealicante.com\\\/el-centro-de-investigacion-maritima-de-santa-pola-acogera-las-residencias-petricor\\\/#breadcrumb\",\"itemListElement\":[{\"@type\":\"ListItem\",\"position\":1,\"name\":\"Portada\",\"item\":\"https:\\\/\\\/museosdealicante.com\\\/\"},{\"@type\":\"ListItem\",\"position\":2,\"name\":\"El Centro de Investigaci\u00f3n Mar\u00edtima de Santa Pola acoger\u00e1 las Residencias Petricor\"}]},{\"@type\":\"WebSite\",\"@id\":\"https:\\\/\\\/museosdealicante.com\\\/#website\",\"url\":\"https:\\\/\\\/museosdealicante.com\\\/\",\"name\":\"MUSEA | Museos de Alicante\",\"description\":\"Toda la oferta sobre arte, cultura y patrimonio de la ciudad, toda la actualidad de los museos de Alicante\",\"potentialAction\":[{\"@type\":\"SearchAction\",\"target\":{\"@type\":\"EntryPoint\",\"urlTemplate\":\"https:\\\/\\\/museosdealicante.com\\\/?s={search_term_string}\"},\"query-input\":{\"@type\":\"PropertyValueSpecification\",\"valueRequired\":true,\"valueName\":\"search_term_string\"}}],\"inLanguage\":\"ca\"},{\"@type\":\"Person\",\"@id\":\"https:\\\/\\\/museosdealicante.com\\\/#\\\/schema\\\/person\\\/3fb92bf572e2598233a6ad31f9fc2c00\",\"name\":\"Pilar Tebar\",\"image\":{\"@type\":\"ImageObject\",\"inLanguage\":\"ca\",\"@id\":\"https:\\\/\\\/secure.gravatar.com\\\/avatar\\\/cf6c6d37d11ded37d2e5bcb1f0c5c044360a6a33d1ff72ba0f0fe8d74e7e0cc3?s=96&d=mm&r=g\",\"url\":\"https:\\\/\\\/secure.gravatar.com\\\/avatar\\\/cf6c6d37d11ded37d2e5bcb1f0c5c044360a6a33d1ff72ba0f0fe8d74e7e0cc3?s=96&d=mm&r=g\",\"contentUrl\":\"https:\\\/\\\/secure.gravatar.com\\\/avatar\\\/cf6c6d37d11ded37d2e5bcb1f0c5c044360a6a33d1ff72ba0f0fe8d74e7e0cc3?s=96&d=mm&r=g\",\"caption\":\"Pilar Tebar\"},\"url\":\"https:\\\/\\\/museosdealicante.com\\\/va\\\/author\\\/pilar-tebar\\\/\"}]}<\/script>\n<!-- \/ Yoast SEO plugin. -->","yoast_head_json":{"title":"El Centro de Investigaci\u00f3n Mar\u00edtima de Santa Pola acoger\u00e1 las Residencias Petricor - MUSEA | Museos de Alicante","robots":{"index":"index","follow":"follow","max-snippet":"max-snippet:-1","max-image-preview":"max-image-preview:large","max-video-preview":"max-video-preview:-1"},"canonical":"https:\/\/museosdealicante.com\/va\/el-centro-de-investigacion-maritima-de-santa-pola-acogera-las-residencias-petricor\/","og_locale":"ca_ES","og_type":"article","og_title":"El Centro de Investigaci\u00f3n Mar\u00edtima de Santa Pola acoger\u00e1 las Residencias Petricor - MUSEA | Museos de Alicante","og_description":"El Instituto Alicantino de Cultura Juan Gil-Albert ha lanzado la tercera convocatoria de Residencias de Investigaci\u00f3n en Artes Esc\u00e9nicas \u201cPetricor\u201d en torno al patrimonio natural de la provincia y [\u2026]","og_url":"https:\/\/museosdealicante.com\/va\/el-centro-de-investigacion-maritima-de-santa-pola-acogera-las-residencias-petricor\/","og_site_name":"MUSEA | Museos de Alicante","article_published_time":"2026-04-28T14:29:28+00:00","author":"Pilar Tebar","twitter_card":"summary_large_image","twitter_misc":{"Escrit per":"Pilar Tebar","Temps estimat de lectura":"2 minuts"},"schema":{"@context":"https:\/\/schema.org","@graph":[{"@type":"Article","@id":"https:\/\/museosdealicante.com\/el-centro-de-investigacion-maritima-de-santa-pola-acogera-las-residencias-petricor\/#article","isPartOf":{"@id":"https:\/\/museosdealicante.com\/el-centro-de-investigacion-maritima-de-santa-pola-acogera-las-residencias-petricor\/"},"author":{"name":"Pilar Tebar","@id":"https:\/\/museosdealicante.com\/#\/schema\/person\/3fb92bf572e2598233a6ad31f9fc2c00"},"headline":"El Centro de Investigaci\u00f3n Mar\u00edtima de Santa Pola acoger\u00e1 las Residencias Petricor","datePublished":"2026-04-28T14:29:28+00:00","mainEntityOfPage":{"@id":"https:\/\/museosdealicante.com\/el-centro-de-investigacion-maritima-de-santa-pola-acogera-las-residencias-petricor\/"},"wordCount":379,"image":{"@id":"https:\/\/museosdealicante.com\/el-centro-de-investigacion-maritima-de-santa-pola-acogera-las-residencias-petricor\/#primaryimage"},"thumbnailUrl":"https:\/\/museosdealicante.com\/wp-content\/uploads\/2026\/04\/wp-header-logo-27.png","articleSection":["GIL ALBERT"],"inLanguage":"ca"},{"@type":"WebPage","@id":"https:\/\/museosdealicante.com\/el-centro-de-investigacion-maritima-de-santa-pola-acogera-las-residencias-petricor\/","url":"https:\/\/museosdealicante.com\/el-centro-de-investigacion-maritima-de-santa-pola-acogera-las-residencias-petricor\/","name":"El Centro de Investigaci\u00f3n Mar\u00edtima de Santa Pola acoger\u00e1 las Residencias Petricor - MUSEA | Museos de Alicante","isPartOf":{"@id":"https:\/\/museosdealicante.com\/#website"},"primaryImageOfPage":{"@id":"https:\/\/museosdealicante.com\/el-centro-de-investigacion-maritima-de-santa-pola-acogera-las-residencias-petricor\/#primaryimage"},"image":{"@id":"https:\/\/museosdealicante.com\/el-centro-de-investigacion-maritima-de-santa-pola-acogera-las-residencias-petricor\/#primaryimage"},"thumbnailUrl":"https:\/\/museosdealicante.com\/wp-content\/uploads\/2026\/04\/wp-header-logo-27.png","datePublished":"2026-04-28T14:29:28+00:00","author":{"@id":"https:\/\/museosdealicante.com\/#\/schema\/person\/3fb92bf572e2598233a6ad31f9fc2c00"},"breadcrumb":{"@id":"https:\/\/museosdealicante.com\/el-centro-de-investigacion-maritima-de-santa-pola-acogera-las-residencias-petricor\/#breadcrumb"},"inLanguage":"ca","potentialAction":[{"@type":"ReadAction","target":["https:\/\/museosdealicante.com\/el-centro-de-investigacion-maritima-de-santa-pola-acogera-las-residencias-petricor\/"]}]},{"@type":"ImageObject","inLanguage":"ca","@id":"https:\/\/museosdealicante.com\/el-centro-de-investigacion-maritima-de-santa-pola-acogera-las-residencias-petricor\/#primaryimage","url":"https:\/\/museosdealicante.com\/wp-content\/uploads\/2026\/04\/wp-header-logo-27.png","contentUrl":"https:\/\/museosdealicante.com\/wp-content\/uploads\/2026\/04\/wp-header-logo-27.png","width":2560,"height":1707},{"@type":"BreadcrumbList","@id":"https:\/\/museosdealicante.com\/el-centro-de-investigacion-maritima-de-santa-pola-acogera-las-residencias-petricor\/#breadcrumb","itemListElement":[{"@type":"ListItem","position":1,"name":"Portada","item":"https:\/\/museosdealicante.com\/"},{"@type":"ListItem","position":2,"name":"El Centro de Investigaci\u00f3n Mar\u00edtima de Santa Pola acoger\u00e1 las Residencias Petricor"}]},{"@type":"WebSite","@id":"https:\/\/museosdealicante.com\/#website","url":"https:\/\/museosdealicante.com\/","name":"MUSEA | Museos de Alicante","description":"Toda la oferta sobre arte, cultura y patrimonio de la ciudad, toda la actualidad de los museos de Alicante","potentialAction":[{"@type":"SearchAction","target":{"@type":"EntryPoint","urlTemplate":"https:\/\/museosdealicante.com\/?s={search_term_string}"},"query-input":{"@type":"PropertyValueSpecification","valueRequired":true,"valueName":"search_term_string"}}],"inLanguage":"ca"},{"@type":"Person","@id":"https:\/\/museosdealicante.com\/#\/schema\/person\/3fb92bf572e2598233a6ad31f9fc2c00","name":"Pilar Tebar","image":{"@type":"ImageObject","inLanguage":"ca","@id":"https:\/\/secure.gravatar.com\/avatar\/cf6c6d37d11ded37d2e5bcb1f0c5c044360a6a33d1ff72ba0f0fe8d74e7e0cc3?s=96&d=mm&r=g","url":"https:\/\/secure.gravatar.com\/avatar\/cf6c6d37d11ded37d2e5bcb1f0c5c044360a6a33d1ff72ba0f0fe8d74e7e0cc3?s=96&d=mm&r=g","contentUrl":"https:\/\/secure.gravatar.com\/avatar\/cf6c6d37d11ded37d2e5bcb1f0c5c044360a6a33d1ff72ba0f0fe8d74e7e0cc3?s=96&d=mm&r=g","caption":"Pilar Tebar"},"url":"https:\/\/museosdealicante.com\/va\/author\/pilar-tebar\/"}]}},"_links":{"self":[{"href":"https:\/\/museosdealicante.com\/va\/wp-json\/wp\/v2\/posts\/4013","targetHints":{"allow":["GET"]}}],"collection":[{"href":"https:\/\/museosdealicante.com\/va\/wp-json\/wp\/v2\/posts"}],"about":[{"href":"https:\/\/museosdealicante.com\/va\/wp-json\/wp\/v2\/types\/post"}],"author":[{"embeddable":true,"href":"https:\/\/museosdealicante.com\/va\/wp-json\/wp\/v2\/users\/9"}],"replies":[{"embeddable":true,"href":"https:\/\/museosdealicante.com\/va\/wp-json\/wp\/v2\/comments?post=4013"}],"version-history":[{"count":0,"href":"https:\/\/museosdealicante.com\/va\/wp-json\/wp\/v2\/posts\/4013\/revisions"}],"wp:featuredmedia":[{"embeddable":true,"href":"https:\/\/museosdealicante.com\/va\/wp-json\/wp\/v2\/media\/4014"}],"wp:attachment":[{"href":"https:\/\/museosdealicante.com\/va\/wp-json\/wp\/v2\/media?parent=4013"}],"wp:term":[{"taxonomy":"category","embeddable":true,"href":"https:\/\/museosdealicante.com\/va\/wp-json\/wp\/v2\/categories?post=4013"},{"taxonomy":"post_tag","embeddable":true,"href":"https:\/\/museosdealicante.com\/va\/wp-json\/wp\/v2\/tags?post=4013"}],"curies":[{"name":"wp","href":"https:\/\/api.w.org\/{rel}","templated":true}]}}