{"id":4015,"date":"2026-04-29T13:58:14","date_gmt":"2026-04-29T13:58:14","guid":{"rendered":"https:\/\/museosdealicante.com\/la-mesa-de-la-arquitectura-sesion-especial-con-soledad-sevilla\/"},"modified":"2026-04-29T13:58:14","modified_gmt":"2026-04-29T13:58:14","slug":"la-mesa-de-la-arquitectura-sesion-especial-con-soledad-sevilla","status":"publish","type":"post","link":"https:\/\/museosdealicante.com\/va\/la-mesa-de-la-arquitectura-sesion-especial-con-soledad-sevilla\/","title":{"rendered":"La mesa de la arquitectura. Sesi\u00f3n especial con Soledad Sevilla."},"content":{"rendered":"<div>\n<p><strong>El t\u00edtulo de la charla compartida con Soledad ser\u00e1: <\/strong><strong>Transitar la experiencia, un recorrido compartido con Soledad Sevilla.<\/strong><\/p>\n<p><strong>7 de mayo a las 19 horas. Entrada libre.\u00a0<\/strong><\/p>\n<p>Tras un inicio en el recorreremos de forma \u00e1gil las experiencias compartidas con Soledad en diversas exposiciones e instalaciones y nuestros recorridos conjuntos visitando secaderos de tabaco en la Vega de Granada, nos adentraremos en el proceso de dise\u00f1ar un estudio de trabajo para la artista. Conoceremos un primer intento de habitar un secadero, y posteriormente, el estudio nuevo en la vega, un espacio de trabajo sobre un gran almac\u00e9n, que transita entre lo urbano y lo rural. Un lugar dedicado a la creatividad y la experimentaci\u00f3n inundado de luz natural tamizada por celos\u00edas cer\u00e1micas.<\/p>\n<p><strong>Coordina<\/strong>: Santiago Varela<\/p>\n<p><strong>Colabora<\/strong>: Colegio de Arquitectos de Alicante<\/p>\n<p><a href=\"https:\/\/maca-alicante.es\/wp-content\/uploads\/2026\/04\/Sesion-especial-7-mayo_titulo-nuevo-Instagram1080x1350px.png\"><img fetchpriority=\"high\" decoding=\"async\" class=\"aligncenter size-large wp-image-53660\" src=\"https:\/\/maca-alicante.es\/wp-content\/uploads\/2026\/04\/Sesion-especial-7-mayo_titulo-nuevo-Instagram1080x1350px-640x800.png\" alt=\"\" width=\"640\" height=\"800\" srcset=\"https:\/\/maca-alicante.es\/wp-content\/uploads\/2026\/04\/Sesion-especial-7-mayo_titulo-nuevo-Instagram1080x1350px-640x800.png 640w, https:\/\/maca-alicante.es\/wp-content\/uploads\/2026\/04\/Sesion-especial-7-mayo_titulo-nuevo-Instagram1080x1350px-320x400.png 320w, https:\/\/maca-alicante.es\/wp-content\/uploads\/2026\/04\/Sesion-especial-7-mayo_titulo-nuevo-Instagram1080x1350px-768x960.png 768w, https:\/\/maca-alicante.es\/wp-content\/uploads\/2026\/04\/Sesion-especial-7-mayo_titulo-nuevo-Instagram1080x1350px-1229x1536.png 1229w, https:\/\/maca-alicante.es\/wp-content\/uploads\/2026\/04\/Sesion-especial-7-mayo_titulo-nuevo-Instagram1080x1350px-1638x2048.png 1638w\" sizes=\"(max-width: 640px) 100vw, 640px\"\/><\/a><\/p>\n<\/p><\/div>\n<p><a href=\"https:\/\/maca-alicante.es\/la-mesa-de-la-arquitectura-sesion-especial-con-soledad-sevilla\/\">source<\/a><\/p>","protected":false},"excerpt":{"rendered":"<p>El t\u00edtulo de la charla compartida con Soledad ser\u00e1: Transitar la experiencia, un recorrido compartido con Soledad Sevilla. 7 de mayo a las 19 horas. Entrada libre.\u00a0 Tras un<span class=\"excerpt-hellip\"> [\u2026]<\/span><\/p>\n","protected":false},"author":4,"featured_media":4016,"comment_status":"","ping_status":"","sticky":false,"template":"","format":"standard","meta":{"_price":"","_stock":"","_tribe_ticket_header":"","_tribe_default_ticket_provider":"","_tribe_ticket_capacity":"","_ticket_start_date":"","_ticket_end_date":"","_tribe_ticket_show_description":"","_tribe_ticket_show_not_going":false,"_tribe_ticket_use_global_stock":"","_tribe_ticket_global_stock_level":"","_global_stock_mode":"","_global_stock_cap":"","_tribe_rsvp_for_event":"","_tribe_ticket_going_count":"","_tribe_ticket_not_going_count":"","_tribe_tickets_list":"[]","_tribe_ticket_has_attendee_info_fields":false,"footnotes":""},"categories":[10],"tags":[],"class_list":["post-4015","post","type-post","status-publish","format-standard","has-post-thumbnail","hentry","category-maca"],"yoast_head":"<!-- This site is optimized with the Yoast SEO plugin v27.3 - https:\/\/yoast.com\/product\/yoast-seo-wordpress\/ -->\n<title>La mesa de la arquitectura. Sesi\u00f3n especial con Soledad Sevilla. - MUSEA | Museos de Alicante<\/title>\n<meta name=\"robots\" content=\"index, follow, max-snippet:-1, max-image-preview:large, max-video-preview:-1\" \/>\n<link rel=\"canonical\" href=\"https:\/\/museosdealicante.com\/va\/la-mesa-de-la-arquitectura-sesion-especial-con-soledad-sevilla\/\" \/>\n<meta property=\"og:locale\" content=\"ca_ES\" \/>\n<meta property=\"og:type\" content=\"article\" \/>\n<meta property=\"og:title\" content=\"La mesa de la arquitectura. Sesi\u00f3n especial con Soledad Sevilla. - MUSEA | Museos de Alicante\" \/>\n<meta property=\"og:description\" content=\"El t\u00edtulo de la charla compartida con Soledad ser\u00e1: Transitar la experiencia, un recorrido compartido con Soledad Sevilla. 7 de mayo a las 19 horas. Entrada libre.\u00a0 Tras un [\u2026]\" \/>\n<meta property=\"og:url\" content=\"https:\/\/museosdealicante.com\/va\/la-mesa-de-la-arquitectura-sesion-especial-con-soledad-sevilla\/\" \/>\n<meta property=\"og:site_name\" content=\"MUSEA | Museos de Alicante\" \/>\n<meta property=\"article:published_time\" content=\"2026-04-29T13:58:14+00:00\" \/>\n<meta name=\"author\" content=\"Rosa Mar\u00eda Castells\" \/>\n<meta name=\"twitter:card\" content=\"summary_large_image\" \/>\n<meta name=\"twitter:label1\" content=\"Escrit per\" \/>\n\t<meta name=\"twitter:data1\" content=\"Rosa Mar\u00eda Castells\" \/>\n\t<meta name=\"twitter:label2\" content=\"Temps estimat de lectura\" \/>\n\t<meta name=\"twitter:data2\" content=\"1 minut\" \/>\n<script type=\"application\/ld+json\" class=\"yoast-schema-graph\">{\"@context\":\"https:\\\/\\\/schema.org\",\"@graph\":[{\"@type\":\"Article\",\"@id\":\"https:\\\/\\\/museosdealicante.com\\\/la-mesa-de-la-arquitectura-sesion-especial-con-soledad-sevilla\\\/#article\",\"isPartOf\":{\"@id\":\"https:\\\/\\\/museosdealicante.com\\\/la-mesa-de-la-arquitectura-sesion-especial-con-soledad-sevilla\\\/\"},\"author\":{\"name\":\"Rosa Mar\u00eda Castells\",\"@id\":\"https:\\\/\\\/museosdealicante.com\\\/#\\\/schema\\\/person\\\/0568f63519b86d8127abb9dca617ddd0\"},\"headline\":\"La mesa de la arquitectura. Sesi\u00f3n especial con Soledad Sevilla.\",\"datePublished\":\"2026-04-29T13:58:14+00:00\",\"mainEntityOfPage\":{\"@id\":\"https:\\\/\\\/museosdealicante.com\\\/la-mesa-de-la-arquitectura-sesion-especial-con-soledad-sevilla\\\/\"},\"wordCount\":147,\"image\":{\"@id\":\"https:\\\/\\\/museosdealicante.com\\\/la-mesa-de-la-arquitectura-sesion-especial-con-soledad-sevilla\\\/#primaryimage\"},\"thumbnailUrl\":\"https:\\\/\\\/museosdealicante.com\\\/wp-content\\\/uploads\\\/2026\\\/04\\\/wp-header-logo-28.png\",\"articleSection\":[\"MACA\"],\"inLanguage\":\"ca\"},{\"@type\":\"WebPage\",\"@id\":\"https:\\\/\\\/museosdealicante.com\\\/la-mesa-de-la-arquitectura-sesion-especial-con-soledad-sevilla\\\/\",\"url\":\"https:\\\/\\\/museosdealicante.com\\\/la-mesa-de-la-arquitectura-sesion-especial-con-soledad-sevilla\\\/\",\"name\":\"La mesa de la arquitectura. Sesi\u00f3n especial con Soledad Sevilla. - MUSEA | Museos de Alicante\",\"isPartOf\":{\"@id\":\"https:\\\/\\\/museosdealicante.com\\\/#website\"},\"primaryImageOfPage\":{\"@id\":\"https:\\\/\\\/museosdealicante.com\\\/la-mesa-de-la-arquitectura-sesion-especial-con-soledad-sevilla\\\/#primaryimage\"},\"image\":{\"@id\":\"https:\\\/\\\/museosdealicante.com\\\/la-mesa-de-la-arquitectura-sesion-especial-con-soledad-sevilla\\\/#primaryimage\"},\"thumbnailUrl\":\"https:\\\/\\\/museosdealicante.com\\\/wp-content\\\/uploads\\\/2026\\\/04\\\/wp-header-logo-28.png\",\"datePublished\":\"2026-04-29T13:58:14+00:00\",\"author\":{\"@id\":\"https:\\\/\\\/museosdealicante.com\\\/#\\\/schema\\\/person\\\/0568f63519b86d8127abb9dca617ddd0\"},\"breadcrumb\":{\"@id\":\"https:\\\/\\\/museosdealicante.com\\\/la-mesa-de-la-arquitectura-sesion-especial-con-soledad-sevilla\\\/#breadcrumb\"},\"inLanguage\":\"ca\",\"potentialAction\":[{\"@type\":\"ReadAction\",\"target\":[\"https:\\\/\\\/museosdealicante.com\\\/la-mesa-de-la-arquitectura-sesion-especial-con-soledad-sevilla\\\/\"]}]},{\"@type\":\"ImageObject\",\"inLanguage\":\"ca\",\"@id\":\"https:\\\/\\\/museosdealicante.com\\\/la-mesa-de-la-arquitectura-sesion-especial-con-soledad-sevilla\\\/#primaryimage\",\"url\":\"https:\\\/\\\/museosdealicante.com\\\/wp-content\\\/uploads\\\/2026\\\/04\\\/wp-header-logo-28.png\",\"contentUrl\":\"https:\\\/\\\/museosdealicante.com\\\/wp-content\\\/uploads\\\/2026\\\/04\\\/wp-header-logo-28.png\",\"width\":640,\"height\":800},{\"@type\":\"BreadcrumbList\",\"@id\":\"https:\\\/\\\/museosdealicante.com\\\/la-mesa-de-la-arquitectura-sesion-especial-con-soledad-sevilla\\\/#breadcrumb\",\"itemListElement\":[{\"@type\":\"ListItem\",\"position\":1,\"name\":\"Portada\",\"item\":\"https:\\\/\\\/museosdealicante.com\\\/\"},{\"@type\":\"ListItem\",\"position\":2,\"name\":\"La mesa de la arquitectura. Sesi\u00f3n especial con Soledad Sevilla.\"}]},{\"@type\":\"WebSite\",\"@id\":\"https:\\\/\\\/museosdealicante.com\\\/#website\",\"url\":\"https:\\\/\\\/museosdealicante.com\\\/\",\"name\":\"MUSEA | Museos de Alicante\",\"description\":\"Toda la oferta sobre arte, cultura y patrimonio de la ciudad, toda la actualidad de los museos de Alicante\",\"potentialAction\":[{\"@type\":\"SearchAction\",\"target\":{\"@type\":\"EntryPoint\",\"urlTemplate\":\"https:\\\/\\\/museosdealicante.com\\\/?s={search_term_string}\"},\"query-input\":{\"@type\":\"PropertyValueSpecification\",\"valueRequired\":true,\"valueName\":\"search_term_string\"}}],\"inLanguage\":\"ca\"},{\"@type\":\"Person\",\"@id\":\"https:\\\/\\\/museosdealicante.com\\\/#\\\/schema\\\/person\\\/0568f63519b86d8127abb9dca617ddd0\",\"name\":\"Rosa Mar\u00eda Castells\",\"image\":{\"@type\":\"ImageObject\",\"inLanguage\":\"ca\",\"@id\":\"https:\\\/\\\/secure.gravatar.com\\\/avatar\\\/782cc4dc634b1918299ba6f478389cd0b3e92a03c95d1fa5203bfad7090b694e?s=96&d=mm&r=g\",\"url\":\"https:\\\/\\\/secure.gravatar.com\\\/avatar\\\/782cc4dc634b1918299ba6f478389cd0b3e92a03c95d1fa5203bfad7090b694e?s=96&d=mm&r=g\",\"contentUrl\":\"https:\\\/\\\/secure.gravatar.com\\\/avatar\\\/782cc4dc634b1918299ba6f478389cd0b3e92a03c95d1fa5203bfad7090b694e?s=96&d=mm&r=g\",\"caption\":\"Rosa Mar\u00eda Castells\"},\"url\":\"https:\\\/\\\/museosdealicante.com\\\/va\\\/author\\\/rosa-maria-castells\\\/\"}]}<\/script>\n<!-- \/ Yoast SEO plugin. -->","yoast_head_json":{"title":"La mesa de la arquitectura. Sesi\u00f3n especial con Soledad Sevilla. - MUSEA | Museos de Alicante","robots":{"index":"index","follow":"follow","max-snippet":"max-snippet:-1","max-image-preview":"max-image-preview:large","max-video-preview":"max-video-preview:-1"},"canonical":"https:\/\/museosdealicante.com\/va\/la-mesa-de-la-arquitectura-sesion-especial-con-soledad-sevilla\/","og_locale":"ca_ES","og_type":"article","og_title":"La mesa de la arquitectura. Sesi\u00f3n especial con Soledad Sevilla. - MUSEA | Museos de Alicante","og_description":"El t\u00edtulo de la charla compartida con Soledad ser\u00e1: Transitar la experiencia, un recorrido compartido con Soledad Sevilla. 7 de mayo a las 19 horas. Entrada libre.\u00a0 Tras un [\u2026]","og_url":"https:\/\/museosdealicante.com\/va\/la-mesa-de-la-arquitectura-sesion-especial-con-soledad-sevilla\/","og_site_name":"MUSEA | Museos de Alicante","article_published_time":"2026-04-29T13:58:14+00:00","author":"Rosa Mar\u00eda Castells","twitter_card":"summary_large_image","twitter_misc":{"Escrit per":"Rosa Mar\u00eda Castells","Temps estimat de lectura":"1 minut"},"schema":{"@context":"https:\/\/schema.org","@graph":[{"@type":"Article","@id":"https:\/\/museosdealicante.com\/la-mesa-de-la-arquitectura-sesion-especial-con-soledad-sevilla\/#article","isPartOf":{"@id":"https:\/\/museosdealicante.com\/la-mesa-de-la-arquitectura-sesion-especial-con-soledad-sevilla\/"},"author":{"name":"Rosa Mar\u00eda Castells","@id":"https:\/\/museosdealicante.com\/#\/schema\/person\/0568f63519b86d8127abb9dca617ddd0"},"headline":"La mesa de la arquitectura. Sesi\u00f3n especial con Soledad Sevilla.","datePublished":"2026-04-29T13:58:14+00:00","mainEntityOfPage":{"@id":"https:\/\/museosdealicante.com\/la-mesa-de-la-arquitectura-sesion-especial-con-soledad-sevilla\/"},"wordCount":147,"image":{"@id":"https:\/\/museosdealicante.com\/la-mesa-de-la-arquitectura-sesion-especial-con-soledad-sevilla\/#primaryimage"},"thumbnailUrl":"https:\/\/museosdealicante.com\/wp-content\/uploads\/2026\/04\/wp-header-logo-28.png","articleSection":["MACA"],"inLanguage":"ca"},{"@type":"WebPage","@id":"https:\/\/museosdealicante.com\/la-mesa-de-la-arquitectura-sesion-especial-con-soledad-sevilla\/","url":"https:\/\/museosdealicante.com\/la-mesa-de-la-arquitectura-sesion-especial-con-soledad-sevilla\/","name":"La mesa de la arquitectura. Sesi\u00f3n especial con Soledad Sevilla. - MUSEA | Museos de Alicante","isPartOf":{"@id":"https:\/\/museosdealicante.com\/#website"},"primaryImageOfPage":{"@id":"https:\/\/museosdealicante.com\/la-mesa-de-la-arquitectura-sesion-especial-con-soledad-sevilla\/#primaryimage"},"image":{"@id":"https:\/\/museosdealicante.com\/la-mesa-de-la-arquitectura-sesion-especial-con-soledad-sevilla\/#primaryimage"},"thumbnailUrl":"https:\/\/museosdealicante.com\/wp-content\/uploads\/2026\/04\/wp-header-logo-28.png","datePublished":"2026-04-29T13:58:14+00:00","author":{"@id":"https:\/\/museosdealicante.com\/#\/schema\/person\/0568f63519b86d8127abb9dca617ddd0"},"breadcrumb":{"@id":"https:\/\/museosdealicante.com\/la-mesa-de-la-arquitectura-sesion-especial-con-soledad-sevilla\/#breadcrumb"},"inLanguage":"ca","potentialAction":[{"@type":"ReadAction","target":["https:\/\/museosdealicante.com\/la-mesa-de-la-arquitectura-sesion-especial-con-soledad-sevilla\/"]}]},{"@type":"ImageObject","inLanguage":"ca","@id":"https:\/\/museosdealicante.com\/la-mesa-de-la-arquitectura-sesion-especial-con-soledad-sevilla\/#primaryimage","url":"https:\/\/museosdealicante.com\/wp-content\/uploads\/2026\/04\/wp-header-logo-28.png","contentUrl":"https:\/\/museosdealicante.com\/wp-content\/uploads\/2026\/04\/wp-header-logo-28.png","width":640,"height":800},{"@type":"BreadcrumbList","@id":"https:\/\/museosdealicante.com\/la-mesa-de-la-arquitectura-sesion-especial-con-soledad-sevilla\/#breadcrumb","itemListElement":[{"@type":"ListItem","position":1,"name":"Portada","item":"https:\/\/museosdealicante.com\/"},{"@type":"ListItem","position":2,"name":"La mesa de la arquitectura. Sesi\u00f3n especial con Soledad Sevilla."}]},{"@type":"WebSite","@id":"https:\/\/museosdealicante.com\/#website","url":"https:\/\/museosdealicante.com\/","name":"MUSEA | Museos de Alicante","description":"Toda la oferta sobre arte, cultura y patrimonio de la ciudad, toda la actualidad de los museos de Alicante","potentialAction":[{"@type":"SearchAction","target":{"@type":"EntryPoint","urlTemplate":"https:\/\/museosdealicante.com\/?s={search_term_string}"},"query-input":{"@type":"PropertyValueSpecification","valueRequired":true,"valueName":"search_term_string"}}],"inLanguage":"ca"},{"@type":"Person","@id":"https:\/\/museosdealicante.com\/#\/schema\/person\/0568f63519b86d8127abb9dca617ddd0","name":"Rosa Mar\u00eda Castells","image":{"@type":"ImageObject","inLanguage":"ca","@id":"https:\/\/secure.gravatar.com\/avatar\/782cc4dc634b1918299ba6f478389cd0b3e92a03c95d1fa5203bfad7090b694e?s=96&d=mm&r=g","url":"https:\/\/secure.gravatar.com\/avatar\/782cc4dc634b1918299ba6f478389cd0b3e92a03c95d1fa5203bfad7090b694e?s=96&d=mm&r=g","contentUrl":"https:\/\/secure.gravatar.com\/avatar\/782cc4dc634b1918299ba6f478389cd0b3e92a03c95d1fa5203bfad7090b694e?s=96&d=mm&r=g","caption":"Rosa Mar\u00eda Castells"},"url":"https:\/\/museosdealicante.com\/va\/author\/rosa-maria-castells\/"}]}},"_links":{"self":[{"href":"https:\/\/museosdealicante.com\/va\/wp-json\/wp\/v2\/posts\/4015","targetHints":{"allow":["GET"]}}],"collection":[{"href":"https:\/\/museosdealicante.com\/va\/wp-json\/wp\/v2\/posts"}],"about":[{"href":"https:\/\/museosdealicante.com\/va\/wp-json\/wp\/v2\/types\/post"}],"author":[{"embeddable":true,"href":"https:\/\/museosdealicante.com\/va\/wp-json\/wp\/v2\/users\/4"}],"replies":[{"embeddable":true,"href":"https:\/\/museosdealicante.com\/va\/wp-json\/wp\/v2\/comments?post=4015"}],"version-history":[{"count":0,"href":"https:\/\/museosdealicante.com\/va\/wp-json\/wp\/v2\/posts\/4015\/revisions"}],"wp:featuredmedia":[{"embeddable":true,"href":"https:\/\/museosdealicante.com\/va\/wp-json\/wp\/v2\/media\/4016"}],"wp:attachment":[{"href":"https:\/\/museosdealicante.com\/va\/wp-json\/wp\/v2\/media?parent=4015"}],"wp:term":[{"taxonomy":"category","embeddable":true,"href":"https:\/\/museosdealicante.com\/va\/wp-json\/wp\/v2\/categories?post=4015"},{"taxonomy":"post_tag","embeddable":true,"href":"https:\/\/museosdealicante.com\/va\/wp-json\/wp\/v2\/tags?post=4015"}],"curies":[{"name":"wp","href":"https:\/\/api.w.org\/{rel}","templated":true}]}}