{"id":4017,"date":"2026-04-30T15:07:22","date_gmt":"2026-04-30T15:07:22","guid":{"rendered":"https:\/\/museosdealicante.com\/12-residencias-de-creacion-e-investigacion-artistica\/"},"modified":"2026-04-30T15:07:22","modified_gmt":"2026-04-30T15:07:22","slug":"12-residencias-de-creacion-e-investigacion-artistica","status":"publish","type":"post","link":"https:\/\/museosdealicante.com\/va\/12-residencias-de-creacion-e-investigacion-artistica\/","title":{"rendered":"12 RESIDENCIAS DE CREACI\u00d3N E INVESTIGACI\u00d3N ART\u00cdSTICA"},"content":{"rendered":"<p><img src='https:\/\/mua.ua.es\/img_publi\/2026_residencias_bases.jpg'> El objeto de la convocatoria es la concesi\u00f3n de cinco ayudas para la realizaci\u00f3n de cinco proyectos art\u00edsticos en el Museo de la Universidad de Alicante. BASES DISPONIBLES<br \/><a href=\"https:\/\/mua.ua.es\/pagina.php?opc=3&amp;lang=1&amp;id=258\">source<\/a><\/p>","protected":false},"excerpt":{"rendered":"<p>El objeto de la convocatoria es la concesi\u00f3n de cinco ayudas para la realizaci\u00f3n de cinco proyectos art\u00edsticos en el Museo de la Universidad de Alicante. BASES DISPONIBLESsource<\/p>","protected":false},"author":3,"featured_media":4018,"comment_status":"","ping_status":"","sticky":false,"template":"","format":"standard","meta":{"_price":"","_stock":"","_tribe_ticket_header":"","_tribe_default_ticket_provider":"","_tribe_ticket_capacity":"","_ticket_start_date":"","_ticket_end_date":"","_tribe_ticket_show_description":"","_tribe_ticket_show_not_going":false,"_tribe_ticket_use_global_stock":"","_tribe_ticket_global_stock_level":"","_global_stock_mode":"","_global_stock_cap":"","_tribe_rsvp_for_event":"","_tribe_ticket_going_count":"","_tribe_ticket_not_going_count":"","_tribe_tickets_list":"[]","_tribe_ticket_has_attendee_info_fields":false,"footnotes":""},"categories":[9],"tags":[],"class_list":["post-4017","post","type-post","status-publish","format-standard","has-post-thumbnail","hentry","category-mua"],"yoast_head":"<!-- This site is optimized with the Yoast SEO plugin v27.3 - https:\/\/yoast.com\/product\/yoast-seo-wordpress\/ -->\n<title>12 RESIDENCIAS DE CREACI\u00d3N E INVESTIGACI\u00d3N ART\u00cdSTICA - MUSEA | Museos de Alicante<\/title>\n<meta name=\"robots\" content=\"index, follow, max-snippet:-1, max-image-preview:large, max-video-preview:-1\" \/>\n<link rel=\"canonical\" href=\"https:\/\/museosdealicante.com\/va\/12-residencias-de-creacion-e-investigacion-artistica\/\" \/>\n<meta property=\"og:locale\" content=\"ca_ES\" \/>\n<meta property=\"og:type\" content=\"article\" \/>\n<meta property=\"og:title\" content=\"12 RESIDENCIAS DE CREACI\u00d3N E INVESTIGACI\u00d3N ART\u00cdSTICA - MUSEA | Museos de Alicante\" \/>\n<meta property=\"og:description\" content=\"El objeto de la convocatoria es la concesi\u00f3n de cinco ayudas para la realizaci\u00f3n de cinco proyectos art\u00edsticos en el Museo de la Universidad de Alicante. BASES DISPONIBLESsource\" \/>\n<meta property=\"og:url\" content=\"https:\/\/museosdealicante.com\/va\/12-residencias-de-creacion-e-investigacion-artistica\/\" \/>\n<meta property=\"og:site_name\" content=\"MUSEA | Museos de Alicante\" \/>\n<meta property=\"article:published_time\" content=\"2026-04-30T15:07:22+00:00\" \/>\n<meta property=\"og:image\" content=\"https:\/\/mua.ua.es\/img_publi\/2026_residencias_bases.jpg\" \/>\n<meta name=\"author\" content=\"Stefano Beltr\u00e1n\" \/>\n<meta name=\"twitter:card\" content=\"summary_large_image\" \/>\n<meta name=\"twitter:label1\" content=\"Escrit per\" \/>\n\t<meta name=\"twitter:data1\" content=\"Stefano Beltr\u00e1n\" \/>\n<script type=\"application\/ld+json\" class=\"yoast-schema-graph\">{\"@context\":\"https:\\\/\\\/schema.org\",\"@graph\":[{\"@type\":\"Article\",\"@id\":\"https:\\\/\\\/museosdealicante.com\\\/12-residencias-de-creacion-e-investigacion-artistica\\\/#article\",\"isPartOf\":{\"@id\":\"https:\\\/\\\/museosdealicante.com\\\/12-residencias-de-creacion-e-investigacion-artistica\\\/\"},\"author\":{\"name\":\"Stefano Beltr\u00e1n\",\"@id\":\"https:\\\/\\\/museosdealicante.com\\\/#\\\/schema\\\/person\\\/7961ae541bb7bcb5a79f37226b45fd95\"},\"headline\":\"12 RESIDENCIAS DE CREACI\u00d3N E INVESTIGACI\u00d3N ART\u00cdSTICA\",\"datePublished\":\"2026-04-30T15:07:22+00:00\",\"mainEntityOfPage\":{\"@id\":\"https:\\\/\\\/museosdealicante.com\\\/12-residencias-de-creacion-e-investigacion-artistica\\\/\"},\"wordCount\":41,\"image\":{\"@id\":\"https:\\\/\\\/museosdealicante.com\\\/12-residencias-de-creacion-e-investigacion-artistica\\\/#primaryimage\"},\"thumbnailUrl\":\"https:\\\/\\\/museosdealicante.com\\\/wp-content\\\/uploads\\\/2026\\\/04\\\/wp-header-logo-29.png\",\"articleSection\":[\"MUA\"],\"inLanguage\":\"ca\"},{\"@type\":\"WebPage\",\"@id\":\"https:\\\/\\\/museosdealicante.com\\\/12-residencias-de-creacion-e-investigacion-artistica\\\/\",\"url\":\"https:\\\/\\\/museosdealicante.com\\\/12-residencias-de-creacion-e-investigacion-artistica\\\/\",\"name\":\"12 RESIDENCIAS DE CREACI\u00d3N E INVESTIGACI\u00d3N ART\u00cdSTICA - MUSEA | Museos de Alicante\",\"isPartOf\":{\"@id\":\"https:\\\/\\\/museosdealicante.com\\\/#website\"},\"primaryImageOfPage\":{\"@id\":\"https:\\\/\\\/museosdealicante.com\\\/12-residencias-de-creacion-e-investigacion-artistica\\\/#primaryimage\"},\"image\":{\"@id\":\"https:\\\/\\\/museosdealicante.com\\\/12-residencias-de-creacion-e-investigacion-artistica\\\/#primaryimage\"},\"thumbnailUrl\":\"https:\\\/\\\/museosdealicante.com\\\/wp-content\\\/uploads\\\/2026\\\/04\\\/wp-header-logo-29.png\",\"datePublished\":\"2026-04-30T15:07:22+00:00\",\"author\":{\"@id\":\"https:\\\/\\\/museosdealicante.com\\\/#\\\/schema\\\/person\\\/7961ae541bb7bcb5a79f37226b45fd95\"},\"breadcrumb\":{\"@id\":\"https:\\\/\\\/museosdealicante.com\\\/12-residencias-de-creacion-e-investigacion-artistica\\\/#breadcrumb\"},\"inLanguage\":\"ca\",\"potentialAction\":[{\"@type\":\"ReadAction\",\"target\":[\"https:\\\/\\\/museosdealicante.com\\\/12-residencias-de-creacion-e-investigacion-artistica\\\/\"]}]},{\"@type\":\"ImageObject\",\"inLanguage\":\"ca\",\"@id\":\"https:\\\/\\\/museosdealicante.com\\\/12-residencias-de-creacion-e-investigacion-artistica\\\/#primaryimage\",\"url\":\"https:\\\/\\\/museosdealicante.com\\\/wp-content\\\/uploads\\\/2026\\\/04\\\/wp-header-logo-29.png\",\"contentUrl\":\"https:\\\/\\\/museosdealicante.com\\\/wp-content\\\/uploads\\\/2026\\\/04\\\/wp-header-logo-29.png\"},{\"@type\":\"BreadcrumbList\",\"@id\":\"https:\\\/\\\/museosdealicante.com\\\/12-residencias-de-creacion-e-investigacion-artistica\\\/#breadcrumb\",\"itemListElement\":[{\"@type\":\"ListItem\",\"position\":1,\"name\":\"Portada\",\"item\":\"https:\\\/\\\/museosdealicante.com\\\/\"},{\"@type\":\"ListItem\",\"position\":2,\"name\":\"12 RESIDENCIAS DE CREACI\u00d3N E INVESTIGACI\u00d3N ART\u00cdSTICA\"}]},{\"@type\":\"WebSite\",\"@id\":\"https:\\\/\\\/museosdealicante.com\\\/#website\",\"url\":\"https:\\\/\\\/museosdealicante.com\\\/\",\"name\":\"MUSEA | Museos de Alicante\",\"description\":\"Toda la oferta sobre arte, cultura y patrimonio de la ciudad, toda la actualidad de los museos de Alicante\",\"potentialAction\":[{\"@type\":\"SearchAction\",\"target\":{\"@type\":\"EntryPoint\",\"urlTemplate\":\"https:\\\/\\\/museosdealicante.com\\\/?s={search_term_string}\"},\"query-input\":{\"@type\":\"PropertyValueSpecification\",\"valueRequired\":true,\"valueName\":\"search_term_string\"}}],\"inLanguage\":\"ca\"},{\"@type\":\"Person\",\"@id\":\"https:\\\/\\\/museosdealicante.com\\\/#\\\/schema\\\/person\\\/7961ae541bb7bcb5a79f37226b45fd95\",\"name\":\"Stefano Beltr\u00e1n\",\"image\":{\"@type\":\"ImageObject\",\"inLanguage\":\"ca\",\"@id\":\"https:\\\/\\\/secure.gravatar.com\\\/avatar\\\/d5050389d30268a4a519a73fe63d36a6b0e6821f17f80f612be7e40244d760cf?s=96&d=mm&r=g\",\"url\":\"https:\\\/\\\/secure.gravatar.com\\\/avatar\\\/d5050389d30268a4a519a73fe63d36a6b0e6821f17f80f612be7e40244d760cf?s=96&d=mm&r=g\",\"contentUrl\":\"https:\\\/\\\/secure.gravatar.com\\\/avatar\\\/d5050389d30268a4a519a73fe63d36a6b0e6821f17f80f612be7e40244d760cf?s=96&d=mm&r=g\",\"caption\":\"Stefano Beltr\u00e1n\"},\"url\":\"https:\\\/\\\/museosdealicante.com\\\/va\\\/author\\\/remedios-navarro\\\/\"}]}<\/script>\n<!-- \/ Yoast SEO plugin. -->","yoast_head_json":{"title":"12 RESIDENCIAS DE CREACI\u00d3N E INVESTIGACI\u00d3N ART\u00cdSTICA - MUSEA | Museos de Alicante","robots":{"index":"index","follow":"follow","max-snippet":"max-snippet:-1","max-image-preview":"max-image-preview:large","max-video-preview":"max-video-preview:-1"},"canonical":"https:\/\/museosdealicante.com\/va\/12-residencias-de-creacion-e-investigacion-artistica\/","og_locale":"ca_ES","og_type":"article","og_title":"12 RESIDENCIAS DE CREACI\u00d3N E INVESTIGACI\u00d3N ART\u00cdSTICA - MUSEA | Museos de Alicante","og_description":"El objeto de la convocatoria es la concesi\u00f3n de cinco ayudas para la realizaci\u00f3n de cinco proyectos art\u00edsticos en el Museo de la Universidad de Alicante. BASES DISPONIBLESsource","og_url":"https:\/\/museosdealicante.com\/va\/12-residencias-de-creacion-e-investigacion-artistica\/","og_site_name":"MUSEA | Museos de Alicante","article_published_time":"2026-04-30T15:07:22+00:00","og_image":[{"url":"https:\/\/mua.ua.es\/img_publi\/2026_residencias_bases.jpg","type":"","width":"","height":""}],"author":"Stefano Beltr\u00e1n","twitter_card":"summary_large_image","twitter_misc":{"Escrit per":"Stefano Beltr\u00e1n"},"schema":{"@context":"https:\/\/schema.org","@graph":[{"@type":"Article","@id":"https:\/\/museosdealicante.com\/12-residencias-de-creacion-e-investigacion-artistica\/#article","isPartOf":{"@id":"https:\/\/museosdealicante.com\/12-residencias-de-creacion-e-investigacion-artistica\/"},"author":{"name":"Stefano Beltr\u00e1n","@id":"https:\/\/museosdealicante.com\/#\/schema\/person\/7961ae541bb7bcb5a79f37226b45fd95"},"headline":"12 RESIDENCIAS DE CREACI\u00d3N E INVESTIGACI\u00d3N ART\u00cdSTICA","datePublished":"2026-04-30T15:07:22+00:00","mainEntityOfPage":{"@id":"https:\/\/museosdealicante.com\/12-residencias-de-creacion-e-investigacion-artistica\/"},"wordCount":41,"image":{"@id":"https:\/\/museosdealicante.com\/12-residencias-de-creacion-e-investigacion-artistica\/#primaryimage"},"thumbnailUrl":"https:\/\/museosdealicante.com\/wp-content\/uploads\/2026\/04\/wp-header-logo-29.png","articleSection":["MUA"],"inLanguage":"ca"},{"@type":"WebPage","@id":"https:\/\/museosdealicante.com\/12-residencias-de-creacion-e-investigacion-artistica\/","url":"https:\/\/museosdealicante.com\/12-residencias-de-creacion-e-investigacion-artistica\/","name":"12 RESIDENCIAS DE CREACI\u00d3N E INVESTIGACI\u00d3N ART\u00cdSTICA - MUSEA | Museos de Alicante","isPartOf":{"@id":"https:\/\/museosdealicante.com\/#website"},"primaryImageOfPage":{"@id":"https:\/\/museosdealicante.com\/12-residencias-de-creacion-e-investigacion-artistica\/#primaryimage"},"image":{"@id":"https:\/\/museosdealicante.com\/12-residencias-de-creacion-e-investigacion-artistica\/#primaryimage"},"thumbnailUrl":"https:\/\/museosdealicante.com\/wp-content\/uploads\/2026\/04\/wp-header-logo-29.png","datePublished":"2026-04-30T15:07:22+00:00","author":{"@id":"https:\/\/museosdealicante.com\/#\/schema\/person\/7961ae541bb7bcb5a79f37226b45fd95"},"breadcrumb":{"@id":"https:\/\/museosdealicante.com\/12-residencias-de-creacion-e-investigacion-artistica\/#breadcrumb"},"inLanguage":"ca","potentialAction":[{"@type":"ReadAction","target":["https:\/\/museosdealicante.com\/12-residencias-de-creacion-e-investigacion-artistica\/"]}]},{"@type":"ImageObject","inLanguage":"ca","@id":"https:\/\/museosdealicante.com\/12-residencias-de-creacion-e-investigacion-artistica\/#primaryimage","url":"https:\/\/museosdealicante.com\/wp-content\/uploads\/2026\/04\/wp-header-logo-29.png","contentUrl":"https:\/\/museosdealicante.com\/wp-content\/uploads\/2026\/04\/wp-header-logo-29.png"},{"@type":"BreadcrumbList","@id":"https:\/\/museosdealicante.com\/12-residencias-de-creacion-e-investigacion-artistica\/#breadcrumb","itemListElement":[{"@type":"ListItem","position":1,"name":"Portada","item":"https:\/\/museosdealicante.com\/"},{"@type":"ListItem","position":2,"name":"12 RESIDENCIAS DE CREACI\u00d3N E INVESTIGACI\u00d3N ART\u00cdSTICA"}]},{"@type":"WebSite","@id":"https:\/\/museosdealicante.com\/#website","url":"https:\/\/museosdealicante.com\/","name":"MUSEA | Museos de Alicante","description":"Toda la oferta sobre arte, cultura y patrimonio de la ciudad, toda la actualidad de los museos de Alicante","potentialAction":[{"@type":"SearchAction","target":{"@type":"EntryPoint","urlTemplate":"https:\/\/museosdealicante.com\/?s={search_term_string}"},"query-input":{"@type":"PropertyValueSpecification","valueRequired":true,"valueName":"search_term_string"}}],"inLanguage":"ca"},{"@type":"Person","@id":"https:\/\/museosdealicante.com\/#\/schema\/person\/7961ae541bb7bcb5a79f37226b45fd95","name":"Stefano Beltr\u00e1n","image":{"@type":"ImageObject","inLanguage":"ca","@id":"https:\/\/secure.gravatar.com\/avatar\/d5050389d30268a4a519a73fe63d36a6b0e6821f17f80f612be7e40244d760cf?s=96&d=mm&r=g","url":"https:\/\/secure.gravatar.com\/avatar\/d5050389d30268a4a519a73fe63d36a6b0e6821f17f80f612be7e40244d760cf?s=96&d=mm&r=g","contentUrl":"https:\/\/secure.gravatar.com\/avatar\/d5050389d30268a4a519a73fe63d36a6b0e6821f17f80f612be7e40244d760cf?s=96&d=mm&r=g","caption":"Stefano Beltr\u00e1n"},"url":"https:\/\/museosdealicante.com\/va\/author\/remedios-navarro\/"}]}},"_links":{"self":[{"href":"https:\/\/museosdealicante.com\/va\/wp-json\/wp\/v2\/posts\/4017","targetHints":{"allow":["GET"]}}],"collection":[{"href":"https:\/\/museosdealicante.com\/va\/wp-json\/wp\/v2\/posts"}],"about":[{"href":"https:\/\/museosdealicante.com\/va\/wp-json\/wp\/v2\/types\/post"}],"author":[{"embeddable":true,"href":"https:\/\/museosdealicante.com\/va\/wp-json\/wp\/v2\/users\/3"}],"replies":[{"embeddable":true,"href":"https:\/\/museosdealicante.com\/va\/wp-json\/wp\/v2\/comments?post=4017"}],"version-history":[{"count":0,"href":"https:\/\/museosdealicante.com\/va\/wp-json\/wp\/v2\/posts\/4017\/revisions"}],"wp:featuredmedia":[{"embeddable":true,"href":"https:\/\/museosdealicante.com\/va\/wp-json\/wp\/v2\/media\/4018"}],"wp:attachment":[{"href":"https:\/\/museosdealicante.com\/va\/wp-json\/wp\/v2\/media?parent=4017"}],"wp:term":[{"taxonomy":"category","embeddable":true,"href":"https:\/\/museosdealicante.com\/va\/wp-json\/wp\/v2\/categories?post=4017"},{"taxonomy":"post_tag","embeddable":true,"href":"https:\/\/museosdealicante.com\/va\/wp-json\/wp\/v2\/tags?post=4017"}],"curies":[{"name":"wp","href":"https:\/\/api.w.org\/{rel}","templated":true}]}}