{"id":4021,"date":"2026-04-30T18:28:00","date_gmt":"2026-04-30T18:28:00","guid":{"rendered":"https:\/\/museosdealicante.com\/la-mesa-de-la-arquitectura-edicion-especial\/"},"modified":"2026-04-30T18:28:00","modified_gmt":"2026-04-30T18:28:00","slug":"la-mesa-de-la-arquitectura-edicion-especial","status":"publish","type":"post","link":"https:\/\/museosdealicante.com\/va\/la-mesa-de-la-arquitectura-edicion-especial\/","title":{"rendered":"La mesa de la arquitectura. Edici\u00f3n especial"},"content":{"rendered":"<div>\n<p><strong>Jueves 7 de mayo a las 19 horas. Entrada libre hasta completar aforo.<\/strong><\/p>\n<p>En esta sesi\u00f3n especial, contaremos con Antonio Cayuelas y Soledad Sevilla, que nos hablar\u00e1n sobre \u00abTransitar la experiencia, un recorrido compartido con Soledad Sevilla\u00bb.<\/p>\n<p>Antonio Cayuelas obtuvo en 2023 la Menci\u00f3n del premio Garc\u00eda de Paredes por el proyecto del Estudio de Soledad Sevilla. Otro \u00e1mbito frecuente en su \u00faltima producci\u00f3n, por su relaci\u00f3n de trabajo con la artista, es la producci\u00f3n de obras y de instalaciones art\u00edsticas.<\/p>\n<p><strong>Coordina<\/strong>: Santiago Varela<br \/><strong>Colabora<\/strong>: Colegio de Arquitectos de Alicante.<\/p>\n<p><a href=\"https:\/\/maca-alicante.es\/wp-content\/uploads\/2026\/04\/Sesion_especial_7_mayo_titulo_nuevo_Instagram1080x1350px_11.png\"><img fetchpriority=\"high\" decoding=\"async\" class=\"aligncenter size-large wp-image-53665\" src=\"https:\/\/maca-alicante.es\/wp-content\/uploads\/2026\/04\/Sesion_especial_7_mayo_titulo_nuevo_Instagram1080x1350px_11-640x800.png\" alt=\"\" width=\"640\" height=\"800\" srcset=\"https:\/\/maca-alicante.es\/wp-content\/uploads\/2026\/04\/Sesion_especial_7_mayo_titulo_nuevo_Instagram1080x1350px_11-640x800.png 640w, https:\/\/maca-alicante.es\/wp-content\/uploads\/2026\/04\/Sesion_especial_7_mayo_titulo_nuevo_Instagram1080x1350px_11-320x400.png 320w, https:\/\/maca-alicante.es\/wp-content\/uploads\/2026\/04\/Sesion_especial_7_mayo_titulo_nuevo_Instagram1080x1350px_11-768x960.png 768w, https:\/\/maca-alicante.es\/wp-content\/uploads\/2026\/04\/Sesion_especial_7_mayo_titulo_nuevo_Instagram1080x1350px_11-1229x1536.png 1229w, https:\/\/maca-alicante.es\/wp-content\/uploads\/2026\/04\/Sesion_especial_7_mayo_titulo_nuevo_Instagram1080x1350px_11-1638x2048.png 1638w\" sizes=\"(max-width: 640px) 100vw, 640px\"\/><\/a><\/p>\n<\/p><\/div>\n<p><a href=\"https:\/\/maca-alicante.es\/la-mesa-de-la-arquitectura-edicion-especial\/\">source<\/a><\/p>","protected":false},"excerpt":{"rendered":"<p>Jueves 7 de mayo a las 19 horas. Entrada libre hasta completar aforo. En esta sesi\u00f3n especial, contaremos con Antonio Cayuelas y Soledad Sevilla, que nos hablar\u00e1n sobre \u00abTransitar<span class=\"excerpt-hellip\"> [\u2026]<\/span><\/p>\n","protected":false},"author":4,"featured_media":4022,"comment_status":"","ping_status":"","sticky":false,"template":"","format":"standard","meta":{"_price":"","_stock":"","_tribe_ticket_header":"","_tribe_default_ticket_provider":"","_tribe_ticket_capacity":"","_ticket_start_date":"","_ticket_end_date":"","_tribe_ticket_show_description":"","_tribe_ticket_show_not_going":false,"_tribe_ticket_use_global_stock":"","_tribe_ticket_global_stock_level":"","_global_stock_mode":"","_global_stock_cap":"","_tribe_rsvp_for_event":"","_tribe_ticket_going_count":"","_tribe_ticket_not_going_count":"","_tribe_tickets_list":"[]","_tribe_ticket_has_attendee_info_fields":false,"footnotes":""},"categories":[10],"tags":[],"class_list":["post-4021","post","type-post","status-publish","format-standard","has-post-thumbnail","hentry","category-maca"],"yoast_head":"<!-- This site is optimized with the Yoast SEO plugin v27.3 - https:\/\/yoast.com\/product\/yoast-seo-wordpress\/ -->\n<title>La mesa de la arquitectura. Edici\u00f3n especial - MUSEA | Museos de Alicante<\/title>\n<meta name=\"robots\" content=\"index, follow, max-snippet:-1, max-image-preview:large, max-video-preview:-1\" \/>\n<link rel=\"canonical\" href=\"https:\/\/museosdealicante.com\/va\/la-mesa-de-la-arquitectura-edicion-especial\/\" \/>\n<meta property=\"og:locale\" content=\"ca_ES\" \/>\n<meta property=\"og:type\" content=\"article\" \/>\n<meta property=\"og:title\" content=\"La mesa de la arquitectura. Edici\u00f3n especial - MUSEA | Museos de Alicante\" \/>\n<meta property=\"og:description\" content=\"Jueves 7 de mayo a las 19 horas. Entrada libre hasta completar aforo. En esta sesi\u00f3n especial, contaremos con Antonio Cayuelas y Soledad Sevilla, que nos hablar\u00e1n sobre \u00abTransitar [\u2026]\" \/>\n<meta property=\"og:url\" content=\"https:\/\/museosdealicante.com\/va\/la-mesa-de-la-arquitectura-edicion-especial\/\" \/>\n<meta property=\"og:site_name\" content=\"MUSEA | Museos de Alicante\" \/>\n<meta property=\"article:published_time\" content=\"2026-04-30T18:28:00+00:00\" \/>\n<meta name=\"author\" content=\"Rosa Mar\u00eda Castells\" \/>\n<meta name=\"twitter:card\" content=\"summary_large_image\" \/>\n<meta name=\"twitter:label1\" content=\"Escrit per\" \/>\n\t<meta name=\"twitter:data1\" content=\"Rosa Mar\u00eda Castells\" \/>\n<script type=\"application\/ld+json\" class=\"yoast-schema-graph\">{\"@context\":\"https:\\\/\\\/schema.org\",\"@graph\":[{\"@type\":\"Article\",\"@id\":\"https:\\\/\\\/museosdealicante.com\\\/la-mesa-de-la-arquitectura-edicion-especial\\\/#article\",\"isPartOf\":{\"@id\":\"https:\\\/\\\/museosdealicante.com\\\/la-mesa-de-la-arquitectura-edicion-especial\\\/\"},\"author\":{\"name\":\"Rosa Mar\u00eda Castells\",\"@id\":\"https:\\\/\\\/museosdealicante.com\\\/#\\\/schema\\\/person\\\/0568f63519b86d8127abb9dca617ddd0\"},\"headline\":\"La mesa de la arquitectura. Edici\u00f3n especial\",\"datePublished\":\"2026-04-30T18:28:00+00:00\",\"mainEntityOfPage\":{\"@id\":\"https:\\\/\\\/museosdealicante.com\\\/la-mesa-de-la-arquitectura-edicion-especial\\\/\"},\"wordCount\":104,\"image\":{\"@id\":\"https:\\\/\\\/museosdealicante.com\\\/la-mesa-de-la-arquitectura-edicion-especial\\\/#primaryimage\"},\"thumbnailUrl\":\"https:\\\/\\\/museosdealicante.com\\\/wp-content\\\/uploads\\\/2026\\\/04\\\/wp-header-logo-31.png\",\"articleSection\":[\"MACA\"],\"inLanguage\":\"ca\"},{\"@type\":\"WebPage\",\"@id\":\"https:\\\/\\\/museosdealicante.com\\\/la-mesa-de-la-arquitectura-edicion-especial\\\/\",\"url\":\"https:\\\/\\\/museosdealicante.com\\\/la-mesa-de-la-arquitectura-edicion-especial\\\/\",\"name\":\"La mesa de la arquitectura. Edici\u00f3n especial - MUSEA | Museos de Alicante\",\"isPartOf\":{\"@id\":\"https:\\\/\\\/museosdealicante.com\\\/#website\"},\"primaryImageOfPage\":{\"@id\":\"https:\\\/\\\/museosdealicante.com\\\/la-mesa-de-la-arquitectura-edicion-especial\\\/#primaryimage\"},\"image\":{\"@id\":\"https:\\\/\\\/museosdealicante.com\\\/la-mesa-de-la-arquitectura-edicion-especial\\\/#primaryimage\"},\"thumbnailUrl\":\"https:\\\/\\\/museosdealicante.com\\\/wp-content\\\/uploads\\\/2026\\\/04\\\/wp-header-logo-31.png\",\"datePublished\":\"2026-04-30T18:28:00+00:00\",\"author\":{\"@id\":\"https:\\\/\\\/museosdealicante.com\\\/#\\\/schema\\\/person\\\/0568f63519b86d8127abb9dca617ddd0\"},\"breadcrumb\":{\"@id\":\"https:\\\/\\\/museosdealicante.com\\\/la-mesa-de-la-arquitectura-edicion-especial\\\/#breadcrumb\"},\"inLanguage\":\"ca\",\"potentialAction\":[{\"@type\":\"ReadAction\",\"target\":[\"https:\\\/\\\/museosdealicante.com\\\/la-mesa-de-la-arquitectura-edicion-especial\\\/\"]}]},{\"@type\":\"ImageObject\",\"inLanguage\":\"ca\",\"@id\":\"https:\\\/\\\/museosdealicante.com\\\/la-mesa-de-la-arquitectura-edicion-especial\\\/#primaryimage\",\"url\":\"https:\\\/\\\/museosdealicante.com\\\/wp-content\\\/uploads\\\/2026\\\/04\\\/wp-header-logo-31.png\",\"contentUrl\":\"https:\\\/\\\/museosdealicante.com\\\/wp-content\\\/uploads\\\/2026\\\/04\\\/wp-header-logo-31.png\",\"width\":640,\"height\":800},{\"@type\":\"BreadcrumbList\",\"@id\":\"https:\\\/\\\/museosdealicante.com\\\/la-mesa-de-la-arquitectura-edicion-especial\\\/#breadcrumb\",\"itemListElement\":[{\"@type\":\"ListItem\",\"position\":1,\"name\":\"Portada\",\"item\":\"https:\\\/\\\/museosdealicante.com\\\/\"},{\"@type\":\"ListItem\",\"position\":2,\"name\":\"La mesa de la arquitectura. Edici\u00f3n especial\"}]},{\"@type\":\"WebSite\",\"@id\":\"https:\\\/\\\/museosdealicante.com\\\/#website\",\"url\":\"https:\\\/\\\/museosdealicante.com\\\/\",\"name\":\"MUSEA | Museos de Alicante\",\"description\":\"Toda la oferta sobre arte, cultura y patrimonio de la ciudad, toda la actualidad de los museos de Alicante\",\"potentialAction\":[{\"@type\":\"SearchAction\",\"target\":{\"@type\":\"EntryPoint\",\"urlTemplate\":\"https:\\\/\\\/museosdealicante.com\\\/?s={search_term_string}\"},\"query-input\":{\"@type\":\"PropertyValueSpecification\",\"valueRequired\":true,\"valueName\":\"search_term_string\"}}],\"inLanguage\":\"ca\"},{\"@type\":\"Person\",\"@id\":\"https:\\\/\\\/museosdealicante.com\\\/#\\\/schema\\\/person\\\/0568f63519b86d8127abb9dca617ddd0\",\"name\":\"Rosa Mar\u00eda Castells\",\"image\":{\"@type\":\"ImageObject\",\"inLanguage\":\"ca\",\"@id\":\"https:\\\/\\\/secure.gravatar.com\\\/avatar\\\/782cc4dc634b1918299ba6f478389cd0b3e92a03c95d1fa5203bfad7090b694e?s=96&d=mm&r=g\",\"url\":\"https:\\\/\\\/secure.gravatar.com\\\/avatar\\\/782cc4dc634b1918299ba6f478389cd0b3e92a03c95d1fa5203bfad7090b694e?s=96&d=mm&r=g\",\"contentUrl\":\"https:\\\/\\\/secure.gravatar.com\\\/avatar\\\/782cc4dc634b1918299ba6f478389cd0b3e92a03c95d1fa5203bfad7090b694e?s=96&d=mm&r=g\",\"caption\":\"Rosa Mar\u00eda Castells\"},\"url\":\"https:\\\/\\\/museosdealicante.com\\\/va\\\/author\\\/rosa-maria-castells\\\/\"}]}<\/script>\n<!-- \/ Yoast SEO plugin. -->","yoast_head_json":{"title":"La mesa de la arquitectura. Edici\u00f3n especial - MUSEA | Museos de Alicante","robots":{"index":"index","follow":"follow","max-snippet":"max-snippet:-1","max-image-preview":"max-image-preview:large","max-video-preview":"max-video-preview:-1"},"canonical":"https:\/\/museosdealicante.com\/va\/la-mesa-de-la-arquitectura-edicion-especial\/","og_locale":"ca_ES","og_type":"article","og_title":"La mesa de la arquitectura. Edici\u00f3n especial - MUSEA | Museos de Alicante","og_description":"Jueves 7 de mayo a las 19 horas. Entrada libre hasta completar aforo. En esta sesi\u00f3n especial, contaremos con Antonio Cayuelas y Soledad Sevilla, que nos hablar\u00e1n sobre \u00abTransitar [\u2026]","og_url":"https:\/\/museosdealicante.com\/va\/la-mesa-de-la-arquitectura-edicion-especial\/","og_site_name":"MUSEA | Museos de Alicante","article_published_time":"2026-04-30T18:28:00+00:00","author":"Rosa Mar\u00eda Castells","twitter_card":"summary_large_image","twitter_misc":{"Escrit per":"Rosa Mar\u00eda Castells"},"schema":{"@context":"https:\/\/schema.org","@graph":[{"@type":"Article","@id":"https:\/\/museosdealicante.com\/la-mesa-de-la-arquitectura-edicion-especial\/#article","isPartOf":{"@id":"https:\/\/museosdealicante.com\/la-mesa-de-la-arquitectura-edicion-especial\/"},"author":{"name":"Rosa Mar\u00eda Castells","@id":"https:\/\/museosdealicante.com\/#\/schema\/person\/0568f63519b86d8127abb9dca617ddd0"},"headline":"La mesa de la arquitectura. Edici\u00f3n especial","datePublished":"2026-04-30T18:28:00+00:00","mainEntityOfPage":{"@id":"https:\/\/museosdealicante.com\/la-mesa-de-la-arquitectura-edicion-especial\/"},"wordCount":104,"image":{"@id":"https:\/\/museosdealicante.com\/la-mesa-de-la-arquitectura-edicion-especial\/#primaryimage"},"thumbnailUrl":"https:\/\/museosdealicante.com\/wp-content\/uploads\/2026\/04\/wp-header-logo-31.png","articleSection":["MACA"],"inLanguage":"ca"},{"@type":"WebPage","@id":"https:\/\/museosdealicante.com\/la-mesa-de-la-arquitectura-edicion-especial\/","url":"https:\/\/museosdealicante.com\/la-mesa-de-la-arquitectura-edicion-especial\/","name":"La mesa de la arquitectura. Edici\u00f3n especial - MUSEA | Museos de Alicante","isPartOf":{"@id":"https:\/\/museosdealicante.com\/#website"},"primaryImageOfPage":{"@id":"https:\/\/museosdealicante.com\/la-mesa-de-la-arquitectura-edicion-especial\/#primaryimage"},"image":{"@id":"https:\/\/museosdealicante.com\/la-mesa-de-la-arquitectura-edicion-especial\/#primaryimage"},"thumbnailUrl":"https:\/\/museosdealicante.com\/wp-content\/uploads\/2026\/04\/wp-header-logo-31.png","datePublished":"2026-04-30T18:28:00+00:00","author":{"@id":"https:\/\/museosdealicante.com\/#\/schema\/person\/0568f63519b86d8127abb9dca617ddd0"},"breadcrumb":{"@id":"https:\/\/museosdealicante.com\/la-mesa-de-la-arquitectura-edicion-especial\/#breadcrumb"},"inLanguage":"ca","potentialAction":[{"@type":"ReadAction","target":["https:\/\/museosdealicante.com\/la-mesa-de-la-arquitectura-edicion-especial\/"]}]},{"@type":"ImageObject","inLanguage":"ca","@id":"https:\/\/museosdealicante.com\/la-mesa-de-la-arquitectura-edicion-especial\/#primaryimage","url":"https:\/\/museosdealicante.com\/wp-content\/uploads\/2026\/04\/wp-header-logo-31.png","contentUrl":"https:\/\/museosdealicante.com\/wp-content\/uploads\/2026\/04\/wp-header-logo-31.png","width":640,"height":800},{"@type":"BreadcrumbList","@id":"https:\/\/museosdealicante.com\/la-mesa-de-la-arquitectura-edicion-especial\/#breadcrumb","itemListElement":[{"@type":"ListItem","position":1,"name":"Portada","item":"https:\/\/museosdealicante.com\/"},{"@type":"ListItem","position":2,"name":"La mesa de la arquitectura. Edici\u00f3n especial"}]},{"@type":"WebSite","@id":"https:\/\/museosdealicante.com\/#website","url":"https:\/\/museosdealicante.com\/","name":"MUSEA | Museos de Alicante","description":"Toda la oferta sobre arte, cultura y patrimonio de la ciudad, toda la actualidad de los museos de Alicante","potentialAction":[{"@type":"SearchAction","target":{"@type":"EntryPoint","urlTemplate":"https:\/\/museosdealicante.com\/?s={search_term_string}"},"query-input":{"@type":"PropertyValueSpecification","valueRequired":true,"valueName":"search_term_string"}}],"inLanguage":"ca"},{"@type":"Person","@id":"https:\/\/museosdealicante.com\/#\/schema\/person\/0568f63519b86d8127abb9dca617ddd0","name":"Rosa Mar\u00eda Castells","image":{"@type":"ImageObject","inLanguage":"ca","@id":"https:\/\/secure.gravatar.com\/avatar\/782cc4dc634b1918299ba6f478389cd0b3e92a03c95d1fa5203bfad7090b694e?s=96&d=mm&r=g","url":"https:\/\/secure.gravatar.com\/avatar\/782cc4dc634b1918299ba6f478389cd0b3e92a03c95d1fa5203bfad7090b694e?s=96&d=mm&r=g","contentUrl":"https:\/\/secure.gravatar.com\/avatar\/782cc4dc634b1918299ba6f478389cd0b3e92a03c95d1fa5203bfad7090b694e?s=96&d=mm&r=g","caption":"Rosa Mar\u00eda Castells"},"url":"https:\/\/museosdealicante.com\/va\/author\/rosa-maria-castells\/"}]}},"_links":{"self":[{"href":"https:\/\/museosdealicante.com\/va\/wp-json\/wp\/v2\/posts\/4021","targetHints":{"allow":["GET"]}}],"collection":[{"href":"https:\/\/museosdealicante.com\/va\/wp-json\/wp\/v2\/posts"}],"about":[{"href":"https:\/\/museosdealicante.com\/va\/wp-json\/wp\/v2\/types\/post"}],"author":[{"embeddable":true,"href":"https:\/\/museosdealicante.com\/va\/wp-json\/wp\/v2\/users\/4"}],"replies":[{"embeddable":true,"href":"https:\/\/museosdealicante.com\/va\/wp-json\/wp\/v2\/comments?post=4021"}],"version-history":[{"count":0,"href":"https:\/\/museosdealicante.com\/va\/wp-json\/wp\/v2\/posts\/4021\/revisions"}],"wp:featuredmedia":[{"embeddable":true,"href":"https:\/\/museosdealicante.com\/va\/wp-json\/wp\/v2\/media\/4022"}],"wp:attachment":[{"href":"https:\/\/museosdealicante.com\/va\/wp-json\/wp\/v2\/media?parent=4021"}],"wp:term":[{"taxonomy":"category","embeddable":true,"href":"https:\/\/museosdealicante.com\/va\/wp-json\/wp\/v2\/categories?post=4021"},{"taxonomy":"post_tag","embeddable":true,"href":"https:\/\/museosdealicante.com\/va\/wp-json\/wp\/v2\/tags?post=4021"}],"curies":[{"name":"wp","href":"https:\/\/api.w.org\/{rel}","templated":true}]}}